{"id":6400,"date":"2022-02-12T11:37:59","date_gmt":"2022-02-12T09:37:59","guid":{"rendered":"https:\/\/mhf.ro\/mm\/?p=6400"},"modified":"2022-02-12T11:37:59","modified_gmt":"2022-02-12T09:37:59","slug":"proprietarii-de-trotinete-obligati-sa-aiba-polita-de-asigurare","status":"publish","type":"post","link":"https:\/\/mhf.ro\/mm\/proprietarii-de-trotinete-obligati-sa-aiba-polita-de-asigurare\/","title":{"rendered":"Proprietarii de trotinete, obliga\u021bi s\u0103 aib\u0103 poli\u021b\u0103 de asigurare"},"content":{"rendered":"<p class=\"font-serif text-5xl font-bold mb-4\">Proprietarii de trotinete vor fi obliga\u021bi s\u0103 aib\u0103 poli\u021b\u0103 de asigurare de al anul. Autoritatea care supravegheaz\u0103 pia\u021ba asigur\u0103rilor va aplica o directiv\u0103 european\u0103 deja aprobat\u0103.<\/p>\n<p>O directiv\u0103 recent adoptat\u0103 \u00eei oblig\u0103 pe cei care ies \u00een trafic cu trotineta s\u0103 fie asigura\u021bi, pe modelul asigur\u0103rii de r\u0103spundere civil\u0103. Parlamentul are termen p\u00e2n\u0103 la anul s\u0103 introduc\u0103 noua obliga\u021bie \u0219i \u00een legea na\u021bional\u0103.<\/p>\n<p>\u201eAu fost prea multe situa\u021bii la nivel european, diverse \u021b\u0103ri au reclamat diverse situa\u021bii de accidente \u00een care au fost implicate trotinetele a\u0219a cum a v\u0103zut \u0219i \u00een Rom\u00e2nia, se dore\u0219te \u0219i reglementarea acestor vehicule\u201d, a declarat Valentin Ionescu, reprezentant al Autorit\u0103\u021bii de Supraveghere Financiar\u0103, potrivit Digi24.<\/p>\n<p>\u00cen ultimii trei ani, \u00een Rom\u00e2nia au avut loc peste 300 de accidente \u00een care au fost implicate trotinete. (conf. Jurnalist.ro)<\/p>\n<h3 style=\"text-align: right;\"><a href=\"https:\/\/riz.ro\/wp\/arcada-din-polistiren\/\">Arcada din polistiren<\/a><\/h3>\n","protected":false},"excerpt":{"rendered":"<p>Proprietarii de trotinete vor fi obliga\u021bi s\u0103 aib\u0103 poli\u021b\u0103 de asigurare de al anul. Autoritatea care supravegheaz\u0103 pia\u021ba asigur\u0103rilor va<\/p>\n","protected":false},"author":1,"featured_media":6401,"comment_status":"open","ping_status":"open","sticky":false,"template":"","format":"standard","meta":{"colormag_page_container_layout":"default_layout","colormag_page_sidebar_layout":"default_layout","footnotes":""},"categories":[5],"tags":[],"class_list":["post-6400","post","type-post","status-publish","format-standard","has-post-thumbnail","hentry","category-locale"],"yoast_head":"<!-- This site is optimized with the Yoast SEO plugin v27.0 - https:\/\/yoast.com\/product\/yoast-seo-wordpress\/ -->\n<title>Proprietarii de trotinete, obliga\u021bi s\u0103 aib\u0103 poli\u021b\u0103 de asigurare - MHF Photography<\/title>\n<meta name=\"description\" content=\"O directiv\u0103 recent adoptat\u0103 \u00eei oblig\u0103 pe cei care ies \u00een trafic cu trotinete s\u0103 fie asigura\u021bi, pe modelul asigur\u0103rii de r\u0103spundere civil\u0103.\" \/>\n<meta name=\"robots\" content=\"index, follow, max-snippet:-1, max-image-preview:large, max-video-preview:-1\" \/>\n<link rel=\"canonical\" href=\"https:\/\/mhf.ro\/mm\/proprietarii-de-trotinete-obligati-sa-aiba-polita-de-asigurare\/\" \/>\n<meta property=\"og:locale\" content=\"ro_RO\" \/>\n<meta property=\"og:type\" content=\"article\" \/>\n<meta property=\"og:title\" content=\"Proprietarii de trotinete, obliga\u021bi s\u0103 aib\u0103 poli\u021b\u0103 de asigurare - MHF Photography\" \/>\n<meta property=\"og:description\" content=\"O directiv\u0103 recent adoptat\u0103 \u00eei oblig\u0103 pe cei care ies \u00een trafic cu trotinete s\u0103 fie asigura\u021bi, pe modelul asigur\u0103rii de r\u0103spundere civil\u0103.\" \/>\n<meta property=\"og:url\" content=\"https:\/\/mhf.ro\/mm\/proprietarii-de-trotinete-obligati-sa-aiba-polita-de-asigurare\/\" \/>\n<meta property=\"og:site_name\" content=\"MHF Photography\" \/>\n<meta property=\"article:published_time\" content=\"2022-02-12T09:37:59+00:00\" \/>\n<meta property=\"og:image\" content=\"https:\/\/mhf.ro\/mm\/wp-content\/uploads\/2022\/02\/trotineta.jpg\" \/>\n\t<meta property=\"og:image:width\" content=\"723\" \/>\n\t<meta property=\"og:image:height\" content=\"373\" \/>\n\t<meta property=\"og:image:type\" content=\"image\/jpeg\" \/>\n<meta name=\"author\" content=\"Marius Marcu\" \/>\n<meta name=\"twitter:card\" content=\"summary_large_image\" \/>\n<meta name=\"twitter:label1\" content=\"Scris de\" \/>\n\t<meta name=\"twitter:data1\" content=\"Marius Marcu\" \/>\n\t<meta name=\"twitter:label2\" content=\"Timp estimat pentru citire\" \/>\n\t<meta name=\"twitter:data2\" content=\"1 minut\" \/>\n<script type=\"application\/ld+json\" class=\"yoast-schema-graph\">{\"@context\":\"https:\/\/schema.org\",\"@graph\":[{\"@type\":\"Article\",\"@id\":\"https:\/\/mhf.ro\/mm\/proprietarii-de-trotinete-obligati-sa-aiba-polita-de-asigurare\/#article\",\"isPartOf\":{\"@id\":\"https:\/\/mhf.ro\/mm\/proprietarii-de-trotinete-obligati-sa-aiba-polita-de-asigurare\/\"},\"author\":{\"name\":\"Marius Marcu\",\"@id\":\"https:\/\/mhf.ro\/mm\/#\/schema\/person\/a3bebf7bdb4bf12f698aff73c7e46c21\"},\"headline\":\"Proprietarii de trotinete, obliga\u021bi s\u0103 aib\u0103 poli\u021b\u0103 de asigurare\",\"datePublished\":\"2022-02-12T09:37:59+00:00\",\"mainEntityOfPage\":{\"@id\":\"https:\/\/mhf.ro\/mm\/proprietarii-de-trotinete-obligati-sa-aiba-polita-de-asigurare\/\"},\"wordCount\":161,\"commentCount\":0,\"publisher\":{\"@id\":\"https:\/\/mhf.ro\/mm\/#\/schema\/person\/a3bebf7bdb4bf12f698aff73c7e46c21\"},\"image\":{\"@id\":\"https:\/\/mhf.ro\/mm\/proprietarii-de-trotinete-obligati-sa-aiba-polita-de-asigurare\/#primaryimage\"},\"thumbnailUrl\":\"https:\/\/mhf.ro\/mm\/wp-content\/uploads\/2022\/02\/trotineta.jpg\",\"articleSection\":[\"Locale\"],\"inLanguage\":\"ro-RO\",\"potentialAction\":[{\"@type\":\"CommentAction\",\"name\":\"Comment\",\"target\":[\"https:\/\/mhf.ro\/mm\/proprietarii-de-trotinete-obligati-sa-aiba-polita-de-asigurare\/#respond\"]}]},{\"@type\":\"WebPage\",\"@id\":\"https:\/\/mhf.ro\/mm\/proprietarii-de-trotinete-obligati-sa-aiba-polita-de-asigurare\/\",\"url\":\"https:\/\/mhf.ro\/mm\/proprietarii-de-trotinete-obligati-sa-aiba-polita-de-asigurare\/\",\"name\":\"Proprietarii de trotinete, obliga\u021bi s\u0103 aib\u0103 poli\u021b\u0103 de asigurare - MHF Photography\",\"isPartOf\":{\"@id\":\"https:\/\/mhf.ro\/mm\/#website\"},\"primaryImageOfPage\":{\"@id\":\"https:\/\/mhf.ro\/mm\/proprietarii-de-trotinete-obligati-sa-aiba-polita-de-asigurare\/#primaryimage\"},\"image\":{\"@id\":\"https:\/\/mhf.ro\/mm\/proprietarii-de-trotinete-obligati-sa-aiba-polita-de-asigurare\/#primaryimage\"},\"thumbnailUrl\":\"https:\/\/mhf.ro\/mm\/wp-content\/uploads\/2022\/02\/trotineta.jpg\",\"datePublished\":\"2022-02-12T09:37:59+00:00\",\"description\":\"O directiv\u0103 recent adoptat\u0103 \u00eei oblig\u0103 pe cei care ies \u00een trafic cu trotinete s\u0103 fie asigura\u021bi, pe modelul asigur\u0103rii de r\u0103spundere civil\u0103.\",\"breadcrumb\":{\"@id\":\"https:\/\/mhf.ro\/mm\/proprietarii-de-trotinete-obligati-sa-aiba-polita-de-asigurare\/#breadcrumb\"},\"inLanguage\":\"ro-RO\",\"potentialAction\":[{\"@type\":\"ReadAction\",\"target\":[\"https:\/\/mhf.ro\/mm\/proprietarii-de-trotinete-obligati-sa-aiba-polita-de-asigurare\/\"]}]},{\"@type\":\"ImageObject\",\"inLanguage\":\"ro-RO\",\"@id\":\"https:\/\/mhf.ro\/mm\/proprietarii-de-trotinete-obligati-sa-aiba-polita-de-asigurare\/#primaryimage\",\"url\":\"https:\/\/mhf.ro\/mm\/wp-content\/uploads\/2022\/02\/trotineta.jpg\",\"contentUrl\":\"https:\/\/mhf.ro\/mm\/wp-content\/uploads\/2022\/02\/trotineta.jpg\",\"width\":723,\"height\":373},{\"@type\":\"BreadcrumbList\",\"@id\":\"https:\/\/mhf.ro\/mm\/proprietarii-de-trotinete-obligati-sa-aiba-polita-de-asigurare\/#breadcrumb\",\"itemListElement\":[{\"@type\":\"ListItem\",\"position\":1,\"name\":\"Prima pagin\u0103\",\"item\":\"https:\/\/mhf.ro\/mm\/\"},{\"@type\":\"ListItem\",\"position\":2,\"name\":\"Proprietarii de trotinete, obliga\u021bi s\u0103 aib\u0103 poli\u021b\u0103 de asigurare\"}]},{\"@type\":\"WebSite\",\"@id\":\"https:\/\/mhf.ro\/mm\/#website\",\"url\":\"https:\/\/mhf.ro\/mm\/\",\"name\":\"MHF Photography \u2013 Blog de fotografie, natur\u0103 \u0219i tehnic\u0103 divers\u0103\",\"description\":\"Aventur\u0103 \u00een fiecare cadru.\",\"publisher\":{\"@id\":\"https:\/\/mhf.ro\/mm\/#\/schema\/person\/a3bebf7bdb4bf12f698aff73c7e46c21\"},\"potentialAction\":[{\"@type\":\"SearchAction\",\"target\":{\"@type\":\"EntryPoint\",\"urlTemplate\":\"https:\/\/mhf.ro\/mm\/?s={search_term_string}\"},\"query-input\":{\"@type\":\"PropertyValueSpecification\",\"valueRequired\":true,\"valueName\":\"search_term_string\"}}],\"inLanguage\":\"ro-RO\"},{\"@type\":[\"Person\",\"Organization\"],\"@id\":\"https:\/\/mhf.ro\/mm\/#\/schema\/person\/a3bebf7bdb4bf12f698aff73c7e46c21\",\"name\":\"Marius Marcu\",\"image\":{\"@type\":\"ImageObject\",\"inLanguage\":\"ro-RO\",\"@id\":\"https:\/\/mhf.ro\/mm\/#\/schema\/person\/image\/\",\"url\":\"https:\/\/mhf.ro\/mm\/wp-content\/uploads\/2025\/12\/cropped-logo_mhf_2.png\",\"contentUrl\":\"https:\/\/mhf.ro\/mm\/wp-content\/uploads\/2025\/12\/cropped-logo_mhf_2.png\",\"width\":1096,\"height\":457,\"caption\":\"Marius Marcu\"},\"logo\":{\"@id\":\"https:\/\/mhf.ro\/mm\/#\/schema\/person\/image\/\"},\"sameAs\":[\"https:\/\/mhf.ro\/mm\"],\"url\":\"https:\/\/mhf.ro\/mm\/author\/mihai\/\"}]}<\/script>\n<!-- \/ Yoast SEO plugin. -->","yoast_head_json":{"title":"Proprietarii de trotinete, obliga\u021bi s\u0103 aib\u0103 poli\u021b\u0103 de asigurare - MHF Photography","description":"O directiv\u0103 recent adoptat\u0103 \u00eei oblig\u0103 pe cei care ies \u00een trafic cu trotinete s\u0103 fie asigura\u021bi, pe modelul asigur\u0103rii de r\u0103spundere civil\u0103.","robots":{"index":"index","follow":"follow","max-snippet":"max-snippet:-1","max-image-preview":"max-image-preview:large","max-video-preview":"max-video-preview:-1"},"canonical":"https:\/\/mhf.ro\/mm\/proprietarii-de-trotinete-obligati-sa-aiba-polita-de-asigurare\/","og_locale":"ro_RO","og_type":"article","og_title":"Proprietarii de trotinete, obliga\u021bi s\u0103 aib\u0103 poli\u021b\u0103 de asigurare - MHF Photography","og_description":"O directiv\u0103 recent adoptat\u0103 \u00eei oblig\u0103 pe cei care ies \u00een trafic cu trotinete s\u0103 fie asigura\u021bi, pe modelul asigur\u0103rii de r\u0103spundere civil\u0103.","og_url":"https:\/\/mhf.ro\/mm\/proprietarii-de-trotinete-obligati-sa-aiba-polita-de-asigurare\/","og_site_name":"MHF Photography","article_published_time":"2022-02-12T09:37:59+00:00","og_image":[{"width":723,"height":373,"url":"https:\/\/mhf.ro\/mm\/wp-content\/uploads\/2022\/02\/trotineta.jpg","type":"image\/jpeg"}],"author":"Marius Marcu","twitter_card":"summary_large_image","twitter_misc":{"Scris de":"Marius Marcu","Timp estimat pentru citire":"1 minut"},"schema":{"@context":"https:\/\/schema.org","@graph":[{"@type":"Article","@id":"https:\/\/mhf.ro\/mm\/proprietarii-de-trotinete-obligati-sa-aiba-polita-de-asigurare\/#article","isPartOf":{"@id":"https:\/\/mhf.ro\/mm\/proprietarii-de-trotinete-obligati-sa-aiba-polita-de-asigurare\/"},"author":{"name":"Marius Marcu","@id":"https:\/\/mhf.ro\/mm\/#\/schema\/person\/a3bebf7bdb4bf12f698aff73c7e46c21"},"headline":"Proprietarii de trotinete, obliga\u021bi s\u0103 aib\u0103 poli\u021b\u0103 de asigurare","datePublished":"2022-02-12T09:37:59+00:00","mainEntityOfPage":{"@id":"https:\/\/mhf.ro\/mm\/proprietarii-de-trotinete-obligati-sa-aiba-polita-de-asigurare\/"},"wordCount":161,"commentCount":0,"publisher":{"@id":"https:\/\/mhf.ro\/mm\/#\/schema\/person\/a3bebf7bdb4bf12f698aff73c7e46c21"},"image":{"@id":"https:\/\/mhf.ro\/mm\/proprietarii-de-trotinete-obligati-sa-aiba-polita-de-asigurare\/#primaryimage"},"thumbnailUrl":"https:\/\/mhf.ro\/mm\/wp-content\/uploads\/2022\/02\/trotineta.jpg","articleSection":["Locale"],"inLanguage":"ro-RO","potentialAction":[{"@type":"CommentAction","name":"Comment","target":["https:\/\/mhf.ro\/mm\/proprietarii-de-trotinete-obligati-sa-aiba-polita-de-asigurare\/#respond"]}]},{"@type":"WebPage","@id":"https:\/\/mhf.ro\/mm\/proprietarii-de-trotinete-obligati-sa-aiba-polita-de-asigurare\/","url":"https:\/\/mhf.ro\/mm\/proprietarii-de-trotinete-obligati-sa-aiba-polita-de-asigurare\/","name":"Proprietarii de trotinete, obliga\u021bi s\u0103 aib\u0103 poli\u021b\u0103 de asigurare - MHF Photography","isPartOf":{"@id":"https:\/\/mhf.ro\/mm\/#website"},"primaryImageOfPage":{"@id":"https:\/\/mhf.ro\/mm\/proprietarii-de-trotinete-obligati-sa-aiba-polita-de-asigurare\/#primaryimage"},"image":{"@id":"https:\/\/mhf.ro\/mm\/proprietarii-de-trotinete-obligati-sa-aiba-polita-de-asigurare\/#primaryimage"},"thumbnailUrl":"https:\/\/mhf.ro\/mm\/wp-content\/uploads\/2022\/02\/trotineta.jpg","datePublished":"2022-02-12T09:37:59+00:00","description":"O directiv\u0103 recent adoptat\u0103 \u00eei oblig\u0103 pe cei care ies \u00een trafic cu trotinete s\u0103 fie asigura\u021bi, pe modelul asigur\u0103rii de r\u0103spundere civil\u0103.","breadcrumb":{"@id":"https:\/\/mhf.ro\/mm\/proprietarii-de-trotinete-obligati-sa-aiba-polita-de-asigurare\/#breadcrumb"},"inLanguage":"ro-RO","potentialAction":[{"@type":"ReadAction","target":["https:\/\/mhf.ro\/mm\/proprietarii-de-trotinete-obligati-sa-aiba-polita-de-asigurare\/"]}]},{"@type":"ImageObject","inLanguage":"ro-RO","@id":"https:\/\/mhf.ro\/mm\/proprietarii-de-trotinete-obligati-sa-aiba-polita-de-asigurare\/#primaryimage","url":"https:\/\/mhf.ro\/mm\/wp-content\/uploads\/2022\/02\/trotineta.jpg","contentUrl":"https:\/\/mhf.ro\/mm\/wp-content\/uploads\/2022\/02\/trotineta.jpg","width":723,"height":373},{"@type":"BreadcrumbList","@id":"https:\/\/mhf.ro\/mm\/proprietarii-de-trotinete-obligati-sa-aiba-polita-de-asigurare\/#breadcrumb","itemListElement":[{"@type":"ListItem","position":1,"name":"Prima pagin\u0103","item":"https:\/\/mhf.ro\/mm\/"},{"@type":"ListItem","position":2,"name":"Proprietarii de trotinete, obliga\u021bi s\u0103 aib\u0103 poli\u021b\u0103 de asigurare"}]},{"@type":"WebSite","@id":"https:\/\/mhf.ro\/mm\/#website","url":"https:\/\/mhf.ro\/mm\/","name":"MHF Photography \u2013 Blog de fotografie, natur\u0103 \u0219i tehnic\u0103 divers\u0103","description":"Aventur\u0103 \u00een fiecare cadru.","publisher":{"@id":"https:\/\/mhf.ro\/mm\/#\/schema\/person\/a3bebf7bdb4bf12f698aff73c7e46c21"},"potentialAction":[{"@type":"SearchAction","target":{"@type":"EntryPoint","urlTemplate":"https:\/\/mhf.ro\/mm\/?s={search_term_string}"},"query-input":{"@type":"PropertyValueSpecification","valueRequired":true,"valueName":"search_term_string"}}],"inLanguage":"ro-RO"},{"@type":["Person","Organization"],"@id":"https:\/\/mhf.ro\/mm\/#\/schema\/person\/a3bebf7bdb4bf12f698aff73c7e46c21","name":"Marius Marcu","image":{"@type":"ImageObject","inLanguage":"ro-RO","@id":"https:\/\/mhf.ro\/mm\/#\/schema\/person\/image\/","url":"https:\/\/mhf.ro\/mm\/wp-content\/uploads\/2025\/12\/cropped-logo_mhf_2.png","contentUrl":"https:\/\/mhf.ro\/mm\/wp-content\/uploads\/2025\/12\/cropped-logo_mhf_2.png","width":1096,"height":457,"caption":"Marius Marcu"},"logo":{"@id":"https:\/\/mhf.ro\/mm\/#\/schema\/person\/image\/"},"sameAs":["https:\/\/mhf.ro\/mm"],"url":"https:\/\/mhf.ro\/mm\/author\/mihai\/"}]}},"_links":{"self":[{"href":"https:\/\/mhf.ro\/mm\/wp-json\/wp\/v2\/posts\/6400","targetHints":{"allow":["GET"]}}],"collection":[{"href":"https:\/\/mhf.ro\/mm\/wp-json\/wp\/v2\/posts"}],"about":[{"href":"https:\/\/mhf.ro\/mm\/wp-json\/wp\/v2\/types\/post"}],"author":[{"embeddable":true,"href":"https:\/\/mhf.ro\/mm\/wp-json\/wp\/v2\/users\/1"}],"replies":[{"embeddable":true,"href":"https:\/\/mhf.ro\/mm\/wp-json\/wp\/v2\/comments?post=6400"}],"version-history":[{"count":1,"href":"https:\/\/mhf.ro\/mm\/wp-json\/wp\/v2\/posts\/6400\/revisions"}],"predecessor-version":[{"id":6402,"href":"https:\/\/mhf.ro\/mm\/wp-json\/wp\/v2\/posts\/6400\/revisions\/6402"}],"wp:featuredmedia":[{"embeddable":true,"href":"https:\/\/mhf.ro\/mm\/wp-json\/wp\/v2\/media\/6401"}],"wp:attachment":[{"href":"https:\/\/mhf.ro\/mm\/wp-json\/wp\/v2\/media?parent=6400"}],"wp:term":[{"taxonomy":"category","embeddable":true,"href":"https:\/\/mhf.ro\/mm\/wp-json\/wp\/v2\/categories?post=6400"},{"taxonomy":"post_tag","embeddable":true,"href":"https:\/\/mhf.ro\/mm\/wp-json\/wp\/v2\/tags?post=6400"}],"curies":[{"name":"wp","href":"https:\/\/api.w.org\/{rel}","templated":true}]}}