{"id":6416,"date":"2022-02-14T12:23:44","date_gmt":"2022-02-14T10:23:44","guid":{"rendered":"https:\/\/mhf.ro\/mm\/?p=6416"},"modified":"2022-02-14T12:23:44","modified_gmt":"2022-02-14T10:23:44","slug":"impozitarea-bisericilor-poate-deveni-realitate","status":"publish","type":"post","link":"https:\/\/mhf.ro\/mm\/impozitarea-bisericilor-poate-deveni-realitate\/","title":{"rendered":"Impozitarea bisericilor poate deveni realitate"},"content":{"rendered":"<p><strong>Ministrul Finan\u021belor, Adrian C\u00e2ciu, nu exclude posibilitatea ca veniturile bisericilor s\u0103 fie impozitate. Potrivit acestuia acest lucru \u00eenseamn\u0103 a \u201ene \u00eencadra \u00een obiectivul din PNRR\u201d.<\/strong><\/p>\n<p>Ministrul a fost \u00eentrebat dac\u0103 se dore\u0219te impozitarea veniturilor bisericilor. Acesta a afirmat c\u0103 analizeaz\u0103 toate variantele \u00een acest moment.<\/p>\n<p>\u201eNu vreau s\u0103 comentez \u00een momentul \u0103sta. Haide\u021bi s\u0103 vedem cu ce analiz\u0103 s\u0103 abord\u0103m toate situa\u021biile. Nu dau un r\u0103spuns \u00een momentul acesta, pentru c\u0103 trebuie s\u0103 ne uit\u0103m \u00een primul r\u00e2nd s\u0103 vedem fiecare sector cum este, \u00een primul r\u00e2nd, statuat de c\u0103tre legi\u201d, a spus ministrul, la Antena 3.<\/p>\n<p>Adrian C\u00e2ciu a dat de \u00een\u0163eles c\u0103 nu exclude varianta impozit\u0103rii acestora.<\/p>\n<p>\u201eNu am spus c\u0103 exclud, nu am spus nimic. Am spus c\u0103 ne uit\u0103m peste tot, dar nu doar de a g\u0103si taxe, nu de a aduce bani. E vorba de a ne \u00eencadra \u00een obiectivul din PNRR \u0219i de a face aceast\u0103 reform\u0103 fiscal\u0103, ajust\u0103rile care sunt necesare, mai ales cu economia informal\u0103\u201d. (conf. Jurnalist.ro)<\/p>\n","protected":false},"excerpt":{"rendered":"<p>Ministrul Finan\u021belor, Adrian C\u00e2ciu, nu exclude posibilitatea ca veniturile bisericilor s\u0103 fie impozitate. Potrivit acestuia acest lucru \u00eenseamn\u0103 a \u201ene<\/p>\n","protected":false},"author":1,"featured_media":6417,"comment_status":"open","ping_status":"open","sticky":false,"template":"","format":"standard","meta":{"colormag_page_container_layout":"default_layout","colormag_page_sidebar_layout":"default_layout","footnotes":""},"categories":[5],"tags":[],"class_list":["post-6416","post","type-post","status-publish","format-standard","has-post-thumbnail","hentry","category-locale"],"yoast_head":"<!-- This site is optimized with the Yoast SEO plugin v27.0 - https:\/\/yoast.com\/product\/yoast-seo-wordpress\/ -->\n<title>Impozitarea bisericilor poate deveni realitate - MHF Photography<\/title>\n<meta name=\"robots\" content=\"index, follow, max-snippet:-1, max-image-preview:large, max-video-preview:-1\" \/>\n<link rel=\"canonical\" href=\"https:\/\/mhf.ro\/mm\/impozitarea-bisericilor-poate-deveni-realitate\/\" \/>\n<meta property=\"og:locale\" content=\"ro_RO\" \/>\n<meta property=\"og:type\" content=\"article\" \/>\n<meta property=\"og:title\" content=\"Impozitarea bisericilor poate deveni realitate - MHF Photography\" \/>\n<meta property=\"og:description\" content=\"Ministrul Finan\u021belor, Adrian C\u00e2ciu, nu exclude posibilitatea ca veniturile bisericilor s\u0103 fie impozitate. Potrivit acestuia acest lucru \u00eenseamn\u0103 a \u201ene\" \/>\n<meta property=\"og:url\" content=\"https:\/\/mhf.ro\/mm\/impozitarea-bisericilor-poate-deveni-realitate\/\" \/>\n<meta property=\"og:site_name\" content=\"MHF Photography\" \/>\n<meta property=\"article:published_time\" content=\"2022-02-14T10:23:44+00:00\" \/>\n<meta property=\"og:image\" content=\"https:\/\/mhf.ro\/mm\/wp-content\/uploads\/2022\/02\/adrian-caciu.jpg\" \/>\n\t<meta property=\"og:image:width\" content=\"1200\" \/>\n\t<meta property=\"og:image:height\" content=\"648\" \/>\n\t<meta property=\"og:image:type\" content=\"image\/jpeg\" \/>\n<meta name=\"author\" content=\"Marius Marcu\" \/>\n<meta name=\"twitter:card\" content=\"summary_large_image\" \/>\n<meta name=\"twitter:label1\" content=\"Scris de\" \/>\n\t<meta name=\"twitter:data1\" content=\"Marius Marcu\" \/>\n\t<meta name=\"twitter:label2\" content=\"Timp estimat pentru citire\" \/>\n\t<meta name=\"twitter:data2\" content=\"1 minut\" \/>\n<script type=\"application\/ld+json\" class=\"yoast-schema-graph\">{\"@context\":\"https:\/\/schema.org\",\"@graph\":[{\"@type\":\"Article\",\"@id\":\"https:\/\/mhf.ro\/mm\/impozitarea-bisericilor-poate-deveni-realitate\/#article\",\"isPartOf\":{\"@id\":\"https:\/\/mhf.ro\/mm\/impozitarea-bisericilor-poate-deveni-realitate\/\"},\"author\":{\"name\":\"Marius Marcu\",\"@id\":\"https:\/\/mhf.ro\/mm\/#\/schema\/person\/a3bebf7bdb4bf12f698aff73c7e46c21\"},\"headline\":\"Impozitarea bisericilor poate deveni realitate\",\"datePublished\":\"2022-02-14T10:23:44+00:00\",\"mainEntityOfPage\":{\"@id\":\"https:\/\/mhf.ro\/mm\/impozitarea-bisericilor-poate-deveni-realitate\/\"},\"wordCount\":187,\"commentCount\":0,\"publisher\":{\"@id\":\"https:\/\/mhf.ro\/mm\/#\/schema\/person\/a3bebf7bdb4bf12f698aff73c7e46c21\"},\"image\":{\"@id\":\"https:\/\/mhf.ro\/mm\/impozitarea-bisericilor-poate-deveni-realitate\/#primaryimage\"},\"thumbnailUrl\":\"https:\/\/mhf.ro\/mm\/wp-content\/uploads\/2022\/02\/adrian-caciu.jpg\",\"articleSection\":[\"Locale\"],\"inLanguage\":\"ro-RO\",\"potentialAction\":[{\"@type\":\"CommentAction\",\"name\":\"Comment\",\"target\":[\"https:\/\/mhf.ro\/mm\/impozitarea-bisericilor-poate-deveni-realitate\/#respond\"]}]},{\"@type\":\"WebPage\",\"@id\":\"https:\/\/mhf.ro\/mm\/impozitarea-bisericilor-poate-deveni-realitate\/\",\"url\":\"https:\/\/mhf.ro\/mm\/impozitarea-bisericilor-poate-deveni-realitate\/\",\"name\":\"Impozitarea bisericilor poate deveni realitate - MHF Photography\",\"isPartOf\":{\"@id\":\"https:\/\/mhf.ro\/mm\/#website\"},\"primaryImageOfPage\":{\"@id\":\"https:\/\/mhf.ro\/mm\/impozitarea-bisericilor-poate-deveni-realitate\/#primaryimage\"},\"image\":{\"@id\":\"https:\/\/mhf.ro\/mm\/impozitarea-bisericilor-poate-deveni-realitate\/#primaryimage\"},\"thumbnailUrl\":\"https:\/\/mhf.ro\/mm\/wp-content\/uploads\/2022\/02\/adrian-caciu.jpg\",\"datePublished\":\"2022-02-14T10:23:44+00:00\",\"breadcrumb\":{\"@id\":\"https:\/\/mhf.ro\/mm\/impozitarea-bisericilor-poate-deveni-realitate\/#breadcrumb\"},\"inLanguage\":\"ro-RO\",\"potentialAction\":[{\"@type\":\"ReadAction\",\"target\":[\"https:\/\/mhf.ro\/mm\/impozitarea-bisericilor-poate-deveni-realitate\/\"]}]},{\"@type\":\"ImageObject\",\"inLanguage\":\"ro-RO\",\"@id\":\"https:\/\/mhf.ro\/mm\/impozitarea-bisericilor-poate-deveni-realitate\/#primaryimage\",\"url\":\"https:\/\/mhf.ro\/mm\/wp-content\/uploads\/2022\/02\/adrian-caciu.jpg\",\"contentUrl\":\"https:\/\/mhf.ro\/mm\/wp-content\/uploads\/2022\/02\/adrian-caciu.jpg\",\"width\":1200,\"height\":648},{\"@type\":\"BreadcrumbList\",\"@id\":\"https:\/\/mhf.ro\/mm\/impozitarea-bisericilor-poate-deveni-realitate\/#breadcrumb\",\"itemListElement\":[{\"@type\":\"ListItem\",\"position\":1,\"name\":\"Prima pagin\u0103\",\"item\":\"https:\/\/mhf.ro\/mm\/\"},{\"@type\":\"ListItem\",\"position\":2,\"name\":\"Impozitarea bisericilor poate deveni realitate\"}]},{\"@type\":\"WebSite\",\"@id\":\"https:\/\/mhf.ro\/mm\/#website\",\"url\":\"https:\/\/mhf.ro\/mm\/\",\"name\":\"MHF Photography \u2013 Blog de fotografie, natur\u0103 \u0219i tehnic\u0103 divers\u0103\",\"description\":\"Aventur\u0103 \u00een fiecare cadru.\",\"publisher\":{\"@id\":\"https:\/\/mhf.ro\/mm\/#\/schema\/person\/a3bebf7bdb4bf12f698aff73c7e46c21\"},\"potentialAction\":[{\"@type\":\"SearchAction\",\"target\":{\"@type\":\"EntryPoint\",\"urlTemplate\":\"https:\/\/mhf.ro\/mm\/?s={search_term_string}\"},\"query-input\":{\"@type\":\"PropertyValueSpecification\",\"valueRequired\":true,\"valueName\":\"search_term_string\"}}],\"inLanguage\":\"ro-RO\"},{\"@type\":[\"Person\",\"Organization\"],\"@id\":\"https:\/\/mhf.ro\/mm\/#\/schema\/person\/a3bebf7bdb4bf12f698aff73c7e46c21\",\"name\":\"Marius Marcu\",\"image\":{\"@type\":\"ImageObject\",\"inLanguage\":\"ro-RO\",\"@id\":\"https:\/\/mhf.ro\/mm\/#\/schema\/person\/image\/\",\"url\":\"https:\/\/mhf.ro\/mm\/wp-content\/uploads\/2025\/12\/cropped-logo_mhf_2.png\",\"contentUrl\":\"https:\/\/mhf.ro\/mm\/wp-content\/uploads\/2025\/12\/cropped-logo_mhf_2.png\",\"width\":1096,\"height\":457,\"caption\":\"Marius Marcu\"},\"logo\":{\"@id\":\"https:\/\/mhf.ro\/mm\/#\/schema\/person\/image\/\"},\"sameAs\":[\"https:\/\/mhf.ro\/mm\"],\"url\":\"https:\/\/mhf.ro\/mm\/author\/mihai\/\"}]}<\/script>\n<!-- \/ Yoast SEO plugin. -->","yoast_head_json":{"title":"Impozitarea bisericilor poate deveni realitate - MHF Photography","robots":{"index":"index","follow":"follow","max-snippet":"max-snippet:-1","max-image-preview":"max-image-preview:large","max-video-preview":"max-video-preview:-1"},"canonical":"https:\/\/mhf.ro\/mm\/impozitarea-bisericilor-poate-deveni-realitate\/","og_locale":"ro_RO","og_type":"article","og_title":"Impozitarea bisericilor poate deveni realitate - MHF Photography","og_description":"Ministrul Finan\u021belor, Adrian C\u00e2ciu, nu exclude posibilitatea ca veniturile bisericilor s\u0103 fie impozitate. Potrivit acestuia acest lucru \u00eenseamn\u0103 a \u201ene","og_url":"https:\/\/mhf.ro\/mm\/impozitarea-bisericilor-poate-deveni-realitate\/","og_site_name":"MHF Photography","article_published_time":"2022-02-14T10:23:44+00:00","og_image":[{"width":1200,"height":648,"url":"https:\/\/mhf.ro\/mm\/wp-content\/uploads\/2022\/02\/adrian-caciu.jpg","type":"image\/jpeg"}],"author":"Marius Marcu","twitter_card":"summary_large_image","twitter_misc":{"Scris de":"Marius Marcu","Timp estimat pentru citire":"1 minut"},"schema":{"@context":"https:\/\/schema.org","@graph":[{"@type":"Article","@id":"https:\/\/mhf.ro\/mm\/impozitarea-bisericilor-poate-deveni-realitate\/#article","isPartOf":{"@id":"https:\/\/mhf.ro\/mm\/impozitarea-bisericilor-poate-deveni-realitate\/"},"author":{"name":"Marius Marcu","@id":"https:\/\/mhf.ro\/mm\/#\/schema\/person\/a3bebf7bdb4bf12f698aff73c7e46c21"},"headline":"Impozitarea bisericilor poate deveni realitate","datePublished":"2022-02-14T10:23:44+00:00","mainEntityOfPage":{"@id":"https:\/\/mhf.ro\/mm\/impozitarea-bisericilor-poate-deveni-realitate\/"},"wordCount":187,"commentCount":0,"publisher":{"@id":"https:\/\/mhf.ro\/mm\/#\/schema\/person\/a3bebf7bdb4bf12f698aff73c7e46c21"},"image":{"@id":"https:\/\/mhf.ro\/mm\/impozitarea-bisericilor-poate-deveni-realitate\/#primaryimage"},"thumbnailUrl":"https:\/\/mhf.ro\/mm\/wp-content\/uploads\/2022\/02\/adrian-caciu.jpg","articleSection":["Locale"],"inLanguage":"ro-RO","potentialAction":[{"@type":"CommentAction","name":"Comment","target":["https:\/\/mhf.ro\/mm\/impozitarea-bisericilor-poate-deveni-realitate\/#respond"]}]},{"@type":"WebPage","@id":"https:\/\/mhf.ro\/mm\/impozitarea-bisericilor-poate-deveni-realitate\/","url":"https:\/\/mhf.ro\/mm\/impozitarea-bisericilor-poate-deveni-realitate\/","name":"Impozitarea bisericilor poate deveni realitate - MHF Photography","isPartOf":{"@id":"https:\/\/mhf.ro\/mm\/#website"},"primaryImageOfPage":{"@id":"https:\/\/mhf.ro\/mm\/impozitarea-bisericilor-poate-deveni-realitate\/#primaryimage"},"image":{"@id":"https:\/\/mhf.ro\/mm\/impozitarea-bisericilor-poate-deveni-realitate\/#primaryimage"},"thumbnailUrl":"https:\/\/mhf.ro\/mm\/wp-content\/uploads\/2022\/02\/adrian-caciu.jpg","datePublished":"2022-02-14T10:23:44+00:00","breadcrumb":{"@id":"https:\/\/mhf.ro\/mm\/impozitarea-bisericilor-poate-deveni-realitate\/#breadcrumb"},"inLanguage":"ro-RO","potentialAction":[{"@type":"ReadAction","target":["https:\/\/mhf.ro\/mm\/impozitarea-bisericilor-poate-deveni-realitate\/"]}]},{"@type":"ImageObject","inLanguage":"ro-RO","@id":"https:\/\/mhf.ro\/mm\/impozitarea-bisericilor-poate-deveni-realitate\/#primaryimage","url":"https:\/\/mhf.ro\/mm\/wp-content\/uploads\/2022\/02\/adrian-caciu.jpg","contentUrl":"https:\/\/mhf.ro\/mm\/wp-content\/uploads\/2022\/02\/adrian-caciu.jpg","width":1200,"height":648},{"@type":"BreadcrumbList","@id":"https:\/\/mhf.ro\/mm\/impozitarea-bisericilor-poate-deveni-realitate\/#breadcrumb","itemListElement":[{"@type":"ListItem","position":1,"name":"Prima pagin\u0103","item":"https:\/\/mhf.ro\/mm\/"},{"@type":"ListItem","position":2,"name":"Impozitarea bisericilor poate deveni realitate"}]},{"@type":"WebSite","@id":"https:\/\/mhf.ro\/mm\/#website","url":"https:\/\/mhf.ro\/mm\/","name":"MHF Photography \u2013 Blog de fotografie, natur\u0103 \u0219i tehnic\u0103 divers\u0103","description":"Aventur\u0103 \u00een fiecare cadru.","publisher":{"@id":"https:\/\/mhf.ro\/mm\/#\/schema\/person\/a3bebf7bdb4bf12f698aff73c7e46c21"},"potentialAction":[{"@type":"SearchAction","target":{"@type":"EntryPoint","urlTemplate":"https:\/\/mhf.ro\/mm\/?s={search_term_string}"},"query-input":{"@type":"PropertyValueSpecification","valueRequired":true,"valueName":"search_term_string"}}],"inLanguage":"ro-RO"},{"@type":["Person","Organization"],"@id":"https:\/\/mhf.ro\/mm\/#\/schema\/person\/a3bebf7bdb4bf12f698aff73c7e46c21","name":"Marius Marcu","image":{"@type":"ImageObject","inLanguage":"ro-RO","@id":"https:\/\/mhf.ro\/mm\/#\/schema\/person\/image\/","url":"https:\/\/mhf.ro\/mm\/wp-content\/uploads\/2025\/12\/cropped-logo_mhf_2.png","contentUrl":"https:\/\/mhf.ro\/mm\/wp-content\/uploads\/2025\/12\/cropped-logo_mhf_2.png","width":1096,"height":457,"caption":"Marius Marcu"},"logo":{"@id":"https:\/\/mhf.ro\/mm\/#\/schema\/person\/image\/"},"sameAs":["https:\/\/mhf.ro\/mm"],"url":"https:\/\/mhf.ro\/mm\/author\/mihai\/"}]}},"_links":{"self":[{"href":"https:\/\/mhf.ro\/mm\/wp-json\/wp\/v2\/posts\/6416","targetHints":{"allow":["GET"]}}],"collection":[{"href":"https:\/\/mhf.ro\/mm\/wp-json\/wp\/v2\/posts"}],"about":[{"href":"https:\/\/mhf.ro\/mm\/wp-json\/wp\/v2\/types\/post"}],"author":[{"embeddable":true,"href":"https:\/\/mhf.ro\/mm\/wp-json\/wp\/v2\/users\/1"}],"replies":[{"embeddable":true,"href":"https:\/\/mhf.ro\/mm\/wp-json\/wp\/v2\/comments?post=6416"}],"version-history":[{"count":1,"href":"https:\/\/mhf.ro\/mm\/wp-json\/wp\/v2\/posts\/6416\/revisions"}],"predecessor-version":[{"id":6418,"href":"https:\/\/mhf.ro\/mm\/wp-json\/wp\/v2\/posts\/6416\/revisions\/6418"}],"wp:featuredmedia":[{"embeddable":true,"href":"https:\/\/mhf.ro\/mm\/wp-json\/wp\/v2\/media\/6417"}],"wp:attachment":[{"href":"https:\/\/mhf.ro\/mm\/wp-json\/wp\/v2\/media?parent=6416"}],"wp:term":[{"taxonomy":"category","embeddable":true,"href":"https:\/\/mhf.ro\/mm\/wp-json\/wp\/v2\/categories?post=6416"},{"taxonomy":"post_tag","embeddable":true,"href":"https:\/\/mhf.ro\/mm\/wp-json\/wp\/v2\/tags?post=6416"}],"curies":[{"name":"wp","href":"https:\/\/api.w.org\/{rel}","templated":true}]}}