{"id":6460,"date":"2022-02-18T09:59:15","date_gmt":"2022-02-18T07:59:15","guid":{"rendered":"https:\/\/mhf.ro\/mm\/?p=6460"},"modified":"2022-02-18T09:59:15","modified_gmt":"2022-02-18T07:59:15","slug":"cea-mai-slaba-luna-ianuarie-pentru-piata-auto-din-ue","status":"publish","type":"post","link":"https:\/\/mhf.ro\/mm\/cea-mai-slaba-luna-ianuarie-pentru-piata-auto-din-ue\/","title":{"rendered":"Cea mai slab\u0103 lun\u0103 ianuarie pentru pia\u021ba auto din UE"},"content":{"rendered":"<p class=\"title\">Luna trecut\u0103 a fost cea mai slab\u0103 lun\u0103 ianuarie pentru pia\u021ba auto european\u0103 din istorie. S-au \u00eenmatriculat \u00een total doar 682.000 de ma\u0219ini noi, cu 70% mai pu\u021bin\u00a0fa\u021b\u0103 de cei mai buni ani.<\/p>\n<p>Hyundai, Kia, Porsche \u0219i Dacia sunt m\u0103rcile care au crescut cel mai mult, iar la sc\u0103deri conduc smart, Volvo, Nissan \u0219i Citroen, arat\u0103 datele ACEA, potrivit\u00a0Hotnews.<\/p>\n<p>Pia\u021ba german\u0103 a fost cea mai mare, cu 184.000 de ma\u0219ini, Italia \u0219i Fran\u021ba au trecut de 100.000, iar Spania, de 42.000. Rom\u00e2nia \u2013 aproape 10.000 de ma\u0219ini.<\/p>\n<p id=\"4\">La clasamentul cotelor de pia\u021b\u0103 pe grupuri auto, Volkswagen Group are 25,4%, Stellantis are 20,5%, iar Groupe Renault, 10,5%.<\/p>\n<p id=\"5\">Brandul Kia a crescut cu 33%, Hyundai cu 24%, Porsche cu 36% \u0219i Dacia, cu 16%. BMW a sc\u0103zut cu 18%, Seat s-a dus \u00een jos cu 22%, iar sc\u0103deri consistente au avut \u0219i m\u0103rci precum Citroen, Renault, Ford, Volvo, Nissan \u0219i smart. (conf. Jurnalist.ro)<\/p>\n","protected":false},"excerpt":{"rendered":"<p>Luna trecut\u0103 a fost cea mai slab\u0103 lun\u0103 ianuarie pentru pia\u021ba auto european\u0103 din istorie. S-au \u00eenmatriculat \u00een total doar<\/p>\n","protected":false},"author":1,"featured_media":6461,"comment_status":"open","ping_status":"open","sticky":false,"template":"","format":"standard","meta":{"colormag_page_container_layout":"default_layout","colormag_page_sidebar_layout":"default_layout","footnotes":""},"categories":[5],"tags":[],"class_list":["post-6460","post","type-post","status-publish","format-standard","has-post-thumbnail","hentry","category-locale"],"yoast_head":"<!-- This site is optimized with the Yoast SEO plugin v27.0 - https:\/\/yoast.com\/product\/yoast-seo-wordpress\/ -->\n<title>Cea mai slab\u0103 lun\u0103 ianuarie pentru pia\u021ba auto din UE - MHF Photography<\/title>\n<meta name=\"robots\" content=\"index, follow, max-snippet:-1, max-image-preview:large, max-video-preview:-1\" \/>\n<link rel=\"canonical\" href=\"https:\/\/mhf.ro\/mm\/cea-mai-slaba-luna-ianuarie-pentru-piata-auto-din-ue\/\" \/>\n<meta property=\"og:locale\" content=\"ro_RO\" \/>\n<meta property=\"og:type\" content=\"article\" \/>\n<meta property=\"og:title\" content=\"Cea mai slab\u0103 lun\u0103 ianuarie pentru pia\u021ba auto din UE - MHF Photography\" \/>\n<meta property=\"og:description\" content=\"Luna trecut\u0103 a fost cea mai slab\u0103 lun\u0103 ianuarie pentru pia\u021ba auto european\u0103 din istorie. S-au \u00eenmatriculat \u00een total doar\" \/>\n<meta property=\"og:url\" content=\"https:\/\/mhf.ro\/mm\/cea-mai-slaba-luna-ianuarie-pentru-piata-auto-din-ue\/\" \/>\n<meta property=\"og:site_name\" content=\"MHF Photography\" \/>\n<meta property=\"article:published_time\" content=\"2022-02-18T07:59:15+00:00\" \/>\n<meta property=\"og:image\" content=\"https:\/\/mhf.ro\/mm\/wp-content\/uploads\/2022\/02\/piata-auto.jpg\" \/>\n\t<meta property=\"og:image:width\" content=\"745\" \/>\n\t<meta property=\"og:image:height\" content=\"480\" \/>\n\t<meta property=\"og:image:type\" content=\"image\/jpeg\" \/>\n<meta name=\"author\" content=\"Marius Marcu\" \/>\n<meta name=\"twitter:card\" content=\"summary_large_image\" \/>\n<meta name=\"twitter:label1\" content=\"Scris de\" \/>\n\t<meta name=\"twitter:data1\" content=\"Marius Marcu\" \/>\n\t<meta name=\"twitter:label2\" content=\"Timp estimat pentru citire\" \/>\n\t<meta name=\"twitter:data2\" content=\"1 minut\" \/>\n<script type=\"application\/ld+json\" class=\"yoast-schema-graph\">{\"@context\":\"https:\/\/schema.org\",\"@graph\":[{\"@type\":\"Article\",\"@id\":\"https:\/\/mhf.ro\/mm\/cea-mai-slaba-luna-ianuarie-pentru-piata-auto-din-ue\/#article\",\"isPartOf\":{\"@id\":\"https:\/\/mhf.ro\/mm\/cea-mai-slaba-luna-ianuarie-pentru-piata-auto-din-ue\/\"},\"author\":{\"name\":\"Marius Marcu\",\"@id\":\"https:\/\/mhf.ro\/mm\/#\/schema\/person\/a3bebf7bdb4bf12f698aff73c7e46c21\"},\"headline\":\"Cea mai slab\u0103 lun\u0103 ianuarie pentru pia\u021ba auto din UE\",\"datePublished\":\"2022-02-18T07:59:15+00:00\",\"mainEntityOfPage\":{\"@id\":\"https:\/\/mhf.ro\/mm\/cea-mai-slaba-luna-ianuarie-pentru-piata-auto-din-ue\/\"},\"wordCount\":162,\"commentCount\":0,\"publisher\":{\"@id\":\"https:\/\/mhf.ro\/mm\/#\/schema\/person\/a3bebf7bdb4bf12f698aff73c7e46c21\"},\"image\":{\"@id\":\"https:\/\/mhf.ro\/mm\/cea-mai-slaba-luna-ianuarie-pentru-piata-auto-din-ue\/#primaryimage\"},\"thumbnailUrl\":\"https:\/\/mhf.ro\/mm\/wp-content\/uploads\/2022\/02\/piata-auto.jpg\",\"articleSection\":[\"Locale\"],\"inLanguage\":\"ro-RO\",\"potentialAction\":[{\"@type\":\"CommentAction\",\"name\":\"Comment\",\"target\":[\"https:\/\/mhf.ro\/mm\/cea-mai-slaba-luna-ianuarie-pentru-piata-auto-din-ue\/#respond\"]}]},{\"@type\":\"WebPage\",\"@id\":\"https:\/\/mhf.ro\/mm\/cea-mai-slaba-luna-ianuarie-pentru-piata-auto-din-ue\/\",\"url\":\"https:\/\/mhf.ro\/mm\/cea-mai-slaba-luna-ianuarie-pentru-piata-auto-din-ue\/\",\"name\":\"Cea mai slab\u0103 lun\u0103 ianuarie pentru pia\u021ba auto din UE - MHF Photography\",\"isPartOf\":{\"@id\":\"https:\/\/mhf.ro\/mm\/#website\"},\"primaryImageOfPage\":{\"@id\":\"https:\/\/mhf.ro\/mm\/cea-mai-slaba-luna-ianuarie-pentru-piata-auto-din-ue\/#primaryimage\"},\"image\":{\"@id\":\"https:\/\/mhf.ro\/mm\/cea-mai-slaba-luna-ianuarie-pentru-piata-auto-din-ue\/#primaryimage\"},\"thumbnailUrl\":\"https:\/\/mhf.ro\/mm\/wp-content\/uploads\/2022\/02\/piata-auto.jpg\",\"datePublished\":\"2022-02-18T07:59:15+00:00\",\"breadcrumb\":{\"@id\":\"https:\/\/mhf.ro\/mm\/cea-mai-slaba-luna-ianuarie-pentru-piata-auto-din-ue\/#breadcrumb\"},\"inLanguage\":\"ro-RO\",\"potentialAction\":[{\"@type\":\"ReadAction\",\"target\":[\"https:\/\/mhf.ro\/mm\/cea-mai-slaba-luna-ianuarie-pentru-piata-auto-din-ue\/\"]}]},{\"@type\":\"ImageObject\",\"inLanguage\":\"ro-RO\",\"@id\":\"https:\/\/mhf.ro\/mm\/cea-mai-slaba-luna-ianuarie-pentru-piata-auto-din-ue\/#primaryimage\",\"url\":\"https:\/\/mhf.ro\/mm\/wp-content\/uploads\/2022\/02\/piata-auto.jpg\",\"contentUrl\":\"https:\/\/mhf.ro\/mm\/wp-content\/uploads\/2022\/02\/piata-auto.jpg\",\"width\":745,\"height\":480},{\"@type\":\"BreadcrumbList\",\"@id\":\"https:\/\/mhf.ro\/mm\/cea-mai-slaba-luna-ianuarie-pentru-piata-auto-din-ue\/#breadcrumb\",\"itemListElement\":[{\"@type\":\"ListItem\",\"position\":1,\"name\":\"Prima pagin\u0103\",\"item\":\"https:\/\/mhf.ro\/mm\/\"},{\"@type\":\"ListItem\",\"position\":2,\"name\":\"Cea mai slab\u0103 lun\u0103 ianuarie pentru pia\u021ba auto din UE\"}]},{\"@type\":\"WebSite\",\"@id\":\"https:\/\/mhf.ro\/mm\/#website\",\"url\":\"https:\/\/mhf.ro\/mm\/\",\"name\":\"MHF Photography \u2013 Blog de fotografie, natur\u0103 \u0219i tehnic\u0103 divers\u0103\",\"description\":\"Aventur\u0103 \u00een fiecare cadru.\",\"publisher\":{\"@id\":\"https:\/\/mhf.ro\/mm\/#\/schema\/person\/a3bebf7bdb4bf12f698aff73c7e46c21\"},\"potentialAction\":[{\"@type\":\"SearchAction\",\"target\":{\"@type\":\"EntryPoint\",\"urlTemplate\":\"https:\/\/mhf.ro\/mm\/?s={search_term_string}\"},\"query-input\":{\"@type\":\"PropertyValueSpecification\",\"valueRequired\":true,\"valueName\":\"search_term_string\"}}],\"inLanguage\":\"ro-RO\"},{\"@type\":[\"Person\",\"Organization\"],\"@id\":\"https:\/\/mhf.ro\/mm\/#\/schema\/person\/a3bebf7bdb4bf12f698aff73c7e46c21\",\"name\":\"Marius Marcu\",\"image\":{\"@type\":\"ImageObject\",\"inLanguage\":\"ro-RO\",\"@id\":\"https:\/\/mhf.ro\/mm\/#\/schema\/person\/image\/\",\"url\":\"https:\/\/mhf.ro\/mm\/wp-content\/uploads\/2025\/12\/cropped-logo_mhf_2.png\",\"contentUrl\":\"https:\/\/mhf.ro\/mm\/wp-content\/uploads\/2025\/12\/cropped-logo_mhf_2.png\",\"width\":1096,\"height\":457,\"caption\":\"Marius Marcu\"},\"logo\":{\"@id\":\"https:\/\/mhf.ro\/mm\/#\/schema\/person\/image\/\"},\"sameAs\":[\"https:\/\/mhf.ro\/mm\"],\"url\":\"https:\/\/mhf.ro\/mm\/author\/mihai\/\"}]}<\/script>\n<!-- \/ Yoast SEO plugin. -->","yoast_head_json":{"title":"Cea mai slab\u0103 lun\u0103 ianuarie pentru pia\u021ba auto din UE - MHF Photography","robots":{"index":"index","follow":"follow","max-snippet":"max-snippet:-1","max-image-preview":"max-image-preview:large","max-video-preview":"max-video-preview:-1"},"canonical":"https:\/\/mhf.ro\/mm\/cea-mai-slaba-luna-ianuarie-pentru-piata-auto-din-ue\/","og_locale":"ro_RO","og_type":"article","og_title":"Cea mai slab\u0103 lun\u0103 ianuarie pentru pia\u021ba auto din UE - MHF Photography","og_description":"Luna trecut\u0103 a fost cea mai slab\u0103 lun\u0103 ianuarie pentru pia\u021ba auto european\u0103 din istorie. S-au \u00eenmatriculat \u00een total doar","og_url":"https:\/\/mhf.ro\/mm\/cea-mai-slaba-luna-ianuarie-pentru-piata-auto-din-ue\/","og_site_name":"MHF Photography","article_published_time":"2022-02-18T07:59:15+00:00","og_image":[{"width":745,"height":480,"url":"https:\/\/mhf.ro\/mm\/wp-content\/uploads\/2022\/02\/piata-auto.jpg","type":"image\/jpeg"}],"author":"Marius Marcu","twitter_card":"summary_large_image","twitter_misc":{"Scris de":"Marius Marcu","Timp estimat pentru citire":"1 minut"},"schema":{"@context":"https:\/\/schema.org","@graph":[{"@type":"Article","@id":"https:\/\/mhf.ro\/mm\/cea-mai-slaba-luna-ianuarie-pentru-piata-auto-din-ue\/#article","isPartOf":{"@id":"https:\/\/mhf.ro\/mm\/cea-mai-slaba-luna-ianuarie-pentru-piata-auto-din-ue\/"},"author":{"name":"Marius Marcu","@id":"https:\/\/mhf.ro\/mm\/#\/schema\/person\/a3bebf7bdb4bf12f698aff73c7e46c21"},"headline":"Cea mai slab\u0103 lun\u0103 ianuarie pentru pia\u021ba auto din UE","datePublished":"2022-02-18T07:59:15+00:00","mainEntityOfPage":{"@id":"https:\/\/mhf.ro\/mm\/cea-mai-slaba-luna-ianuarie-pentru-piata-auto-din-ue\/"},"wordCount":162,"commentCount":0,"publisher":{"@id":"https:\/\/mhf.ro\/mm\/#\/schema\/person\/a3bebf7bdb4bf12f698aff73c7e46c21"},"image":{"@id":"https:\/\/mhf.ro\/mm\/cea-mai-slaba-luna-ianuarie-pentru-piata-auto-din-ue\/#primaryimage"},"thumbnailUrl":"https:\/\/mhf.ro\/mm\/wp-content\/uploads\/2022\/02\/piata-auto.jpg","articleSection":["Locale"],"inLanguage":"ro-RO","potentialAction":[{"@type":"CommentAction","name":"Comment","target":["https:\/\/mhf.ro\/mm\/cea-mai-slaba-luna-ianuarie-pentru-piata-auto-din-ue\/#respond"]}]},{"@type":"WebPage","@id":"https:\/\/mhf.ro\/mm\/cea-mai-slaba-luna-ianuarie-pentru-piata-auto-din-ue\/","url":"https:\/\/mhf.ro\/mm\/cea-mai-slaba-luna-ianuarie-pentru-piata-auto-din-ue\/","name":"Cea mai slab\u0103 lun\u0103 ianuarie pentru pia\u021ba auto din UE - MHF Photography","isPartOf":{"@id":"https:\/\/mhf.ro\/mm\/#website"},"primaryImageOfPage":{"@id":"https:\/\/mhf.ro\/mm\/cea-mai-slaba-luna-ianuarie-pentru-piata-auto-din-ue\/#primaryimage"},"image":{"@id":"https:\/\/mhf.ro\/mm\/cea-mai-slaba-luna-ianuarie-pentru-piata-auto-din-ue\/#primaryimage"},"thumbnailUrl":"https:\/\/mhf.ro\/mm\/wp-content\/uploads\/2022\/02\/piata-auto.jpg","datePublished":"2022-02-18T07:59:15+00:00","breadcrumb":{"@id":"https:\/\/mhf.ro\/mm\/cea-mai-slaba-luna-ianuarie-pentru-piata-auto-din-ue\/#breadcrumb"},"inLanguage":"ro-RO","potentialAction":[{"@type":"ReadAction","target":["https:\/\/mhf.ro\/mm\/cea-mai-slaba-luna-ianuarie-pentru-piata-auto-din-ue\/"]}]},{"@type":"ImageObject","inLanguage":"ro-RO","@id":"https:\/\/mhf.ro\/mm\/cea-mai-slaba-luna-ianuarie-pentru-piata-auto-din-ue\/#primaryimage","url":"https:\/\/mhf.ro\/mm\/wp-content\/uploads\/2022\/02\/piata-auto.jpg","contentUrl":"https:\/\/mhf.ro\/mm\/wp-content\/uploads\/2022\/02\/piata-auto.jpg","width":745,"height":480},{"@type":"BreadcrumbList","@id":"https:\/\/mhf.ro\/mm\/cea-mai-slaba-luna-ianuarie-pentru-piata-auto-din-ue\/#breadcrumb","itemListElement":[{"@type":"ListItem","position":1,"name":"Prima pagin\u0103","item":"https:\/\/mhf.ro\/mm\/"},{"@type":"ListItem","position":2,"name":"Cea mai slab\u0103 lun\u0103 ianuarie pentru pia\u021ba auto din UE"}]},{"@type":"WebSite","@id":"https:\/\/mhf.ro\/mm\/#website","url":"https:\/\/mhf.ro\/mm\/","name":"MHF Photography \u2013 Blog de fotografie, natur\u0103 \u0219i tehnic\u0103 divers\u0103","description":"Aventur\u0103 \u00een fiecare cadru.","publisher":{"@id":"https:\/\/mhf.ro\/mm\/#\/schema\/person\/a3bebf7bdb4bf12f698aff73c7e46c21"},"potentialAction":[{"@type":"SearchAction","target":{"@type":"EntryPoint","urlTemplate":"https:\/\/mhf.ro\/mm\/?s={search_term_string}"},"query-input":{"@type":"PropertyValueSpecification","valueRequired":true,"valueName":"search_term_string"}}],"inLanguage":"ro-RO"},{"@type":["Person","Organization"],"@id":"https:\/\/mhf.ro\/mm\/#\/schema\/person\/a3bebf7bdb4bf12f698aff73c7e46c21","name":"Marius Marcu","image":{"@type":"ImageObject","inLanguage":"ro-RO","@id":"https:\/\/mhf.ro\/mm\/#\/schema\/person\/image\/","url":"https:\/\/mhf.ro\/mm\/wp-content\/uploads\/2025\/12\/cropped-logo_mhf_2.png","contentUrl":"https:\/\/mhf.ro\/mm\/wp-content\/uploads\/2025\/12\/cropped-logo_mhf_2.png","width":1096,"height":457,"caption":"Marius Marcu"},"logo":{"@id":"https:\/\/mhf.ro\/mm\/#\/schema\/person\/image\/"},"sameAs":["https:\/\/mhf.ro\/mm"],"url":"https:\/\/mhf.ro\/mm\/author\/mihai\/"}]}},"_links":{"self":[{"href":"https:\/\/mhf.ro\/mm\/wp-json\/wp\/v2\/posts\/6460","targetHints":{"allow":["GET"]}}],"collection":[{"href":"https:\/\/mhf.ro\/mm\/wp-json\/wp\/v2\/posts"}],"about":[{"href":"https:\/\/mhf.ro\/mm\/wp-json\/wp\/v2\/types\/post"}],"author":[{"embeddable":true,"href":"https:\/\/mhf.ro\/mm\/wp-json\/wp\/v2\/users\/1"}],"replies":[{"embeddable":true,"href":"https:\/\/mhf.ro\/mm\/wp-json\/wp\/v2\/comments?post=6460"}],"version-history":[{"count":1,"href":"https:\/\/mhf.ro\/mm\/wp-json\/wp\/v2\/posts\/6460\/revisions"}],"predecessor-version":[{"id":6462,"href":"https:\/\/mhf.ro\/mm\/wp-json\/wp\/v2\/posts\/6460\/revisions\/6462"}],"wp:featuredmedia":[{"embeddable":true,"href":"https:\/\/mhf.ro\/mm\/wp-json\/wp\/v2\/media\/6461"}],"wp:attachment":[{"href":"https:\/\/mhf.ro\/mm\/wp-json\/wp\/v2\/media?parent=6460"}],"wp:term":[{"taxonomy":"category","embeddable":true,"href":"https:\/\/mhf.ro\/mm\/wp-json\/wp\/v2\/categories?post=6460"},{"taxonomy":"post_tag","embeddable":true,"href":"https:\/\/mhf.ro\/mm\/wp-json\/wp\/v2\/tags?post=6460"}],"curies":[{"name":"wp","href":"https:\/\/api.w.org\/{rel}","templated":true}]}}