{"id":6471,"date":"2022-02-19T10:16:38","date_gmt":"2022-02-19T08:16:38","guid":{"rendered":"https:\/\/mhf.ro\/mm\/?p=6471"},"modified":"2022-02-19T10:16:38","modified_gmt":"2022-02-19T08:16:38","slug":"planul-pentru-ridicarea-restrictiilor-in-lucru","status":"publish","type":"post","link":"https:\/\/mhf.ro\/mm\/planul-pentru-ridicarea-restrictiilor-in-lucru\/","title":{"rendered":"Planul pentru ridicarea restric\u021biilor, \u00een lucru"},"content":{"rendered":"<p>\u00cen contextul \u00een care tot mai multe \u021b\u0103ri europene ridic\u0103 restric\u021biile anti-Covid, ministrul S\u0103n\u0103t\u0103\u021bii, Alexandru Rafila, a declarat, vineri, c\u0103 un astfel de plan este \u00een lucru, \u00eens\u0103 nu poate oferi un termen c\u00e2nd se va \u00eent\u00e2mpla acest lucru.<\/p>\n<p>\u201eSe lucreaz\u0103 la scenarii, dar dac\u0103 lucrezi la scenarii nu po\u0163i s\u0103 \u015ftii cu exactitate, pentru c\u0103 dac\u0103 am \u015ftii cu exactitate pentru c\u0103 dac\u0103 am \u015ftii cu exactitate, nu am mai lucra la scenarii. Deci \u00een mod evident \u00eempreun\u0103 cu colegii care sunt \u00een zona de s\u0103n\u0103tate public\u0103, INSP, lucr\u0103m la astfel de scenarii, cum spune\u0163i dumneavoastr\u0103, astfel \u00eenc\u00e2t o sc\u0103dere \u00een mod constant nu numai a num\u0103rului de cazuri, dar \u015fi al celor din sec\u0163iile ATI s\u0103 ne ofere argumente pentru ridicarea c\u00e2t mai rapid\u0103 a restric\u0163iilor.<\/p>\n<p>Nu vreau s\u0103 ne angaj\u0103m la un termen. Termenul va fi generat dac\u0103 vre\u0163i de modul de evolu\u0163ie a situa\u0163iei \u00een perioada urm\u0103toare \u015fi inclusiv de modul \u00een care fiecare dintre noi ne vom comporta\u201d, a afirmat Alexandru Rafila.<\/p>\n<p>Acesta a mai spus c\u0103 recomand\u0103 \u00een continuare popula\u0163iei s\u0103 aib\u0103 un comportament precaut \u015fi s\u0103 poarte masca, \u00een special \u00een spa\u0163iile \u00eenchise.<\/p>\n<p>\u201eE discu\u0163ia aceasta legat\u0103 de constitu\u0163ionalitatea unei ordonan\u0163e de urgen\u0163\u0103. Constitu\u0163ionalitatea \u015fi o problem\u0103 formal\u0103, dac\u0103 vre\u0163i, de procedur\u0103 nu au leg\u0103tur\u0103 cu s\u0103n\u0103tatea public\u0103. Trebuie to\u0163i s\u0103 fim con\u015ftien\u0163i s\u0103 \u00eencerc\u0103m s\u0103 limit\u0103m transmiterea. (\u2026) Eu v\u0103 \u00eencurajez s\u0103 purta\u0163i masca \u00een continuare p\u00e2n\u0103 c\u00e2nd \u015ftiu sigur c\u0103 situa\u0163ia din spitale a ajuns la normalitate\u201d, a conchis ministrul S\u0103n\u0103t\u0103\u0163ii. (conf. Jurnalist.ro)<\/p>\n","protected":false},"excerpt":{"rendered":"<p>\u00cen contextul \u00een care tot mai multe \u021b\u0103ri europene ridic\u0103 restric\u021biile anti-Covid, ministrul S\u0103n\u0103t\u0103\u021bii, Alexandru Rafila, a declarat, vineri, c\u0103<\/p>\n","protected":false},"author":1,"featured_media":6472,"comment_status":"open","ping_status":"open","sticky":false,"template":"","format":"standard","meta":{"colormag_page_container_layout":"default_layout","colormag_page_sidebar_layout":"default_layout","footnotes":""},"categories":[5],"tags":[],"class_list":["post-6471","post","type-post","status-publish","format-standard","has-post-thumbnail","hentry","category-locale"],"yoast_head":"<!-- This site is optimized with the Yoast SEO plugin v27.0 - https:\/\/yoast.com\/product\/yoast-seo-wordpress\/ -->\n<title>Planul pentru ridicarea restric\u021biilor, \u00een lucru - MHF Photography<\/title>\n<meta name=\"robots\" content=\"index, follow, max-snippet:-1, max-image-preview:large, max-video-preview:-1\" \/>\n<link rel=\"canonical\" href=\"https:\/\/mhf.ro\/mm\/planul-pentru-ridicarea-restrictiilor-in-lucru\/\" \/>\n<meta property=\"og:locale\" content=\"ro_RO\" \/>\n<meta property=\"og:type\" content=\"article\" \/>\n<meta property=\"og:title\" content=\"Planul pentru ridicarea restric\u021biilor, \u00een lucru - MHF Photography\" \/>\n<meta property=\"og:description\" content=\"\u00cen contextul \u00een care tot mai multe \u021b\u0103ri europene ridic\u0103 restric\u021biile anti-Covid, ministrul S\u0103n\u0103t\u0103\u021bii, Alexandru Rafila, a declarat, vineri, c\u0103\" \/>\n<meta property=\"og:url\" content=\"https:\/\/mhf.ro\/mm\/planul-pentru-ridicarea-restrictiilor-in-lucru\/\" \/>\n<meta property=\"og:site_name\" content=\"MHF Photography\" \/>\n<meta property=\"article:published_time\" content=\"2022-02-19T08:16:38+00:00\" \/>\n<meta property=\"og:image\" content=\"https:\/\/mhf.ro\/mm\/wp-content\/uploads\/2022\/02\/rafila_s12.jpg\" \/>\n\t<meta property=\"og:image:width\" content=\"1000\" \/>\n\t<meta property=\"og:image:height\" content=\"533\" \/>\n\t<meta property=\"og:image:type\" content=\"image\/jpeg\" \/>\n<meta name=\"author\" content=\"Marius Marcu\" \/>\n<meta name=\"twitter:card\" content=\"summary_large_image\" \/>\n<meta name=\"twitter:label1\" content=\"Scris de\" \/>\n\t<meta name=\"twitter:data1\" content=\"Marius Marcu\" \/>\n\t<meta name=\"twitter:label2\" content=\"Timp estimat pentru citire\" \/>\n\t<meta name=\"twitter:data2\" content=\"1 minut\" \/>\n<script type=\"application\/ld+json\" class=\"yoast-schema-graph\">{\"@context\":\"https:\/\/schema.org\",\"@graph\":[{\"@type\":\"Article\",\"@id\":\"https:\/\/mhf.ro\/mm\/planul-pentru-ridicarea-restrictiilor-in-lucru\/#article\",\"isPartOf\":{\"@id\":\"https:\/\/mhf.ro\/mm\/planul-pentru-ridicarea-restrictiilor-in-lucru\/\"},\"author\":{\"name\":\"Marius Marcu\",\"@id\":\"https:\/\/mhf.ro\/mm\/#\/schema\/person\/a3bebf7bdb4bf12f698aff73c7e46c21\"},\"headline\":\"Planul pentru ridicarea restric\u021biilor, \u00een lucru\",\"datePublished\":\"2022-02-19T08:16:38+00:00\",\"mainEntityOfPage\":{\"@id\":\"https:\/\/mhf.ro\/mm\/planul-pentru-ridicarea-restrictiilor-in-lucru\/\"},\"wordCount\":303,\"commentCount\":0,\"publisher\":{\"@id\":\"https:\/\/mhf.ro\/mm\/#\/schema\/person\/a3bebf7bdb4bf12f698aff73c7e46c21\"},\"image\":{\"@id\":\"https:\/\/mhf.ro\/mm\/planul-pentru-ridicarea-restrictiilor-in-lucru\/#primaryimage\"},\"thumbnailUrl\":\"https:\/\/mhf.ro\/mm\/wp-content\/uploads\/2022\/02\/rafila_s12.jpg\",\"articleSection\":[\"Locale\"],\"inLanguage\":\"ro-RO\",\"potentialAction\":[{\"@type\":\"CommentAction\",\"name\":\"Comment\",\"target\":[\"https:\/\/mhf.ro\/mm\/planul-pentru-ridicarea-restrictiilor-in-lucru\/#respond\"]}]},{\"@type\":\"WebPage\",\"@id\":\"https:\/\/mhf.ro\/mm\/planul-pentru-ridicarea-restrictiilor-in-lucru\/\",\"url\":\"https:\/\/mhf.ro\/mm\/planul-pentru-ridicarea-restrictiilor-in-lucru\/\",\"name\":\"Planul pentru ridicarea restric\u021biilor, \u00een lucru - MHF Photography\",\"isPartOf\":{\"@id\":\"https:\/\/mhf.ro\/mm\/#website\"},\"primaryImageOfPage\":{\"@id\":\"https:\/\/mhf.ro\/mm\/planul-pentru-ridicarea-restrictiilor-in-lucru\/#primaryimage\"},\"image\":{\"@id\":\"https:\/\/mhf.ro\/mm\/planul-pentru-ridicarea-restrictiilor-in-lucru\/#primaryimage\"},\"thumbnailUrl\":\"https:\/\/mhf.ro\/mm\/wp-content\/uploads\/2022\/02\/rafila_s12.jpg\",\"datePublished\":\"2022-02-19T08:16:38+00:00\",\"breadcrumb\":{\"@id\":\"https:\/\/mhf.ro\/mm\/planul-pentru-ridicarea-restrictiilor-in-lucru\/#breadcrumb\"},\"inLanguage\":\"ro-RO\",\"potentialAction\":[{\"@type\":\"ReadAction\",\"target\":[\"https:\/\/mhf.ro\/mm\/planul-pentru-ridicarea-restrictiilor-in-lucru\/\"]}]},{\"@type\":\"ImageObject\",\"inLanguage\":\"ro-RO\",\"@id\":\"https:\/\/mhf.ro\/mm\/planul-pentru-ridicarea-restrictiilor-in-lucru\/#primaryimage\",\"url\":\"https:\/\/mhf.ro\/mm\/wp-content\/uploads\/2022\/02\/rafila_s12.jpg\",\"contentUrl\":\"https:\/\/mhf.ro\/mm\/wp-content\/uploads\/2022\/02\/rafila_s12.jpg\",\"width\":1000,\"height\":533},{\"@type\":\"BreadcrumbList\",\"@id\":\"https:\/\/mhf.ro\/mm\/planul-pentru-ridicarea-restrictiilor-in-lucru\/#breadcrumb\",\"itemListElement\":[{\"@type\":\"ListItem\",\"position\":1,\"name\":\"Prima pagin\u0103\",\"item\":\"https:\/\/mhf.ro\/mm\/\"},{\"@type\":\"ListItem\",\"position\":2,\"name\":\"Planul pentru ridicarea restric\u021biilor, \u00een lucru\"}]},{\"@type\":\"WebSite\",\"@id\":\"https:\/\/mhf.ro\/mm\/#website\",\"url\":\"https:\/\/mhf.ro\/mm\/\",\"name\":\"MHF Photography \u2013 Blog de fotografie, natur\u0103 \u0219i tehnic\u0103 divers\u0103\",\"description\":\"Aventur\u0103 \u00een fiecare cadru.\",\"publisher\":{\"@id\":\"https:\/\/mhf.ro\/mm\/#\/schema\/person\/a3bebf7bdb4bf12f698aff73c7e46c21\"},\"potentialAction\":[{\"@type\":\"SearchAction\",\"target\":{\"@type\":\"EntryPoint\",\"urlTemplate\":\"https:\/\/mhf.ro\/mm\/?s={search_term_string}\"},\"query-input\":{\"@type\":\"PropertyValueSpecification\",\"valueRequired\":true,\"valueName\":\"search_term_string\"}}],\"inLanguage\":\"ro-RO\"},{\"@type\":[\"Person\",\"Organization\"],\"@id\":\"https:\/\/mhf.ro\/mm\/#\/schema\/person\/a3bebf7bdb4bf12f698aff73c7e46c21\",\"name\":\"Marius Marcu\",\"image\":{\"@type\":\"ImageObject\",\"inLanguage\":\"ro-RO\",\"@id\":\"https:\/\/mhf.ro\/mm\/#\/schema\/person\/image\/\",\"url\":\"https:\/\/mhf.ro\/mm\/wp-content\/uploads\/2025\/12\/cropped-logo_mhf_2.png\",\"contentUrl\":\"https:\/\/mhf.ro\/mm\/wp-content\/uploads\/2025\/12\/cropped-logo_mhf_2.png\",\"width\":1096,\"height\":457,\"caption\":\"Marius Marcu\"},\"logo\":{\"@id\":\"https:\/\/mhf.ro\/mm\/#\/schema\/person\/image\/\"},\"sameAs\":[\"https:\/\/mhf.ro\/mm\"],\"url\":\"https:\/\/mhf.ro\/mm\/author\/mihai\/\"}]}<\/script>\n<!-- \/ Yoast SEO plugin. -->","yoast_head_json":{"title":"Planul pentru ridicarea restric\u021biilor, \u00een lucru - MHF Photography","robots":{"index":"index","follow":"follow","max-snippet":"max-snippet:-1","max-image-preview":"max-image-preview:large","max-video-preview":"max-video-preview:-1"},"canonical":"https:\/\/mhf.ro\/mm\/planul-pentru-ridicarea-restrictiilor-in-lucru\/","og_locale":"ro_RO","og_type":"article","og_title":"Planul pentru ridicarea restric\u021biilor, \u00een lucru - MHF Photography","og_description":"\u00cen contextul \u00een care tot mai multe \u021b\u0103ri europene ridic\u0103 restric\u021biile anti-Covid, ministrul S\u0103n\u0103t\u0103\u021bii, Alexandru Rafila, a declarat, vineri, c\u0103","og_url":"https:\/\/mhf.ro\/mm\/planul-pentru-ridicarea-restrictiilor-in-lucru\/","og_site_name":"MHF Photography","article_published_time":"2022-02-19T08:16:38+00:00","og_image":[{"width":1000,"height":533,"url":"https:\/\/mhf.ro\/mm\/wp-content\/uploads\/2022\/02\/rafila_s12.jpg","type":"image\/jpeg"}],"author":"Marius Marcu","twitter_card":"summary_large_image","twitter_misc":{"Scris de":"Marius Marcu","Timp estimat pentru citire":"1 minut"},"schema":{"@context":"https:\/\/schema.org","@graph":[{"@type":"Article","@id":"https:\/\/mhf.ro\/mm\/planul-pentru-ridicarea-restrictiilor-in-lucru\/#article","isPartOf":{"@id":"https:\/\/mhf.ro\/mm\/planul-pentru-ridicarea-restrictiilor-in-lucru\/"},"author":{"name":"Marius Marcu","@id":"https:\/\/mhf.ro\/mm\/#\/schema\/person\/a3bebf7bdb4bf12f698aff73c7e46c21"},"headline":"Planul pentru ridicarea restric\u021biilor, \u00een lucru","datePublished":"2022-02-19T08:16:38+00:00","mainEntityOfPage":{"@id":"https:\/\/mhf.ro\/mm\/planul-pentru-ridicarea-restrictiilor-in-lucru\/"},"wordCount":303,"commentCount":0,"publisher":{"@id":"https:\/\/mhf.ro\/mm\/#\/schema\/person\/a3bebf7bdb4bf12f698aff73c7e46c21"},"image":{"@id":"https:\/\/mhf.ro\/mm\/planul-pentru-ridicarea-restrictiilor-in-lucru\/#primaryimage"},"thumbnailUrl":"https:\/\/mhf.ro\/mm\/wp-content\/uploads\/2022\/02\/rafila_s12.jpg","articleSection":["Locale"],"inLanguage":"ro-RO","potentialAction":[{"@type":"CommentAction","name":"Comment","target":["https:\/\/mhf.ro\/mm\/planul-pentru-ridicarea-restrictiilor-in-lucru\/#respond"]}]},{"@type":"WebPage","@id":"https:\/\/mhf.ro\/mm\/planul-pentru-ridicarea-restrictiilor-in-lucru\/","url":"https:\/\/mhf.ro\/mm\/planul-pentru-ridicarea-restrictiilor-in-lucru\/","name":"Planul pentru ridicarea restric\u021biilor, \u00een lucru - MHF Photography","isPartOf":{"@id":"https:\/\/mhf.ro\/mm\/#website"},"primaryImageOfPage":{"@id":"https:\/\/mhf.ro\/mm\/planul-pentru-ridicarea-restrictiilor-in-lucru\/#primaryimage"},"image":{"@id":"https:\/\/mhf.ro\/mm\/planul-pentru-ridicarea-restrictiilor-in-lucru\/#primaryimage"},"thumbnailUrl":"https:\/\/mhf.ro\/mm\/wp-content\/uploads\/2022\/02\/rafila_s12.jpg","datePublished":"2022-02-19T08:16:38+00:00","breadcrumb":{"@id":"https:\/\/mhf.ro\/mm\/planul-pentru-ridicarea-restrictiilor-in-lucru\/#breadcrumb"},"inLanguage":"ro-RO","potentialAction":[{"@type":"ReadAction","target":["https:\/\/mhf.ro\/mm\/planul-pentru-ridicarea-restrictiilor-in-lucru\/"]}]},{"@type":"ImageObject","inLanguage":"ro-RO","@id":"https:\/\/mhf.ro\/mm\/planul-pentru-ridicarea-restrictiilor-in-lucru\/#primaryimage","url":"https:\/\/mhf.ro\/mm\/wp-content\/uploads\/2022\/02\/rafila_s12.jpg","contentUrl":"https:\/\/mhf.ro\/mm\/wp-content\/uploads\/2022\/02\/rafila_s12.jpg","width":1000,"height":533},{"@type":"BreadcrumbList","@id":"https:\/\/mhf.ro\/mm\/planul-pentru-ridicarea-restrictiilor-in-lucru\/#breadcrumb","itemListElement":[{"@type":"ListItem","position":1,"name":"Prima pagin\u0103","item":"https:\/\/mhf.ro\/mm\/"},{"@type":"ListItem","position":2,"name":"Planul pentru ridicarea restric\u021biilor, \u00een lucru"}]},{"@type":"WebSite","@id":"https:\/\/mhf.ro\/mm\/#website","url":"https:\/\/mhf.ro\/mm\/","name":"MHF Photography \u2013 Blog de fotografie, natur\u0103 \u0219i tehnic\u0103 divers\u0103","description":"Aventur\u0103 \u00een fiecare cadru.","publisher":{"@id":"https:\/\/mhf.ro\/mm\/#\/schema\/person\/a3bebf7bdb4bf12f698aff73c7e46c21"},"potentialAction":[{"@type":"SearchAction","target":{"@type":"EntryPoint","urlTemplate":"https:\/\/mhf.ro\/mm\/?s={search_term_string}"},"query-input":{"@type":"PropertyValueSpecification","valueRequired":true,"valueName":"search_term_string"}}],"inLanguage":"ro-RO"},{"@type":["Person","Organization"],"@id":"https:\/\/mhf.ro\/mm\/#\/schema\/person\/a3bebf7bdb4bf12f698aff73c7e46c21","name":"Marius Marcu","image":{"@type":"ImageObject","inLanguage":"ro-RO","@id":"https:\/\/mhf.ro\/mm\/#\/schema\/person\/image\/","url":"https:\/\/mhf.ro\/mm\/wp-content\/uploads\/2025\/12\/cropped-logo_mhf_2.png","contentUrl":"https:\/\/mhf.ro\/mm\/wp-content\/uploads\/2025\/12\/cropped-logo_mhf_2.png","width":1096,"height":457,"caption":"Marius Marcu"},"logo":{"@id":"https:\/\/mhf.ro\/mm\/#\/schema\/person\/image\/"},"sameAs":["https:\/\/mhf.ro\/mm"],"url":"https:\/\/mhf.ro\/mm\/author\/mihai\/"}]}},"_links":{"self":[{"href":"https:\/\/mhf.ro\/mm\/wp-json\/wp\/v2\/posts\/6471","targetHints":{"allow":["GET"]}}],"collection":[{"href":"https:\/\/mhf.ro\/mm\/wp-json\/wp\/v2\/posts"}],"about":[{"href":"https:\/\/mhf.ro\/mm\/wp-json\/wp\/v2\/types\/post"}],"author":[{"embeddable":true,"href":"https:\/\/mhf.ro\/mm\/wp-json\/wp\/v2\/users\/1"}],"replies":[{"embeddable":true,"href":"https:\/\/mhf.ro\/mm\/wp-json\/wp\/v2\/comments?post=6471"}],"version-history":[{"count":1,"href":"https:\/\/mhf.ro\/mm\/wp-json\/wp\/v2\/posts\/6471\/revisions"}],"predecessor-version":[{"id":6473,"href":"https:\/\/mhf.ro\/mm\/wp-json\/wp\/v2\/posts\/6471\/revisions\/6473"}],"wp:featuredmedia":[{"embeddable":true,"href":"https:\/\/mhf.ro\/mm\/wp-json\/wp\/v2\/media\/6472"}],"wp:attachment":[{"href":"https:\/\/mhf.ro\/mm\/wp-json\/wp\/v2\/media?parent=6471"}],"wp:term":[{"taxonomy":"category","embeddable":true,"href":"https:\/\/mhf.ro\/mm\/wp-json\/wp\/v2\/categories?post=6471"},{"taxonomy":"post_tag","embeddable":true,"href":"https:\/\/mhf.ro\/mm\/wp-json\/wp\/v2\/tags?post=6471"}],"curies":[{"name":"wp","href":"https:\/\/api.w.org\/{rel}","templated":true}]}}