{"id":6489,"date":"2022-02-21T16:04:21","date_gmt":"2022-02-21T14:04:21","guid":{"rendered":"https:\/\/mhf.ro\/mm\/?p=6489"},"modified":"2022-02-20T16:10:47","modified_gmt":"2022-02-20T14:10:47","slug":"sinaxar-21-februarie","status":"publish","type":"post","link":"https:\/\/mhf.ro\/mm\/sinaxar-21-februarie\/","title":{"rendered":"Sinaxar 21 Februarie"},"content":{"rendered":"<p><em>\u00cen aceast\u0103 lun\u0103, ziua a dou\u0103zeci \u015fi una, pomenirea preacuviosului p\u0103rintelui nostru Timotei, cel din Simboli.<\/em><\/p>\n<p>Acest fericit, intr\u00e2nd de mic \u00een via\u0163a monahal\u0103 \u015fi sting\u00e2ndu-\u015fi cu totul s\u0103lt\u0103rile patimilor cu mult\u0103 \u00eenfr\u00e2nare \u015fi cu ne\u00eencetate rug\u0103ciuni \u015fi ajung\u00e2nd mai presus de patimi, s-a ar\u0103tat vas vrednic al Sf\u00e2ntului Duh, r\u0103m\u00e2n\u00e2nd p\u00e2n\u0103 la sf\u00e2r\u015fitul vie\u0163ii sale \u00een feciorie \u015fi suflete\u015fte \u015fi trupe\u015fte. El nu a \u00eeng\u0103duit niciodat\u0103 s\u0103 vin\u0103 \u00eenaintea lui vreo femeie; ci afl\u00e2ndu-se \u00een mun\u0163i \u015fi locuind \u00een pustiet\u0103\u0163i \u00ee\u015fi uda sufletul cu roua lacrimilor. Pentru aceasta a luat \u015fi darul t\u0103m\u0103duirilor; c\u0103ci \u015fi demonii din oameni a alungat, \u015fi toate celelalte boli a t\u0103m\u0103duit. Astfel vie\u0163uind \u015fi ajung\u00e2nd la b\u0103tr\u00e2ne\u0163i bune, \u015fi-a s\u0103v\u00e2r\u015fit via\u0163a, mut\u00e2ndu-se c\u0103tre Domnul.<\/p>\n<p><em>Tot \u00een aceast\u0103 zi, pomenirea celui \u00eentre sfin\u0163i p\u0103rintelui nostru Eusta\u0163iu, patriarhul Antiohiei celei mari.<\/em><\/p>\n<p>Acest m\u0103rturisitor Eusta\u0163iu a tr\u0103it pe vremea lui Constantin cel Mare. \u00cenv\u0103\u0163\u0103tor fiind, prin cuv\u00e2ntul \u00een\u0163elepciunii sale, Eusta\u0163iu a trimis razele dreptei credin\u0163e \u00een toat\u0103 lumea. A fost de fa\u0163\u0103 la cel dint\u00e2i Sinod Ecumenic de la Niceea fiind unul dintre cei 318 purt\u0103tori de Dumnezeu p\u0103rin\u0163i. Astfel, fiind ad\u00e2nc cunosc\u0103tor al dogmelor dreptei credin\u0163e, a \u00eenfruntat pe arienii ce se \u00eencercau s\u0103 despart\u0103 firea dumnezeiasc\u0103 zic\u00e2nd c\u0103 Fiul este doar o f\u0103ptur\u0103 \u015fi-L \u00eenstr\u0103inau \u00een felul acesta de p\u0103rinteasc\u0103 cinste. Pentru \u00eendr\u0103zneala \u015fi r\u00e2vna dumnezeiasc\u0103 ce avea pentru ajutorarea dreptei credin\u0163e, a fost pizmuit de Eusebiu al Nicodimei \u015fi de Teognis al Niceei \u015fi de Eusebiu al Cezareii, \u015fi de to\u0163i ceilal\u0163i care erau p\u0103rta\u015fi ai hulelor lui Arie, sau mai v\u00e2rtos zic\u00e2nd ai nedumnezeirii Fiului. Pentru aceasta f\u0103c\u00e2ndu-se c\u0103 merg s\u0103-l vad\u0103, pe c\u00e2nd se g\u0103seau \u00een drum spre Ierusalim, au ajuns la Antiohia, unde se g\u0103sea sf\u00e2ntul Eusta\u0163iu \u015fi f\u0103c\u00e2nd sfat l-au caterisit. Dar pentru ca s\u0103 se arate c\u0103 l-au caterisit cu pricin\u0103 binecuv\u00e2ntat\u0103, au cump\u0103rat cu daruri multe pe o femeie desfr\u00e2nat\u0103 ca s\u0103 fac\u0103 n\u0103past\u0103 sf\u00e2ntului. Aceasta venind cu un copil de cur\u00e2nd n\u0103scut, a mers \u00eenaintea adun\u0103rii lor, m\u0103rturisind c\u0103 a r\u0103mas \u00eens\u0103rcinat\u0103 de pe urma lui Eusta\u0163iu \u015fi a n\u0103scut acel copil. Iar ei cerc\u00e2nd pe femeie s\u0103 adevereasc\u0103 vina numai cu jur\u0103m\u00e2ntul, \u00eendat\u0103 l-au judecat \u015fi l-au scos pe sf\u00e2nt din scaun \u015fi au \u00eenduplecat \u015fi pe \u00eemp\u0103rat s\u0103-l izgoneasc\u0103. Astfel sf\u00e2ntul Eusta\u0163iu a fost trimis \u00een Tracia, \u00een cetatea lui Filip Macedoneanul, unde s-a \u015fi s\u0103v\u00e2r\u015fit din via\u0163\u0103. C\u00e2t prive\u015fte femeia aceea care l-a n\u0103p\u0103stuit, c\u0103z\u00e2nd \u00een boal\u0103 grea, a m\u0103rturisit tot vicle\u015fugul ce s-a f\u0103cut asupra sf\u00e2ntului, \u015fi a spus pe nume pe fiecare dintre cei ce au \u00eendemnat-o s\u0103 m\u0103rturiseasc\u0103 \u00eempotriva lui, \u015fi c\u0103 fiind am\u0103git\u0103 \u015fi \u00eendemnat\u0103 a f\u0103cut p\u00e2ra aceea cu cuvinte de c\u0103tre d\u00e2n\u015fii \u015fi cu bani. \u015ei a mai spus c\u0103 dac\u0103 a jurat cu vicle\u015fug, nu a spus totu\u015fi nici un fel de minciun\u0103; c\u0103ci pruncul a fost f\u0103cut cu adev\u0103rat cu un Eusta\u0163iu, care \u00eens\u0103 era fierar \u015fi care tr\u0103ise cu d\u00e2nsa.<\/p>\n<p>Dup\u0103 o sut\u0103 de ani, pe vremea \u00eemp\u0103r\u0103\u0163iei lui Zenon, au fost ridicate sfintele lui moa\u015fte \u015fi au fost trimise la Antiohia. Atunci a ie\u015fit \u00eenainte toat\u0103 mul\u0163imea cet\u0103\u0163ii, cale de vreo optsprezece mile, \u015fi l-au primit cu c\u00e2nt\u0103ri, cu lumin\u0103 \u015fi cu t\u0103m\u00e2ieri. Pe sf\u00e2ntul Eusta\u0163iu l-a cinstit cu laude \u015fi dumnezeiescul Gur\u0103 de Aur.<\/p>\n<p><em>Tot \u00een aceast\u0103 zi, pomenirea celui dintre sfin\u0163i p\u0103rintelui nostru Gheorghe, episcopul Amastridiei.<\/em><\/p>\n<p>Acest cuvios era fiu de p\u0103rin\u0163i binecredincio\u015fi, al c\u0103ror nume era Teodor \u015fi Megeta \u015fi locuia \u00een \u0163inutul numit Cromin. P\u0103rin\u0163ii lui, neav\u00e2nd copii, se rugau lui Dumnezeu prin post \u015fi fapte bune, s\u0103 le dea \u015fi lor un prunc. Ajung\u00e2nd ei la ad\u00e2nci b\u0103tr\u00e2ne\u0163i li s-a vestit prin dumnezeiesc glas at\u00e2t z\u0103mislirea celui ce era s\u0103 se nasc\u0103 din ei, c\u00e2t \u015fi numirea \u015fi darul preo\u0163iei pe care avea s\u0103 le poarte. N\u0103sc\u00e2ndu-se acesta, a lep\u0103dat \u00eendulcirile tinere\u0163ilor, \u015fi a \u00eembr\u0103\u0163i\u015fat pe cele st\u0103t\u0103toare \u015fi nu s-a lenevit la \u00eenv\u0103\u0163\u0103turile dumnezeie\u015fti \u015fi omene\u015fti. Pentru aceasta p\u0103rin\u0163ii s\u0103i, v\u0103z\u00e2nd prop\u0103\u015firea lui, sl\u0103veau pe Dumnezeu. \u015ei astfel dup\u0103 ce s-a \u00eenv\u0103\u0163at de-ajuns, s-a dus la muntele Siriei, \u015fi afl\u00e2nd acolo un cinstit b\u0103tr\u00e2n a luat de la el schima monahiceasc\u0103; mut\u00e2ndu-se acela c\u0103tre Domnul, s-a dus la Vunita, supun\u00e2ndu-se la toat\u0103 aspra vie\u0163uire \u015fi sih\u0103strie. \u015ei fiindc\u0103 episcopul bisericii Amastridei s-a mutat c\u0103tre Domnul, acest sf\u00e2nt prin voin\u0163\u0103 dumnezeiasc\u0103 \u015fi cu acordul preo\u0163ilor, f\u0103r\u0103 ca el s\u0103 voiasc\u0103, a fost suit pe scaunul arhieriei, \u015fi a\u015fezat ca lumina \u00een sfe\u015fnic. Fiind hirotonit \u00een Constantinopol \u015fi duc\u00e2ndu-se la scaunul s\u0103u, toate se s\u0103v\u00e2r\u015feau prin os\u00e2rdia sa, adic\u0103: a\u015fez\u0103mintele cele sfinte, bun\u0103 podoab\u0103 Bisericii, or\u00e2nduiala sfin\u0163itei tagme, ajutorarea orfanilor \u015fi a v\u0103duvelor, case de osp\u0103tare pentru s\u0103raci, pl\u0103\u0163i de datorii \u015fi \u00eenainte de toate dreapta credin\u0163\u0103 c\u0103tre Dumnezeu. Pe l\u00e2ng\u0103 acestea \u00eenc\u0103 \u015fi semne \u015fi minuni de tot felul se s\u0103v\u00e2r\u015feau printr-\u00eensul. \u015ei astfel bine petrec\u00e2ndu-\u015fi via\u0163a, s-a mutat din acestea de aici \u00een pace, d\u00e2ndu-\u015fi duhul \u00een m\u00e2inile lui Dumnezeu.<\/p>\n<p><em>Tot \u00een aceast\u0103 zi, pomenirea celui \u00eentre sfin\u0163i p\u0103rintele nostru Ioan Scolasticul, patriarhul Constantinopolului, care \u00een pace s-a s\u0103v\u00e2r\u015fit.<\/em><\/p>\n<p>Sf\u00e2ntul Ioan Scolasticul, Patriarhul Constantinopolului s-a n\u0103scut \u00een Sirimion, l\u00e2ng\u0103 Antiohia \u015fi a studiat dreptul. A fost hirotonit preot datorit\u0103 pio\u015feniei \u015fi sfin\u0163eniei de care d\u0103dea dovad\u0103. Mai t\u00e2rziu a fost ridicat la rangul de patriarh, \u015fi a p\u0103storit \u00eentre anii 565 \u015fi 577.<\/p>\n<p>Pe c\u00e2nd era \u00eenc\u0103 presbiter, Ioan a \u00eentocmit o compila\u0163ie de Reguli \u00een Biseric\u0103 \u00een 50 de Capitole, iar mai t\u00e2rziu, \u00een perioada c\u00e2t a fost patriarh a scris un Cod de legi civile raportate la Biseric\u0103. Din aceste colec\u0163ii a fost compilat Nomocanon-ul (adic\u0103 &#8222;Legea-canon&#8221;), folosit \u00een administra\u0163ia bisericii. Sf. Ioan a mai compus &#8222;Imnul heruvimilor&#8221; \u015fi &#8222;La cina ta de taina.&#8221;<\/p>\n<p><em>Tot \u00een aceast\u0103 zi, pomenirea sf\u00e2ntului Zaharia, patriarhul Ierusalimului, care \u00een pace s-a s\u0103v\u00e2r\u015fit.<\/em><\/p>\n<p>Sf\u00e2ntul Zaharia, Patriarhul Ierusalimului, a tr\u0103it \u00eentre sf\u00e2r\u015fitul secolului al VI-lea \u015fi \u00eenceputul secolului al VII-lea, devenind patriarh \u00een anul 609.<\/p>\n<p>\u00cen anul 614 \u00eemp\u0103ratul persan Chosroes a atacat Ierusalimul, l-a pr\u0103dat \u015fi a \u00eentemni\u0163at o mul\u0163ime de cre\u015ftini, printre care \u015fi pe Sf. Zaharia. Chosroes a capturat, de asemenea, \u015fi Crucea d\u0103t\u0103toare de via\u0163\u0103 a M\u00e2ntuitorului Hristos. \u00cen timpul invaziei au murit \u00een jur de 90.000 de cre\u015ftini. La pu\u0163in timp, Chosroes a fost obligat s\u0103 \u00eencheie pace cu \u00eemp\u0103ratul bizantin Heraclius (610-641). Crucea Domnului a fost dus\u0103 \u00eenapoi la Ierusalim, la fel ca \u015fi prizonierii cre\u015ftini care mai r\u0103m\u0103seser\u0103 \u00een via\u0163\u0103, printre care \u015fi Sf. Zaharia, care mai apoi a murit \u00een pace \u00een anul 633.<\/p>\n<p><em>Tot \u00een aceast\u0103 zi, pomenirea sf\u00e2ntului Mauriciu \u015fi a celor \u00eempreun\u0103 cu d\u00e2nsul, \u015faptezeci de mucenici.<\/em><\/p>\n<p>Ace\u015ftia au tr\u0103it pe vremea \u00eemp\u0103ratului Maximian, c\u0103ruia, pe c\u00e2nd trecea prin cetatea Apamiei, i-au fost p\u00e2r\u00e2\u0163i c\u0103 sunt cre\u015ftini. \u00cenf\u0103\u0163i\u015f\u00e2ndu-se \u00eenaintea lui \u015fi cre\u015ftini pe sine m\u0103rturisindu-se, \u00eendat\u0103 li s-au luat cing\u0103torile \u015fi au fost arunca\u0163i \u00een \u00eenchisoare. Iar dup\u0103 trei zile fiind chema\u0163i, iar\u0103\u015fi au fost \u00eentreba\u0163i, \u015fi r\u0103m\u00e2n\u00e2nd neclinti\u0163i \u00een credin\u0163a lor, au fost chinui\u0163i cumplit. \u015ei socotind \u00eemp\u0103ratul Maximian ca s\u0103 m\u00e2hneasc\u0103 \u015fi mai mult pe sf\u00e2ntul Mauriciu, a poruncit ca fiul acestuia Fotino, s\u0103 fie ucis \u00eenaintea lui. Dup\u0103 ce a v\u0103zut \u00eens\u0103 c\u0103 ei p\u0103zesc credin\u0163a neclintit\u0103 \u015fi nu se pleac\u0103, i-a trimis \u00eentr-un loc de lunc\u0103, ce se afla \u00eentre dou\u0103 p\u00e2raie \u015fi un lac, fiind plin acel loc de viespi \u015fi de mu\u015fte, de \u0163\u00e2n\u0163ari \u015fi de bondari. \u015ei ajung\u00e2nd chinuitorii cu ei acolo \u015fi dezbr\u0103c\u00e2ndu-i \u015fi leg\u00e2ndu-i de st\u00e2lpi, i-a uns cu miere \u015fi apoi au plecat dup\u0103 ce au aruncat trupul ne\u00eensufle\u0163it al lui Fotino, \u00een fa\u0163a tat\u0103lui s\u0103u. Iar ferici\u0163ii \u015fi vitejii ace\u015ftia zece zile \u015fi zece nop\u0163i r\u0103bd\u00e2nd chinurile de pe urma \u00een\u0163ep\u0103turilor viespilor \u015fi ciupiturile altor g\u00e2ze \u015fi f\u0103c\u00e2nd rug\u0103ciune c\u0103tre Dumnezeu, s-au s\u0103v\u00e2r\u015fit \u00een pace.<\/p>\n<p><strong><em>Cu ale lor sfinte rug\u0103ciuni, Doamne, miluie\u015fte-ne \u015fi ne m\u00e2ntuie\u015fte pe noi. Amin.<\/em><\/strong><\/p>\n","protected":false},"excerpt":{"rendered":"<p>\u00cen aceast\u0103 lun\u0103, ziua a dou\u0103zeci \u015fi una, pomenirea preacuviosului p\u0103rintelui nostru Timotei, cel din Simboli. Acest fericit, intr\u00e2nd de<\/p>\n","protected":false},"author":4,"featured_media":6200,"comment_status":"open","ping_status":"open","sticky":false,"template":"","format":"standard","meta":{"colormag_page_container_layout":"default_layout","colormag_page_sidebar_layout":"default_layout","footnotes":""},"categories":[34],"tags":[],"class_list":["post-6489","post","type-post","status-publish","format-standard","has-post-thumbnail","hentry","category-religie"],"yoast_head":"<!-- This site is optimized with the Yoast SEO plugin v27.0 - https:\/\/yoast.com\/product\/yoast-seo-wordpress\/ -->\n<title>Sinaxar 21 Februarie - MHF Photography<\/title>\n<meta name=\"robots\" content=\"index, follow, max-snippet:-1, max-image-preview:large, max-video-preview:-1\" \/>\n<link rel=\"canonical\" href=\"https:\/\/mhf.ro\/mm\/sinaxar-21-februarie\/\" \/>\n<meta property=\"og:locale\" content=\"ro_RO\" \/>\n<meta property=\"og:type\" content=\"article\" \/>\n<meta property=\"og:title\" content=\"Sinaxar 21 Februarie - MHF Photography\" \/>\n<meta property=\"og:description\" content=\"\u00cen aceast\u0103 lun\u0103, ziua a dou\u0103zeci \u015fi una, pomenirea preacuviosului p\u0103rintelui nostru Timotei, cel din Simboli. Acest fericit, intr\u00e2nd de\" \/>\n<meta property=\"og:url\" content=\"https:\/\/mhf.ro\/mm\/sinaxar-21-februarie\/\" \/>\n<meta property=\"og:site_name\" content=\"MHF Photography\" \/>\n<meta property=\"article:published_time\" content=\"2022-02-21T14:04:21+00:00\" \/>\n<meta property=\"og:image\" content=\"https:\/\/mhf.ro\/mm\/wp-content\/uploads\/2022\/02\/ps2_5.jpg\" \/>\n\t<meta property=\"og:image:width\" content=\"1280\" \/>\n\t<meta property=\"og:image:height\" content=\"853\" \/>\n\t<meta property=\"og:image:type\" content=\"image\/jpeg\" \/>\n<meta name=\"author\" content=\"Preot paroh Horvat Petru\" \/>\n<meta name=\"twitter:card\" content=\"summary_large_image\" \/>\n<meta name=\"twitter:label1\" content=\"Scris de\" \/>\n\t<meta name=\"twitter:data1\" content=\"Preot paroh Horvat Petru\" \/>\n\t<meta name=\"twitter:label2\" content=\"Timp estimat pentru citire\" \/>\n\t<meta name=\"twitter:data2\" content=\"8 minute\" \/>\n<script type=\"application\/ld+json\" class=\"yoast-schema-graph\">{\"@context\":\"https:\/\/schema.org\",\"@graph\":[{\"@type\":\"Article\",\"@id\":\"https:\/\/mhf.ro\/mm\/sinaxar-21-februarie\/#article\",\"isPartOf\":{\"@id\":\"https:\/\/mhf.ro\/mm\/sinaxar-21-februarie\/\"},\"author\":{\"name\":\"Preot paroh Horvat Petru\",\"@id\":\"https:\/\/mhf.ro\/mm\/#\/schema\/person\/4c8c06c801b7b666e81ed44550086900\"},\"headline\":\"Sinaxar 21 Februarie\",\"datePublished\":\"2022-02-21T14:04:21+00:00\",\"mainEntityOfPage\":{\"@id\":\"https:\/\/mhf.ro\/mm\/sinaxar-21-februarie\/\"},\"wordCount\":1608,\"commentCount\":0,\"publisher\":{\"@id\":\"https:\/\/mhf.ro\/mm\/#\/schema\/person\/a3bebf7bdb4bf12f698aff73c7e46c21\"},\"image\":{\"@id\":\"https:\/\/mhf.ro\/mm\/sinaxar-21-februarie\/#primaryimage\"},\"thumbnailUrl\":\"https:\/\/mhf.ro\/mm\/wp-content\/uploads\/2022\/02\/ps2_5.jpg\",\"articleSection\":[\"Religie\"],\"inLanguage\":\"ro-RO\",\"potentialAction\":[{\"@type\":\"CommentAction\",\"name\":\"Comment\",\"target\":[\"https:\/\/mhf.ro\/mm\/sinaxar-21-februarie\/#respond\"]}]},{\"@type\":\"WebPage\",\"@id\":\"https:\/\/mhf.ro\/mm\/sinaxar-21-februarie\/\",\"url\":\"https:\/\/mhf.ro\/mm\/sinaxar-21-februarie\/\",\"name\":\"Sinaxar 21 Februarie - MHF Photography\",\"isPartOf\":{\"@id\":\"https:\/\/mhf.ro\/mm\/#website\"},\"primaryImageOfPage\":{\"@id\":\"https:\/\/mhf.ro\/mm\/sinaxar-21-februarie\/#primaryimage\"},\"image\":{\"@id\":\"https:\/\/mhf.ro\/mm\/sinaxar-21-februarie\/#primaryimage\"},\"thumbnailUrl\":\"https:\/\/mhf.ro\/mm\/wp-content\/uploads\/2022\/02\/ps2_5.jpg\",\"datePublished\":\"2022-02-21T14:04:21+00:00\",\"breadcrumb\":{\"@id\":\"https:\/\/mhf.ro\/mm\/sinaxar-21-februarie\/#breadcrumb\"},\"inLanguage\":\"ro-RO\",\"potentialAction\":[{\"@type\":\"ReadAction\",\"target\":[\"https:\/\/mhf.ro\/mm\/sinaxar-21-februarie\/\"]}]},{\"@type\":\"ImageObject\",\"inLanguage\":\"ro-RO\",\"@id\":\"https:\/\/mhf.ro\/mm\/sinaxar-21-februarie\/#primaryimage\",\"url\":\"https:\/\/mhf.ro\/mm\/wp-content\/uploads\/2022\/02\/ps2_5.jpg\",\"contentUrl\":\"https:\/\/mhf.ro\/mm\/wp-content\/uploads\/2022\/02\/ps2_5.jpg\",\"width\":1280,\"height\":853},{\"@type\":\"BreadcrumbList\",\"@id\":\"https:\/\/mhf.ro\/mm\/sinaxar-21-februarie\/#breadcrumb\",\"itemListElement\":[{\"@type\":\"ListItem\",\"position\":1,\"name\":\"Prima pagin\u0103\",\"item\":\"https:\/\/mhf.ro\/mm\/\"},{\"@type\":\"ListItem\",\"position\":2,\"name\":\"Sinaxar 21 Februarie\"}]},{\"@type\":\"WebSite\",\"@id\":\"https:\/\/mhf.ro\/mm\/#website\",\"url\":\"https:\/\/mhf.ro\/mm\/\",\"name\":\"MHF Photography \u2013 Blog de fotografie, natur\u0103 \u0219i tehnic\u0103 divers\u0103\",\"description\":\"Aventur\u0103 \u00een fiecare cadru.\",\"publisher\":{\"@id\":\"https:\/\/mhf.ro\/mm\/#\/schema\/person\/a3bebf7bdb4bf12f698aff73c7e46c21\"},\"potentialAction\":[{\"@type\":\"SearchAction\",\"target\":{\"@type\":\"EntryPoint\",\"urlTemplate\":\"https:\/\/mhf.ro\/mm\/?s={search_term_string}\"},\"query-input\":{\"@type\":\"PropertyValueSpecification\",\"valueRequired\":true,\"valueName\":\"search_term_string\"}}],\"inLanguage\":\"ro-RO\"},{\"@type\":[\"Person\",\"Organization\"],\"@id\":\"https:\/\/mhf.ro\/mm\/#\/schema\/person\/a3bebf7bdb4bf12f698aff73c7e46c21\",\"name\":\"Marius Marcu\",\"image\":{\"@type\":\"ImageObject\",\"inLanguage\":\"ro-RO\",\"@id\":\"https:\/\/mhf.ro\/mm\/#\/schema\/person\/image\/\",\"url\":\"https:\/\/mhf.ro\/mm\/wp-content\/uploads\/2025\/12\/cropped-logo_mhf_2.png\",\"contentUrl\":\"https:\/\/mhf.ro\/mm\/wp-content\/uploads\/2025\/12\/cropped-logo_mhf_2.png\",\"width\":1096,\"height\":457,\"caption\":\"Marius Marcu\"},\"logo\":{\"@id\":\"https:\/\/mhf.ro\/mm\/#\/schema\/person\/image\/\"},\"sameAs\":[\"https:\/\/mhf.ro\/mm\"]},{\"@type\":\"Person\",\"@id\":\"https:\/\/mhf.ro\/mm\/#\/schema\/person\/4c8c06c801b7b666e81ed44550086900\",\"name\":\"Preot paroh Horvat Petru\",\"image\":{\"@type\":\"ImageObject\",\"inLanguage\":\"ro-RO\",\"@id\":\"https:\/\/mhf.ro\/mm\/#\/schema\/person\/image\/\",\"url\":\"https:\/\/secure.gravatar.com\/avatar\/c2d2dcdf21c6f41aad486d71768c144cd6e23cb7b63bae9bd6fab542b26ad321?s=96&d=monsterid&r=g\",\"contentUrl\":\"https:\/\/secure.gravatar.com\/avatar\/c2d2dcdf21c6f41aad486d71768c144cd6e23cb7b63bae9bd6fab542b26ad321?s=96&d=monsterid&r=g\",\"caption\":\"Preot paroh Horvat Petru\"},\"sameAs\":[\"https:\/\/mhf.ro\/mm\"],\"url\":\"https:\/\/mhf.ro\/mm\/author\/petrica\/\"}]}<\/script>\n<!-- \/ Yoast SEO plugin. -->","yoast_head_json":{"title":"Sinaxar 21 Februarie - MHF Photography","robots":{"index":"index","follow":"follow","max-snippet":"max-snippet:-1","max-image-preview":"max-image-preview:large","max-video-preview":"max-video-preview:-1"},"canonical":"https:\/\/mhf.ro\/mm\/sinaxar-21-februarie\/","og_locale":"ro_RO","og_type":"article","og_title":"Sinaxar 21 Februarie - MHF Photography","og_description":"\u00cen aceast\u0103 lun\u0103, ziua a dou\u0103zeci \u015fi una, pomenirea preacuviosului p\u0103rintelui nostru Timotei, cel din Simboli. Acest fericit, intr\u00e2nd de","og_url":"https:\/\/mhf.ro\/mm\/sinaxar-21-februarie\/","og_site_name":"MHF Photography","article_published_time":"2022-02-21T14:04:21+00:00","og_image":[{"width":1280,"height":853,"url":"https:\/\/mhf.ro\/mm\/wp-content\/uploads\/2022\/02\/ps2_5.jpg","type":"image\/jpeg"}],"author":"Preot paroh Horvat Petru","twitter_card":"summary_large_image","twitter_misc":{"Scris de":"Preot paroh Horvat Petru","Timp estimat pentru citire":"8 minute"},"schema":{"@context":"https:\/\/schema.org","@graph":[{"@type":"Article","@id":"https:\/\/mhf.ro\/mm\/sinaxar-21-februarie\/#article","isPartOf":{"@id":"https:\/\/mhf.ro\/mm\/sinaxar-21-februarie\/"},"author":{"name":"Preot paroh Horvat Petru","@id":"https:\/\/mhf.ro\/mm\/#\/schema\/person\/4c8c06c801b7b666e81ed44550086900"},"headline":"Sinaxar 21 Februarie","datePublished":"2022-02-21T14:04:21+00:00","mainEntityOfPage":{"@id":"https:\/\/mhf.ro\/mm\/sinaxar-21-februarie\/"},"wordCount":1608,"commentCount":0,"publisher":{"@id":"https:\/\/mhf.ro\/mm\/#\/schema\/person\/a3bebf7bdb4bf12f698aff73c7e46c21"},"image":{"@id":"https:\/\/mhf.ro\/mm\/sinaxar-21-februarie\/#primaryimage"},"thumbnailUrl":"https:\/\/mhf.ro\/mm\/wp-content\/uploads\/2022\/02\/ps2_5.jpg","articleSection":["Religie"],"inLanguage":"ro-RO","potentialAction":[{"@type":"CommentAction","name":"Comment","target":["https:\/\/mhf.ro\/mm\/sinaxar-21-februarie\/#respond"]}]},{"@type":"WebPage","@id":"https:\/\/mhf.ro\/mm\/sinaxar-21-februarie\/","url":"https:\/\/mhf.ro\/mm\/sinaxar-21-februarie\/","name":"Sinaxar 21 Februarie - MHF Photography","isPartOf":{"@id":"https:\/\/mhf.ro\/mm\/#website"},"primaryImageOfPage":{"@id":"https:\/\/mhf.ro\/mm\/sinaxar-21-februarie\/#primaryimage"},"image":{"@id":"https:\/\/mhf.ro\/mm\/sinaxar-21-februarie\/#primaryimage"},"thumbnailUrl":"https:\/\/mhf.ro\/mm\/wp-content\/uploads\/2022\/02\/ps2_5.jpg","datePublished":"2022-02-21T14:04:21+00:00","breadcrumb":{"@id":"https:\/\/mhf.ro\/mm\/sinaxar-21-februarie\/#breadcrumb"},"inLanguage":"ro-RO","potentialAction":[{"@type":"ReadAction","target":["https:\/\/mhf.ro\/mm\/sinaxar-21-februarie\/"]}]},{"@type":"ImageObject","inLanguage":"ro-RO","@id":"https:\/\/mhf.ro\/mm\/sinaxar-21-februarie\/#primaryimage","url":"https:\/\/mhf.ro\/mm\/wp-content\/uploads\/2022\/02\/ps2_5.jpg","contentUrl":"https:\/\/mhf.ro\/mm\/wp-content\/uploads\/2022\/02\/ps2_5.jpg","width":1280,"height":853},{"@type":"BreadcrumbList","@id":"https:\/\/mhf.ro\/mm\/sinaxar-21-februarie\/#breadcrumb","itemListElement":[{"@type":"ListItem","position":1,"name":"Prima pagin\u0103","item":"https:\/\/mhf.ro\/mm\/"},{"@type":"ListItem","position":2,"name":"Sinaxar 21 Februarie"}]},{"@type":"WebSite","@id":"https:\/\/mhf.ro\/mm\/#website","url":"https:\/\/mhf.ro\/mm\/","name":"MHF Photography \u2013 Blog de fotografie, natur\u0103 \u0219i tehnic\u0103 divers\u0103","description":"Aventur\u0103 \u00een fiecare cadru.","publisher":{"@id":"https:\/\/mhf.ro\/mm\/#\/schema\/person\/a3bebf7bdb4bf12f698aff73c7e46c21"},"potentialAction":[{"@type":"SearchAction","target":{"@type":"EntryPoint","urlTemplate":"https:\/\/mhf.ro\/mm\/?s={search_term_string}"},"query-input":{"@type":"PropertyValueSpecification","valueRequired":true,"valueName":"search_term_string"}}],"inLanguage":"ro-RO"},{"@type":["Person","Organization"],"@id":"https:\/\/mhf.ro\/mm\/#\/schema\/person\/a3bebf7bdb4bf12f698aff73c7e46c21","name":"Marius Marcu","image":{"@type":"ImageObject","inLanguage":"ro-RO","@id":"https:\/\/mhf.ro\/mm\/#\/schema\/person\/image\/","url":"https:\/\/mhf.ro\/mm\/wp-content\/uploads\/2025\/12\/cropped-logo_mhf_2.png","contentUrl":"https:\/\/mhf.ro\/mm\/wp-content\/uploads\/2025\/12\/cropped-logo_mhf_2.png","width":1096,"height":457,"caption":"Marius Marcu"},"logo":{"@id":"https:\/\/mhf.ro\/mm\/#\/schema\/person\/image\/"},"sameAs":["https:\/\/mhf.ro\/mm"]},{"@type":"Person","@id":"https:\/\/mhf.ro\/mm\/#\/schema\/person\/4c8c06c801b7b666e81ed44550086900","name":"Preot paroh Horvat Petru","image":{"@type":"ImageObject","inLanguage":"ro-RO","@id":"https:\/\/mhf.ro\/mm\/#\/schema\/person\/image\/","url":"https:\/\/secure.gravatar.com\/avatar\/c2d2dcdf21c6f41aad486d71768c144cd6e23cb7b63bae9bd6fab542b26ad321?s=96&d=monsterid&r=g","contentUrl":"https:\/\/secure.gravatar.com\/avatar\/c2d2dcdf21c6f41aad486d71768c144cd6e23cb7b63bae9bd6fab542b26ad321?s=96&d=monsterid&r=g","caption":"Preot paroh Horvat Petru"},"sameAs":["https:\/\/mhf.ro\/mm"],"url":"https:\/\/mhf.ro\/mm\/author\/petrica\/"}]}},"_links":{"self":[{"href":"https:\/\/mhf.ro\/mm\/wp-json\/wp\/v2\/posts\/6489","targetHints":{"allow":["GET"]}}],"collection":[{"href":"https:\/\/mhf.ro\/mm\/wp-json\/wp\/v2\/posts"}],"about":[{"href":"https:\/\/mhf.ro\/mm\/wp-json\/wp\/v2\/types\/post"}],"author":[{"embeddable":true,"href":"https:\/\/mhf.ro\/mm\/wp-json\/wp\/v2\/users\/4"}],"replies":[{"embeddable":true,"href":"https:\/\/mhf.ro\/mm\/wp-json\/wp\/v2\/comments?post=6489"}],"version-history":[{"count":3,"href":"https:\/\/mhf.ro\/mm\/wp-json\/wp\/v2\/posts\/6489\/revisions"}],"predecessor-version":[{"id":6492,"href":"https:\/\/mhf.ro\/mm\/wp-json\/wp\/v2\/posts\/6489\/revisions\/6492"}],"wp:featuredmedia":[{"embeddable":true,"href":"https:\/\/mhf.ro\/mm\/wp-json\/wp\/v2\/media\/6200"}],"wp:attachment":[{"href":"https:\/\/mhf.ro\/mm\/wp-json\/wp\/v2\/media?parent=6489"}],"wp:term":[{"taxonomy":"category","embeddable":true,"href":"https:\/\/mhf.ro\/mm\/wp-json\/wp\/v2\/categories?post=6489"},{"taxonomy":"post_tag","embeddable":true,"href":"https:\/\/mhf.ro\/mm\/wp-json\/wp\/v2\/tags?post=6489"}],"curies":[{"name":"wp","href":"https:\/\/api.w.org\/{rel}","templated":true}]}}