{"id":6493,"date":"2022-02-22T06:12:28","date_gmt":"2022-02-22T04:12:28","guid":{"rendered":"https:\/\/mhf.ro\/mm\/?p=6493"},"modified":"2022-02-20T16:14:40","modified_gmt":"2022-02-20T14:14:40","slug":"sinaxar-22-februarie","status":"publish","type":"post","link":"https:\/\/mhf.ro\/mm\/sinaxar-22-februarie\/","title":{"rendered":"Sinaxar 22 Februarie"},"content":{"rendered":"<p class=\"subtitlu\">\u00cen aceast\u0103 lun\u0103, ziua a dou\u0103zeci \u015fi doua pomenirea afl\u0103rii moa\u015ftelor sfin\u0163ilor mucenici din Evghenia, care s-a \u00eent\u00e2mplat \u00een zilele \u00eemp\u0103ratului Arcadiu.<\/p>\n<p>Pe c\u00e2nd scaunul Constantinopolului era c\u00e2rmuit de preasfin\u0163itul Toma, mul\u0163ime de sfinte moa\u015fte s-au aflat z\u0103c\u00e2nd \u00een p\u0103m\u00e2nt. \u00cendat\u0103 au fost ridicate, cu cinste, de arhiereu \u015fi f\u0103c\u00e2ndu-se acolo adunare de mult popor, mul\u0163i s-au t\u0103m\u0103duit de boli f\u0103r\u0103 de leac. Iar dup\u0103 c\u00e2\u0163iva ani, prin dumnezeiasca ar\u0103tare, s-a descoperit unui oarecare Nicolae, care era cleric \u015fi scriitor bun, c\u0103 unele dintr-acele moa\u015fte erau ale lui Andronic \u015fi ale Iuniei, de care pomene\u015fte dumnezeiescul apostol Pavel \u00een Epistola c\u0103tre Romani.<\/p>\n<p class=\"subtitlu\">Tot \u00een aceast\u0103 zi, pomenirea preacuviosului p\u0103rintelui nostru \u015fi m\u0103rturisitorului Atanasie, cel din m\u0103n\u0103stirea sfin\u0163ilor Petru \u015fi Pavel.<\/p>\n<p>Acest cuvios s-a n\u0103scut \u00een Constantinopol, av\u00e2nd p\u0103rin\u0163i cucernici, cinstitori de Dumnezeu \u015fi foarte boga\u0163i. Fiind evlavios, din fraged\u0103 v\u00e2rst\u0103 a dorit s\u0103 \u00eembrace schima monahiceasc\u0103. Pentru aceasta duc\u00e2ndu-se \u00eentr-o m\u0103n\u0103stire care se g\u0103sea l\u00e2ng\u0103 Nocomidia, \u00een apropierea m\u0103rii, a fost tuns acolo. \u015ei at\u00e2t s-a \u00een\u0103l\u0163at cu faptele bune, \u00eenc\u00e2t \u015fi \u00eemp\u0103ra\u0163ilor s-a f\u0103cut cunoscut. Pe vremea lui Leon sf\u0103r\u00e2m\u0103torul de icoane, fiind \u00eens\u0103 p\u00e2r\u00e2t c\u0103 cinste\u015fte preacuratele icoane, a fost supus la multe chinuri, la amar\u0103 izgonire \u015fi la necazuri. R\u0103m\u00e2n\u00e2nd \u00eens\u0103 neplecat \u015fi credin\u0163a ortodox\u0103 p\u00e2n\u0103 la sf\u00e2r\u015fit p\u0103zind-o, s-a mutat c\u0103tre Domnul.<\/p>\n<p class=\"subtitlu\">Tot \u00een aceast\u0103 zi, pomenirea sfintei Antusa \u015fi a celor doisprezece slujitori ai ei, care de sabie s-au s\u0103v\u00e2r\u015fit.<\/p>\n<p class=\"subtitlu\">Tot \u00een aceast\u0103 zi, pomenirea sf\u00e2ntului mucenic Sinetos.<\/p>\n<p class=\"subtitlu\">Tot \u00een aceast\u0103 zi, pomenirea preacuvio\u015filor p\u0103rin\u0163ilor no\u015ftri Talasie \u015fi Limneu.<\/p>\n<p>Dintre ace\u015ftia, Talasie \u015fi-a f\u0103cut o locuin\u0163\u0103 de sihastru \u00eentr-un munte oarecare, pe to\u0163i cov\u00e2r\u015find cu cur\u0103\u0163ia vie\u0163ii \u015fi cu smerenia g\u00e2ndului. Iar Limneu, fiind atras c\u0103tre via\u0163a sih\u0103streasc\u0103, s-a dus la pomenitul Talasie, foarte t\u00e2n\u0103r fiind. \u015ei \u00eenv\u0103\u0163\u00e2nd de la acela sih\u0103streasc\u0103 petrecere, de acolo s-a dus la pururea fericitul Maron, a c\u0103rui via\u0163\u0103 r\u00e2vnind, s-a hot\u0103r\u00e2t s\u0103 vie\u0163uiasc\u0103 f\u0103r\u0103 de acoper\u0103m\u00e2nt. \u015ei duc\u00e2ndu-se pe v\u00e2rful unui munte ce se g\u0103sea deasupra unui sat cu numele Targala a petrecut acolo, vie\u0163uind sih\u0103stre\u015fte; f\u0103r\u0103 a-\u015fi face colib\u0103, cort sau c\u0103su\u0163\u0103, ci numai cu un \u0163arc de pietre, pe sine ocolindu-se, avea cerul drept acoper\u0103m\u00e2nt. Pentru aceasta a luat de la Dumnezeu \u015fi darul minunilor; \u00eenc\u00e2t \u015fi demoni alunga \u015fi boli vindeca, urm\u00e2nd \u00eentru totul sfin\u0163ilor apostoli. Pe cei lipsi\u0163i de vederi, ce erau sili\u0163i s\u0103 cer\u015feasc\u0103, i-a adunat laolalt\u0103 \u015fi f\u0103c\u00e2ndu-le chilii, dup\u0103 num\u0103rul lor, le-a poruncit s\u0103 petreac\u0103 \u00eentr-\u00eensele, aduc\u00e2ndu-le hrana de care aveau nevoie, de la cei ce veneau la d\u00e2nsul. \u015ei timp de treizeci \u015fi opt de ani \u00eencheia\u0163i petrec\u00e2nd f\u0103r\u0103 de acoper\u0103m\u00e2nt, \u015fi-a dat duhul lui Dumnezeu \u00een pace.<\/p>\n<p class=\"subtitlu\">Tot \u00een aceast\u0103 zi, pomenirea sf\u00e2ntului Telesfor, episcopul Romei, care \u00een pace s-a s\u0103v\u00e2r\u015fit.<\/p>\n<p class=\"subtitlu\">Tot \u00een acest\u00e3 zi, pomenirea preacuviosului p\u0103rintelui nostru Varadat.<\/p>\n<p>Acesta era din cetatea Antiohiei \u015fi \u00eembr\u0103\u0163i\u015f\u00e2nd via\u0163a sih\u0103streasc\u0103 \u015fi plin\u0103 de \u00een\u0163elepciune, s-a \u00eenchis pe sine \u00eentr-o chilioar\u0103. De acolo apoi s-a dus pe o culme de deal mai \u00eenalt\u0103 \u015fi \u015fi-a f\u0103cut o chilioar\u0103 de lemn, at\u00e2t de mic\u0103, \u00eenc\u00e2t abia \u00eei \u00eenc\u0103pea trupul \u00een ea, fiind silit pururea s\u0103 se plece. C\u0103ci nu avea \u00een\u0103l\u0163imea potrivit\u0103 cu trupul s\u0103u, nici sc\u00e2ndurile nu erau bine str\u00e2nse \u00eentre ele, \u00eenc\u00e2t nu-l ap\u0103ra nici de ploaie nici de ar\u015fi\u0163a soarelui. Mult\u0103 vreme vie\u0163uind \u00een acest loc, mai \u00een urm\u0103 a ie\u015fit, supun\u00e2ndu-se \u00eendemnurilor lui Teodot episcopul Antiohiei. \u00cen toat\u0103 via\u0163a, el a fost p\u0103truns de \u00eenfocat\u0103 os\u00e2rdie \u015fi de dragoste dumnezeiasc\u0103, \u015fi se silea a p\u0103timi pentru dob\u00e2ndirea cununilor, pe care a\u015ftepta s\u0103 le primeasc\u0103, mut\u00e2ndu-se c\u0103tre Dumnezeu.<\/p>\n<p class=\"subtitlu\">Tot \u00een aceast\u0103 zi, pomenirea celui \u00eentre sfin\u0163i p\u0103rintele nostru Vlasiu, papa Romei, care \u00een pace s-a s\u0103v\u00e2r\u015fit.<\/p>\n<p>Cu ale lor sfinte rug\u0103ciuni, Doamne, miluie\u015fte-ne \u015fi ne m\u00e2ntuie\u015fte pe noi. Amin.<\/p>\n","protected":false},"excerpt":{"rendered":"<p>\u00cen aceast\u0103 lun\u0103, ziua a dou\u0103zeci \u015fi doua pomenirea afl\u0103rii moa\u015ftelor sfin\u0163ilor mucenici din Evghenia, care s-a \u00eent\u00e2mplat \u00een zilele<\/p>\n","protected":false},"author":4,"featured_media":6202,"comment_status":"open","ping_status":"open","sticky":false,"template":"","format":"standard","meta":{"colormag_page_container_layout":"default_layout","colormag_page_sidebar_layout":"default_layout","footnotes":""},"categories":[34],"tags":[],"class_list":["post-6493","post","type-post","status-publish","format-standard","has-post-thumbnail","hentry","category-religie"],"yoast_head":"<!-- This site is optimized with the Yoast SEO plugin v27.0 - https:\/\/yoast.com\/product\/yoast-seo-wordpress\/ -->\n<title>Sinaxar 22 Februarie - MHF Photography<\/title>\n<meta name=\"robots\" content=\"index, follow, max-snippet:-1, max-image-preview:large, max-video-preview:-1\" \/>\n<link rel=\"canonical\" href=\"https:\/\/mhf.ro\/mm\/sinaxar-22-februarie\/\" \/>\n<meta property=\"og:locale\" content=\"ro_RO\" \/>\n<meta property=\"og:type\" content=\"article\" \/>\n<meta property=\"og:title\" content=\"Sinaxar 22 Februarie - MHF Photography\" \/>\n<meta property=\"og:description\" content=\"\u00cen aceast\u0103 lun\u0103, ziua a dou\u0103zeci \u015fi doua pomenirea afl\u0103rii moa\u015ftelor sfin\u0163ilor mucenici din Evghenia, care s-a \u00eent\u00e2mplat \u00een zilele\" \/>\n<meta property=\"og:url\" content=\"https:\/\/mhf.ro\/mm\/sinaxar-22-februarie\/\" \/>\n<meta property=\"og:site_name\" content=\"MHF Photography\" \/>\n<meta property=\"article:published_time\" content=\"2022-02-22T04:12:28+00:00\" \/>\n<meta property=\"og:image\" content=\"https:\/\/mhf.ro\/mm\/wp-content\/uploads\/2022\/02\/ps3_0.jpg\" \/>\n\t<meta property=\"og:image:width\" content=\"1280\" \/>\n\t<meta property=\"og:image:height\" content=\"853\" \/>\n\t<meta property=\"og:image:type\" content=\"image\/jpeg\" \/>\n<meta name=\"author\" content=\"Preot paroh Horvat Petru\" \/>\n<meta name=\"twitter:card\" content=\"summary_large_image\" \/>\n<meta name=\"twitter:label1\" content=\"Scris de\" \/>\n\t<meta name=\"twitter:data1\" content=\"Preot paroh Horvat Petru\" \/>\n\t<meta name=\"twitter:label2\" content=\"Timp estimat pentru citire\" \/>\n\t<meta name=\"twitter:data2\" content=\"4 minute\" \/>\n<script type=\"application\/ld+json\" class=\"yoast-schema-graph\">{\"@context\":\"https:\/\/schema.org\",\"@graph\":[{\"@type\":\"Article\",\"@id\":\"https:\/\/mhf.ro\/mm\/sinaxar-22-februarie\/#article\",\"isPartOf\":{\"@id\":\"https:\/\/mhf.ro\/mm\/sinaxar-22-februarie\/\"},\"author\":{\"name\":\"Preot paroh Horvat Petru\",\"@id\":\"https:\/\/mhf.ro\/mm\/#\/schema\/person\/4c8c06c801b7b666e81ed44550086900\"},\"headline\":\"Sinaxar 22 Februarie\",\"datePublished\":\"2022-02-22T04:12:28+00:00\",\"mainEntityOfPage\":{\"@id\":\"https:\/\/mhf.ro\/mm\/sinaxar-22-februarie\/\"},\"wordCount\":789,\"commentCount\":0,\"publisher\":{\"@id\":\"https:\/\/mhf.ro\/mm\/#\/schema\/person\/a3bebf7bdb4bf12f698aff73c7e46c21\"},\"image\":{\"@id\":\"https:\/\/mhf.ro\/mm\/sinaxar-22-februarie\/#primaryimage\"},\"thumbnailUrl\":\"https:\/\/mhf.ro\/mm\/wp-content\/uploads\/2022\/02\/ps3_0.jpg\",\"articleSection\":[\"Religie\"],\"inLanguage\":\"ro-RO\",\"potentialAction\":[{\"@type\":\"CommentAction\",\"name\":\"Comment\",\"target\":[\"https:\/\/mhf.ro\/mm\/sinaxar-22-februarie\/#respond\"]}]},{\"@type\":\"WebPage\",\"@id\":\"https:\/\/mhf.ro\/mm\/sinaxar-22-februarie\/\",\"url\":\"https:\/\/mhf.ro\/mm\/sinaxar-22-februarie\/\",\"name\":\"Sinaxar 22 Februarie - MHF Photography\",\"isPartOf\":{\"@id\":\"https:\/\/mhf.ro\/mm\/#website\"},\"primaryImageOfPage\":{\"@id\":\"https:\/\/mhf.ro\/mm\/sinaxar-22-februarie\/#primaryimage\"},\"image\":{\"@id\":\"https:\/\/mhf.ro\/mm\/sinaxar-22-februarie\/#primaryimage\"},\"thumbnailUrl\":\"https:\/\/mhf.ro\/mm\/wp-content\/uploads\/2022\/02\/ps3_0.jpg\",\"datePublished\":\"2022-02-22T04:12:28+00:00\",\"breadcrumb\":{\"@id\":\"https:\/\/mhf.ro\/mm\/sinaxar-22-februarie\/#breadcrumb\"},\"inLanguage\":\"ro-RO\",\"potentialAction\":[{\"@type\":\"ReadAction\",\"target\":[\"https:\/\/mhf.ro\/mm\/sinaxar-22-februarie\/\"]}]},{\"@type\":\"ImageObject\",\"inLanguage\":\"ro-RO\",\"@id\":\"https:\/\/mhf.ro\/mm\/sinaxar-22-februarie\/#primaryimage\",\"url\":\"https:\/\/mhf.ro\/mm\/wp-content\/uploads\/2022\/02\/ps3_0.jpg\",\"contentUrl\":\"https:\/\/mhf.ro\/mm\/wp-content\/uploads\/2022\/02\/ps3_0.jpg\",\"width\":1280,\"height\":853},{\"@type\":\"BreadcrumbList\",\"@id\":\"https:\/\/mhf.ro\/mm\/sinaxar-22-februarie\/#breadcrumb\",\"itemListElement\":[{\"@type\":\"ListItem\",\"position\":1,\"name\":\"Prima pagin\u0103\",\"item\":\"https:\/\/mhf.ro\/mm\/\"},{\"@type\":\"ListItem\",\"position\":2,\"name\":\"Sinaxar 22 Februarie\"}]},{\"@type\":\"WebSite\",\"@id\":\"https:\/\/mhf.ro\/mm\/#website\",\"url\":\"https:\/\/mhf.ro\/mm\/\",\"name\":\"MHF Photography \u2013 Blog de fotografie, natur\u0103 \u0219i tehnic\u0103 divers\u0103\",\"description\":\"Aventur\u0103 \u00een fiecare cadru.\",\"publisher\":{\"@id\":\"https:\/\/mhf.ro\/mm\/#\/schema\/person\/a3bebf7bdb4bf12f698aff73c7e46c21\"},\"potentialAction\":[{\"@type\":\"SearchAction\",\"target\":{\"@type\":\"EntryPoint\",\"urlTemplate\":\"https:\/\/mhf.ro\/mm\/?s={search_term_string}\"},\"query-input\":{\"@type\":\"PropertyValueSpecification\",\"valueRequired\":true,\"valueName\":\"search_term_string\"}}],\"inLanguage\":\"ro-RO\"},{\"@type\":[\"Person\",\"Organization\"],\"@id\":\"https:\/\/mhf.ro\/mm\/#\/schema\/person\/a3bebf7bdb4bf12f698aff73c7e46c21\",\"name\":\"Marius Marcu\",\"image\":{\"@type\":\"ImageObject\",\"inLanguage\":\"ro-RO\",\"@id\":\"https:\/\/mhf.ro\/mm\/#\/schema\/person\/image\/\",\"url\":\"https:\/\/mhf.ro\/mm\/wp-content\/uploads\/2025\/12\/cropped-logo_mhf_2.png\",\"contentUrl\":\"https:\/\/mhf.ro\/mm\/wp-content\/uploads\/2025\/12\/cropped-logo_mhf_2.png\",\"width\":1096,\"height\":457,\"caption\":\"Marius Marcu\"},\"logo\":{\"@id\":\"https:\/\/mhf.ro\/mm\/#\/schema\/person\/image\/\"},\"sameAs\":[\"https:\/\/mhf.ro\/mm\"]},{\"@type\":\"Person\",\"@id\":\"https:\/\/mhf.ro\/mm\/#\/schema\/person\/4c8c06c801b7b666e81ed44550086900\",\"name\":\"Preot paroh Horvat Petru\",\"image\":{\"@type\":\"ImageObject\",\"inLanguage\":\"ro-RO\",\"@id\":\"https:\/\/mhf.ro\/mm\/#\/schema\/person\/image\/\",\"url\":\"https:\/\/secure.gravatar.com\/avatar\/c2d2dcdf21c6f41aad486d71768c144cd6e23cb7b63bae9bd6fab542b26ad321?s=96&d=monsterid&r=g\",\"contentUrl\":\"https:\/\/secure.gravatar.com\/avatar\/c2d2dcdf21c6f41aad486d71768c144cd6e23cb7b63bae9bd6fab542b26ad321?s=96&d=monsterid&r=g\",\"caption\":\"Preot paroh Horvat Petru\"},\"sameAs\":[\"https:\/\/mhf.ro\/mm\"],\"url\":\"https:\/\/mhf.ro\/mm\/author\/petrica\/\"}]}<\/script>\n<!-- \/ Yoast SEO plugin. -->","yoast_head_json":{"title":"Sinaxar 22 Februarie - MHF Photography","robots":{"index":"index","follow":"follow","max-snippet":"max-snippet:-1","max-image-preview":"max-image-preview:large","max-video-preview":"max-video-preview:-1"},"canonical":"https:\/\/mhf.ro\/mm\/sinaxar-22-februarie\/","og_locale":"ro_RO","og_type":"article","og_title":"Sinaxar 22 Februarie - MHF Photography","og_description":"\u00cen aceast\u0103 lun\u0103, ziua a dou\u0103zeci \u015fi doua pomenirea afl\u0103rii moa\u015ftelor sfin\u0163ilor mucenici din Evghenia, care s-a \u00eent\u00e2mplat \u00een zilele","og_url":"https:\/\/mhf.ro\/mm\/sinaxar-22-februarie\/","og_site_name":"MHF Photography","article_published_time":"2022-02-22T04:12:28+00:00","og_image":[{"width":1280,"height":853,"url":"https:\/\/mhf.ro\/mm\/wp-content\/uploads\/2022\/02\/ps3_0.jpg","type":"image\/jpeg"}],"author":"Preot paroh Horvat Petru","twitter_card":"summary_large_image","twitter_misc":{"Scris de":"Preot paroh Horvat Petru","Timp estimat pentru citire":"4 minute"},"schema":{"@context":"https:\/\/schema.org","@graph":[{"@type":"Article","@id":"https:\/\/mhf.ro\/mm\/sinaxar-22-februarie\/#article","isPartOf":{"@id":"https:\/\/mhf.ro\/mm\/sinaxar-22-februarie\/"},"author":{"name":"Preot paroh Horvat Petru","@id":"https:\/\/mhf.ro\/mm\/#\/schema\/person\/4c8c06c801b7b666e81ed44550086900"},"headline":"Sinaxar 22 Februarie","datePublished":"2022-02-22T04:12:28+00:00","mainEntityOfPage":{"@id":"https:\/\/mhf.ro\/mm\/sinaxar-22-februarie\/"},"wordCount":789,"commentCount":0,"publisher":{"@id":"https:\/\/mhf.ro\/mm\/#\/schema\/person\/a3bebf7bdb4bf12f698aff73c7e46c21"},"image":{"@id":"https:\/\/mhf.ro\/mm\/sinaxar-22-februarie\/#primaryimage"},"thumbnailUrl":"https:\/\/mhf.ro\/mm\/wp-content\/uploads\/2022\/02\/ps3_0.jpg","articleSection":["Religie"],"inLanguage":"ro-RO","potentialAction":[{"@type":"CommentAction","name":"Comment","target":["https:\/\/mhf.ro\/mm\/sinaxar-22-februarie\/#respond"]}]},{"@type":"WebPage","@id":"https:\/\/mhf.ro\/mm\/sinaxar-22-februarie\/","url":"https:\/\/mhf.ro\/mm\/sinaxar-22-februarie\/","name":"Sinaxar 22 Februarie - MHF Photography","isPartOf":{"@id":"https:\/\/mhf.ro\/mm\/#website"},"primaryImageOfPage":{"@id":"https:\/\/mhf.ro\/mm\/sinaxar-22-februarie\/#primaryimage"},"image":{"@id":"https:\/\/mhf.ro\/mm\/sinaxar-22-februarie\/#primaryimage"},"thumbnailUrl":"https:\/\/mhf.ro\/mm\/wp-content\/uploads\/2022\/02\/ps3_0.jpg","datePublished":"2022-02-22T04:12:28+00:00","breadcrumb":{"@id":"https:\/\/mhf.ro\/mm\/sinaxar-22-februarie\/#breadcrumb"},"inLanguage":"ro-RO","potentialAction":[{"@type":"ReadAction","target":["https:\/\/mhf.ro\/mm\/sinaxar-22-februarie\/"]}]},{"@type":"ImageObject","inLanguage":"ro-RO","@id":"https:\/\/mhf.ro\/mm\/sinaxar-22-februarie\/#primaryimage","url":"https:\/\/mhf.ro\/mm\/wp-content\/uploads\/2022\/02\/ps3_0.jpg","contentUrl":"https:\/\/mhf.ro\/mm\/wp-content\/uploads\/2022\/02\/ps3_0.jpg","width":1280,"height":853},{"@type":"BreadcrumbList","@id":"https:\/\/mhf.ro\/mm\/sinaxar-22-februarie\/#breadcrumb","itemListElement":[{"@type":"ListItem","position":1,"name":"Prima pagin\u0103","item":"https:\/\/mhf.ro\/mm\/"},{"@type":"ListItem","position":2,"name":"Sinaxar 22 Februarie"}]},{"@type":"WebSite","@id":"https:\/\/mhf.ro\/mm\/#website","url":"https:\/\/mhf.ro\/mm\/","name":"MHF Photography \u2013 Blog de fotografie, natur\u0103 \u0219i tehnic\u0103 divers\u0103","description":"Aventur\u0103 \u00een fiecare cadru.","publisher":{"@id":"https:\/\/mhf.ro\/mm\/#\/schema\/person\/a3bebf7bdb4bf12f698aff73c7e46c21"},"potentialAction":[{"@type":"SearchAction","target":{"@type":"EntryPoint","urlTemplate":"https:\/\/mhf.ro\/mm\/?s={search_term_string}"},"query-input":{"@type":"PropertyValueSpecification","valueRequired":true,"valueName":"search_term_string"}}],"inLanguage":"ro-RO"},{"@type":["Person","Organization"],"@id":"https:\/\/mhf.ro\/mm\/#\/schema\/person\/a3bebf7bdb4bf12f698aff73c7e46c21","name":"Marius Marcu","image":{"@type":"ImageObject","inLanguage":"ro-RO","@id":"https:\/\/mhf.ro\/mm\/#\/schema\/person\/image\/","url":"https:\/\/mhf.ro\/mm\/wp-content\/uploads\/2025\/12\/cropped-logo_mhf_2.png","contentUrl":"https:\/\/mhf.ro\/mm\/wp-content\/uploads\/2025\/12\/cropped-logo_mhf_2.png","width":1096,"height":457,"caption":"Marius Marcu"},"logo":{"@id":"https:\/\/mhf.ro\/mm\/#\/schema\/person\/image\/"},"sameAs":["https:\/\/mhf.ro\/mm"]},{"@type":"Person","@id":"https:\/\/mhf.ro\/mm\/#\/schema\/person\/4c8c06c801b7b666e81ed44550086900","name":"Preot paroh Horvat Petru","image":{"@type":"ImageObject","inLanguage":"ro-RO","@id":"https:\/\/mhf.ro\/mm\/#\/schema\/person\/image\/","url":"https:\/\/secure.gravatar.com\/avatar\/c2d2dcdf21c6f41aad486d71768c144cd6e23cb7b63bae9bd6fab542b26ad321?s=96&d=monsterid&r=g","contentUrl":"https:\/\/secure.gravatar.com\/avatar\/c2d2dcdf21c6f41aad486d71768c144cd6e23cb7b63bae9bd6fab542b26ad321?s=96&d=monsterid&r=g","caption":"Preot paroh Horvat Petru"},"sameAs":["https:\/\/mhf.ro\/mm"],"url":"https:\/\/mhf.ro\/mm\/author\/petrica\/"}]}},"_links":{"self":[{"href":"https:\/\/mhf.ro\/mm\/wp-json\/wp\/v2\/posts\/6493","targetHints":{"allow":["GET"]}}],"collection":[{"href":"https:\/\/mhf.ro\/mm\/wp-json\/wp\/v2\/posts"}],"about":[{"href":"https:\/\/mhf.ro\/mm\/wp-json\/wp\/v2\/types\/post"}],"author":[{"embeddable":true,"href":"https:\/\/mhf.ro\/mm\/wp-json\/wp\/v2\/users\/4"}],"replies":[{"embeddable":true,"href":"https:\/\/mhf.ro\/mm\/wp-json\/wp\/v2\/comments?post=6493"}],"version-history":[{"count":1,"href":"https:\/\/mhf.ro\/mm\/wp-json\/wp\/v2\/posts\/6493\/revisions"}],"predecessor-version":[{"id":6494,"href":"https:\/\/mhf.ro\/mm\/wp-json\/wp\/v2\/posts\/6493\/revisions\/6494"}],"wp:featuredmedia":[{"embeddable":true,"href":"https:\/\/mhf.ro\/mm\/wp-json\/wp\/v2\/media\/6202"}],"wp:attachment":[{"href":"https:\/\/mhf.ro\/mm\/wp-json\/wp\/v2\/media?parent=6493"}],"wp:term":[{"taxonomy":"category","embeddable":true,"href":"https:\/\/mhf.ro\/mm\/wp-json\/wp\/v2\/categories?post=6493"},{"taxonomy":"post_tag","embeddable":true,"href":"https:\/\/mhf.ro\/mm\/wp-json\/wp\/v2\/tags?post=6493"}],"curies":[{"name":"wp","href":"https:\/\/api.w.org\/{rel}","templated":true}]}}