{"id":6521,"date":"2022-02-22T09:16:26","date_gmt":"2022-02-22T07:16:26","guid":{"rendered":"https:\/\/mhf.ro\/mm\/?p=6521"},"modified":"2022-02-22T09:16:26","modified_gmt":"2022-02-22T07:16:26","slug":"lista-masinilor-scoase-la-vanzare-de-anaf","status":"publish","type":"post","link":"https:\/\/mhf.ro\/mm\/lista-masinilor-scoase-la-vanzare-de-anaf\/","title":{"rendered":"Lista ma\u0219inilor scoase la v\u00e2nzare de ANAF"},"content":{"rendered":"<p>ANAF scoate la licita\u021bie mai multe ma\u0219ini confiscate de la rom\u00e2nii r\u0103u platnici. Majoritatea dintre aceste autoturisme sunt v\u00e2ndute sub pre\u021bul pie\u021bei. La v\u00e2nzarea organizat\u0103 de ANAF, pre\u021burile pornesc de la 4.300 de lei pentru un Renault Twingo din anul 2000 \u0219i ajung p\u00e2n\u0103 la 70.700 de lei pentru un Nissan Qashqai din anul 2016.<\/p>\n<p><img fetchpriority=\"high\" decoding=\"async\" class=\"alignnone size-full wp-image-22635 jetpack-lazy-image jetpack-lazy-image--handled td-animation-stack-type0-2\" src=\"https:\/\/jurnalist.ro\/wp-content\/uploads\/2022\/02\/1-2.png\" sizes=\"(max-width: 536px) 100vw, 536px\" srcset=\"https:\/\/jurnalist.ro\/wp-content\/uploads\/2022\/02\/1-2.png 536w, https:\/\/jurnalist.ro\/wp-content\/uploads\/2022\/02\/1-2-185x300.png 185w, https:\/\/jurnalist.ro\/wp-content\/uploads\/2022\/02\/1-2-150x243.png 150w, https:\/\/jurnalist.ro\/wp-content\/uploads\/2022\/02\/1-2-300x485.png 300w, https:\/\/jurnalist.ro\/wp-content\/uploads\/2022\/02\/1-2-260x420.png 260w, https:\/\/jurnalist.ro\/wp-content\/uploads\/2022\/02\/1-2-519x840.png 519w\" alt=\"\" width=\"536\" height=\"867\" data-lazy-loaded=\"1\" \/><\/p>\n<p><img decoding=\"async\" class=\"alignnone size-full wp-image-22636 jetpack-lazy-image jetpack-lazy-image--handled td-animation-stack-type0-2\" src=\"https:\/\/jurnalist.ro\/wp-content\/uploads\/2022\/02\/2-2.png\" sizes=\"(max-width: 555px) 100vw, 555px\" srcset=\"https:\/\/jurnalist.ro\/wp-content\/uploads\/2022\/02\/2-2.png 555w, https:\/\/jurnalist.ro\/wp-content\/uploads\/2022\/02\/2-2-300x129.png 300w, https:\/\/jurnalist.ro\/wp-content\/uploads\/2022\/02\/2-2-150x65.png 150w\" alt=\"\" width=\"555\" height=\"239\" data-lazy-loaded=\"1\" \/><\/p>\n<p>B365.ro\u00a0scrie c\u0103, pentru a putea intra la licita\u021bii, rom\u00e2nii sunt obliga\u021bi s\u0103 depun\u0103 anumite documente direct la sediile unde se vor demara procedurile de licita\u021bii, dup\u0103 cum urmeaz\u0103:<\/p>\n<ul>\n<li>oferta de cump\u0103rare;<\/li>\n<li>dovada pl\u0103\u0163ii taxei de participare sau a constituirii garan\u0163iei sub forma scrisorii de garan\u0163ie, reprezent\u00e2nd 10% din pre\u0163ul de pornire a licita\u0163iei;<\/li>\n<li>\u00eemputernicirea persoanei care \u00eel reprezint\u0103 pe ofertant;<\/li>\n<li>pentru persoanele juridice rom\u00e2ne, copie de pe certificatul unic de \u00eenregistrare eliberat de oficiul registrului comer\u0163ului;<\/li>\n<li>pentru persoanele juridice str\u0103ine, actul de \u00eenmatriculare tradus \u00een limba rom\u00e2n\u0103;<\/li>\n<li>pentru persoanele fizice rom\u00e2ne, copie de pe actul de identitate;<\/li>\n<li>pentru persoanele fizice str\u0103ine, copie de pe actul de identitate\/pa\u015faport;<\/li>\n<li>declara\u0163ia pe proprie r\u0103spundere a ofertantului prin care certific\u0103 faptul c\u0103 nu este persoan\u0103 interpus\u0103 cu debitorul.<\/li>\n<\/ul>\n<p>Odat\u0103 \u00eendeplinite toate criteriile \u0219i toat\u0103 documenta\u021bia este depus\u0103, \u00een func\u021bie de datele programate, cei \u00eenscri\u0219i vor putea participa la procesul de licita\u021bie. (conf. Jurnalist.ro)<\/p>\n","protected":false},"excerpt":{"rendered":"<p>ANAF scoate la licita\u021bie mai multe ma\u0219ini confiscate de la rom\u00e2nii r\u0103u platnici. Majoritatea dintre aceste autoturisme sunt v\u00e2ndute sub<\/p>\n","protected":false},"author":1,"featured_media":6522,"comment_status":"open","ping_status":"open","sticky":false,"template":"","format":"standard","meta":{"colormag_page_container_layout":"default_layout","colormag_page_sidebar_layout":"default_layout","footnotes":""},"categories":[5],"tags":[],"class_list":["post-6521","post","type-post","status-publish","format-standard","has-post-thumbnail","hentry","category-locale"],"yoast_head":"<!-- This site is optimized with the Yoast SEO plugin v27.0 - https:\/\/yoast.com\/product\/yoast-seo-wordpress\/ -->\n<title>Lista ma\u0219inilor scoase la v\u00e2nzare de ANAF - MHF Photography<\/title>\n<meta name=\"robots\" content=\"index, follow, max-snippet:-1, max-image-preview:large, max-video-preview:-1\" \/>\n<link rel=\"canonical\" href=\"https:\/\/mhf.ro\/mm\/lista-masinilor-scoase-la-vanzare-de-anaf\/\" \/>\n<meta property=\"og:locale\" content=\"ro_RO\" \/>\n<meta property=\"og:type\" content=\"article\" \/>\n<meta property=\"og:title\" content=\"Lista ma\u0219inilor scoase la v\u00e2nzare de ANAF - MHF Photography\" \/>\n<meta property=\"og:description\" content=\"ANAF scoate la licita\u021bie mai multe ma\u0219ini confiscate de la rom\u00e2nii r\u0103u platnici. Majoritatea dintre aceste autoturisme sunt v\u00e2ndute sub\" \/>\n<meta property=\"og:url\" content=\"https:\/\/mhf.ro\/mm\/lista-masinilor-scoase-la-vanzare-de-anaf\/\" \/>\n<meta property=\"og:site_name\" content=\"MHF Photography\" \/>\n<meta property=\"article:published_time\" content=\"2022-02-22T07:16:26+00:00\" \/>\n<meta property=\"og:image\" content=\"https:\/\/mhf.ro\/mm\/wp-content\/uploads\/2022\/02\/masini.png\" \/>\n\t<meta property=\"og:image:width\" content=\"1200\" \/>\n\t<meta property=\"og:image:height\" content=\"650\" \/>\n\t<meta property=\"og:image:type\" content=\"image\/png\" \/>\n<meta name=\"author\" content=\"Marius Marcu\" \/>\n<meta name=\"twitter:card\" content=\"summary_large_image\" \/>\n<meta name=\"twitter:label1\" content=\"Scris de\" \/>\n\t<meta name=\"twitter:data1\" content=\"Marius Marcu\" \/>\n\t<meta name=\"twitter:label2\" content=\"Timp estimat pentru citire\" \/>\n\t<meta name=\"twitter:data2\" content=\"1 minut\" \/>\n<script type=\"application\/ld+json\" class=\"yoast-schema-graph\">{\"@context\":\"https:\/\/schema.org\",\"@graph\":[{\"@type\":\"Article\",\"@id\":\"https:\/\/mhf.ro\/mm\/lista-masinilor-scoase-la-vanzare-de-anaf\/#article\",\"isPartOf\":{\"@id\":\"https:\/\/mhf.ro\/mm\/lista-masinilor-scoase-la-vanzare-de-anaf\/\"},\"author\":{\"name\":\"Marius Marcu\",\"@id\":\"https:\/\/mhf.ro\/mm\/#\/schema\/person\/a3bebf7bdb4bf12f698aff73c7e46c21\"},\"headline\":\"Lista ma\u0219inilor scoase la v\u00e2nzare de ANAF\",\"datePublished\":\"2022-02-22T07:16:26+00:00\",\"mainEntityOfPage\":{\"@id\":\"https:\/\/mhf.ro\/mm\/lista-masinilor-scoase-la-vanzare-de-anaf\/\"},\"wordCount\":246,\"commentCount\":0,\"publisher\":{\"@id\":\"https:\/\/mhf.ro\/mm\/#\/schema\/person\/a3bebf7bdb4bf12f698aff73c7e46c21\"},\"image\":{\"@id\":\"https:\/\/mhf.ro\/mm\/lista-masinilor-scoase-la-vanzare-de-anaf\/#primaryimage\"},\"thumbnailUrl\":\"https:\/\/mhf.ro\/mm\/wp-content\/uploads\/2022\/02\/masini.png\",\"articleSection\":[\"Locale\"],\"inLanguage\":\"ro-RO\",\"potentialAction\":[{\"@type\":\"CommentAction\",\"name\":\"Comment\",\"target\":[\"https:\/\/mhf.ro\/mm\/lista-masinilor-scoase-la-vanzare-de-anaf\/#respond\"]}]},{\"@type\":\"WebPage\",\"@id\":\"https:\/\/mhf.ro\/mm\/lista-masinilor-scoase-la-vanzare-de-anaf\/\",\"url\":\"https:\/\/mhf.ro\/mm\/lista-masinilor-scoase-la-vanzare-de-anaf\/\",\"name\":\"Lista ma\u0219inilor scoase la v\u00e2nzare de ANAF - MHF Photography\",\"isPartOf\":{\"@id\":\"https:\/\/mhf.ro\/mm\/#website\"},\"primaryImageOfPage\":{\"@id\":\"https:\/\/mhf.ro\/mm\/lista-masinilor-scoase-la-vanzare-de-anaf\/#primaryimage\"},\"image\":{\"@id\":\"https:\/\/mhf.ro\/mm\/lista-masinilor-scoase-la-vanzare-de-anaf\/#primaryimage\"},\"thumbnailUrl\":\"https:\/\/mhf.ro\/mm\/wp-content\/uploads\/2022\/02\/masini.png\",\"datePublished\":\"2022-02-22T07:16:26+00:00\",\"breadcrumb\":{\"@id\":\"https:\/\/mhf.ro\/mm\/lista-masinilor-scoase-la-vanzare-de-anaf\/#breadcrumb\"},\"inLanguage\":\"ro-RO\",\"potentialAction\":[{\"@type\":\"ReadAction\",\"target\":[\"https:\/\/mhf.ro\/mm\/lista-masinilor-scoase-la-vanzare-de-anaf\/\"]}]},{\"@type\":\"ImageObject\",\"inLanguage\":\"ro-RO\",\"@id\":\"https:\/\/mhf.ro\/mm\/lista-masinilor-scoase-la-vanzare-de-anaf\/#primaryimage\",\"url\":\"https:\/\/mhf.ro\/mm\/wp-content\/uploads\/2022\/02\/masini.png\",\"contentUrl\":\"https:\/\/mhf.ro\/mm\/wp-content\/uploads\/2022\/02\/masini.png\",\"width\":1200,\"height\":650},{\"@type\":\"BreadcrumbList\",\"@id\":\"https:\/\/mhf.ro\/mm\/lista-masinilor-scoase-la-vanzare-de-anaf\/#breadcrumb\",\"itemListElement\":[{\"@type\":\"ListItem\",\"position\":1,\"name\":\"Prima pagin\u0103\",\"item\":\"https:\/\/mhf.ro\/mm\/\"},{\"@type\":\"ListItem\",\"position\":2,\"name\":\"Lista ma\u0219inilor scoase la v\u00e2nzare de ANAF\"}]},{\"@type\":\"WebSite\",\"@id\":\"https:\/\/mhf.ro\/mm\/#website\",\"url\":\"https:\/\/mhf.ro\/mm\/\",\"name\":\"MHF Photography \u2013 Blog de fotografie, natur\u0103 \u0219i tehnic\u0103 divers\u0103\",\"description\":\"Aventur\u0103 \u00een fiecare cadru.\",\"publisher\":{\"@id\":\"https:\/\/mhf.ro\/mm\/#\/schema\/person\/a3bebf7bdb4bf12f698aff73c7e46c21\"},\"potentialAction\":[{\"@type\":\"SearchAction\",\"target\":{\"@type\":\"EntryPoint\",\"urlTemplate\":\"https:\/\/mhf.ro\/mm\/?s={search_term_string}\"},\"query-input\":{\"@type\":\"PropertyValueSpecification\",\"valueRequired\":true,\"valueName\":\"search_term_string\"}}],\"inLanguage\":\"ro-RO\"},{\"@type\":[\"Person\",\"Organization\"],\"@id\":\"https:\/\/mhf.ro\/mm\/#\/schema\/person\/a3bebf7bdb4bf12f698aff73c7e46c21\",\"name\":\"Marius Marcu\",\"image\":{\"@type\":\"ImageObject\",\"inLanguage\":\"ro-RO\",\"@id\":\"https:\/\/mhf.ro\/mm\/#\/schema\/person\/image\/\",\"url\":\"https:\/\/mhf.ro\/mm\/wp-content\/uploads\/2025\/12\/cropped-logo_mhf_2.png\",\"contentUrl\":\"https:\/\/mhf.ro\/mm\/wp-content\/uploads\/2025\/12\/cropped-logo_mhf_2.png\",\"width\":1096,\"height\":457,\"caption\":\"Marius Marcu\"},\"logo\":{\"@id\":\"https:\/\/mhf.ro\/mm\/#\/schema\/person\/image\/\"},\"sameAs\":[\"https:\/\/mhf.ro\/mm\"],\"url\":\"https:\/\/mhf.ro\/mm\/author\/mihai\/\"}]}<\/script>\n<!-- \/ Yoast SEO plugin. -->","yoast_head_json":{"title":"Lista ma\u0219inilor scoase la v\u00e2nzare de ANAF - MHF Photography","robots":{"index":"index","follow":"follow","max-snippet":"max-snippet:-1","max-image-preview":"max-image-preview:large","max-video-preview":"max-video-preview:-1"},"canonical":"https:\/\/mhf.ro\/mm\/lista-masinilor-scoase-la-vanzare-de-anaf\/","og_locale":"ro_RO","og_type":"article","og_title":"Lista ma\u0219inilor scoase la v\u00e2nzare de ANAF - MHF Photography","og_description":"ANAF scoate la licita\u021bie mai multe ma\u0219ini confiscate de la rom\u00e2nii r\u0103u platnici. Majoritatea dintre aceste autoturisme sunt v\u00e2ndute sub","og_url":"https:\/\/mhf.ro\/mm\/lista-masinilor-scoase-la-vanzare-de-anaf\/","og_site_name":"MHF Photography","article_published_time":"2022-02-22T07:16:26+00:00","og_image":[{"width":1200,"height":650,"url":"https:\/\/mhf.ro\/mm\/wp-content\/uploads\/2022\/02\/masini.png","type":"image\/png"}],"author":"Marius Marcu","twitter_card":"summary_large_image","twitter_misc":{"Scris de":"Marius Marcu","Timp estimat pentru citire":"1 minut"},"schema":{"@context":"https:\/\/schema.org","@graph":[{"@type":"Article","@id":"https:\/\/mhf.ro\/mm\/lista-masinilor-scoase-la-vanzare-de-anaf\/#article","isPartOf":{"@id":"https:\/\/mhf.ro\/mm\/lista-masinilor-scoase-la-vanzare-de-anaf\/"},"author":{"name":"Marius Marcu","@id":"https:\/\/mhf.ro\/mm\/#\/schema\/person\/a3bebf7bdb4bf12f698aff73c7e46c21"},"headline":"Lista ma\u0219inilor scoase la v\u00e2nzare de ANAF","datePublished":"2022-02-22T07:16:26+00:00","mainEntityOfPage":{"@id":"https:\/\/mhf.ro\/mm\/lista-masinilor-scoase-la-vanzare-de-anaf\/"},"wordCount":246,"commentCount":0,"publisher":{"@id":"https:\/\/mhf.ro\/mm\/#\/schema\/person\/a3bebf7bdb4bf12f698aff73c7e46c21"},"image":{"@id":"https:\/\/mhf.ro\/mm\/lista-masinilor-scoase-la-vanzare-de-anaf\/#primaryimage"},"thumbnailUrl":"https:\/\/mhf.ro\/mm\/wp-content\/uploads\/2022\/02\/masini.png","articleSection":["Locale"],"inLanguage":"ro-RO","potentialAction":[{"@type":"CommentAction","name":"Comment","target":["https:\/\/mhf.ro\/mm\/lista-masinilor-scoase-la-vanzare-de-anaf\/#respond"]}]},{"@type":"WebPage","@id":"https:\/\/mhf.ro\/mm\/lista-masinilor-scoase-la-vanzare-de-anaf\/","url":"https:\/\/mhf.ro\/mm\/lista-masinilor-scoase-la-vanzare-de-anaf\/","name":"Lista ma\u0219inilor scoase la v\u00e2nzare de ANAF - MHF Photography","isPartOf":{"@id":"https:\/\/mhf.ro\/mm\/#website"},"primaryImageOfPage":{"@id":"https:\/\/mhf.ro\/mm\/lista-masinilor-scoase-la-vanzare-de-anaf\/#primaryimage"},"image":{"@id":"https:\/\/mhf.ro\/mm\/lista-masinilor-scoase-la-vanzare-de-anaf\/#primaryimage"},"thumbnailUrl":"https:\/\/mhf.ro\/mm\/wp-content\/uploads\/2022\/02\/masini.png","datePublished":"2022-02-22T07:16:26+00:00","breadcrumb":{"@id":"https:\/\/mhf.ro\/mm\/lista-masinilor-scoase-la-vanzare-de-anaf\/#breadcrumb"},"inLanguage":"ro-RO","potentialAction":[{"@type":"ReadAction","target":["https:\/\/mhf.ro\/mm\/lista-masinilor-scoase-la-vanzare-de-anaf\/"]}]},{"@type":"ImageObject","inLanguage":"ro-RO","@id":"https:\/\/mhf.ro\/mm\/lista-masinilor-scoase-la-vanzare-de-anaf\/#primaryimage","url":"https:\/\/mhf.ro\/mm\/wp-content\/uploads\/2022\/02\/masini.png","contentUrl":"https:\/\/mhf.ro\/mm\/wp-content\/uploads\/2022\/02\/masini.png","width":1200,"height":650},{"@type":"BreadcrumbList","@id":"https:\/\/mhf.ro\/mm\/lista-masinilor-scoase-la-vanzare-de-anaf\/#breadcrumb","itemListElement":[{"@type":"ListItem","position":1,"name":"Prima pagin\u0103","item":"https:\/\/mhf.ro\/mm\/"},{"@type":"ListItem","position":2,"name":"Lista ma\u0219inilor scoase la v\u00e2nzare de ANAF"}]},{"@type":"WebSite","@id":"https:\/\/mhf.ro\/mm\/#website","url":"https:\/\/mhf.ro\/mm\/","name":"MHF Photography \u2013 Blog de fotografie, natur\u0103 \u0219i tehnic\u0103 divers\u0103","description":"Aventur\u0103 \u00een fiecare cadru.","publisher":{"@id":"https:\/\/mhf.ro\/mm\/#\/schema\/person\/a3bebf7bdb4bf12f698aff73c7e46c21"},"potentialAction":[{"@type":"SearchAction","target":{"@type":"EntryPoint","urlTemplate":"https:\/\/mhf.ro\/mm\/?s={search_term_string}"},"query-input":{"@type":"PropertyValueSpecification","valueRequired":true,"valueName":"search_term_string"}}],"inLanguage":"ro-RO"},{"@type":["Person","Organization"],"@id":"https:\/\/mhf.ro\/mm\/#\/schema\/person\/a3bebf7bdb4bf12f698aff73c7e46c21","name":"Marius Marcu","image":{"@type":"ImageObject","inLanguage":"ro-RO","@id":"https:\/\/mhf.ro\/mm\/#\/schema\/person\/image\/","url":"https:\/\/mhf.ro\/mm\/wp-content\/uploads\/2025\/12\/cropped-logo_mhf_2.png","contentUrl":"https:\/\/mhf.ro\/mm\/wp-content\/uploads\/2025\/12\/cropped-logo_mhf_2.png","width":1096,"height":457,"caption":"Marius Marcu"},"logo":{"@id":"https:\/\/mhf.ro\/mm\/#\/schema\/person\/image\/"},"sameAs":["https:\/\/mhf.ro\/mm"],"url":"https:\/\/mhf.ro\/mm\/author\/mihai\/"}]}},"_links":{"self":[{"href":"https:\/\/mhf.ro\/mm\/wp-json\/wp\/v2\/posts\/6521","targetHints":{"allow":["GET"]}}],"collection":[{"href":"https:\/\/mhf.ro\/mm\/wp-json\/wp\/v2\/posts"}],"about":[{"href":"https:\/\/mhf.ro\/mm\/wp-json\/wp\/v2\/types\/post"}],"author":[{"embeddable":true,"href":"https:\/\/mhf.ro\/mm\/wp-json\/wp\/v2\/users\/1"}],"replies":[{"embeddable":true,"href":"https:\/\/mhf.ro\/mm\/wp-json\/wp\/v2\/comments?post=6521"}],"version-history":[{"count":1,"href":"https:\/\/mhf.ro\/mm\/wp-json\/wp\/v2\/posts\/6521\/revisions"}],"predecessor-version":[{"id":6523,"href":"https:\/\/mhf.ro\/mm\/wp-json\/wp\/v2\/posts\/6521\/revisions\/6523"}],"wp:featuredmedia":[{"embeddable":true,"href":"https:\/\/mhf.ro\/mm\/wp-json\/wp\/v2\/media\/6522"}],"wp:attachment":[{"href":"https:\/\/mhf.ro\/mm\/wp-json\/wp\/v2\/media?parent=6521"}],"wp:term":[{"taxonomy":"category","embeddable":true,"href":"https:\/\/mhf.ro\/mm\/wp-json\/wp\/v2\/categories?post=6521"},{"taxonomy":"post_tag","embeddable":true,"href":"https:\/\/mhf.ro\/mm\/wp-json\/wp\/v2\/tags?post=6521"}],"curies":[{"name":"wp","href":"https:\/\/api.w.org\/{rel}","templated":true}]}}