{"id":6524,"date":"2022-02-23T08:15:17","date_gmt":"2022-02-23T06:15:17","guid":{"rendered":"https:\/\/mhf.ro\/mm\/?p=6524"},"modified":"2025-12-26T14:29:11","modified_gmt":"2025-12-26T12:29:11","slug":"in-2022-pastele-este-sarbatorit-pe-24-aprilie","status":"publish","type":"post","link":"https:\/\/mhf.ro\/mm\/in-2022-pastele-este-sarbatorit-pe-24-aprilie\/","title":{"rendered":"\u00cen 2022 Pa\u0219tele este s\u0103rb\u0103torit pe 24 aprilie"},"content":{"rendered":"<h4>\u00cen fiecare an, Pa\u0219tele este s\u0103rb\u0103torit la o alt\u0103 dat\u0103.<\/h4>\n<p>\u00cen perioada s\u0103rb\u0103torilor pascale, rom\u00e2nii au liber \u00een prima \u0219i a doua zi de Pa\u0219te, iar din anul 2018, a devenit si Vinerea Mare zi liber\u0103.<\/p>\n<h3><a href=\"https:\/\/mhf.ro\/mm\/wp-content\/uploads\/2022\/02\/oua_pasti.jpg\"><img fetchpriority=\"high\" decoding=\"async\" class=\"alignnone wp-image-6526 size-medium\" src=\"https:\/\/mhf.ro\/mm\/wp-content\/uploads\/2022\/02\/oua_pasti-300x240.jpg\" alt=\"\" width=\"300\" height=\"240\" srcset=\"https:\/\/mhf.ro\/mm\/wp-content\/uploads\/2022\/02\/oua_pasti-300x240.jpg 300w, https:\/\/mhf.ro\/mm\/wp-content\/uploads\/2022\/02\/oua_pasti-1024x818.jpg 1024w, https:\/\/mhf.ro\/mm\/wp-content\/uploads\/2022\/02\/oua_pasti-768x613.jpg 768w, https:\/\/mhf.ro\/mm\/wp-content\/uploads\/2022\/02\/oua_pasti.jpg 1280w\" sizes=\"(max-width: 300px) 100vw, 300px\" \/><\/a><\/h3>\n<h3 id=\"section-2\">Zile libere de Pa\u0219te \u00een 2022<\/h3>\n<ol>\n<li>\u00a022 aprilie 2022 &#8211; Vinerea Mare &#8211; zi liber\u0103 pic\u0103 vineri<\/li>\n<li>\u00a024 aprilie 2022 &#8211; Pa\u0219te Ortodox &#8211; zi liber\u0103 pic\u0103 duminic\u0103<\/li>\n<li>\u00a025 aprilie 2022 &#8211; a doua zi de Pa\u0219te &#8211; zi liber\u0103 pic\u0103 luni.<\/li>\n<\/ol>\n<p>Ne vom bucura de un mini concediu de 4 zile.<\/p>\n<h4>Postul Pa\u0219telui<\/h4>\n<p>Postul va \u00eencepe pe 7 martie \u0219i se \u00eencheie pe 23 aprilie.<\/p>\n<h4>S\u0103rb\u0103toarea Floriilor<\/h4>\n<p>S\u0103rb\u0103toarea Floriilor semnific\u0103 intrarea triumfal\u0103 a lui Iisus \u00een Ierusalim \u00een zilele dinaintea patimilor.<\/p>\n<p>Duminica Floriilor este pr\u0103znuit\u0103 cu o s\u0103pt\u0103m\u00e2n\u0103 \u00eenainte de Pa\u0219te. S\u0103rb\u0103toarea de Florii pic\u0103, \u00een anul 2022, pe 17 aprilie.<\/p>\n<p><strong>Calendarul pentru Pa\u0219te p\u00e2n\u0103 \u00een 2030:<\/strong><\/p>\n<ul>\n<li>Pa\u0219tele Ortodox 2023 \u2013 16 aprilie<\/li>\n<li>Pa\u0219tele Ortodox 2024 \u2013 5 mai<\/li>\n<li>Pa\u0219tele Ortodox 2025 \u2013 20 aprilie<\/li>\n<li>Pa\u0219tele Ortodox 2026 \u2013 12 aprilie<\/li>\n<li>Pa\u0219tele Ortodox 2027 \u2013 2 mai<\/li>\n<li>Pa\u0219tele Ortodox 2028 \u2013 16 aprilie<\/li>\n<li>Pa\u0219tele Ortodox 2029 \u2013 8 aprilie<\/li>\n<li>Pa\u0219tele Ortodox 2030 \u2013 28 aprilie<\/li>\n<\/ul>\n<h4 style=\"text-align: right;\"><a href=\"https:\/\/riz.ro\/wp\/\">Ancadramente polistiren<\/a><\/h4>\n","protected":false},"excerpt":{"rendered":"<p>\u00cen fiecare an, Pa\u0219tele este s\u0103rb\u0103torit la o alt\u0103 dat\u0103. \u00cen perioada s\u0103rb\u0103torilor pascale, rom\u00e2nii au liber \u00een prima \u0219i<\/p>\n","protected":false},"author":1,"featured_media":6525,"comment_status":"open","ping_status":"open","sticky":false,"template":"","format":"standard","meta":{"colormag_page_container_layout":"default_layout","colormag_page_sidebar_layout":"default_layout","footnotes":""},"categories":[5],"tags":[],"class_list":["post-6524","post","type-post","status-publish","format-standard","has-post-thumbnail","hentry","category-locale"],"yoast_head":"<!-- This site is optimized with the Yoast SEO plugin v27.0 - https:\/\/yoast.com\/product\/yoast-seo-wordpress\/ -->\n<title>\u00cen 2022 Pa\u0219tele este s\u0103rb\u0103torit pe 24 aprilie - MHF Photography<\/title>\n<meta name=\"description\" content=\"\u00cen fiecare an, Pa\u0219tele este s\u0103rb\u0103torit la o alt\u0103 dat\u0103. \u00cen perioada s\u0103rb\u0103torilor pascale, rom\u00e2nii au liber \u00een prima \u0219i a doua zi de Pa\u0219te,\" \/>\n<meta name=\"robots\" content=\"index, follow, max-snippet:-1, max-image-preview:large, max-video-preview:-1\" \/>\n<link rel=\"canonical\" href=\"https:\/\/mhf.ro\/mm\/in-2022-pastele-este-sarbatorit-pe-24-aprilie\/\" \/>\n<meta property=\"og:locale\" content=\"ro_RO\" \/>\n<meta property=\"og:type\" content=\"article\" \/>\n<meta property=\"og:title\" content=\"\u00cen 2022 Pa\u0219tele este s\u0103rb\u0103torit pe 24 aprilie - MHF Photography\" \/>\n<meta property=\"og:description\" content=\"\u00cen fiecare an, Pa\u0219tele este s\u0103rb\u0103torit la o alt\u0103 dat\u0103. \u00cen perioada s\u0103rb\u0103torilor pascale, rom\u00e2nii au liber \u00een prima \u0219i a doua zi de Pa\u0219te,\" \/>\n<meta property=\"og:url\" content=\"https:\/\/mhf.ro\/mm\/in-2022-pastele-este-sarbatorit-pe-24-aprilie\/\" \/>\n<meta property=\"og:site_name\" content=\"MHF Photography\" \/>\n<meta property=\"article:published_time\" content=\"2022-02-23T06:15:17+00:00\" \/>\n<meta property=\"article:modified_time\" content=\"2025-12-26T12:29:11+00:00\" \/>\n<meta property=\"og:image\" content=\"https:\/\/mhf.ro\/mm\/wp-content\/uploads\/2022\/02\/iepuras_960_720.jpg\" \/>\n\t<meta property=\"og:image:width\" content=\"960\" \/>\n\t<meta property=\"og:image:height\" content=\"639\" \/>\n\t<meta property=\"og:image:type\" content=\"image\/jpeg\" \/>\n<meta name=\"author\" content=\"Marius Marcu\" \/>\n<meta name=\"twitter:card\" content=\"summary_large_image\" \/>\n<meta name=\"twitter:label1\" content=\"Scris de\" \/>\n\t<meta name=\"twitter:data1\" content=\"Marius Marcu\" \/>\n\t<meta name=\"twitter:label2\" content=\"Timp estimat pentru citire\" \/>\n\t<meta name=\"twitter:data2\" content=\"2 minute\" \/>\n<script type=\"application\/ld+json\" class=\"yoast-schema-graph\">{\"@context\":\"https:\/\/schema.org\",\"@graph\":[{\"@type\":\"Article\",\"@id\":\"https:\/\/mhf.ro\/mm\/in-2022-pastele-este-sarbatorit-pe-24-aprilie\/#article\",\"isPartOf\":{\"@id\":\"https:\/\/mhf.ro\/mm\/in-2022-pastele-este-sarbatorit-pe-24-aprilie\/\"},\"author\":{\"name\":\"Marius Marcu\",\"@id\":\"https:\/\/mhf.ro\/mm\/#\/schema\/person\/a3bebf7bdb4bf12f698aff73c7e46c21\"},\"headline\":\"\u00cen 2022 Pa\u0219tele este s\u0103rb\u0103torit pe 24 aprilie\",\"datePublished\":\"2022-02-23T06:15:17+00:00\",\"dateModified\":\"2025-12-26T12:29:11+00:00\",\"mainEntityOfPage\":{\"@id\":\"https:\/\/mhf.ro\/mm\/in-2022-pastele-este-sarbatorit-pe-24-aprilie\/\"},\"wordCount\":197,\"commentCount\":0,\"publisher\":{\"@id\":\"https:\/\/mhf.ro\/mm\/#\/schema\/person\/a3bebf7bdb4bf12f698aff73c7e46c21\"},\"image\":{\"@id\":\"https:\/\/mhf.ro\/mm\/in-2022-pastele-este-sarbatorit-pe-24-aprilie\/#primaryimage\"},\"thumbnailUrl\":\"https:\/\/mhf.ro\/mm\/wp-content\/uploads\/2022\/02\/iepuras_960_720.jpg\",\"articleSection\":[\"Locale\"],\"inLanguage\":\"ro-RO\",\"potentialAction\":[{\"@type\":\"CommentAction\",\"name\":\"Comment\",\"target\":[\"https:\/\/mhf.ro\/mm\/in-2022-pastele-este-sarbatorit-pe-24-aprilie\/#respond\"]}]},{\"@type\":\"WebPage\",\"@id\":\"https:\/\/mhf.ro\/mm\/in-2022-pastele-este-sarbatorit-pe-24-aprilie\/\",\"url\":\"https:\/\/mhf.ro\/mm\/in-2022-pastele-este-sarbatorit-pe-24-aprilie\/\",\"name\":\"\u00cen 2022 Pa\u0219tele este s\u0103rb\u0103torit pe 24 aprilie - MHF Photography\",\"isPartOf\":{\"@id\":\"https:\/\/mhf.ro\/mm\/#website\"},\"primaryImageOfPage\":{\"@id\":\"https:\/\/mhf.ro\/mm\/in-2022-pastele-este-sarbatorit-pe-24-aprilie\/#primaryimage\"},\"image\":{\"@id\":\"https:\/\/mhf.ro\/mm\/in-2022-pastele-este-sarbatorit-pe-24-aprilie\/#primaryimage\"},\"thumbnailUrl\":\"https:\/\/mhf.ro\/mm\/wp-content\/uploads\/2022\/02\/iepuras_960_720.jpg\",\"datePublished\":\"2022-02-23T06:15:17+00:00\",\"dateModified\":\"2025-12-26T12:29:11+00:00\",\"description\":\"\u00cen fiecare an, Pa\u0219tele este s\u0103rb\u0103torit la o alt\u0103 dat\u0103. \u00cen perioada s\u0103rb\u0103torilor pascale, rom\u00e2nii au liber \u00een prima \u0219i a doua zi de Pa\u0219te,\",\"breadcrumb\":{\"@id\":\"https:\/\/mhf.ro\/mm\/in-2022-pastele-este-sarbatorit-pe-24-aprilie\/#breadcrumb\"},\"inLanguage\":\"ro-RO\",\"potentialAction\":[{\"@type\":\"ReadAction\",\"target\":[\"https:\/\/mhf.ro\/mm\/in-2022-pastele-este-sarbatorit-pe-24-aprilie\/\"]}]},{\"@type\":\"ImageObject\",\"inLanguage\":\"ro-RO\",\"@id\":\"https:\/\/mhf.ro\/mm\/in-2022-pastele-este-sarbatorit-pe-24-aprilie\/#primaryimage\",\"url\":\"https:\/\/mhf.ro\/mm\/wp-content\/uploads\/2022\/02\/iepuras_960_720.jpg\",\"contentUrl\":\"https:\/\/mhf.ro\/mm\/wp-content\/uploads\/2022\/02\/iepuras_960_720.jpg\",\"width\":960,\"height\":639},{\"@type\":\"BreadcrumbList\",\"@id\":\"https:\/\/mhf.ro\/mm\/in-2022-pastele-este-sarbatorit-pe-24-aprilie\/#breadcrumb\",\"itemListElement\":[{\"@type\":\"ListItem\",\"position\":1,\"name\":\"Prima pagin\u0103\",\"item\":\"https:\/\/mhf.ro\/mm\/\"},{\"@type\":\"ListItem\",\"position\":2,\"name\":\"\u00cen 2022 Pa\u0219tele este s\u0103rb\u0103torit pe 24 aprilie\"}]},{\"@type\":\"WebSite\",\"@id\":\"https:\/\/mhf.ro\/mm\/#website\",\"url\":\"https:\/\/mhf.ro\/mm\/\",\"name\":\"MHF Photography \u2013 Blog de fotografie, natur\u0103 \u0219i tehnic\u0103 divers\u0103\",\"description\":\"Aventur\u0103 \u00een fiecare cadru.\",\"publisher\":{\"@id\":\"https:\/\/mhf.ro\/mm\/#\/schema\/person\/a3bebf7bdb4bf12f698aff73c7e46c21\"},\"potentialAction\":[{\"@type\":\"SearchAction\",\"target\":{\"@type\":\"EntryPoint\",\"urlTemplate\":\"https:\/\/mhf.ro\/mm\/?s={search_term_string}\"},\"query-input\":{\"@type\":\"PropertyValueSpecification\",\"valueRequired\":true,\"valueName\":\"search_term_string\"}}],\"inLanguage\":\"ro-RO\"},{\"@type\":[\"Person\",\"Organization\"],\"@id\":\"https:\/\/mhf.ro\/mm\/#\/schema\/person\/a3bebf7bdb4bf12f698aff73c7e46c21\",\"name\":\"Marius Marcu\",\"image\":{\"@type\":\"ImageObject\",\"inLanguage\":\"ro-RO\",\"@id\":\"https:\/\/mhf.ro\/mm\/#\/schema\/person\/image\/\",\"url\":\"https:\/\/mhf.ro\/mm\/wp-content\/uploads\/2025\/12\/cropped-logo_mhf_2.png\",\"contentUrl\":\"https:\/\/mhf.ro\/mm\/wp-content\/uploads\/2025\/12\/cropped-logo_mhf_2.png\",\"width\":1096,\"height\":457,\"caption\":\"Marius Marcu\"},\"logo\":{\"@id\":\"https:\/\/mhf.ro\/mm\/#\/schema\/person\/image\/\"},\"sameAs\":[\"https:\/\/mhf.ro\/mm\"],\"url\":\"https:\/\/mhf.ro\/mm\/author\/mihai\/\"}]}<\/script>\n<!-- \/ Yoast SEO plugin. -->","yoast_head_json":{"title":"\u00cen 2022 Pa\u0219tele este s\u0103rb\u0103torit pe 24 aprilie - MHF Photography","description":"\u00cen fiecare an, Pa\u0219tele este s\u0103rb\u0103torit la o alt\u0103 dat\u0103. \u00cen perioada s\u0103rb\u0103torilor pascale, rom\u00e2nii au liber \u00een prima \u0219i a doua zi de Pa\u0219te,","robots":{"index":"index","follow":"follow","max-snippet":"max-snippet:-1","max-image-preview":"max-image-preview:large","max-video-preview":"max-video-preview:-1"},"canonical":"https:\/\/mhf.ro\/mm\/in-2022-pastele-este-sarbatorit-pe-24-aprilie\/","og_locale":"ro_RO","og_type":"article","og_title":"\u00cen 2022 Pa\u0219tele este s\u0103rb\u0103torit pe 24 aprilie - MHF Photography","og_description":"\u00cen fiecare an, Pa\u0219tele este s\u0103rb\u0103torit la o alt\u0103 dat\u0103. \u00cen perioada s\u0103rb\u0103torilor pascale, rom\u00e2nii au liber \u00een prima \u0219i a doua zi de Pa\u0219te,","og_url":"https:\/\/mhf.ro\/mm\/in-2022-pastele-este-sarbatorit-pe-24-aprilie\/","og_site_name":"MHF Photography","article_published_time":"2022-02-23T06:15:17+00:00","article_modified_time":"2025-12-26T12:29:11+00:00","og_image":[{"width":960,"height":639,"url":"https:\/\/mhf.ro\/mm\/wp-content\/uploads\/2022\/02\/iepuras_960_720.jpg","type":"image\/jpeg"}],"author":"Marius Marcu","twitter_card":"summary_large_image","twitter_misc":{"Scris de":"Marius Marcu","Timp estimat pentru citire":"2 minute"},"schema":{"@context":"https:\/\/schema.org","@graph":[{"@type":"Article","@id":"https:\/\/mhf.ro\/mm\/in-2022-pastele-este-sarbatorit-pe-24-aprilie\/#article","isPartOf":{"@id":"https:\/\/mhf.ro\/mm\/in-2022-pastele-este-sarbatorit-pe-24-aprilie\/"},"author":{"name":"Marius Marcu","@id":"https:\/\/mhf.ro\/mm\/#\/schema\/person\/a3bebf7bdb4bf12f698aff73c7e46c21"},"headline":"\u00cen 2022 Pa\u0219tele este s\u0103rb\u0103torit pe 24 aprilie","datePublished":"2022-02-23T06:15:17+00:00","dateModified":"2025-12-26T12:29:11+00:00","mainEntityOfPage":{"@id":"https:\/\/mhf.ro\/mm\/in-2022-pastele-este-sarbatorit-pe-24-aprilie\/"},"wordCount":197,"commentCount":0,"publisher":{"@id":"https:\/\/mhf.ro\/mm\/#\/schema\/person\/a3bebf7bdb4bf12f698aff73c7e46c21"},"image":{"@id":"https:\/\/mhf.ro\/mm\/in-2022-pastele-este-sarbatorit-pe-24-aprilie\/#primaryimage"},"thumbnailUrl":"https:\/\/mhf.ro\/mm\/wp-content\/uploads\/2022\/02\/iepuras_960_720.jpg","articleSection":["Locale"],"inLanguage":"ro-RO","potentialAction":[{"@type":"CommentAction","name":"Comment","target":["https:\/\/mhf.ro\/mm\/in-2022-pastele-este-sarbatorit-pe-24-aprilie\/#respond"]}]},{"@type":"WebPage","@id":"https:\/\/mhf.ro\/mm\/in-2022-pastele-este-sarbatorit-pe-24-aprilie\/","url":"https:\/\/mhf.ro\/mm\/in-2022-pastele-este-sarbatorit-pe-24-aprilie\/","name":"\u00cen 2022 Pa\u0219tele este s\u0103rb\u0103torit pe 24 aprilie - MHF Photography","isPartOf":{"@id":"https:\/\/mhf.ro\/mm\/#website"},"primaryImageOfPage":{"@id":"https:\/\/mhf.ro\/mm\/in-2022-pastele-este-sarbatorit-pe-24-aprilie\/#primaryimage"},"image":{"@id":"https:\/\/mhf.ro\/mm\/in-2022-pastele-este-sarbatorit-pe-24-aprilie\/#primaryimage"},"thumbnailUrl":"https:\/\/mhf.ro\/mm\/wp-content\/uploads\/2022\/02\/iepuras_960_720.jpg","datePublished":"2022-02-23T06:15:17+00:00","dateModified":"2025-12-26T12:29:11+00:00","description":"\u00cen fiecare an, Pa\u0219tele este s\u0103rb\u0103torit la o alt\u0103 dat\u0103. \u00cen perioada s\u0103rb\u0103torilor pascale, rom\u00e2nii au liber \u00een prima \u0219i a doua zi de Pa\u0219te,","breadcrumb":{"@id":"https:\/\/mhf.ro\/mm\/in-2022-pastele-este-sarbatorit-pe-24-aprilie\/#breadcrumb"},"inLanguage":"ro-RO","potentialAction":[{"@type":"ReadAction","target":["https:\/\/mhf.ro\/mm\/in-2022-pastele-este-sarbatorit-pe-24-aprilie\/"]}]},{"@type":"ImageObject","inLanguage":"ro-RO","@id":"https:\/\/mhf.ro\/mm\/in-2022-pastele-este-sarbatorit-pe-24-aprilie\/#primaryimage","url":"https:\/\/mhf.ro\/mm\/wp-content\/uploads\/2022\/02\/iepuras_960_720.jpg","contentUrl":"https:\/\/mhf.ro\/mm\/wp-content\/uploads\/2022\/02\/iepuras_960_720.jpg","width":960,"height":639},{"@type":"BreadcrumbList","@id":"https:\/\/mhf.ro\/mm\/in-2022-pastele-este-sarbatorit-pe-24-aprilie\/#breadcrumb","itemListElement":[{"@type":"ListItem","position":1,"name":"Prima pagin\u0103","item":"https:\/\/mhf.ro\/mm\/"},{"@type":"ListItem","position":2,"name":"\u00cen 2022 Pa\u0219tele este s\u0103rb\u0103torit pe 24 aprilie"}]},{"@type":"WebSite","@id":"https:\/\/mhf.ro\/mm\/#website","url":"https:\/\/mhf.ro\/mm\/","name":"MHF Photography \u2013 Blog de fotografie, natur\u0103 \u0219i tehnic\u0103 divers\u0103","description":"Aventur\u0103 \u00een fiecare cadru.","publisher":{"@id":"https:\/\/mhf.ro\/mm\/#\/schema\/person\/a3bebf7bdb4bf12f698aff73c7e46c21"},"potentialAction":[{"@type":"SearchAction","target":{"@type":"EntryPoint","urlTemplate":"https:\/\/mhf.ro\/mm\/?s={search_term_string}"},"query-input":{"@type":"PropertyValueSpecification","valueRequired":true,"valueName":"search_term_string"}}],"inLanguage":"ro-RO"},{"@type":["Person","Organization"],"@id":"https:\/\/mhf.ro\/mm\/#\/schema\/person\/a3bebf7bdb4bf12f698aff73c7e46c21","name":"Marius Marcu","image":{"@type":"ImageObject","inLanguage":"ro-RO","@id":"https:\/\/mhf.ro\/mm\/#\/schema\/person\/image\/","url":"https:\/\/mhf.ro\/mm\/wp-content\/uploads\/2025\/12\/cropped-logo_mhf_2.png","contentUrl":"https:\/\/mhf.ro\/mm\/wp-content\/uploads\/2025\/12\/cropped-logo_mhf_2.png","width":1096,"height":457,"caption":"Marius Marcu"},"logo":{"@id":"https:\/\/mhf.ro\/mm\/#\/schema\/person\/image\/"},"sameAs":["https:\/\/mhf.ro\/mm"],"url":"https:\/\/mhf.ro\/mm\/author\/mihai\/"}]}},"_links":{"self":[{"href":"https:\/\/mhf.ro\/mm\/wp-json\/wp\/v2\/posts\/6524","targetHints":{"allow":["GET"]}}],"collection":[{"href":"https:\/\/mhf.ro\/mm\/wp-json\/wp\/v2\/posts"}],"about":[{"href":"https:\/\/mhf.ro\/mm\/wp-json\/wp\/v2\/types\/post"}],"author":[{"embeddable":true,"href":"https:\/\/mhf.ro\/mm\/wp-json\/wp\/v2\/users\/1"}],"replies":[{"embeddable":true,"href":"https:\/\/mhf.ro\/mm\/wp-json\/wp\/v2\/comments?post=6524"}],"version-history":[{"count":5,"href":"https:\/\/mhf.ro\/mm\/wp-json\/wp\/v2\/posts\/6524\/revisions"}],"predecessor-version":[{"id":6532,"href":"https:\/\/mhf.ro\/mm\/wp-json\/wp\/v2\/posts\/6524\/revisions\/6532"}],"wp:featuredmedia":[{"embeddable":true,"href":"https:\/\/mhf.ro\/mm\/wp-json\/wp\/v2\/media\/6525"}],"wp:attachment":[{"href":"https:\/\/mhf.ro\/mm\/wp-json\/wp\/v2\/media?parent=6524"}],"wp:term":[{"taxonomy":"category","embeddable":true,"href":"https:\/\/mhf.ro\/mm\/wp-json\/wp\/v2\/categories?post=6524"},{"taxonomy":"post_tag","embeddable":true,"href":"https:\/\/mhf.ro\/mm\/wp-json\/wp\/v2\/tags?post=6524"}],"curies":[{"name":"wp","href":"https:\/\/api.w.org\/{rel}","templated":true}]}}