{"id":6550,"date":"2022-02-24T08:06:37","date_gmt":"2022-02-24T06:06:37","guid":{"rendered":"https:\/\/mhf.ro\/mm\/?p=6550"},"modified":"2022-02-24T08:06:37","modified_gmt":"2022-02-24T06:06:37","slug":"ambasadorii-ne-cearta-pentru-neplata-furnizorilor-de-energie","status":"publish","type":"post","link":"https:\/\/mhf.ro\/mm\/ambasadorii-ne-cearta-pentru-neplata-furnizorilor-de-energie\/","title":{"rendered":"Ambasadorii ne ceart\u0103 pentru neplata furnizorilor de energie"},"content":{"rendered":"<p>Mai mul\u0163i ambasadori solicit\u0103 Guvernului Ciuc\u0103 s\u0103 pl\u0103teasc\u0103 furnizorii de energie pentru plafonarea \u015fi compensarea facturilor. \u00centr-o scrisoare adresat\u0103 ministrului Energiei Virgil Popescu \u0219i premierului Nicolae Ciuc\u0103, ace\u0219tia depl\u00e2ng situa\u021bia \u00een care sunt pu\u0219i marii furnizori, sus\u021bin\u00e2nd c\u0103, pe l\u00e2ng\u0103 faptul c\u0103 furnizorii cumuleaz\u0103 pierderi de un miliard de euro datorate scumpirii energiei, ei se confrunt\u0103 acum \u0219i cu probleme de flux de numerar cauzate de schema de ajutor a popula\u021biei, arat\u0103 un document ob\u021binut de\u00a0Economedia.<\/p>\n<p>Semnatarii scrisorii \u00een care Executivul este certat pentru neplata furnizorilor de energie sunt: Andrew Noble, ambasadorul Republicii Federale Germania \u00een Rom\u00e2nia, Peer Gebauer, ambasadorul Republicii Fran\u021ba \u00een Rom\u00e2nia, Laurence Auer, \u0219i ambasadorul Italiei \u00een Rom\u00e2nia, Alfredo Maria Durante Mangoni.<\/p>\n<p>Cei patru diploma\u021bi spun c\u0103 E.ON, ENEL, ENGIE \u0219i Macquarie Asset Management (CEZ) \u0219i-au manifestat preocuparea cu privire la faptul c\u0103 cea mai mare parte a poverii financiare a m\u0103surilor de sprijin pentru popula\u021bie revine sectorului privat.<\/p>\n<p>\u00cen scrisoarea adresat\u0103 Guvernului, ambasadorii arat\u0103 c\u0103 furnizorii se confrunt\u0103 acum cu probleme financiare, av\u00e2nd nevoie de credite de la b\u0103nci pentru a-\u0219i sus\u021bine activitatea. Ei spun, \u00eens\u0103, c\u0103 aceste pierderi, cauzate de faptul c\u0103 nu au primit \u00eenc\u0103 desp\u0103gubirile de la statul rom\u00e2n, se adaug\u0103 pierderilor opera\u021bionale deja \u00eenregistrate anul trecut, f\u0103c\u00e2nd referire la plafonarea pre\u021burilor.<\/p>\n<p>Ambasadorii sper\u0103 c\u0103 \u201eneplata desp\u0103gubirilor se datoreaz\u0103 unor chestiuni tehnice \u0219i c\u0103 acestea vor fi pl\u0103tite rapid \u0219i la timp\u201d. Pierderea total\u0103 estimat\u0103 pentru toate cele patru companii se ridic\u0103 la 1 miliard de euro, potrivit ambasadorilor.<\/p>\n<p>\u201eCele patru companii la care facem referire \u00een aceast\u0103 scrisoare sunt furnizori importan\u021bi de energie din Rom\u00e2nia \u0219i au \u00eemp\u0103rt\u0103\u0219it analiza lor asupra situa\u021biei actuale, pe care ne baz\u0103m evaluarea politic\u0103, a\u0219a cum este precizat\u0103 ast\u0103zi \u00een aceast\u0103 scrisoare. Furnizorii no\u0219tri furnizeaz\u0103 gaz \u0219i electricitate pentru aproximativ 4 \u0219i, respectiv, 6 milioane de gospod\u0103rii, cu o cot\u0103 de pia\u021b\u0103 combinat\u0103 de 90 \u0219i, respectiv, 70%\u201d, sus\u0163in diploma\u0163ii.<\/p>\n<p>Luni, 21 februarie, ministerul Muncii a efectuat pl\u0103\u021bi \u00een valoare de 2 milioane de lei c\u0103tre 9 furnizori de energie, prin Agen\u021bia Na\u021bional\u0103 pentru Pl\u0103\u021bi \u0219i Inspec\u021bie Social\u0103 (ANPIS), potrivit surselor citate de Libertatea. De asemenea, ministerul Muncii va pl\u0103ti toate cele 30 de solicit\u0103ri depuse din partea furnizorilor de energie pentru lunile noiembrie 2021-ianuarie 2022, facturi care se ridic\u0103 la suma de aproximativ 150 de milioane de lei. (conf. Jurnalist.ro)<\/p>\n","protected":false},"excerpt":{"rendered":"<p>Mai mul\u0163i ambasadori solicit\u0103 Guvernului Ciuc\u0103 s\u0103 pl\u0103teasc\u0103 furnizorii de energie pentru plafonarea \u015fi compensarea facturilor. \u00centr-o scrisoare adresat\u0103 ministrului<\/p>\n","protected":false},"author":1,"featured_media":6551,"comment_status":"open","ping_status":"open","sticky":false,"template":"","format":"standard","meta":{"colormag_page_container_layout":"default_layout","colormag_page_sidebar_layout":"default_layout","footnotes":""},"categories":[5],"tags":[],"class_list":["post-6550","post","type-post","status-publish","format-standard","has-post-thumbnail","hentry","category-locale"],"yoast_head":"<!-- This site is optimized with the Yoast SEO plugin v27.0 - https:\/\/yoast.com\/product\/yoast-seo-wordpress\/ -->\n<title>Ambasadorii ne ceart\u0103 pentru neplata furnizorilor de energie - MHF Photography<\/title>\n<meta name=\"robots\" content=\"index, follow, max-snippet:-1, max-image-preview:large, max-video-preview:-1\" \/>\n<link rel=\"canonical\" href=\"https:\/\/mhf.ro\/mm\/ambasadorii-ne-cearta-pentru-neplata-furnizorilor-de-energie\/\" \/>\n<meta property=\"og:locale\" content=\"ro_RO\" \/>\n<meta property=\"og:type\" content=\"article\" \/>\n<meta property=\"og:title\" content=\"Ambasadorii ne ceart\u0103 pentru neplata furnizorilor de energie - MHF Photography\" \/>\n<meta property=\"og:description\" content=\"Mai mul\u0163i ambasadori solicit\u0103 Guvernului Ciuc\u0103 s\u0103 pl\u0103teasc\u0103 furnizorii de energie pentru plafonarea \u015fi compensarea facturilor. \u00centr-o scrisoare adresat\u0103 ministrului\" \/>\n<meta property=\"og:url\" content=\"https:\/\/mhf.ro\/mm\/ambasadorii-ne-cearta-pentru-neplata-furnizorilor-de-energie\/\" \/>\n<meta property=\"og:site_name\" content=\"MHF Photography\" \/>\n<meta property=\"article:published_time\" content=\"2022-02-24T06:06:37+00:00\" \/>\n<meta property=\"og:image\" content=\"https:\/\/mhf.ro\/mm\/wp-content\/uploads\/2022\/02\/contor.jpg\" \/>\n\t<meta property=\"og:image:width\" content=\"709\" \/>\n\t<meta property=\"og:image:height\" content=\"567\" \/>\n\t<meta property=\"og:image:type\" content=\"image\/jpeg\" \/>\n<meta name=\"author\" content=\"Marius Marcu\" \/>\n<meta name=\"twitter:card\" content=\"summary_large_image\" \/>\n<meta name=\"twitter:label1\" content=\"Scris de\" \/>\n\t<meta name=\"twitter:data1\" content=\"Marius Marcu\" \/>\n\t<meta name=\"twitter:label2\" content=\"Timp estimat pentru citire\" \/>\n\t<meta name=\"twitter:data2\" content=\"2 minute\" \/>\n<script type=\"application\/ld+json\" class=\"yoast-schema-graph\">{\"@context\":\"https:\/\/schema.org\",\"@graph\":[{\"@type\":\"Article\",\"@id\":\"https:\/\/mhf.ro\/mm\/ambasadorii-ne-cearta-pentru-neplata-furnizorilor-de-energie\/#article\",\"isPartOf\":{\"@id\":\"https:\/\/mhf.ro\/mm\/ambasadorii-ne-cearta-pentru-neplata-furnizorilor-de-energie\/\"},\"author\":{\"name\":\"Marius Marcu\",\"@id\":\"https:\/\/mhf.ro\/mm\/#\/schema\/person\/a3bebf7bdb4bf12f698aff73c7e46c21\"},\"headline\":\"Ambasadorii ne ceart\u0103 pentru neplata furnizorilor de energie\",\"datePublished\":\"2022-02-24T06:06:37+00:00\",\"mainEntityOfPage\":{\"@id\":\"https:\/\/mhf.ro\/mm\/ambasadorii-ne-cearta-pentru-neplata-furnizorilor-de-energie\/\"},\"wordCount\":434,\"commentCount\":0,\"publisher\":{\"@id\":\"https:\/\/mhf.ro\/mm\/#\/schema\/person\/a3bebf7bdb4bf12f698aff73c7e46c21\"},\"image\":{\"@id\":\"https:\/\/mhf.ro\/mm\/ambasadorii-ne-cearta-pentru-neplata-furnizorilor-de-energie\/#primaryimage\"},\"thumbnailUrl\":\"https:\/\/mhf.ro\/mm\/wp-content\/uploads\/2022\/02\/contor.jpg\",\"articleSection\":[\"Locale\"],\"inLanguage\":\"ro-RO\",\"potentialAction\":[{\"@type\":\"CommentAction\",\"name\":\"Comment\",\"target\":[\"https:\/\/mhf.ro\/mm\/ambasadorii-ne-cearta-pentru-neplata-furnizorilor-de-energie\/#respond\"]}]},{\"@type\":\"WebPage\",\"@id\":\"https:\/\/mhf.ro\/mm\/ambasadorii-ne-cearta-pentru-neplata-furnizorilor-de-energie\/\",\"url\":\"https:\/\/mhf.ro\/mm\/ambasadorii-ne-cearta-pentru-neplata-furnizorilor-de-energie\/\",\"name\":\"Ambasadorii ne ceart\u0103 pentru neplata furnizorilor de energie - MHF Photography\",\"isPartOf\":{\"@id\":\"https:\/\/mhf.ro\/mm\/#website\"},\"primaryImageOfPage\":{\"@id\":\"https:\/\/mhf.ro\/mm\/ambasadorii-ne-cearta-pentru-neplata-furnizorilor-de-energie\/#primaryimage\"},\"image\":{\"@id\":\"https:\/\/mhf.ro\/mm\/ambasadorii-ne-cearta-pentru-neplata-furnizorilor-de-energie\/#primaryimage\"},\"thumbnailUrl\":\"https:\/\/mhf.ro\/mm\/wp-content\/uploads\/2022\/02\/contor.jpg\",\"datePublished\":\"2022-02-24T06:06:37+00:00\",\"breadcrumb\":{\"@id\":\"https:\/\/mhf.ro\/mm\/ambasadorii-ne-cearta-pentru-neplata-furnizorilor-de-energie\/#breadcrumb\"},\"inLanguage\":\"ro-RO\",\"potentialAction\":[{\"@type\":\"ReadAction\",\"target\":[\"https:\/\/mhf.ro\/mm\/ambasadorii-ne-cearta-pentru-neplata-furnizorilor-de-energie\/\"]}]},{\"@type\":\"ImageObject\",\"inLanguage\":\"ro-RO\",\"@id\":\"https:\/\/mhf.ro\/mm\/ambasadorii-ne-cearta-pentru-neplata-furnizorilor-de-energie\/#primaryimage\",\"url\":\"https:\/\/mhf.ro\/mm\/wp-content\/uploads\/2022\/02\/contor.jpg\",\"contentUrl\":\"https:\/\/mhf.ro\/mm\/wp-content\/uploads\/2022\/02\/contor.jpg\",\"width\":709,\"height\":567},{\"@type\":\"BreadcrumbList\",\"@id\":\"https:\/\/mhf.ro\/mm\/ambasadorii-ne-cearta-pentru-neplata-furnizorilor-de-energie\/#breadcrumb\",\"itemListElement\":[{\"@type\":\"ListItem\",\"position\":1,\"name\":\"Prima pagin\u0103\",\"item\":\"https:\/\/mhf.ro\/mm\/\"},{\"@type\":\"ListItem\",\"position\":2,\"name\":\"Ambasadorii ne ceart\u0103 pentru neplata furnizorilor de energie\"}]},{\"@type\":\"WebSite\",\"@id\":\"https:\/\/mhf.ro\/mm\/#website\",\"url\":\"https:\/\/mhf.ro\/mm\/\",\"name\":\"MHF Photography \u2013 Blog de fotografie, natur\u0103 \u0219i tehnic\u0103 divers\u0103\",\"description\":\"Aventur\u0103 \u00een fiecare cadru.\",\"publisher\":{\"@id\":\"https:\/\/mhf.ro\/mm\/#\/schema\/person\/a3bebf7bdb4bf12f698aff73c7e46c21\"},\"potentialAction\":[{\"@type\":\"SearchAction\",\"target\":{\"@type\":\"EntryPoint\",\"urlTemplate\":\"https:\/\/mhf.ro\/mm\/?s={search_term_string}\"},\"query-input\":{\"@type\":\"PropertyValueSpecification\",\"valueRequired\":true,\"valueName\":\"search_term_string\"}}],\"inLanguage\":\"ro-RO\"},{\"@type\":[\"Person\",\"Organization\"],\"@id\":\"https:\/\/mhf.ro\/mm\/#\/schema\/person\/a3bebf7bdb4bf12f698aff73c7e46c21\",\"name\":\"Marius Marcu\",\"image\":{\"@type\":\"ImageObject\",\"inLanguage\":\"ro-RO\",\"@id\":\"https:\/\/mhf.ro\/mm\/#\/schema\/person\/image\/\",\"url\":\"https:\/\/mhf.ro\/mm\/wp-content\/uploads\/2025\/12\/cropped-logo_mhf_2.png\",\"contentUrl\":\"https:\/\/mhf.ro\/mm\/wp-content\/uploads\/2025\/12\/cropped-logo_mhf_2.png\",\"width\":1096,\"height\":457,\"caption\":\"Marius Marcu\"},\"logo\":{\"@id\":\"https:\/\/mhf.ro\/mm\/#\/schema\/person\/image\/\"},\"sameAs\":[\"https:\/\/mhf.ro\/mm\"],\"url\":\"https:\/\/mhf.ro\/mm\/author\/mihai\/\"}]}<\/script>\n<!-- \/ Yoast SEO plugin. -->","yoast_head_json":{"title":"Ambasadorii ne ceart\u0103 pentru neplata furnizorilor de energie - MHF Photography","robots":{"index":"index","follow":"follow","max-snippet":"max-snippet:-1","max-image-preview":"max-image-preview:large","max-video-preview":"max-video-preview:-1"},"canonical":"https:\/\/mhf.ro\/mm\/ambasadorii-ne-cearta-pentru-neplata-furnizorilor-de-energie\/","og_locale":"ro_RO","og_type":"article","og_title":"Ambasadorii ne ceart\u0103 pentru neplata furnizorilor de energie - MHF Photography","og_description":"Mai mul\u0163i ambasadori solicit\u0103 Guvernului Ciuc\u0103 s\u0103 pl\u0103teasc\u0103 furnizorii de energie pentru plafonarea \u015fi compensarea facturilor. \u00centr-o scrisoare adresat\u0103 ministrului","og_url":"https:\/\/mhf.ro\/mm\/ambasadorii-ne-cearta-pentru-neplata-furnizorilor-de-energie\/","og_site_name":"MHF Photography","article_published_time":"2022-02-24T06:06:37+00:00","og_image":[{"width":709,"height":567,"url":"https:\/\/mhf.ro\/mm\/wp-content\/uploads\/2022\/02\/contor.jpg","type":"image\/jpeg"}],"author":"Marius Marcu","twitter_card":"summary_large_image","twitter_misc":{"Scris de":"Marius Marcu","Timp estimat pentru citire":"2 minute"},"schema":{"@context":"https:\/\/schema.org","@graph":[{"@type":"Article","@id":"https:\/\/mhf.ro\/mm\/ambasadorii-ne-cearta-pentru-neplata-furnizorilor-de-energie\/#article","isPartOf":{"@id":"https:\/\/mhf.ro\/mm\/ambasadorii-ne-cearta-pentru-neplata-furnizorilor-de-energie\/"},"author":{"name":"Marius Marcu","@id":"https:\/\/mhf.ro\/mm\/#\/schema\/person\/a3bebf7bdb4bf12f698aff73c7e46c21"},"headline":"Ambasadorii ne ceart\u0103 pentru neplata furnizorilor de energie","datePublished":"2022-02-24T06:06:37+00:00","mainEntityOfPage":{"@id":"https:\/\/mhf.ro\/mm\/ambasadorii-ne-cearta-pentru-neplata-furnizorilor-de-energie\/"},"wordCount":434,"commentCount":0,"publisher":{"@id":"https:\/\/mhf.ro\/mm\/#\/schema\/person\/a3bebf7bdb4bf12f698aff73c7e46c21"},"image":{"@id":"https:\/\/mhf.ro\/mm\/ambasadorii-ne-cearta-pentru-neplata-furnizorilor-de-energie\/#primaryimage"},"thumbnailUrl":"https:\/\/mhf.ro\/mm\/wp-content\/uploads\/2022\/02\/contor.jpg","articleSection":["Locale"],"inLanguage":"ro-RO","potentialAction":[{"@type":"CommentAction","name":"Comment","target":["https:\/\/mhf.ro\/mm\/ambasadorii-ne-cearta-pentru-neplata-furnizorilor-de-energie\/#respond"]}]},{"@type":"WebPage","@id":"https:\/\/mhf.ro\/mm\/ambasadorii-ne-cearta-pentru-neplata-furnizorilor-de-energie\/","url":"https:\/\/mhf.ro\/mm\/ambasadorii-ne-cearta-pentru-neplata-furnizorilor-de-energie\/","name":"Ambasadorii ne ceart\u0103 pentru neplata furnizorilor de energie - MHF Photography","isPartOf":{"@id":"https:\/\/mhf.ro\/mm\/#website"},"primaryImageOfPage":{"@id":"https:\/\/mhf.ro\/mm\/ambasadorii-ne-cearta-pentru-neplata-furnizorilor-de-energie\/#primaryimage"},"image":{"@id":"https:\/\/mhf.ro\/mm\/ambasadorii-ne-cearta-pentru-neplata-furnizorilor-de-energie\/#primaryimage"},"thumbnailUrl":"https:\/\/mhf.ro\/mm\/wp-content\/uploads\/2022\/02\/contor.jpg","datePublished":"2022-02-24T06:06:37+00:00","breadcrumb":{"@id":"https:\/\/mhf.ro\/mm\/ambasadorii-ne-cearta-pentru-neplata-furnizorilor-de-energie\/#breadcrumb"},"inLanguage":"ro-RO","potentialAction":[{"@type":"ReadAction","target":["https:\/\/mhf.ro\/mm\/ambasadorii-ne-cearta-pentru-neplata-furnizorilor-de-energie\/"]}]},{"@type":"ImageObject","inLanguage":"ro-RO","@id":"https:\/\/mhf.ro\/mm\/ambasadorii-ne-cearta-pentru-neplata-furnizorilor-de-energie\/#primaryimage","url":"https:\/\/mhf.ro\/mm\/wp-content\/uploads\/2022\/02\/contor.jpg","contentUrl":"https:\/\/mhf.ro\/mm\/wp-content\/uploads\/2022\/02\/contor.jpg","width":709,"height":567},{"@type":"BreadcrumbList","@id":"https:\/\/mhf.ro\/mm\/ambasadorii-ne-cearta-pentru-neplata-furnizorilor-de-energie\/#breadcrumb","itemListElement":[{"@type":"ListItem","position":1,"name":"Prima pagin\u0103","item":"https:\/\/mhf.ro\/mm\/"},{"@type":"ListItem","position":2,"name":"Ambasadorii ne ceart\u0103 pentru neplata furnizorilor de energie"}]},{"@type":"WebSite","@id":"https:\/\/mhf.ro\/mm\/#website","url":"https:\/\/mhf.ro\/mm\/","name":"MHF Photography \u2013 Blog de fotografie, natur\u0103 \u0219i tehnic\u0103 divers\u0103","description":"Aventur\u0103 \u00een fiecare cadru.","publisher":{"@id":"https:\/\/mhf.ro\/mm\/#\/schema\/person\/a3bebf7bdb4bf12f698aff73c7e46c21"},"potentialAction":[{"@type":"SearchAction","target":{"@type":"EntryPoint","urlTemplate":"https:\/\/mhf.ro\/mm\/?s={search_term_string}"},"query-input":{"@type":"PropertyValueSpecification","valueRequired":true,"valueName":"search_term_string"}}],"inLanguage":"ro-RO"},{"@type":["Person","Organization"],"@id":"https:\/\/mhf.ro\/mm\/#\/schema\/person\/a3bebf7bdb4bf12f698aff73c7e46c21","name":"Marius Marcu","image":{"@type":"ImageObject","inLanguage":"ro-RO","@id":"https:\/\/mhf.ro\/mm\/#\/schema\/person\/image\/","url":"https:\/\/mhf.ro\/mm\/wp-content\/uploads\/2025\/12\/cropped-logo_mhf_2.png","contentUrl":"https:\/\/mhf.ro\/mm\/wp-content\/uploads\/2025\/12\/cropped-logo_mhf_2.png","width":1096,"height":457,"caption":"Marius Marcu"},"logo":{"@id":"https:\/\/mhf.ro\/mm\/#\/schema\/person\/image\/"},"sameAs":["https:\/\/mhf.ro\/mm"],"url":"https:\/\/mhf.ro\/mm\/author\/mihai\/"}]}},"_links":{"self":[{"href":"https:\/\/mhf.ro\/mm\/wp-json\/wp\/v2\/posts\/6550","targetHints":{"allow":["GET"]}}],"collection":[{"href":"https:\/\/mhf.ro\/mm\/wp-json\/wp\/v2\/posts"}],"about":[{"href":"https:\/\/mhf.ro\/mm\/wp-json\/wp\/v2\/types\/post"}],"author":[{"embeddable":true,"href":"https:\/\/mhf.ro\/mm\/wp-json\/wp\/v2\/users\/1"}],"replies":[{"embeddable":true,"href":"https:\/\/mhf.ro\/mm\/wp-json\/wp\/v2\/comments?post=6550"}],"version-history":[{"count":1,"href":"https:\/\/mhf.ro\/mm\/wp-json\/wp\/v2\/posts\/6550\/revisions"}],"predecessor-version":[{"id":6553,"href":"https:\/\/mhf.ro\/mm\/wp-json\/wp\/v2\/posts\/6550\/revisions\/6553"}],"wp:featuredmedia":[{"embeddable":true,"href":"https:\/\/mhf.ro\/mm\/wp-json\/wp\/v2\/media\/6551"}],"wp:attachment":[{"href":"https:\/\/mhf.ro\/mm\/wp-json\/wp\/v2\/media?parent=6550"}],"wp:term":[{"taxonomy":"category","embeddable":true,"href":"https:\/\/mhf.ro\/mm\/wp-json\/wp\/v2\/categories?post=6550"},{"taxonomy":"post_tag","embeddable":true,"href":"https:\/\/mhf.ro\/mm\/wp-json\/wp\/v2\/tags?post=6550"}],"curies":[{"name":"wp","href":"https:\/\/api.w.org\/{rel}","templated":true}]}}