{"id":6561,"date":"2022-02-25T09:07:52","date_gmt":"2022-02-25T07:07:52","guid":{"rendered":"https:\/\/mhf.ro\/mm\/?p=6561"},"modified":"2022-02-25T09:07:52","modified_gmt":"2022-02-25T07:07:52","slug":"criza-facturilor-masurile-se-vor-aplica-un-an-de-zile","status":"publish","type":"post","link":"https:\/\/mhf.ro\/mm\/criza-facturilor-masurile-se-vor-aplica-un-an-de-zile\/","title":{"rendered":"Criza facturilor: m\u0103surile se vor aplica un an de zile"},"content":{"rendered":"<p>Premierul Nicolae Ciuc\u0103 a anun\u021bat, joi, c\u0103 m\u0103surile pentru combaterea pre\u0163urilor la energie \u015fi gaz se vor aplica un an de zile. Impact financiar total va fi de 14,5 miliarde lei p\u00e2n\u0103 la finele anului 2022, spune \u0219eful Guvernului.<\/p>\n<h2>M\u0103surile de sprijin la electricitate: Impactul total este de 9,16 miliarde de lei<\/h2>\n<p>\u201eLa electricitate pentru clien\u021bii casnici\u00a0s-a stabilit introducerea unui tarif social 0,68 lei per kilowatt cu TVA inclus pentru gospod\u0103riile cu un consum lunar p\u00e2n\u0103 \u00een 100 de kilowa\u021bi. Sunt peste 4 milioane de gospod\u0103rii care se \u00eencadreaz\u0103 la acest timp de consum.<\/p>\n<p>Alte 4 milioane de gospod\u0103rii care au un consum lunar de energie electric\u0103 \u00eentre 100 \u0219i 300 de kw vor beneficia de tariful de 0,8 lei per kilowatt cu TVA inclus. Impactul acestui pachet de sprijin este estimat la 3,62 miliarde de lei.<\/p>\n<p>Pentru clien\u021bii non-casnici, IMM-uri, institu\u021bii publice, spitale, \u0219coli, gr\u0103dini\u021be, loca\u0219uri de cult, ONG-uri etc va fi un tarif unic de 1 leu per kilowatt cu TVA inclus. Impactul estimat pentru m\u0103surile de sprijin pentru aceste categorii de beneficiari este de 5,54 miliarde de lei.<\/p>\n<p>pentru marii consumatori de energie\u00a0se vor aplica scheme de ajutor de stat care vor asigura reducerea costurilor cu p\u00e2n\u0103 la 20%.\u00a0\u00cen total impactul estimat al m\u0103surilor de sprijin pentru consumatorii casnici \u0219i non-casnici este la electricitate de\u00a09,16 miliarde lei\u00a0p\u00e2n\u0103 la sf\u00e2r\u0219itul acestui an\u201d, a spus Ciuc\u0103, potrivit\u00a0News.ro.<\/p>\n<h2>M\u0103surile de sprijin la gaze naturale: Impactul total estimat este de 5,3 miliarde de lei<\/h2>\n<p>\u201dLa gaze naturale, clien\u0163ii casnici care vor avea un consum anual de p\u00e2n\u0103 la 1200 de metri cubi vor beneficia de un tarif de 0,31 RON pe kilowatt. Impact estimat \u2013 2,8 miliarde RON p\u00e2n\u0103 la sf\u00e2r\u015fitul anului. Pentru consumatorii non-casnici, costul gazului natural va fi de 0,37 lei pe kW, la IMM,\u00a0 institu\u0163ii publice, spitale, \u015fcoli, gr\u0103dini\u0163e, l\u0103ca\u015furi de cult, prim\u0103rii, universit\u0103\u0163i, ONG-uri \u015fi alte asemenea institu\u0163ii, excluz\u00e2nd marii consumatori care vor beneficia de scheme separate. Impact estimat 2,5 miliarde lei p\u00e2n\u0103 la sf\u00e2r\u015fitul anului\u201d, a ad\u0103ugat premierul. (conf. Jurnalist.ro)<\/p>\n","protected":false},"excerpt":{"rendered":"<p>Premierul Nicolae Ciuc\u0103 a anun\u021bat, joi, c\u0103 m\u0103surile pentru combaterea pre\u0163urilor la energie \u015fi gaz se vor aplica un an<\/p>\n","protected":false},"author":1,"featured_media":6562,"comment_status":"open","ping_status":"open","sticky":false,"template":"","format":"standard","meta":{"colormag_page_container_layout":"default_layout","colormag_page_sidebar_layout":"default_layout","footnotes":""},"categories":[5],"tags":[],"class_list":["post-6561","post","type-post","status-publish","format-standard","has-post-thumbnail","hentry","category-locale"],"yoast_head":"<!-- This site is optimized with the Yoast SEO plugin v27.0 - https:\/\/yoast.com\/product\/yoast-seo-wordpress\/ -->\n<title>Criza facturilor: m\u0103surile se vor aplica un an de zile - MHF Photography<\/title>\n<meta name=\"robots\" content=\"index, follow, max-snippet:-1, max-image-preview:large, max-video-preview:-1\" \/>\n<link rel=\"canonical\" href=\"https:\/\/mhf.ro\/mm\/criza-facturilor-masurile-se-vor-aplica-un-an-de-zile\/\" \/>\n<meta property=\"og:locale\" content=\"ro_RO\" \/>\n<meta property=\"og:type\" content=\"article\" \/>\n<meta property=\"og:title\" content=\"Criza facturilor: m\u0103surile se vor aplica un an de zile - MHF Photography\" \/>\n<meta property=\"og:description\" content=\"Premierul Nicolae Ciuc\u0103 a anun\u021bat, joi, c\u0103 m\u0103surile pentru combaterea pre\u0163urilor la energie \u015fi gaz se vor aplica un an\" \/>\n<meta property=\"og:url\" content=\"https:\/\/mhf.ro\/mm\/criza-facturilor-masurile-se-vor-aplica-un-an-de-zile\/\" \/>\n<meta property=\"og:site_name\" content=\"MHF Photography\" \/>\n<meta property=\"article:published_time\" content=\"2022-02-25T07:07:52+00:00\" \/>\n<meta property=\"og:image\" content=\"https:\/\/mhf.ro\/mm\/wp-content\/uploads\/2022\/02\/bani-factura.jpg\" \/>\n\t<meta property=\"og:image:width\" content=\"700\" \/>\n\t<meta property=\"og:image:height\" content=\"368\" \/>\n\t<meta property=\"og:image:type\" content=\"image\/jpeg\" \/>\n<meta name=\"author\" content=\"Marius Marcu\" \/>\n<meta name=\"twitter:card\" content=\"summary_large_image\" \/>\n<meta name=\"twitter:label1\" content=\"Scris de\" \/>\n\t<meta name=\"twitter:data1\" content=\"Marius Marcu\" \/>\n\t<meta name=\"twitter:label2\" content=\"Timp estimat pentru citire\" \/>\n\t<meta name=\"twitter:data2\" content=\"2 minute\" \/>\n<script type=\"application\/ld+json\" class=\"yoast-schema-graph\">{\"@context\":\"https:\/\/schema.org\",\"@graph\":[{\"@type\":\"Article\",\"@id\":\"https:\/\/mhf.ro\/mm\/criza-facturilor-masurile-se-vor-aplica-un-an-de-zile\/#article\",\"isPartOf\":{\"@id\":\"https:\/\/mhf.ro\/mm\/criza-facturilor-masurile-se-vor-aplica-un-an-de-zile\/\"},\"author\":{\"name\":\"Marius Marcu\",\"@id\":\"https:\/\/mhf.ro\/mm\/#\/schema\/person\/a3bebf7bdb4bf12f698aff73c7e46c21\"},\"headline\":\"Criza facturilor: m\u0103surile se vor aplica un an de zile\",\"datePublished\":\"2022-02-25T07:07:52+00:00\",\"mainEntityOfPage\":{\"@id\":\"https:\/\/mhf.ro\/mm\/criza-facturilor-masurile-se-vor-aplica-un-an-de-zile\/\"},\"wordCount\":372,\"commentCount\":0,\"publisher\":{\"@id\":\"https:\/\/mhf.ro\/mm\/#\/schema\/person\/a3bebf7bdb4bf12f698aff73c7e46c21\"},\"image\":{\"@id\":\"https:\/\/mhf.ro\/mm\/criza-facturilor-masurile-se-vor-aplica-un-an-de-zile\/#primaryimage\"},\"thumbnailUrl\":\"https:\/\/mhf.ro\/mm\/wp-content\/uploads\/2022\/02\/bani-factura.jpg\",\"articleSection\":[\"Locale\"],\"inLanguage\":\"ro-RO\",\"potentialAction\":[{\"@type\":\"CommentAction\",\"name\":\"Comment\",\"target\":[\"https:\/\/mhf.ro\/mm\/criza-facturilor-masurile-se-vor-aplica-un-an-de-zile\/#respond\"]}]},{\"@type\":\"WebPage\",\"@id\":\"https:\/\/mhf.ro\/mm\/criza-facturilor-masurile-se-vor-aplica-un-an-de-zile\/\",\"url\":\"https:\/\/mhf.ro\/mm\/criza-facturilor-masurile-se-vor-aplica-un-an-de-zile\/\",\"name\":\"Criza facturilor: m\u0103surile se vor aplica un an de zile - MHF Photography\",\"isPartOf\":{\"@id\":\"https:\/\/mhf.ro\/mm\/#website\"},\"primaryImageOfPage\":{\"@id\":\"https:\/\/mhf.ro\/mm\/criza-facturilor-masurile-se-vor-aplica-un-an-de-zile\/#primaryimage\"},\"image\":{\"@id\":\"https:\/\/mhf.ro\/mm\/criza-facturilor-masurile-se-vor-aplica-un-an-de-zile\/#primaryimage\"},\"thumbnailUrl\":\"https:\/\/mhf.ro\/mm\/wp-content\/uploads\/2022\/02\/bani-factura.jpg\",\"datePublished\":\"2022-02-25T07:07:52+00:00\",\"breadcrumb\":{\"@id\":\"https:\/\/mhf.ro\/mm\/criza-facturilor-masurile-se-vor-aplica-un-an-de-zile\/#breadcrumb\"},\"inLanguage\":\"ro-RO\",\"potentialAction\":[{\"@type\":\"ReadAction\",\"target\":[\"https:\/\/mhf.ro\/mm\/criza-facturilor-masurile-se-vor-aplica-un-an-de-zile\/\"]}]},{\"@type\":\"ImageObject\",\"inLanguage\":\"ro-RO\",\"@id\":\"https:\/\/mhf.ro\/mm\/criza-facturilor-masurile-se-vor-aplica-un-an-de-zile\/#primaryimage\",\"url\":\"https:\/\/mhf.ro\/mm\/wp-content\/uploads\/2022\/02\/bani-factura.jpg\",\"contentUrl\":\"https:\/\/mhf.ro\/mm\/wp-content\/uploads\/2022\/02\/bani-factura.jpg\",\"width\":700,\"height\":368},{\"@type\":\"BreadcrumbList\",\"@id\":\"https:\/\/mhf.ro\/mm\/criza-facturilor-masurile-se-vor-aplica-un-an-de-zile\/#breadcrumb\",\"itemListElement\":[{\"@type\":\"ListItem\",\"position\":1,\"name\":\"Prima pagin\u0103\",\"item\":\"https:\/\/mhf.ro\/mm\/\"},{\"@type\":\"ListItem\",\"position\":2,\"name\":\"Criza facturilor: m\u0103surile se vor aplica un an de zile\"}]},{\"@type\":\"WebSite\",\"@id\":\"https:\/\/mhf.ro\/mm\/#website\",\"url\":\"https:\/\/mhf.ro\/mm\/\",\"name\":\"MHF Photography \u2013 Blog de fotografie, natur\u0103 \u0219i tehnic\u0103 divers\u0103\",\"description\":\"Aventur\u0103 \u00een fiecare cadru.\",\"publisher\":{\"@id\":\"https:\/\/mhf.ro\/mm\/#\/schema\/person\/a3bebf7bdb4bf12f698aff73c7e46c21\"},\"potentialAction\":[{\"@type\":\"SearchAction\",\"target\":{\"@type\":\"EntryPoint\",\"urlTemplate\":\"https:\/\/mhf.ro\/mm\/?s={search_term_string}\"},\"query-input\":{\"@type\":\"PropertyValueSpecification\",\"valueRequired\":true,\"valueName\":\"search_term_string\"}}],\"inLanguage\":\"ro-RO\"},{\"@type\":[\"Person\",\"Organization\"],\"@id\":\"https:\/\/mhf.ro\/mm\/#\/schema\/person\/a3bebf7bdb4bf12f698aff73c7e46c21\",\"name\":\"Marius Marcu\",\"image\":{\"@type\":\"ImageObject\",\"inLanguage\":\"ro-RO\",\"@id\":\"https:\/\/mhf.ro\/mm\/#\/schema\/person\/image\/\",\"url\":\"https:\/\/mhf.ro\/mm\/wp-content\/uploads\/2025\/12\/cropped-logo_mhf_2.png\",\"contentUrl\":\"https:\/\/mhf.ro\/mm\/wp-content\/uploads\/2025\/12\/cropped-logo_mhf_2.png\",\"width\":1096,\"height\":457,\"caption\":\"Marius Marcu\"},\"logo\":{\"@id\":\"https:\/\/mhf.ro\/mm\/#\/schema\/person\/image\/\"},\"sameAs\":[\"https:\/\/mhf.ro\/mm\"],\"url\":\"https:\/\/mhf.ro\/mm\/author\/mihai\/\"}]}<\/script>\n<!-- \/ Yoast SEO plugin. -->","yoast_head_json":{"title":"Criza facturilor: m\u0103surile se vor aplica un an de zile - MHF Photography","robots":{"index":"index","follow":"follow","max-snippet":"max-snippet:-1","max-image-preview":"max-image-preview:large","max-video-preview":"max-video-preview:-1"},"canonical":"https:\/\/mhf.ro\/mm\/criza-facturilor-masurile-se-vor-aplica-un-an-de-zile\/","og_locale":"ro_RO","og_type":"article","og_title":"Criza facturilor: m\u0103surile se vor aplica un an de zile - MHF Photography","og_description":"Premierul Nicolae Ciuc\u0103 a anun\u021bat, joi, c\u0103 m\u0103surile pentru combaterea pre\u0163urilor la energie \u015fi gaz se vor aplica un an","og_url":"https:\/\/mhf.ro\/mm\/criza-facturilor-masurile-se-vor-aplica-un-an-de-zile\/","og_site_name":"MHF Photography","article_published_time":"2022-02-25T07:07:52+00:00","og_image":[{"width":700,"height":368,"url":"https:\/\/mhf.ro\/mm\/wp-content\/uploads\/2022\/02\/bani-factura.jpg","type":"image\/jpeg"}],"author":"Marius Marcu","twitter_card":"summary_large_image","twitter_misc":{"Scris de":"Marius Marcu","Timp estimat pentru citire":"2 minute"},"schema":{"@context":"https:\/\/schema.org","@graph":[{"@type":"Article","@id":"https:\/\/mhf.ro\/mm\/criza-facturilor-masurile-se-vor-aplica-un-an-de-zile\/#article","isPartOf":{"@id":"https:\/\/mhf.ro\/mm\/criza-facturilor-masurile-se-vor-aplica-un-an-de-zile\/"},"author":{"name":"Marius Marcu","@id":"https:\/\/mhf.ro\/mm\/#\/schema\/person\/a3bebf7bdb4bf12f698aff73c7e46c21"},"headline":"Criza facturilor: m\u0103surile se vor aplica un an de zile","datePublished":"2022-02-25T07:07:52+00:00","mainEntityOfPage":{"@id":"https:\/\/mhf.ro\/mm\/criza-facturilor-masurile-se-vor-aplica-un-an-de-zile\/"},"wordCount":372,"commentCount":0,"publisher":{"@id":"https:\/\/mhf.ro\/mm\/#\/schema\/person\/a3bebf7bdb4bf12f698aff73c7e46c21"},"image":{"@id":"https:\/\/mhf.ro\/mm\/criza-facturilor-masurile-se-vor-aplica-un-an-de-zile\/#primaryimage"},"thumbnailUrl":"https:\/\/mhf.ro\/mm\/wp-content\/uploads\/2022\/02\/bani-factura.jpg","articleSection":["Locale"],"inLanguage":"ro-RO","potentialAction":[{"@type":"CommentAction","name":"Comment","target":["https:\/\/mhf.ro\/mm\/criza-facturilor-masurile-se-vor-aplica-un-an-de-zile\/#respond"]}]},{"@type":"WebPage","@id":"https:\/\/mhf.ro\/mm\/criza-facturilor-masurile-se-vor-aplica-un-an-de-zile\/","url":"https:\/\/mhf.ro\/mm\/criza-facturilor-masurile-se-vor-aplica-un-an-de-zile\/","name":"Criza facturilor: m\u0103surile se vor aplica un an de zile - MHF Photography","isPartOf":{"@id":"https:\/\/mhf.ro\/mm\/#website"},"primaryImageOfPage":{"@id":"https:\/\/mhf.ro\/mm\/criza-facturilor-masurile-se-vor-aplica-un-an-de-zile\/#primaryimage"},"image":{"@id":"https:\/\/mhf.ro\/mm\/criza-facturilor-masurile-se-vor-aplica-un-an-de-zile\/#primaryimage"},"thumbnailUrl":"https:\/\/mhf.ro\/mm\/wp-content\/uploads\/2022\/02\/bani-factura.jpg","datePublished":"2022-02-25T07:07:52+00:00","breadcrumb":{"@id":"https:\/\/mhf.ro\/mm\/criza-facturilor-masurile-se-vor-aplica-un-an-de-zile\/#breadcrumb"},"inLanguage":"ro-RO","potentialAction":[{"@type":"ReadAction","target":["https:\/\/mhf.ro\/mm\/criza-facturilor-masurile-se-vor-aplica-un-an-de-zile\/"]}]},{"@type":"ImageObject","inLanguage":"ro-RO","@id":"https:\/\/mhf.ro\/mm\/criza-facturilor-masurile-se-vor-aplica-un-an-de-zile\/#primaryimage","url":"https:\/\/mhf.ro\/mm\/wp-content\/uploads\/2022\/02\/bani-factura.jpg","contentUrl":"https:\/\/mhf.ro\/mm\/wp-content\/uploads\/2022\/02\/bani-factura.jpg","width":700,"height":368},{"@type":"BreadcrumbList","@id":"https:\/\/mhf.ro\/mm\/criza-facturilor-masurile-se-vor-aplica-un-an-de-zile\/#breadcrumb","itemListElement":[{"@type":"ListItem","position":1,"name":"Prima pagin\u0103","item":"https:\/\/mhf.ro\/mm\/"},{"@type":"ListItem","position":2,"name":"Criza facturilor: m\u0103surile se vor aplica un an de zile"}]},{"@type":"WebSite","@id":"https:\/\/mhf.ro\/mm\/#website","url":"https:\/\/mhf.ro\/mm\/","name":"MHF Photography \u2013 Blog de fotografie, natur\u0103 \u0219i tehnic\u0103 divers\u0103","description":"Aventur\u0103 \u00een fiecare cadru.","publisher":{"@id":"https:\/\/mhf.ro\/mm\/#\/schema\/person\/a3bebf7bdb4bf12f698aff73c7e46c21"},"potentialAction":[{"@type":"SearchAction","target":{"@type":"EntryPoint","urlTemplate":"https:\/\/mhf.ro\/mm\/?s={search_term_string}"},"query-input":{"@type":"PropertyValueSpecification","valueRequired":true,"valueName":"search_term_string"}}],"inLanguage":"ro-RO"},{"@type":["Person","Organization"],"@id":"https:\/\/mhf.ro\/mm\/#\/schema\/person\/a3bebf7bdb4bf12f698aff73c7e46c21","name":"Marius Marcu","image":{"@type":"ImageObject","inLanguage":"ro-RO","@id":"https:\/\/mhf.ro\/mm\/#\/schema\/person\/image\/","url":"https:\/\/mhf.ro\/mm\/wp-content\/uploads\/2025\/12\/cropped-logo_mhf_2.png","contentUrl":"https:\/\/mhf.ro\/mm\/wp-content\/uploads\/2025\/12\/cropped-logo_mhf_2.png","width":1096,"height":457,"caption":"Marius Marcu"},"logo":{"@id":"https:\/\/mhf.ro\/mm\/#\/schema\/person\/image\/"},"sameAs":["https:\/\/mhf.ro\/mm"],"url":"https:\/\/mhf.ro\/mm\/author\/mihai\/"}]}},"_links":{"self":[{"href":"https:\/\/mhf.ro\/mm\/wp-json\/wp\/v2\/posts\/6561","targetHints":{"allow":["GET"]}}],"collection":[{"href":"https:\/\/mhf.ro\/mm\/wp-json\/wp\/v2\/posts"}],"about":[{"href":"https:\/\/mhf.ro\/mm\/wp-json\/wp\/v2\/types\/post"}],"author":[{"embeddable":true,"href":"https:\/\/mhf.ro\/mm\/wp-json\/wp\/v2\/users\/1"}],"replies":[{"embeddable":true,"href":"https:\/\/mhf.ro\/mm\/wp-json\/wp\/v2\/comments?post=6561"}],"version-history":[{"count":1,"href":"https:\/\/mhf.ro\/mm\/wp-json\/wp\/v2\/posts\/6561\/revisions"}],"predecessor-version":[{"id":6563,"href":"https:\/\/mhf.ro\/mm\/wp-json\/wp\/v2\/posts\/6561\/revisions\/6563"}],"wp:featuredmedia":[{"embeddable":true,"href":"https:\/\/mhf.ro\/mm\/wp-json\/wp\/v2\/media\/6562"}],"wp:attachment":[{"href":"https:\/\/mhf.ro\/mm\/wp-json\/wp\/v2\/media?parent=6561"}],"wp:term":[{"taxonomy":"category","embeddable":true,"href":"https:\/\/mhf.ro\/mm\/wp-json\/wp\/v2\/categories?post=6561"},{"taxonomy":"post_tag","embeddable":true,"href":"https:\/\/mhf.ro\/mm\/wp-json\/wp\/v2\/tags?post=6561"}],"curies":[{"name":"wp","href":"https:\/\/api.w.org\/{rel}","templated":true}]}}