{"id":6568,"date":"2022-02-26T07:31:10","date_gmt":"2022-02-26T05:31:10","guid":{"rendered":"https:\/\/mhf.ro\/mm\/?p=6568"},"modified":"2022-02-26T07:31:10","modified_gmt":"2022-02-26T05:31:10","slug":"peste-10-mii-de-ucraineni-au-intrat-in-tara-in-24-de-ore","status":"publish","type":"post","link":"https:\/\/mhf.ro\/mm\/peste-10-mii-de-ucraineni-au-intrat-in-tara-in-24-de-ore\/","title":{"rendered":"Peste 10 mii de ucraineni au intrat \u00een \u021bar\u0103 \u00een 24 de ore"},"content":{"rendered":"<p>Ministrul Administra\u0163iei \u015fi Internelor,\u00a0Lucian Bode, a transmis, vineri, c\u0103 aproximativ 10.624 de refugia\u021bi au intrat \u00een ultimele 24 de ore \u00een Rom\u00e2nia dintre care 3.660 de persoane au tranzitat \u021bara \u0219i 6.964 de ucrainieni au r\u0103mas \u00een \u021bara noastr\u0103.<\/p>\n<p>Doar 11 persoane care au sosit \u00een Rom\u00e2nia din Ucraina au solicitate azil. Cei care nu solocit\u0103 azil pot sta pe teritoriul Rom\u00e2niei doar 90 de zile.<\/p>\n<p>Ministrul a spus c\u0103 ne preg\u0103tim pentru un aflux necontrolat de refugia\u021bi. \u0218i c\u0103 ne asum\u0103m obliga\u021bia.<\/p>\n<p>\u201dSuntem preg\u0103ti\u0163i pentru orice scenariu cu m\u0103suri de urgen\u0103 care s\u0103 limiteze la maxim aceast\u0103 agresiune armat\u0103 asupra popula\u0163iei. Ne afl\u0103m sub protec\u0163ia\u00a0NATO, vreau s\u0103 \u00eei asigur pe to\u0163i rom\u00e2nii c\u0103 sunt bine proteja\u0163i, iar securitatea Rom\u00e2niei este garantat\u0103. Doar \u00eempreun\u0103, solidari \u00een ac\u0163iuni, al\u0103turi de NATO, al\u0103turi de partenerii strategici, UE \u015fi\u00a0SUA, vom reu\u015fi s\u0103 contracar\u0103m efectele acestui atac armat nejustificat\u201d, a mai afirmat ministrul Lucian Bode. (conf. Jurnalist.ro)<\/p>\n","protected":false},"excerpt":{"rendered":"<p>Ministrul Administra\u0163iei \u015fi Internelor,\u00a0Lucian Bode, a transmis, vineri, c\u0103 aproximativ 10.624 de refugia\u021bi au intrat \u00een ultimele 24 de ore<\/p>\n","protected":false},"author":1,"featured_media":6569,"comment_status":"open","ping_status":"open","sticky":false,"template":"","format":"standard","meta":{"colormag_page_container_layout":"default_layout","colormag_page_sidebar_layout":"default_layout","footnotes":""},"categories":[5],"tags":[],"class_list":["post-6568","post","type-post","status-publish","format-standard","has-post-thumbnail","hentry","category-locale"],"yoast_head":"<!-- This site is optimized with the Yoast SEO plugin v27.0 - https:\/\/yoast.com\/product\/yoast-seo-wordpress\/ -->\n<title>Peste 10 mii de ucraineni au intrat \u00een \u021bar\u0103 \u00een 24 de ore - MHF Photography<\/title>\n<meta name=\"robots\" content=\"index, follow, max-snippet:-1, max-image-preview:large, max-video-preview:-1\" \/>\n<link rel=\"canonical\" href=\"https:\/\/mhf.ro\/mm\/peste-10-mii-de-ucraineni-au-intrat-in-tara-in-24-de-ore\/\" \/>\n<meta property=\"og:locale\" content=\"ro_RO\" \/>\n<meta property=\"og:type\" content=\"article\" \/>\n<meta property=\"og:title\" content=\"Peste 10 mii de ucraineni au intrat \u00een \u021bar\u0103 \u00een 24 de ore - MHF Photography\" \/>\n<meta property=\"og:description\" content=\"Ministrul Administra\u0163iei \u015fi Internelor,\u00a0Lucian Bode, a transmis, vineri, c\u0103 aproximativ 10.624 de refugia\u021bi au intrat \u00een ultimele 24 de ore\" \/>\n<meta property=\"og:url\" content=\"https:\/\/mhf.ro\/mm\/peste-10-mii-de-ucraineni-au-intrat-in-tara-in-24-de-ore\/\" \/>\n<meta property=\"og:site_name\" content=\"MHF Photography\" \/>\n<meta property=\"article:published_time\" content=\"2022-02-26T05:31:10+00:00\" \/>\n<meta property=\"og:image\" content=\"https:\/\/mhf.ro\/mm\/wp-content\/uploads\/2022\/02\/refugiati.jpg\" \/>\n\t<meta property=\"og:image:width\" content=\"860\" \/>\n\t<meta property=\"og:image:height\" content=\"573\" \/>\n\t<meta property=\"og:image:type\" content=\"image\/jpeg\" \/>\n<meta name=\"author\" content=\"Marius Marcu\" \/>\n<meta name=\"twitter:card\" content=\"summary_large_image\" \/>\n<meta name=\"twitter:label1\" content=\"Scris de\" \/>\n\t<meta name=\"twitter:data1\" content=\"Marius Marcu\" \/>\n\t<meta name=\"twitter:label2\" content=\"Timp estimat pentru citire\" \/>\n\t<meta name=\"twitter:data2\" content=\"1 minut\" \/>\n<script type=\"application\/ld+json\" class=\"yoast-schema-graph\">{\"@context\":\"https:\/\/schema.org\",\"@graph\":[{\"@type\":\"Article\",\"@id\":\"https:\/\/mhf.ro\/mm\/peste-10-mii-de-ucraineni-au-intrat-in-tara-in-24-de-ore\/#article\",\"isPartOf\":{\"@id\":\"https:\/\/mhf.ro\/mm\/peste-10-mii-de-ucraineni-au-intrat-in-tara-in-24-de-ore\/\"},\"author\":{\"name\":\"Marius Marcu\",\"@id\":\"https:\/\/mhf.ro\/mm\/#\/schema\/person\/a3bebf7bdb4bf12f698aff73c7e46c21\"},\"headline\":\"Peste 10 mii de ucraineni au intrat \u00een \u021bar\u0103 \u00een 24 de ore\",\"datePublished\":\"2022-02-26T05:31:10+00:00\",\"mainEntityOfPage\":{\"@id\":\"https:\/\/mhf.ro\/mm\/peste-10-mii-de-ucraineni-au-intrat-in-tara-in-24-de-ore\/\"},\"wordCount\":187,\"commentCount\":0,\"publisher\":{\"@id\":\"https:\/\/mhf.ro\/mm\/#\/schema\/person\/a3bebf7bdb4bf12f698aff73c7e46c21\"},\"image\":{\"@id\":\"https:\/\/mhf.ro\/mm\/peste-10-mii-de-ucraineni-au-intrat-in-tara-in-24-de-ore\/#primaryimage\"},\"thumbnailUrl\":\"https:\/\/mhf.ro\/mm\/wp-content\/uploads\/2022\/02\/refugiati.jpg\",\"articleSection\":[\"Locale\"],\"inLanguage\":\"ro-RO\",\"potentialAction\":[{\"@type\":\"CommentAction\",\"name\":\"Comment\",\"target\":[\"https:\/\/mhf.ro\/mm\/peste-10-mii-de-ucraineni-au-intrat-in-tara-in-24-de-ore\/#respond\"]}]},{\"@type\":\"WebPage\",\"@id\":\"https:\/\/mhf.ro\/mm\/peste-10-mii-de-ucraineni-au-intrat-in-tara-in-24-de-ore\/\",\"url\":\"https:\/\/mhf.ro\/mm\/peste-10-mii-de-ucraineni-au-intrat-in-tara-in-24-de-ore\/\",\"name\":\"Peste 10 mii de ucraineni au intrat \u00een \u021bar\u0103 \u00een 24 de ore - MHF Photography\",\"isPartOf\":{\"@id\":\"https:\/\/mhf.ro\/mm\/#website\"},\"primaryImageOfPage\":{\"@id\":\"https:\/\/mhf.ro\/mm\/peste-10-mii-de-ucraineni-au-intrat-in-tara-in-24-de-ore\/#primaryimage\"},\"image\":{\"@id\":\"https:\/\/mhf.ro\/mm\/peste-10-mii-de-ucraineni-au-intrat-in-tara-in-24-de-ore\/#primaryimage\"},\"thumbnailUrl\":\"https:\/\/mhf.ro\/mm\/wp-content\/uploads\/2022\/02\/refugiati.jpg\",\"datePublished\":\"2022-02-26T05:31:10+00:00\",\"breadcrumb\":{\"@id\":\"https:\/\/mhf.ro\/mm\/peste-10-mii-de-ucraineni-au-intrat-in-tara-in-24-de-ore\/#breadcrumb\"},\"inLanguage\":\"ro-RO\",\"potentialAction\":[{\"@type\":\"ReadAction\",\"target\":[\"https:\/\/mhf.ro\/mm\/peste-10-mii-de-ucraineni-au-intrat-in-tara-in-24-de-ore\/\"]}]},{\"@type\":\"ImageObject\",\"inLanguage\":\"ro-RO\",\"@id\":\"https:\/\/mhf.ro\/mm\/peste-10-mii-de-ucraineni-au-intrat-in-tara-in-24-de-ore\/#primaryimage\",\"url\":\"https:\/\/mhf.ro\/mm\/wp-content\/uploads\/2022\/02\/refugiati.jpg\",\"contentUrl\":\"https:\/\/mhf.ro\/mm\/wp-content\/uploads\/2022\/02\/refugiati.jpg\",\"width\":860,\"height\":573},{\"@type\":\"BreadcrumbList\",\"@id\":\"https:\/\/mhf.ro\/mm\/peste-10-mii-de-ucraineni-au-intrat-in-tara-in-24-de-ore\/#breadcrumb\",\"itemListElement\":[{\"@type\":\"ListItem\",\"position\":1,\"name\":\"Prima pagin\u0103\",\"item\":\"https:\/\/mhf.ro\/mm\/\"},{\"@type\":\"ListItem\",\"position\":2,\"name\":\"Peste 10 mii de ucraineni au intrat \u00een \u021bar\u0103 \u00een 24 de ore\"}]},{\"@type\":\"WebSite\",\"@id\":\"https:\/\/mhf.ro\/mm\/#website\",\"url\":\"https:\/\/mhf.ro\/mm\/\",\"name\":\"MHF Photography \u2013 Blog de fotografie, natur\u0103 \u0219i tehnic\u0103 divers\u0103\",\"description\":\"Aventur\u0103 \u00een fiecare cadru.\",\"publisher\":{\"@id\":\"https:\/\/mhf.ro\/mm\/#\/schema\/person\/a3bebf7bdb4bf12f698aff73c7e46c21\"},\"potentialAction\":[{\"@type\":\"SearchAction\",\"target\":{\"@type\":\"EntryPoint\",\"urlTemplate\":\"https:\/\/mhf.ro\/mm\/?s={search_term_string}\"},\"query-input\":{\"@type\":\"PropertyValueSpecification\",\"valueRequired\":true,\"valueName\":\"search_term_string\"}}],\"inLanguage\":\"ro-RO\"},{\"@type\":[\"Person\",\"Organization\"],\"@id\":\"https:\/\/mhf.ro\/mm\/#\/schema\/person\/a3bebf7bdb4bf12f698aff73c7e46c21\",\"name\":\"Marius Marcu\",\"image\":{\"@type\":\"ImageObject\",\"inLanguage\":\"ro-RO\",\"@id\":\"https:\/\/mhf.ro\/mm\/#\/schema\/person\/image\/\",\"url\":\"https:\/\/mhf.ro\/mm\/wp-content\/uploads\/2025\/12\/cropped-logo_mhf_2.png\",\"contentUrl\":\"https:\/\/mhf.ro\/mm\/wp-content\/uploads\/2025\/12\/cropped-logo_mhf_2.png\",\"width\":1096,\"height\":457,\"caption\":\"Marius Marcu\"},\"logo\":{\"@id\":\"https:\/\/mhf.ro\/mm\/#\/schema\/person\/image\/\"},\"sameAs\":[\"https:\/\/mhf.ro\/mm\"],\"url\":\"https:\/\/mhf.ro\/mm\/author\/mihai\/\"}]}<\/script>\n<!-- \/ Yoast SEO plugin. -->","yoast_head_json":{"title":"Peste 10 mii de ucraineni au intrat \u00een \u021bar\u0103 \u00een 24 de ore - MHF Photography","robots":{"index":"index","follow":"follow","max-snippet":"max-snippet:-1","max-image-preview":"max-image-preview:large","max-video-preview":"max-video-preview:-1"},"canonical":"https:\/\/mhf.ro\/mm\/peste-10-mii-de-ucraineni-au-intrat-in-tara-in-24-de-ore\/","og_locale":"ro_RO","og_type":"article","og_title":"Peste 10 mii de ucraineni au intrat \u00een \u021bar\u0103 \u00een 24 de ore - MHF Photography","og_description":"Ministrul Administra\u0163iei \u015fi Internelor,\u00a0Lucian Bode, a transmis, vineri, c\u0103 aproximativ 10.624 de refugia\u021bi au intrat \u00een ultimele 24 de ore","og_url":"https:\/\/mhf.ro\/mm\/peste-10-mii-de-ucraineni-au-intrat-in-tara-in-24-de-ore\/","og_site_name":"MHF Photography","article_published_time":"2022-02-26T05:31:10+00:00","og_image":[{"width":860,"height":573,"url":"https:\/\/mhf.ro\/mm\/wp-content\/uploads\/2022\/02\/refugiati.jpg","type":"image\/jpeg"}],"author":"Marius Marcu","twitter_card":"summary_large_image","twitter_misc":{"Scris de":"Marius Marcu","Timp estimat pentru citire":"1 minut"},"schema":{"@context":"https:\/\/schema.org","@graph":[{"@type":"Article","@id":"https:\/\/mhf.ro\/mm\/peste-10-mii-de-ucraineni-au-intrat-in-tara-in-24-de-ore\/#article","isPartOf":{"@id":"https:\/\/mhf.ro\/mm\/peste-10-mii-de-ucraineni-au-intrat-in-tara-in-24-de-ore\/"},"author":{"name":"Marius Marcu","@id":"https:\/\/mhf.ro\/mm\/#\/schema\/person\/a3bebf7bdb4bf12f698aff73c7e46c21"},"headline":"Peste 10 mii de ucraineni au intrat \u00een \u021bar\u0103 \u00een 24 de ore","datePublished":"2022-02-26T05:31:10+00:00","mainEntityOfPage":{"@id":"https:\/\/mhf.ro\/mm\/peste-10-mii-de-ucraineni-au-intrat-in-tara-in-24-de-ore\/"},"wordCount":187,"commentCount":0,"publisher":{"@id":"https:\/\/mhf.ro\/mm\/#\/schema\/person\/a3bebf7bdb4bf12f698aff73c7e46c21"},"image":{"@id":"https:\/\/mhf.ro\/mm\/peste-10-mii-de-ucraineni-au-intrat-in-tara-in-24-de-ore\/#primaryimage"},"thumbnailUrl":"https:\/\/mhf.ro\/mm\/wp-content\/uploads\/2022\/02\/refugiati.jpg","articleSection":["Locale"],"inLanguage":"ro-RO","potentialAction":[{"@type":"CommentAction","name":"Comment","target":["https:\/\/mhf.ro\/mm\/peste-10-mii-de-ucraineni-au-intrat-in-tara-in-24-de-ore\/#respond"]}]},{"@type":"WebPage","@id":"https:\/\/mhf.ro\/mm\/peste-10-mii-de-ucraineni-au-intrat-in-tara-in-24-de-ore\/","url":"https:\/\/mhf.ro\/mm\/peste-10-mii-de-ucraineni-au-intrat-in-tara-in-24-de-ore\/","name":"Peste 10 mii de ucraineni au intrat \u00een \u021bar\u0103 \u00een 24 de ore - MHF Photography","isPartOf":{"@id":"https:\/\/mhf.ro\/mm\/#website"},"primaryImageOfPage":{"@id":"https:\/\/mhf.ro\/mm\/peste-10-mii-de-ucraineni-au-intrat-in-tara-in-24-de-ore\/#primaryimage"},"image":{"@id":"https:\/\/mhf.ro\/mm\/peste-10-mii-de-ucraineni-au-intrat-in-tara-in-24-de-ore\/#primaryimage"},"thumbnailUrl":"https:\/\/mhf.ro\/mm\/wp-content\/uploads\/2022\/02\/refugiati.jpg","datePublished":"2022-02-26T05:31:10+00:00","breadcrumb":{"@id":"https:\/\/mhf.ro\/mm\/peste-10-mii-de-ucraineni-au-intrat-in-tara-in-24-de-ore\/#breadcrumb"},"inLanguage":"ro-RO","potentialAction":[{"@type":"ReadAction","target":["https:\/\/mhf.ro\/mm\/peste-10-mii-de-ucraineni-au-intrat-in-tara-in-24-de-ore\/"]}]},{"@type":"ImageObject","inLanguage":"ro-RO","@id":"https:\/\/mhf.ro\/mm\/peste-10-mii-de-ucraineni-au-intrat-in-tara-in-24-de-ore\/#primaryimage","url":"https:\/\/mhf.ro\/mm\/wp-content\/uploads\/2022\/02\/refugiati.jpg","contentUrl":"https:\/\/mhf.ro\/mm\/wp-content\/uploads\/2022\/02\/refugiati.jpg","width":860,"height":573},{"@type":"BreadcrumbList","@id":"https:\/\/mhf.ro\/mm\/peste-10-mii-de-ucraineni-au-intrat-in-tara-in-24-de-ore\/#breadcrumb","itemListElement":[{"@type":"ListItem","position":1,"name":"Prima pagin\u0103","item":"https:\/\/mhf.ro\/mm\/"},{"@type":"ListItem","position":2,"name":"Peste 10 mii de ucraineni au intrat \u00een \u021bar\u0103 \u00een 24 de ore"}]},{"@type":"WebSite","@id":"https:\/\/mhf.ro\/mm\/#website","url":"https:\/\/mhf.ro\/mm\/","name":"MHF Photography \u2013 Blog de fotografie, natur\u0103 \u0219i tehnic\u0103 divers\u0103","description":"Aventur\u0103 \u00een fiecare cadru.","publisher":{"@id":"https:\/\/mhf.ro\/mm\/#\/schema\/person\/a3bebf7bdb4bf12f698aff73c7e46c21"},"potentialAction":[{"@type":"SearchAction","target":{"@type":"EntryPoint","urlTemplate":"https:\/\/mhf.ro\/mm\/?s={search_term_string}"},"query-input":{"@type":"PropertyValueSpecification","valueRequired":true,"valueName":"search_term_string"}}],"inLanguage":"ro-RO"},{"@type":["Person","Organization"],"@id":"https:\/\/mhf.ro\/mm\/#\/schema\/person\/a3bebf7bdb4bf12f698aff73c7e46c21","name":"Marius Marcu","image":{"@type":"ImageObject","inLanguage":"ro-RO","@id":"https:\/\/mhf.ro\/mm\/#\/schema\/person\/image\/","url":"https:\/\/mhf.ro\/mm\/wp-content\/uploads\/2025\/12\/cropped-logo_mhf_2.png","contentUrl":"https:\/\/mhf.ro\/mm\/wp-content\/uploads\/2025\/12\/cropped-logo_mhf_2.png","width":1096,"height":457,"caption":"Marius Marcu"},"logo":{"@id":"https:\/\/mhf.ro\/mm\/#\/schema\/person\/image\/"},"sameAs":["https:\/\/mhf.ro\/mm"],"url":"https:\/\/mhf.ro\/mm\/author\/mihai\/"}]}},"_links":{"self":[{"href":"https:\/\/mhf.ro\/mm\/wp-json\/wp\/v2\/posts\/6568","targetHints":{"allow":["GET"]}}],"collection":[{"href":"https:\/\/mhf.ro\/mm\/wp-json\/wp\/v2\/posts"}],"about":[{"href":"https:\/\/mhf.ro\/mm\/wp-json\/wp\/v2\/types\/post"}],"author":[{"embeddable":true,"href":"https:\/\/mhf.ro\/mm\/wp-json\/wp\/v2\/users\/1"}],"replies":[{"embeddable":true,"href":"https:\/\/mhf.ro\/mm\/wp-json\/wp\/v2\/comments?post=6568"}],"version-history":[{"count":1,"href":"https:\/\/mhf.ro\/mm\/wp-json\/wp\/v2\/posts\/6568\/revisions"}],"predecessor-version":[{"id":6570,"href":"https:\/\/mhf.ro\/mm\/wp-json\/wp\/v2\/posts\/6568\/revisions\/6570"}],"wp:featuredmedia":[{"embeddable":true,"href":"https:\/\/mhf.ro\/mm\/wp-json\/wp\/v2\/media\/6569"}],"wp:attachment":[{"href":"https:\/\/mhf.ro\/mm\/wp-json\/wp\/v2\/media?parent=6568"}],"wp:term":[{"taxonomy":"category","embeddable":true,"href":"https:\/\/mhf.ro\/mm\/wp-json\/wp\/v2\/categories?post=6568"},{"taxonomy":"post_tag","embeddable":true,"href":"https:\/\/mhf.ro\/mm\/wp-json\/wp\/v2\/tags?post=6568"}],"curies":[{"name":"wp","href":"https:\/\/api.w.org\/{rel}","templated":true}]}}