{"id":6574,"date":"2022-02-26T14:02:29","date_gmt":"2022-02-26T12:02:29","guid":{"rendered":"https:\/\/mhf.ro\/mm\/?p=6574"},"modified":"2022-02-26T14:02:29","modified_gmt":"2022-02-26T12:02:29","slug":"duminica-infricosatoarei-judecati","status":"publish","type":"post","link":"https:\/\/mhf.ro\/mm\/duminica-infricosatoarei-judecati\/","title":{"rendered":"Duminica \u00cenfrico\u0219\u0103toarei Judec\u0103\u021bi"},"content":{"rendered":"<div class=\"region-title-page\">\n<h1 id=\"page-title\" class=\"title\">Ev. Matei 25, 31-46<\/h1>\n<\/div>\n<div class=\"large-9 main columns\">\n<div id=\"taxonomie_rugaciuni\" class=\"clearfix\">\n<article id=\"node-25784\" class=\"node node-evanghelie view-mode-full\">\n<div class=\"body field\">\n<p class=\"rtejustify\">Zis-a Domnul: C\u00e2nd va veni Fiul Omului \u00eentru slava Sa \u0219i to\u021bi sfin\u021bii \u00eengeri cu El, atunci va \u0219edea pe tronul slavei Sale. \u0218i se vor aduna \u00eenaintea Lui toate neamurile \u0219i-i va desp\u0103r\u021bi pe unii de al\u021bii, precum desparte p\u0103storul oile de capre. \u0218i va pune oile de-a dreapta Sa, iar caprele de-a st\u00e2nga. Atunci va zice \u00cemp\u0103ratul celor de-a dreapta Lui: Veni\u021bi, binecuv\u00e2nta\u021bii Tat\u0103lui Meu, mo\u0219teni\u021bi \u00cemp\u0103r\u0103\u021bia cea preg\u0103tit\u0103 vou\u0103\u00a0de la \u00eentemeierea lumii. C\u0103ci fl\u0103m\u00e2nd am fost \u0219i Mi-a\u021bi dat s\u0103 m\u0103n\u00e2nc; \u00eensetat am fost \u0219i Mi-a\u021bi dat s\u0103 beau; str\u0103in am fost \u0219i M-a\u021bi primit; gol am fost \u0219i M-a\u021bi \u00eembr\u0103cat; bolnav am fost \u0219i M-a\u021bi cercetat; \u00een temni\u021b\u0103 am fost \u0219i a\u021bi venit la Mine. Atunci, drep\u021bii \u00cei vor r\u0103spunde, zic\u00e2nd: Doamne, c\u00e2nd Te-am v\u0103zut fl\u0103m\u00e2nd \u0219i Te-am hr\u0103nit? Sau \u00eensetat \u0219i \u021ai-am dat s\u0103 bei? Sau c\u00e2nd Te-am v\u0103zut str\u0103in \u0219i Te-am primit, sau gol \u0219i Te-am \u00eembr\u0103cat? \u0218i c\u00e2nd Te-am v\u0103zut bolnav sau \u00een temni\u021b\u0103 \u0219i am venit la Tine? Iar \u00cemp\u0103ratul, r\u0103spunz\u00e2nd, va zice c\u0103tre ei: Adev\u0103rat zic vou\u0103: \u00centruc\u00e2t a\u021bi f\u0103cut unuia dintr-ace\u0219ti fra\u021bi ai Mei preamici, Mie Mi-a\u021bi f\u0103cut. Atunci va zice \u0219i celor de-a st\u00e2nga: Duce\u021bi-v\u0103 de la Mine, blestema\u021bilor, \u00een focul cel ve\u0219nic, care este preg\u0103tit diavolului \u0219i \u00eengerilor lui. C\u0103ci fl\u0103m\u00e2nd am fost \u0219i nu Mi-a\u021bi dat s\u0103 m\u0103n\u00e2nc; \u00eensetat am fost \u0219i nu Mi-a\u021bi dat s\u0103 beau; str\u0103in am fost \u0219i nu M-a\u021bi primit; gol, \u0219i nu M-a\u021bi \u00eembr\u0103cat; bolnav \u0219i \u00een temni\u021b\u0103, \u0219i nu M-a\u021bi cercetat. Atunci vor r\u0103spunde \u0219i ei, zic\u00e2nd: Doamne, c\u00e2nd Te-am v\u0103zut fl\u0103m\u00e2nd, sau \u00eensetat, sau str\u0103in, sau gol, sau bolnav, sau \u00een temni\u021b\u0103 \u0219i nu \u021ai-am slujit? El \u00eens\u0103 le va r\u0103spunde, zic\u00e2nd: Adev\u0103rat zic vou\u0103: \u00centruc\u00e2t nu a\u021bi f\u0103cut unuia dintre ace\u0219ti prea mici, nici Mie nu Mi-a\u021bi f\u0103cut. \u0218i vor merge ace\u0219tia la os\u00e2nd\u0103 ve\u0219nic\u0103, iar drep\u021bii la via\u021b\u0103 ve\u0219nic\u0103.<\/p>\n<div class=\"region-title-page\">\n<h1 id=\"page-title\" class=\"title\">Ap. I Corinteni 8, 8-13; 9, 1-2<\/h1>\n<\/div>\n<div class=\"large-9 main columns\">\n<div id=\"taxonomie_rugaciuni\" class=\"clearfix\">\n<article id=\"node-25674\" class=\"node node-evanghelie view-mode-full\">\n<div class=\"body field\">\n<p class=\"rtejustify\">Fra\u021bilor, nu m\u00e2ncarea ne va a\u0219eza \u00eenaintea lui Dumnezeu. C\u0103 nici dac\u0103 vom m\u00e2nca, nu ne prisose\u0219te, nici dac\u0103 nu vom m\u00e2nca, nu ne lipse\u0219te. Dar vede\u021bi ca nu cumva aceast\u0103 libertate a voastr\u0103 s\u0103 ajung\u0103 poticnire pentru cei slabi. Fiindc\u0103, de te-ar vedea cineva pe tine, cel ce ai cuno\u0219tin\u021b\u0103, c\u0103 \u0219ezi la mas\u0103 \u00een templul idolilor, oare con\u0219tiin\u021ba lui, slab fiind el, nu se va \u00eent\u0103ri s\u0103 m\u0103n\u00e2nce din cele jertfite idolilor? \u0218i va pieri prin cuno\u0219tin\u021ba ta cel slab, fratele t\u0103u, pentru care a murit Hristos! \u0218i a\u0219a, p\u0103c\u0103tuind\u00a0\u00eempotriva fra\u021bilor \u0219i lovind con\u0219tiin\u021ba lor slab\u0103, p\u0103c\u0103tui\u021bi fa\u021b\u0103 de Hristos. De aceea, dac\u0103 o m\u00e2ncare sminte\u0219te pe fratele meu, nu voi m\u00e2nca \u00een veac carne, ca s\u0103 nu aduc sminteal\u0103 fratelui meu. Oare, nu sunt eu liber? Nu sunt eu Apostol? N-am v\u0103zut eu pe Iisus, Domnul nostru? Nu sunte\u021bi voi lucrarea mea \u00eentru Domnul? Dac\u0103 altora nu le sunt Apostol, vou\u0103, negre\u0219it, v\u0103 sunt. Pentru c\u0103 voi sunte\u021bi pecetea apostoliei mele \u00eentru Domnul.<\/p>\n<\/div>\n<\/article>\n<\/div>\n<\/div>\n<\/div>\n<\/article>\n<\/div>\n<\/div>\n","protected":false},"excerpt":{"rendered":"<p>Ev. Matei 25, 31-46 Zis-a Domnul: C\u00e2nd va veni Fiul Omului \u00eentru slava Sa \u0219i to\u021bi sfin\u021bii \u00eengeri cu El,<\/p>\n","protected":false},"author":4,"featured_media":6575,"comment_status":"open","ping_status":"open","sticky":false,"template":"","format":"standard","meta":{"colormag_page_container_layout":"default_layout","colormag_page_sidebar_layout":"default_layout","footnotes":""},"categories":[34],"tags":[],"class_list":["post-6574","post","type-post","status-publish","format-standard","has-post-thumbnail","hentry","category-religie"],"yoast_head":"<!-- This site is optimized with the Yoast SEO plugin v27.0 - https:\/\/yoast.com\/product\/yoast-seo-wordpress\/ -->\n<title>Duminica \u00cenfrico\u0219\u0103toarei Judec\u0103\u021bi - MHF Photography<\/title>\n<meta name=\"robots\" content=\"index, follow, max-snippet:-1, max-image-preview:large, max-video-preview:-1\" \/>\n<link rel=\"canonical\" href=\"https:\/\/mhf.ro\/mm\/duminica-infricosatoarei-judecati\/\" \/>\n<meta property=\"og:locale\" content=\"ro_RO\" \/>\n<meta property=\"og:type\" content=\"article\" \/>\n<meta property=\"og:title\" content=\"Duminica \u00cenfrico\u0219\u0103toarei Judec\u0103\u021bi - MHF Photography\" \/>\n<meta property=\"og:description\" content=\"Ev. Matei 25, 31-46 Zis-a Domnul: C\u00e2nd va veni Fiul Omului \u00eentru slava Sa \u0219i to\u021bi sfin\u021bii \u00eengeri cu El,\" \/>\n<meta property=\"og:url\" content=\"https:\/\/mhf.ro\/mm\/duminica-infricosatoarei-judecati\/\" \/>\n<meta property=\"og:site_name\" content=\"MHF Photography\" \/>\n<meta property=\"article:published_time\" content=\"2022-02-26T12:02:29+00:00\" \/>\n<meta property=\"og:image\" content=\"https:\/\/mhf.ro\/mm\/wp-content\/uploads\/2022\/02\/judecata.jpg\" \/>\n\t<meta property=\"og:image:width\" content=\"181\" \/>\n\t<meta property=\"og:image:height\" content=\"279\" \/>\n\t<meta property=\"og:image:type\" content=\"image\/jpeg\" \/>\n<meta name=\"author\" content=\"Preot paroh Horvat Petru\" \/>\n<meta name=\"twitter:card\" content=\"summary_large_image\" \/>\n<meta name=\"twitter:label1\" content=\"Scris de\" \/>\n\t<meta name=\"twitter:data1\" content=\"Preot paroh Horvat Petru\" \/>\n\t<meta name=\"twitter:label2\" content=\"Timp estimat pentru citire\" \/>\n\t<meta name=\"twitter:data2\" content=\"3 minute\" \/>\n<script type=\"application\/ld+json\" class=\"yoast-schema-graph\">{\"@context\":\"https:\/\/schema.org\",\"@graph\":[{\"@type\":\"Article\",\"@id\":\"https:\/\/mhf.ro\/mm\/duminica-infricosatoarei-judecati\/#article\",\"isPartOf\":{\"@id\":\"https:\/\/mhf.ro\/mm\/duminica-infricosatoarei-judecati\/\"},\"author\":{\"name\":\"Preot paroh Horvat Petru\",\"@id\":\"https:\/\/mhf.ro\/mm\/#\/schema\/person\/4c8c06c801b7b666e81ed44550086900\"},\"headline\":\"Duminica \u00cenfrico\u0219\u0103toarei Judec\u0103\u021bi\",\"datePublished\":\"2022-02-26T12:02:29+00:00\",\"mainEntityOfPage\":{\"@id\":\"https:\/\/mhf.ro\/mm\/duminica-infricosatoarei-judecati\/\"},\"wordCount\":620,\"commentCount\":0,\"publisher\":{\"@id\":\"https:\/\/mhf.ro\/mm\/#\/schema\/person\/a3bebf7bdb4bf12f698aff73c7e46c21\"},\"image\":{\"@id\":\"https:\/\/mhf.ro\/mm\/duminica-infricosatoarei-judecati\/#primaryimage\"},\"thumbnailUrl\":\"https:\/\/mhf.ro\/mm\/wp-content\/uploads\/2022\/02\/judecata.jpg\",\"articleSection\":[\"Religie\"],\"inLanguage\":\"ro-RO\",\"potentialAction\":[{\"@type\":\"CommentAction\",\"name\":\"Comment\",\"target\":[\"https:\/\/mhf.ro\/mm\/duminica-infricosatoarei-judecati\/#respond\"]}]},{\"@type\":\"WebPage\",\"@id\":\"https:\/\/mhf.ro\/mm\/duminica-infricosatoarei-judecati\/\",\"url\":\"https:\/\/mhf.ro\/mm\/duminica-infricosatoarei-judecati\/\",\"name\":\"Duminica \u00cenfrico\u0219\u0103toarei Judec\u0103\u021bi - MHF Photography\",\"isPartOf\":{\"@id\":\"https:\/\/mhf.ro\/mm\/#website\"},\"primaryImageOfPage\":{\"@id\":\"https:\/\/mhf.ro\/mm\/duminica-infricosatoarei-judecati\/#primaryimage\"},\"image\":{\"@id\":\"https:\/\/mhf.ro\/mm\/duminica-infricosatoarei-judecati\/#primaryimage\"},\"thumbnailUrl\":\"https:\/\/mhf.ro\/mm\/wp-content\/uploads\/2022\/02\/judecata.jpg\",\"datePublished\":\"2022-02-26T12:02:29+00:00\",\"breadcrumb\":{\"@id\":\"https:\/\/mhf.ro\/mm\/duminica-infricosatoarei-judecati\/#breadcrumb\"},\"inLanguage\":\"ro-RO\",\"potentialAction\":[{\"@type\":\"ReadAction\",\"target\":[\"https:\/\/mhf.ro\/mm\/duminica-infricosatoarei-judecati\/\"]}]},{\"@type\":\"ImageObject\",\"inLanguage\":\"ro-RO\",\"@id\":\"https:\/\/mhf.ro\/mm\/duminica-infricosatoarei-judecati\/#primaryimage\",\"url\":\"https:\/\/mhf.ro\/mm\/wp-content\/uploads\/2022\/02\/judecata.jpg\",\"contentUrl\":\"https:\/\/mhf.ro\/mm\/wp-content\/uploads\/2022\/02\/judecata.jpg\",\"width\":181,\"height\":279},{\"@type\":\"BreadcrumbList\",\"@id\":\"https:\/\/mhf.ro\/mm\/duminica-infricosatoarei-judecati\/#breadcrumb\",\"itemListElement\":[{\"@type\":\"ListItem\",\"position\":1,\"name\":\"Prima pagin\u0103\",\"item\":\"https:\/\/mhf.ro\/mm\/\"},{\"@type\":\"ListItem\",\"position\":2,\"name\":\"Duminica \u00cenfrico\u0219\u0103toarei Judec\u0103\u021bi\"}]},{\"@type\":\"WebSite\",\"@id\":\"https:\/\/mhf.ro\/mm\/#website\",\"url\":\"https:\/\/mhf.ro\/mm\/\",\"name\":\"MHF Photography \u2013 Blog de fotografie, natur\u0103 \u0219i tehnic\u0103 divers\u0103\",\"description\":\"Aventur\u0103 \u00een fiecare cadru.\",\"publisher\":{\"@id\":\"https:\/\/mhf.ro\/mm\/#\/schema\/person\/a3bebf7bdb4bf12f698aff73c7e46c21\"},\"potentialAction\":[{\"@type\":\"SearchAction\",\"target\":{\"@type\":\"EntryPoint\",\"urlTemplate\":\"https:\/\/mhf.ro\/mm\/?s={search_term_string}\"},\"query-input\":{\"@type\":\"PropertyValueSpecification\",\"valueRequired\":true,\"valueName\":\"search_term_string\"}}],\"inLanguage\":\"ro-RO\"},{\"@type\":[\"Person\",\"Organization\"],\"@id\":\"https:\/\/mhf.ro\/mm\/#\/schema\/person\/a3bebf7bdb4bf12f698aff73c7e46c21\",\"name\":\"Marius Marcu\",\"image\":{\"@type\":\"ImageObject\",\"inLanguage\":\"ro-RO\",\"@id\":\"https:\/\/mhf.ro\/mm\/#\/schema\/person\/image\/\",\"url\":\"https:\/\/mhf.ro\/mm\/wp-content\/uploads\/2025\/12\/cropped-logo_mhf_2.png\",\"contentUrl\":\"https:\/\/mhf.ro\/mm\/wp-content\/uploads\/2025\/12\/cropped-logo_mhf_2.png\",\"width\":1096,\"height\":457,\"caption\":\"Marius Marcu\"},\"logo\":{\"@id\":\"https:\/\/mhf.ro\/mm\/#\/schema\/person\/image\/\"},\"sameAs\":[\"https:\/\/mhf.ro\/mm\"]},{\"@type\":\"Person\",\"@id\":\"https:\/\/mhf.ro\/mm\/#\/schema\/person\/4c8c06c801b7b666e81ed44550086900\",\"name\":\"Preot paroh Horvat Petru\",\"image\":{\"@type\":\"ImageObject\",\"inLanguage\":\"ro-RO\",\"@id\":\"https:\/\/mhf.ro\/mm\/#\/schema\/person\/image\/\",\"url\":\"https:\/\/secure.gravatar.com\/avatar\/c2d2dcdf21c6f41aad486d71768c144cd6e23cb7b63bae9bd6fab542b26ad321?s=96&d=monsterid&r=g\",\"contentUrl\":\"https:\/\/secure.gravatar.com\/avatar\/c2d2dcdf21c6f41aad486d71768c144cd6e23cb7b63bae9bd6fab542b26ad321?s=96&d=monsterid&r=g\",\"caption\":\"Preot paroh Horvat Petru\"},\"sameAs\":[\"https:\/\/mhf.ro\/mm\"],\"url\":\"https:\/\/mhf.ro\/mm\/author\/petrica\/\"}]}<\/script>\n<!-- \/ Yoast SEO plugin. -->","yoast_head_json":{"title":"Duminica \u00cenfrico\u0219\u0103toarei Judec\u0103\u021bi - MHF Photography","robots":{"index":"index","follow":"follow","max-snippet":"max-snippet:-1","max-image-preview":"max-image-preview:large","max-video-preview":"max-video-preview:-1"},"canonical":"https:\/\/mhf.ro\/mm\/duminica-infricosatoarei-judecati\/","og_locale":"ro_RO","og_type":"article","og_title":"Duminica \u00cenfrico\u0219\u0103toarei Judec\u0103\u021bi - MHF Photography","og_description":"Ev. Matei 25, 31-46 Zis-a Domnul: C\u00e2nd va veni Fiul Omului \u00eentru slava Sa \u0219i to\u021bi sfin\u021bii \u00eengeri cu El,","og_url":"https:\/\/mhf.ro\/mm\/duminica-infricosatoarei-judecati\/","og_site_name":"MHF Photography","article_published_time":"2022-02-26T12:02:29+00:00","og_image":[{"width":181,"height":279,"url":"https:\/\/mhf.ro\/mm\/wp-content\/uploads\/2022\/02\/judecata.jpg","type":"image\/jpeg"}],"author":"Preot paroh Horvat Petru","twitter_card":"summary_large_image","twitter_misc":{"Scris de":"Preot paroh Horvat Petru","Timp estimat pentru citire":"3 minute"},"schema":{"@context":"https:\/\/schema.org","@graph":[{"@type":"Article","@id":"https:\/\/mhf.ro\/mm\/duminica-infricosatoarei-judecati\/#article","isPartOf":{"@id":"https:\/\/mhf.ro\/mm\/duminica-infricosatoarei-judecati\/"},"author":{"name":"Preot paroh Horvat Petru","@id":"https:\/\/mhf.ro\/mm\/#\/schema\/person\/4c8c06c801b7b666e81ed44550086900"},"headline":"Duminica \u00cenfrico\u0219\u0103toarei Judec\u0103\u021bi","datePublished":"2022-02-26T12:02:29+00:00","mainEntityOfPage":{"@id":"https:\/\/mhf.ro\/mm\/duminica-infricosatoarei-judecati\/"},"wordCount":620,"commentCount":0,"publisher":{"@id":"https:\/\/mhf.ro\/mm\/#\/schema\/person\/a3bebf7bdb4bf12f698aff73c7e46c21"},"image":{"@id":"https:\/\/mhf.ro\/mm\/duminica-infricosatoarei-judecati\/#primaryimage"},"thumbnailUrl":"https:\/\/mhf.ro\/mm\/wp-content\/uploads\/2022\/02\/judecata.jpg","articleSection":["Religie"],"inLanguage":"ro-RO","potentialAction":[{"@type":"CommentAction","name":"Comment","target":["https:\/\/mhf.ro\/mm\/duminica-infricosatoarei-judecati\/#respond"]}]},{"@type":"WebPage","@id":"https:\/\/mhf.ro\/mm\/duminica-infricosatoarei-judecati\/","url":"https:\/\/mhf.ro\/mm\/duminica-infricosatoarei-judecati\/","name":"Duminica \u00cenfrico\u0219\u0103toarei Judec\u0103\u021bi - MHF Photography","isPartOf":{"@id":"https:\/\/mhf.ro\/mm\/#website"},"primaryImageOfPage":{"@id":"https:\/\/mhf.ro\/mm\/duminica-infricosatoarei-judecati\/#primaryimage"},"image":{"@id":"https:\/\/mhf.ro\/mm\/duminica-infricosatoarei-judecati\/#primaryimage"},"thumbnailUrl":"https:\/\/mhf.ro\/mm\/wp-content\/uploads\/2022\/02\/judecata.jpg","datePublished":"2022-02-26T12:02:29+00:00","breadcrumb":{"@id":"https:\/\/mhf.ro\/mm\/duminica-infricosatoarei-judecati\/#breadcrumb"},"inLanguage":"ro-RO","potentialAction":[{"@type":"ReadAction","target":["https:\/\/mhf.ro\/mm\/duminica-infricosatoarei-judecati\/"]}]},{"@type":"ImageObject","inLanguage":"ro-RO","@id":"https:\/\/mhf.ro\/mm\/duminica-infricosatoarei-judecati\/#primaryimage","url":"https:\/\/mhf.ro\/mm\/wp-content\/uploads\/2022\/02\/judecata.jpg","contentUrl":"https:\/\/mhf.ro\/mm\/wp-content\/uploads\/2022\/02\/judecata.jpg","width":181,"height":279},{"@type":"BreadcrumbList","@id":"https:\/\/mhf.ro\/mm\/duminica-infricosatoarei-judecati\/#breadcrumb","itemListElement":[{"@type":"ListItem","position":1,"name":"Prima pagin\u0103","item":"https:\/\/mhf.ro\/mm\/"},{"@type":"ListItem","position":2,"name":"Duminica \u00cenfrico\u0219\u0103toarei Judec\u0103\u021bi"}]},{"@type":"WebSite","@id":"https:\/\/mhf.ro\/mm\/#website","url":"https:\/\/mhf.ro\/mm\/","name":"MHF Photography \u2013 Blog de fotografie, natur\u0103 \u0219i tehnic\u0103 divers\u0103","description":"Aventur\u0103 \u00een fiecare cadru.","publisher":{"@id":"https:\/\/mhf.ro\/mm\/#\/schema\/person\/a3bebf7bdb4bf12f698aff73c7e46c21"},"potentialAction":[{"@type":"SearchAction","target":{"@type":"EntryPoint","urlTemplate":"https:\/\/mhf.ro\/mm\/?s={search_term_string}"},"query-input":{"@type":"PropertyValueSpecification","valueRequired":true,"valueName":"search_term_string"}}],"inLanguage":"ro-RO"},{"@type":["Person","Organization"],"@id":"https:\/\/mhf.ro\/mm\/#\/schema\/person\/a3bebf7bdb4bf12f698aff73c7e46c21","name":"Marius Marcu","image":{"@type":"ImageObject","inLanguage":"ro-RO","@id":"https:\/\/mhf.ro\/mm\/#\/schema\/person\/image\/","url":"https:\/\/mhf.ro\/mm\/wp-content\/uploads\/2025\/12\/cropped-logo_mhf_2.png","contentUrl":"https:\/\/mhf.ro\/mm\/wp-content\/uploads\/2025\/12\/cropped-logo_mhf_2.png","width":1096,"height":457,"caption":"Marius Marcu"},"logo":{"@id":"https:\/\/mhf.ro\/mm\/#\/schema\/person\/image\/"},"sameAs":["https:\/\/mhf.ro\/mm"]},{"@type":"Person","@id":"https:\/\/mhf.ro\/mm\/#\/schema\/person\/4c8c06c801b7b666e81ed44550086900","name":"Preot paroh Horvat Petru","image":{"@type":"ImageObject","inLanguage":"ro-RO","@id":"https:\/\/mhf.ro\/mm\/#\/schema\/person\/image\/","url":"https:\/\/secure.gravatar.com\/avatar\/c2d2dcdf21c6f41aad486d71768c144cd6e23cb7b63bae9bd6fab542b26ad321?s=96&d=monsterid&r=g","contentUrl":"https:\/\/secure.gravatar.com\/avatar\/c2d2dcdf21c6f41aad486d71768c144cd6e23cb7b63bae9bd6fab542b26ad321?s=96&d=monsterid&r=g","caption":"Preot paroh Horvat Petru"},"sameAs":["https:\/\/mhf.ro\/mm"],"url":"https:\/\/mhf.ro\/mm\/author\/petrica\/"}]}},"_links":{"self":[{"href":"https:\/\/mhf.ro\/mm\/wp-json\/wp\/v2\/posts\/6574","targetHints":{"allow":["GET"]}}],"collection":[{"href":"https:\/\/mhf.ro\/mm\/wp-json\/wp\/v2\/posts"}],"about":[{"href":"https:\/\/mhf.ro\/mm\/wp-json\/wp\/v2\/types\/post"}],"author":[{"embeddable":true,"href":"https:\/\/mhf.ro\/mm\/wp-json\/wp\/v2\/users\/4"}],"replies":[{"embeddable":true,"href":"https:\/\/mhf.ro\/mm\/wp-json\/wp\/v2\/comments?post=6574"}],"version-history":[{"count":1,"href":"https:\/\/mhf.ro\/mm\/wp-json\/wp\/v2\/posts\/6574\/revisions"}],"predecessor-version":[{"id":6576,"href":"https:\/\/mhf.ro\/mm\/wp-json\/wp\/v2\/posts\/6574\/revisions\/6576"}],"wp:featuredmedia":[{"embeddable":true,"href":"https:\/\/mhf.ro\/mm\/wp-json\/wp\/v2\/media\/6575"}],"wp:attachment":[{"href":"https:\/\/mhf.ro\/mm\/wp-json\/wp\/v2\/media?parent=6574"}],"wp:term":[{"taxonomy":"category","embeddable":true,"href":"https:\/\/mhf.ro\/mm\/wp-json\/wp\/v2\/categories?post=6574"},{"taxonomy":"post_tag","embeddable":true,"href":"https:\/\/mhf.ro\/mm\/wp-json\/wp\/v2\/tags?post=6574"}],"curies":[{"name":"wp","href":"https:\/\/api.w.org\/{rel}","templated":true}]}}