{"id":6625,"date":"2022-03-04T08:49:58","date_gmt":"2022-03-04T06:49:58","guid":{"rendered":"https:\/\/mhf.ro\/mm\/?p=6625"},"modified":"2022-03-04T08:49:58","modified_gmt":"2022-03-04T06:49:58","slug":"sentinta-in-dosarul-colectiv-amanata-din-nou","status":"publish","type":"post","link":"https:\/\/mhf.ro\/mm\/sentinta-in-dosarul-colectiv-amanata-din-nou\/","title":{"rendered":"Sentin\u021ba \u00een dosarul Colectiv, am\u00e2nat\u0103 din nou"},"content":{"rendered":"<p>Sentin\u021ba \u00een dosarul Colectiv a fost am\u00e2nat\u0103 din nou. Curtea de Apel Bucure\u015fti a am\u00e2nat pentru 15 aprilie, pronun\u0163area sentin\u0163ei definitive \u00een acest proces, \u00een care fostul primar al Sectorului 4, \u00een prezent actualul primar al Sectorului 5, Cristian Popescu-Piedone, a fost condamnat \u00een prim\u0103 instan\u0163\u0103 la 8 ani \u015fi 6 luni de \u00eenchisoare pentru abuz \u00een serviciu.<\/p>\n<div>\n<p>\u201eAv\u00e2nd \u00een vedere complexitatea deosebit\u0103 a cauzei, precum \u015fi \u00eemprejurarea c\u0103 avoca\u0163ii p\u0103r\u0163ilor au continuat s\u0103 depun\u0103 concluzii scrise dup\u0103 termenul stabilit de instan\u0163\u0103 \u00een luna decembrie, ultimul set de concluzii scrise fiind depus \u00een data de 28.02.2022, av\u00e2nd \u00een continuare nevoie de timp pentru deliberare \u015fi redactarea hot\u0103r\u00e2rii \u015fi fiind, \u00een continuare, \u00een termenul prev\u0103zut de dispozi\u0163iile art. 391 C.proc.pen.,\u00cen temeiul art.391 C.proc.pen. am\u00e2n\u0103 termenul de deliberare, redactare \u015fi pronun\u0163are a hot\u0103r\u00e2rii la data de 15 aprilie 2022\u201d, se arat\u0103 \u00een minuta instan\u0163ei.<\/p>\n<div id=\"zc_site_interscroller_mobil\" class=\"zc_interscroller_mobil\">\n<div id=\"z_site_interscroller_mobil\" class=\"z_interscroller_mobil\">\u00cen 3 ianuarie, Curtea de Apel Bucure\u015fti a am\u00e2nat pentru 3 martie pronun\u0163area sentin\u0163ei definitive \u00een dosarul \u201eColectiv\u201d. (conf. Jurnalist.ro)<\/div>\n<\/div>\n<\/div>\n","protected":false},"excerpt":{"rendered":"<p>Sentin\u021ba \u00een dosarul Colectiv a fost am\u00e2nat\u0103 din nou. Curtea de Apel Bucure\u015fti a am\u00e2nat pentru 15 aprilie, pronun\u0163area sentin\u0163ei<\/p>\n","protected":false},"author":1,"featured_media":6626,"comment_status":"open","ping_status":"open","sticky":false,"template":"","format":"standard","meta":{"colormag_page_container_layout":"default_layout","colormag_page_sidebar_layout":"default_layout","footnotes":""},"categories":[5],"tags":[],"class_list":["post-6625","post","type-post","status-publish","format-standard","has-post-thumbnail","hentry","category-locale"],"yoast_head":"<!-- This site is optimized with the Yoast SEO plugin v27.0 - https:\/\/yoast.com\/product\/yoast-seo-wordpress\/ -->\n<title>Sentin\u021ba \u00een dosarul Colectiv, am\u00e2nat\u0103 din nou - MHF Photography<\/title>\n<meta name=\"robots\" content=\"index, follow, max-snippet:-1, max-image-preview:large, max-video-preview:-1\" \/>\n<link rel=\"canonical\" href=\"https:\/\/mhf.ro\/mm\/sentinta-in-dosarul-colectiv-amanata-din-nou\/\" \/>\n<meta property=\"og:locale\" content=\"ro_RO\" \/>\n<meta property=\"og:type\" content=\"article\" \/>\n<meta property=\"og:title\" content=\"Sentin\u021ba \u00een dosarul Colectiv, am\u00e2nat\u0103 din nou - MHF Photography\" \/>\n<meta property=\"og:description\" content=\"Sentin\u021ba \u00een dosarul Colectiv a fost am\u00e2nat\u0103 din nou. Curtea de Apel Bucure\u015fti a am\u00e2nat pentru 15 aprilie, pronun\u0163area sentin\u0163ei\" \/>\n<meta property=\"og:url\" content=\"https:\/\/mhf.ro\/mm\/sentinta-in-dosarul-colectiv-amanata-din-nou\/\" \/>\n<meta property=\"og:site_name\" content=\"MHF Photography\" \/>\n<meta property=\"article:published_time\" content=\"2022-03-04T06:49:58+00:00\" \/>\n<meta property=\"og:image\" content=\"https:\/\/mhf.ro\/mm\/wp-content\/uploads\/2022\/03\/Cinci-ani-de-la-tragedia-din-clubul-Colectiv.jpg\" \/>\n\t<meta property=\"og:image:width\" content=\"400\" \/>\n\t<meta property=\"og:image:height\" content=\"225\" \/>\n\t<meta property=\"og:image:type\" content=\"image\/jpeg\" \/>\n<meta name=\"author\" content=\"Marius Marcu\" \/>\n<meta name=\"twitter:card\" content=\"summary_large_image\" \/>\n<meta name=\"twitter:label1\" content=\"Scris de\" \/>\n\t<meta name=\"twitter:data1\" content=\"Marius Marcu\" \/>\n\t<meta name=\"twitter:label2\" content=\"Timp estimat pentru citire\" \/>\n\t<meta name=\"twitter:data2\" content=\"1 minut\" \/>\n<script type=\"application\/ld+json\" class=\"yoast-schema-graph\">{\"@context\":\"https:\/\/schema.org\",\"@graph\":[{\"@type\":\"Article\",\"@id\":\"https:\/\/mhf.ro\/mm\/sentinta-in-dosarul-colectiv-amanata-din-nou\/#article\",\"isPartOf\":{\"@id\":\"https:\/\/mhf.ro\/mm\/sentinta-in-dosarul-colectiv-amanata-din-nou\/\"},\"author\":{\"name\":\"Marius Marcu\",\"@id\":\"https:\/\/mhf.ro\/mm\/#\/schema\/person\/a3bebf7bdb4bf12f698aff73c7e46c21\"},\"headline\":\"Sentin\u021ba \u00een dosarul Colectiv, am\u00e2nat\u0103 din nou\",\"datePublished\":\"2022-03-04T06:49:58+00:00\",\"mainEntityOfPage\":{\"@id\":\"https:\/\/mhf.ro\/mm\/sentinta-in-dosarul-colectiv-amanata-din-nou\/\"},\"wordCount\":190,\"commentCount\":0,\"publisher\":{\"@id\":\"https:\/\/mhf.ro\/mm\/#\/schema\/person\/a3bebf7bdb4bf12f698aff73c7e46c21\"},\"image\":{\"@id\":\"https:\/\/mhf.ro\/mm\/sentinta-in-dosarul-colectiv-amanata-din-nou\/#primaryimage\"},\"thumbnailUrl\":\"https:\/\/mhf.ro\/mm\/wp-content\/uploads\/2022\/03\/Cinci-ani-de-la-tragedia-din-clubul-Colectiv.jpg\",\"articleSection\":[\"Locale\"],\"inLanguage\":\"ro-RO\",\"potentialAction\":[{\"@type\":\"CommentAction\",\"name\":\"Comment\",\"target\":[\"https:\/\/mhf.ro\/mm\/sentinta-in-dosarul-colectiv-amanata-din-nou\/#respond\"]}]},{\"@type\":\"WebPage\",\"@id\":\"https:\/\/mhf.ro\/mm\/sentinta-in-dosarul-colectiv-amanata-din-nou\/\",\"url\":\"https:\/\/mhf.ro\/mm\/sentinta-in-dosarul-colectiv-amanata-din-nou\/\",\"name\":\"Sentin\u021ba \u00een dosarul Colectiv, am\u00e2nat\u0103 din nou - MHF Photography\",\"isPartOf\":{\"@id\":\"https:\/\/mhf.ro\/mm\/#website\"},\"primaryImageOfPage\":{\"@id\":\"https:\/\/mhf.ro\/mm\/sentinta-in-dosarul-colectiv-amanata-din-nou\/#primaryimage\"},\"image\":{\"@id\":\"https:\/\/mhf.ro\/mm\/sentinta-in-dosarul-colectiv-amanata-din-nou\/#primaryimage\"},\"thumbnailUrl\":\"https:\/\/mhf.ro\/mm\/wp-content\/uploads\/2022\/03\/Cinci-ani-de-la-tragedia-din-clubul-Colectiv.jpg\",\"datePublished\":\"2022-03-04T06:49:58+00:00\",\"breadcrumb\":{\"@id\":\"https:\/\/mhf.ro\/mm\/sentinta-in-dosarul-colectiv-amanata-din-nou\/#breadcrumb\"},\"inLanguage\":\"ro-RO\",\"potentialAction\":[{\"@type\":\"ReadAction\",\"target\":[\"https:\/\/mhf.ro\/mm\/sentinta-in-dosarul-colectiv-amanata-din-nou\/\"]}]},{\"@type\":\"ImageObject\",\"inLanguage\":\"ro-RO\",\"@id\":\"https:\/\/mhf.ro\/mm\/sentinta-in-dosarul-colectiv-amanata-din-nou\/#primaryimage\",\"url\":\"https:\/\/mhf.ro\/mm\/wp-content\/uploads\/2022\/03\/Cinci-ani-de-la-tragedia-din-clubul-Colectiv.jpg\",\"contentUrl\":\"https:\/\/mhf.ro\/mm\/wp-content\/uploads\/2022\/03\/Cinci-ani-de-la-tragedia-din-clubul-Colectiv.jpg\",\"width\":400,\"height\":225},{\"@type\":\"BreadcrumbList\",\"@id\":\"https:\/\/mhf.ro\/mm\/sentinta-in-dosarul-colectiv-amanata-din-nou\/#breadcrumb\",\"itemListElement\":[{\"@type\":\"ListItem\",\"position\":1,\"name\":\"Prima pagin\u0103\",\"item\":\"https:\/\/mhf.ro\/mm\/\"},{\"@type\":\"ListItem\",\"position\":2,\"name\":\"Sentin\u021ba \u00een dosarul Colectiv, am\u00e2nat\u0103 din nou\"}]},{\"@type\":\"WebSite\",\"@id\":\"https:\/\/mhf.ro\/mm\/#website\",\"url\":\"https:\/\/mhf.ro\/mm\/\",\"name\":\"MHF Photography \u2013 Blog de fotografie, natur\u0103 \u0219i tehnic\u0103 divers\u0103\",\"description\":\"Aventur\u0103 \u00een fiecare cadru.\",\"publisher\":{\"@id\":\"https:\/\/mhf.ro\/mm\/#\/schema\/person\/a3bebf7bdb4bf12f698aff73c7e46c21\"},\"potentialAction\":[{\"@type\":\"SearchAction\",\"target\":{\"@type\":\"EntryPoint\",\"urlTemplate\":\"https:\/\/mhf.ro\/mm\/?s={search_term_string}\"},\"query-input\":{\"@type\":\"PropertyValueSpecification\",\"valueRequired\":true,\"valueName\":\"search_term_string\"}}],\"inLanguage\":\"ro-RO\"},{\"@type\":[\"Person\",\"Organization\"],\"@id\":\"https:\/\/mhf.ro\/mm\/#\/schema\/person\/a3bebf7bdb4bf12f698aff73c7e46c21\",\"name\":\"Marius Marcu\",\"image\":{\"@type\":\"ImageObject\",\"inLanguage\":\"ro-RO\",\"@id\":\"https:\/\/mhf.ro\/mm\/#\/schema\/person\/image\/\",\"url\":\"https:\/\/mhf.ro\/mm\/wp-content\/uploads\/2025\/12\/cropped-logo_mhf_2.png\",\"contentUrl\":\"https:\/\/mhf.ro\/mm\/wp-content\/uploads\/2025\/12\/cropped-logo_mhf_2.png\",\"width\":1096,\"height\":457,\"caption\":\"Marius Marcu\"},\"logo\":{\"@id\":\"https:\/\/mhf.ro\/mm\/#\/schema\/person\/image\/\"},\"sameAs\":[\"https:\/\/mhf.ro\/mm\"],\"url\":\"https:\/\/mhf.ro\/mm\/author\/mihai\/\"}]}<\/script>\n<!-- \/ Yoast SEO plugin. -->","yoast_head_json":{"title":"Sentin\u021ba \u00een dosarul Colectiv, am\u00e2nat\u0103 din nou - MHF Photography","robots":{"index":"index","follow":"follow","max-snippet":"max-snippet:-1","max-image-preview":"max-image-preview:large","max-video-preview":"max-video-preview:-1"},"canonical":"https:\/\/mhf.ro\/mm\/sentinta-in-dosarul-colectiv-amanata-din-nou\/","og_locale":"ro_RO","og_type":"article","og_title":"Sentin\u021ba \u00een dosarul Colectiv, am\u00e2nat\u0103 din nou - MHF Photography","og_description":"Sentin\u021ba \u00een dosarul Colectiv a fost am\u00e2nat\u0103 din nou. Curtea de Apel Bucure\u015fti a am\u00e2nat pentru 15 aprilie, pronun\u0163area sentin\u0163ei","og_url":"https:\/\/mhf.ro\/mm\/sentinta-in-dosarul-colectiv-amanata-din-nou\/","og_site_name":"MHF Photography","article_published_time":"2022-03-04T06:49:58+00:00","og_image":[{"width":400,"height":225,"url":"https:\/\/mhf.ro\/mm\/wp-content\/uploads\/2022\/03\/Cinci-ani-de-la-tragedia-din-clubul-Colectiv.jpg","type":"image\/jpeg"}],"author":"Marius Marcu","twitter_card":"summary_large_image","twitter_misc":{"Scris de":"Marius Marcu","Timp estimat pentru citire":"1 minut"},"schema":{"@context":"https:\/\/schema.org","@graph":[{"@type":"Article","@id":"https:\/\/mhf.ro\/mm\/sentinta-in-dosarul-colectiv-amanata-din-nou\/#article","isPartOf":{"@id":"https:\/\/mhf.ro\/mm\/sentinta-in-dosarul-colectiv-amanata-din-nou\/"},"author":{"name":"Marius Marcu","@id":"https:\/\/mhf.ro\/mm\/#\/schema\/person\/a3bebf7bdb4bf12f698aff73c7e46c21"},"headline":"Sentin\u021ba \u00een dosarul Colectiv, am\u00e2nat\u0103 din nou","datePublished":"2022-03-04T06:49:58+00:00","mainEntityOfPage":{"@id":"https:\/\/mhf.ro\/mm\/sentinta-in-dosarul-colectiv-amanata-din-nou\/"},"wordCount":190,"commentCount":0,"publisher":{"@id":"https:\/\/mhf.ro\/mm\/#\/schema\/person\/a3bebf7bdb4bf12f698aff73c7e46c21"},"image":{"@id":"https:\/\/mhf.ro\/mm\/sentinta-in-dosarul-colectiv-amanata-din-nou\/#primaryimage"},"thumbnailUrl":"https:\/\/mhf.ro\/mm\/wp-content\/uploads\/2022\/03\/Cinci-ani-de-la-tragedia-din-clubul-Colectiv.jpg","articleSection":["Locale"],"inLanguage":"ro-RO","potentialAction":[{"@type":"CommentAction","name":"Comment","target":["https:\/\/mhf.ro\/mm\/sentinta-in-dosarul-colectiv-amanata-din-nou\/#respond"]}]},{"@type":"WebPage","@id":"https:\/\/mhf.ro\/mm\/sentinta-in-dosarul-colectiv-amanata-din-nou\/","url":"https:\/\/mhf.ro\/mm\/sentinta-in-dosarul-colectiv-amanata-din-nou\/","name":"Sentin\u021ba \u00een dosarul Colectiv, am\u00e2nat\u0103 din nou - MHF Photography","isPartOf":{"@id":"https:\/\/mhf.ro\/mm\/#website"},"primaryImageOfPage":{"@id":"https:\/\/mhf.ro\/mm\/sentinta-in-dosarul-colectiv-amanata-din-nou\/#primaryimage"},"image":{"@id":"https:\/\/mhf.ro\/mm\/sentinta-in-dosarul-colectiv-amanata-din-nou\/#primaryimage"},"thumbnailUrl":"https:\/\/mhf.ro\/mm\/wp-content\/uploads\/2022\/03\/Cinci-ani-de-la-tragedia-din-clubul-Colectiv.jpg","datePublished":"2022-03-04T06:49:58+00:00","breadcrumb":{"@id":"https:\/\/mhf.ro\/mm\/sentinta-in-dosarul-colectiv-amanata-din-nou\/#breadcrumb"},"inLanguage":"ro-RO","potentialAction":[{"@type":"ReadAction","target":["https:\/\/mhf.ro\/mm\/sentinta-in-dosarul-colectiv-amanata-din-nou\/"]}]},{"@type":"ImageObject","inLanguage":"ro-RO","@id":"https:\/\/mhf.ro\/mm\/sentinta-in-dosarul-colectiv-amanata-din-nou\/#primaryimage","url":"https:\/\/mhf.ro\/mm\/wp-content\/uploads\/2022\/03\/Cinci-ani-de-la-tragedia-din-clubul-Colectiv.jpg","contentUrl":"https:\/\/mhf.ro\/mm\/wp-content\/uploads\/2022\/03\/Cinci-ani-de-la-tragedia-din-clubul-Colectiv.jpg","width":400,"height":225},{"@type":"BreadcrumbList","@id":"https:\/\/mhf.ro\/mm\/sentinta-in-dosarul-colectiv-amanata-din-nou\/#breadcrumb","itemListElement":[{"@type":"ListItem","position":1,"name":"Prima pagin\u0103","item":"https:\/\/mhf.ro\/mm\/"},{"@type":"ListItem","position":2,"name":"Sentin\u021ba \u00een dosarul Colectiv, am\u00e2nat\u0103 din nou"}]},{"@type":"WebSite","@id":"https:\/\/mhf.ro\/mm\/#website","url":"https:\/\/mhf.ro\/mm\/","name":"MHF Photography \u2013 Blog de fotografie, natur\u0103 \u0219i tehnic\u0103 divers\u0103","description":"Aventur\u0103 \u00een fiecare cadru.","publisher":{"@id":"https:\/\/mhf.ro\/mm\/#\/schema\/person\/a3bebf7bdb4bf12f698aff73c7e46c21"},"potentialAction":[{"@type":"SearchAction","target":{"@type":"EntryPoint","urlTemplate":"https:\/\/mhf.ro\/mm\/?s={search_term_string}"},"query-input":{"@type":"PropertyValueSpecification","valueRequired":true,"valueName":"search_term_string"}}],"inLanguage":"ro-RO"},{"@type":["Person","Organization"],"@id":"https:\/\/mhf.ro\/mm\/#\/schema\/person\/a3bebf7bdb4bf12f698aff73c7e46c21","name":"Marius Marcu","image":{"@type":"ImageObject","inLanguage":"ro-RO","@id":"https:\/\/mhf.ro\/mm\/#\/schema\/person\/image\/","url":"https:\/\/mhf.ro\/mm\/wp-content\/uploads\/2025\/12\/cropped-logo_mhf_2.png","contentUrl":"https:\/\/mhf.ro\/mm\/wp-content\/uploads\/2025\/12\/cropped-logo_mhf_2.png","width":1096,"height":457,"caption":"Marius Marcu"},"logo":{"@id":"https:\/\/mhf.ro\/mm\/#\/schema\/person\/image\/"},"sameAs":["https:\/\/mhf.ro\/mm"],"url":"https:\/\/mhf.ro\/mm\/author\/mihai\/"}]}},"_links":{"self":[{"href":"https:\/\/mhf.ro\/mm\/wp-json\/wp\/v2\/posts\/6625","targetHints":{"allow":["GET"]}}],"collection":[{"href":"https:\/\/mhf.ro\/mm\/wp-json\/wp\/v2\/posts"}],"about":[{"href":"https:\/\/mhf.ro\/mm\/wp-json\/wp\/v2\/types\/post"}],"author":[{"embeddable":true,"href":"https:\/\/mhf.ro\/mm\/wp-json\/wp\/v2\/users\/1"}],"replies":[{"embeddable":true,"href":"https:\/\/mhf.ro\/mm\/wp-json\/wp\/v2\/comments?post=6625"}],"version-history":[{"count":1,"href":"https:\/\/mhf.ro\/mm\/wp-json\/wp\/v2\/posts\/6625\/revisions"}],"predecessor-version":[{"id":6627,"href":"https:\/\/mhf.ro\/mm\/wp-json\/wp\/v2\/posts\/6625\/revisions\/6627"}],"wp:featuredmedia":[{"embeddable":true,"href":"https:\/\/mhf.ro\/mm\/wp-json\/wp\/v2\/media\/6626"}],"wp:attachment":[{"href":"https:\/\/mhf.ro\/mm\/wp-json\/wp\/v2\/media?parent=6625"}],"wp:term":[{"taxonomy":"category","embeddable":true,"href":"https:\/\/mhf.ro\/mm\/wp-json\/wp\/v2\/categories?post=6625"},{"taxonomy":"post_tag","embeddable":true,"href":"https:\/\/mhf.ro\/mm\/wp-json\/wp\/v2\/tags?post=6625"}],"curies":[{"name":"wp","href":"https:\/\/api.w.org\/{rel}","templated":true}]}}