{"id":6663,"date":"2022-03-06T09:37:10","date_gmt":"2022-03-06T07:37:10","guid":{"rendered":"https:\/\/mhf.ro\/mm\/?p=6663"},"modified":"2023-03-05T16:12:10","modified_gmt":"2023-03-05T14:12:10","slug":"sinaxar-4-martie","status":"publish","type":"post","link":"https:\/\/mhf.ro\/mm\/sinaxar-4-martie\/","title":{"rendered":"Sf. Ghgerasim de la Iordan"},"content":{"rendered":"<p><span lang=\"ro-RO\"><img fetchpriority=\"high\" decoding=\"async\" src=\"https:\/\/www.calendar-ortodox.ro\/luna\/martie\/04-Gherasim.jpg\" alt=\"Gherasim de la Iordan\" width=\"329\" height=\"400\" align=\"left\" border=\"0\" hspace=\"5\" \/>Deprinz\u00e2ndu-se, \u00eenc\u0103 de copil, cu frica de Dumnezeu, c\u00e2nd s-a f\u0103cut mai mare sf\u00e2ntul Gherasim a \u00eembr\u0103cat schima monahal\u0103 \u015fi s-a dus departe, \u00een ad\u00e2ncul pustiului Tebaidei, pe vremea \u00eemp\u0103ratului Constantin Pogonatul, nepotul lui Eraclie. Acolo a depus at\u00e2ta lupt\u0103 pentru virtute \u015fi s-a apropiat at\u00e2t de mult de Dumnezeu, \u00eenc\u00e2t i se supuneau lui \u015fi fiarele cele s\u0103lbatice. Astfel, el avea pe l\u00e2ng\u0103 sine un leu care \u00eei slujea \u015fi care pe l\u00e2ng\u0103 toate celelalte slujbe pe care i le f\u0103cea, mai f\u0103cea \u015fi pe aceea c\u0103 ducea la p\u0103scut \u015fi aducea \u00eenapoi cat\u00e2rul care \u00eei c\u0103ra sf\u00e2ntului ap\u0103. Odat\u0103, pe c\u00e2nd leul dormea, ni\u015fte c\u0103l\u0103tori care treceau pe acolo cu c\u0103milele lor, v\u0103z\u00e2nd cat\u00e2rul p\u0103sc\u00e2nd singur, l-au luat \u015fi l-au legat de c\u0103milele lor, pornind mai departe. Spre sear\u0103, monahul ce-\u015fi f\u0103cea ucenicia pe l\u00e2ng\u0103 sf\u00e2ntul Gherasim, v\u0103z\u00e2nd c\u0103 leul vine singur, s-a m\u00e2hnit, socotind c\u0103 leul a m\u00e2ncat cat\u00e2rul. \u015ei duc\u00e2ndu-se a spus acest lucru sf\u00e2ntului. Iar sf\u00e2ntul Gherasim a poruncit ca mai departe leul s\u0103 \u00eendeplineasc\u0103 \u015fi slujba cat\u00e2rului. Leul a primit aceasta \u015fi tot timpul, c\u00e2t cat\u00e2rul a fost \u0163inut de negu\u0163\u0103torii care-l luaser\u0103, purta vasele cu ap\u0103 pe spinarea lui \u015fi alerg\u00e2nd c\u00e2t putea de repede, se silea s\u0103 aduc\u0103 ap\u0103. Dar, s-a \u00eent\u00e2mplat ca negu\u0163\u0103torii aminti\u0163i, la \u00eentoarcere, s\u0103 apuce pe aceea\u015fi cale. C\u00e2nd s-au apropiat de r\u00e2ul unde se g\u0103sea leul ca s\u0103 aduc\u0103 ap\u0103, leul v\u0103z\u00e2nd \u015fi cunosc\u00e2nd cat\u00e2rul, care urma c\u0103milelor fiind legat de ele, n\u0103pustindu-se cu o s\u0103ritur\u0103 nea\u015fteptat\u0103 a \u00eensp\u0103im\u00e2ntat pe negu\u0163\u0103tori \u015fi i-a pus pe fug\u0103. Apoi, apuc\u00e2nd cat\u00e2rul de c\u0103p\u0103stru, l-a tras dup\u0103 sine, iar cat\u00e2rul a tras dup\u0103 el toate c\u0103milele de care era legat \u015fi care la r\u00e2ndul lor erau legate una de alta, a\u015fa cum este obiceiul, \u015fi le-a adus la chilia sf\u00e2ntului. Apoi b\u0103t\u00e2nd cu coada la u\u015fa chiliei, le-a \u00eenf\u0103\u0163i\u015fat sf\u00e2ntului ca pe un v\u00e2nat. V\u0103z\u00e2nd aceasta, sf\u00e2ntul Gherasim, z\u00e2mbind ucenicului s\u0103u, a zis: \u00cen de\u015fert am gr\u0103it r\u0103u despre leu; deci, s\u0103 fie mai departe slobod de slujba pe care o s\u0103v\u00e2r\u015fea \u015fi s\u0103 se duc\u0103 s\u0103 petreac\u0103 dup\u0103 obiceiul s\u0103u. Atunci leul, plec\u00e2ndu-\u015fi capul, ca \u015fi cum ar fi mul\u0163umit sf\u00e2ntului \u015fi-a luat calea c\u0103tre munte. \u015ei o dat\u0103 pe s\u0103pt\u0103m\u00e2n\u0103 venea \u015fi se apropia de sf\u00e2nt, plec\u00e2ndu-\u015fi capul \u00eenaintea lui, ca \u015fi cum i s-ar fi \u00eenchinat. Dup\u0103 ce sf\u00e2ntul Gherasim s-a s\u0103v\u00e2r\u015fit din via\u0163\u0103, leul a venit din nou s\u0103-\u015fi primeasc\u0103 binecuv\u00e2ntarea. Dar, neg\u0103sind pe sf\u00e2nt \u015fi afl\u00e2nd de la ucenicul acestuia despre sf\u00e2r\u015fitul lui \u015fi fiind dus la morm\u00e2ntul sf\u00e2ntului, mai \u00eent\u00e2i a scos aici ni\u015fte mugete u\u015foare, dar \u00een cele din urm\u0103 r\u0103cnind cu mult\u0103 putere, \u015fi-a dat duhul. Astfel m\u0103re\u015fte Dumnezeu pe cei ce-L sl\u0103vesc pe D\u00e2nsul, \u00eenc\u00e2t face ca \u015fi fiarele s\u0103 li se supun\u0103 celor ce p\u0103streaz\u0103 ne\u00eentinat chipul \u015fi asem\u0103narea Sa.<\/span><\/p>\n<p class=\"subtitlu\"><span lang=\"ro-RO\">Tot \u00een aceast\u0103 zi, pomenirea sfin\u0163ilor mucenici Pavel \u015fi Iuliana, sora lui.<\/span><\/p>\n<p><span lang=\"ro-RO\">Ace\u015ftia<\/span><span lang=\"ro-RO\"> au tr\u0103it pe vremea \u00eemp\u0103ratului Aurelian, \u00een Ptolemaida. Erau fra\u0163i de acela\u015fi s\u00e2nge; se tr\u0103geau dintr-un neam ales \u015fi fuseser\u0103 crescu\u0163i \u00een chip deosebit de frumos, mai mult cu evlavia, dec\u00e2t cu laptele. Pavel citise cu mult\u0103 grij\u0103 Scripturile cele de Dumnezeu insuflate \u015fi cuget\u00e2nd ad\u00e2nc la \u00een\u0163elesul lor, \u00eenc\u0103 de pe c\u00e2nd era t\u00e2n\u0103r astupa gurile ereticilor cu foarte mult\u0103 u\u015furin\u0163\u0103 \u015fi era un propov\u0103duitor plin de zel al iconomiei Cuv\u00e2ntului lui Dumnezeu cu privire la noi. C\u00e2nd \u00eemp\u0103ratul a venit odat\u0103 \u00een cetatea aceea, Pavel, v\u0103z\u00e2ndu-l, a \u00eemb\u0103rb\u0103tat pe sora lui s\u0103 aib\u0103 curaj \u015fi s\u0103 fie plin\u0103 de \u00eendr\u0103zneal\u0103, de vreme ce o mare ispit\u0103 se va abate asupra cet\u0103\u0163ii lor. Iar el s-a \u00eentrarmat cu semnul Crucii. Dup\u0103 ce s-a \u00eensemnat cu semnul Crucii, ne\u00eendoindu-se c\u0103 este \u00eent\u0103rit, s-a \u00eenf\u0103\u0163i\u015fat la \u00eemp\u0103rat \u015fi a dat pe fa\u0163\u0103 de\u015fert\u0103ciunea \u00eenchin\u0103rii la idoli. Pentru aceasta a fost prins \u015fi fiind sp\u00e2nzurat a fost strujit cu gheare de fier. Dar sora lui v\u0103z\u00e2ndu-l a\u015fa, a \u00eenceput s\u0103 strige \u00eempotriva tiranului, c\u0103 fratele ei este chinuit pe nedrept. Dar, fiind prins\u0103 \u015fi ea, a fost sp\u00e2nzurat\u0103 \u015fi strujit\u0103 la fel ca f<\/span><span lang=\"ro-RO\">ratele ei; dar sfin\u0163ii care din toate aceste chinuri r\u0103m\u0103seser\u0103 nev\u0103t\u0103ma\u0163i au fost pu\u015fi \u00een lan\u0163uri de fier \u015fi arunca\u0163i \u00een \u00eenchisoare. \u00cengerul Domnului ar\u0103t\u00e2ndu-li-se \u00een \u00eenchisoare, au fost slobozi\u0163i din lan\u0163uri \u015fi fiind hr\u0103ni\u0163i \u00eendeajuns de \u00eenger, au adus mul\u0163umiri lui Hristos. \u015ei, fiind adu\u015fi din nou \u00eenaintea \u00eemp\u0103ratului \u015fi nevoind s\u0103 jertfeasc\u0103 idolilor, au fost supu\u015fi la nenum\u0103rate chinuri, iar dup\u0103 aceea li s-au t\u0103iat capetele. \u00cen felul acesta s-au mutat c\u0103tre Domnul, primind cununa muceniciei sf\u00e2ntul Pavel \u015fi sora lui sf\u00e2nta Iuliana.<\/span><\/p>\n<p class=\"subtitlu\"><span lang=\"ro-RO\">Tot \u00een aceast\u0103 zi, pomenirea sfin\u0163ilor mucenici: Codrat, Acaciu \u015fi Stratonic, cei ce au fost mai \u00eenainte chinuitori ai sfin\u0163ilor mucenici Pavel \u015fi Iuliana \u015fi care de sabie s-au s\u0103v\u00e2r\u015fit.<\/span><\/p>\n<p class=\"subtitlu\"><span lang=\"ro-RO\">Tot \u00een aceast\u0103 zi, pomenirea sf\u00e2ntului Grigore episcopul Asului din Anatolia, care a tr\u0103it la anul 1150 \u015fi care \u00een pace s-a s\u0103v\u00e2r\u015fit.<\/span><\/p>\n<p>Cu ale lor sfinte rug\u0103ciuni, Doamne, miluie\u015fte-ne \u015fi ne m\u00e2ntuie\u015fte pe noi. Amin.<\/p>\n","protected":false},"excerpt":{"rendered":"<p>Deprinz\u00e2ndu-se, \u00eenc\u0103 de copil, cu frica de Dumnezeu, c\u00e2nd s-a f\u0103cut mai mare sf\u00e2ntul Gherasim a \u00eembr\u0103cat schima monahal\u0103 \u015fi<\/p>\n","protected":false},"author":4,"featured_media":6665,"comment_status":"open","ping_status":"open","sticky":false,"template":"","format":"standard","meta":{"colormag_page_container_layout":"default_layout","colormag_page_sidebar_layout":"default_layout","footnotes":""},"categories":[34],"tags":[],"class_list":["post-6663","post","type-post","status-publish","format-standard","has-post-thumbnail","hentry","category-religie"],"yoast_head":"<!-- This site is optimized with the Yoast SEO plugin v27.0 - https:\/\/yoast.com\/product\/yoast-seo-wordpress\/ -->\n<title>Sf. Ghgerasim de la Iordan - MHF Photography<\/title>\n<meta name=\"robots\" content=\"index, follow, max-snippet:-1, max-image-preview:large, max-video-preview:-1\" \/>\n<link rel=\"canonical\" href=\"https:\/\/mhf.ro\/mm\/sinaxar-4-martie\/\" \/>\n<meta property=\"og:locale\" content=\"ro_RO\" \/>\n<meta property=\"og:type\" content=\"article\" \/>\n<meta property=\"og:title\" content=\"Sf. Ghgerasim de la Iordan - MHF Photography\" \/>\n<meta property=\"og:description\" content=\"Deprinz\u00e2ndu-se, \u00eenc\u0103 de copil, cu frica de Dumnezeu, c\u00e2nd s-a f\u0103cut mai mare sf\u00e2ntul Gherasim a \u00eembr\u0103cat schima monahal\u0103 \u015fi\" \/>\n<meta property=\"og:url\" content=\"https:\/\/mhf.ro\/mm\/sinaxar-4-martie\/\" \/>\n<meta property=\"og:site_name\" content=\"MHF Photography\" \/>\n<meta property=\"article:published_time\" content=\"2022-03-06T07:37:10+00:00\" \/>\n<meta property=\"article:modified_time\" content=\"2023-03-05T14:12:10+00:00\" \/>\n<meta property=\"og:image\" content=\"https:\/\/mhf.ro\/mm\/wp-content\/uploads\/2022\/03\/gherasim_de_la_iordan-e1646401189347.jpg\" \/>\n\t<meta property=\"og:image:width\" content=\"253\" \/>\n\t<meta property=\"og:image:height\" content=\"348\" \/>\n\t<meta property=\"og:image:type\" content=\"image\/jpeg\" \/>\n<meta name=\"author\" content=\"Preot paroh Horvat Petru\" \/>\n<meta name=\"twitter:card\" content=\"summary_large_image\" \/>\n<meta name=\"twitter:label1\" content=\"Scris de\" \/>\n\t<meta name=\"twitter:data1\" content=\"Preot paroh Horvat Petru\" \/>\n\t<meta name=\"twitter:label2\" content=\"Timp estimat pentru citire\" \/>\n\t<meta name=\"twitter:data2\" content=\"5 minute\" \/>\n<script type=\"application\/ld+json\" class=\"yoast-schema-graph\">{\"@context\":\"https:\/\/schema.org\",\"@graph\":[{\"@type\":\"Article\",\"@id\":\"https:\/\/mhf.ro\/mm\/sinaxar-4-martie\/#article\",\"isPartOf\":{\"@id\":\"https:\/\/mhf.ro\/mm\/sinaxar-4-martie\/\"},\"author\":{\"name\":\"Preot paroh Horvat Petru\",\"@id\":\"https:\/\/mhf.ro\/mm\/#\/schema\/person\/4c8c06c801b7b666e81ed44550086900\"},\"headline\":\"Sf. Ghgerasim de la Iordan\",\"datePublished\":\"2022-03-06T07:37:10+00:00\",\"dateModified\":\"2023-03-05T14:12:10+00:00\",\"mainEntityOfPage\":{\"@id\":\"https:\/\/mhf.ro\/mm\/sinaxar-4-martie\/\"},\"wordCount\":1039,\"commentCount\":0,\"publisher\":{\"@id\":\"https:\/\/mhf.ro\/mm\/#\/schema\/person\/a3bebf7bdb4bf12f698aff73c7e46c21\"},\"image\":{\"@id\":\"https:\/\/mhf.ro\/mm\/sinaxar-4-martie\/#primaryimage\"},\"thumbnailUrl\":\"https:\/\/mhf.ro\/mm\/wp-content\/uploads\/2022\/03\/gherasim_de_la_iordan-e1646401189347.jpg\",\"articleSection\":[\"Religie\"],\"inLanguage\":\"ro-RO\",\"potentialAction\":[{\"@type\":\"CommentAction\",\"name\":\"Comment\",\"target\":[\"https:\/\/mhf.ro\/mm\/sinaxar-4-martie\/#respond\"]}]},{\"@type\":\"WebPage\",\"@id\":\"https:\/\/mhf.ro\/mm\/sinaxar-4-martie\/\",\"url\":\"https:\/\/mhf.ro\/mm\/sinaxar-4-martie\/\",\"name\":\"Sf. Ghgerasim de la Iordan - MHF Photography\",\"isPartOf\":{\"@id\":\"https:\/\/mhf.ro\/mm\/#website\"},\"primaryImageOfPage\":{\"@id\":\"https:\/\/mhf.ro\/mm\/sinaxar-4-martie\/#primaryimage\"},\"image\":{\"@id\":\"https:\/\/mhf.ro\/mm\/sinaxar-4-martie\/#primaryimage\"},\"thumbnailUrl\":\"https:\/\/mhf.ro\/mm\/wp-content\/uploads\/2022\/03\/gherasim_de_la_iordan-e1646401189347.jpg\",\"datePublished\":\"2022-03-06T07:37:10+00:00\",\"dateModified\":\"2023-03-05T14:12:10+00:00\",\"breadcrumb\":{\"@id\":\"https:\/\/mhf.ro\/mm\/sinaxar-4-martie\/#breadcrumb\"},\"inLanguage\":\"ro-RO\",\"potentialAction\":[{\"@type\":\"ReadAction\",\"target\":[\"https:\/\/mhf.ro\/mm\/sinaxar-4-martie\/\"]}]},{\"@type\":\"ImageObject\",\"inLanguage\":\"ro-RO\",\"@id\":\"https:\/\/mhf.ro\/mm\/sinaxar-4-martie\/#primaryimage\",\"url\":\"https:\/\/mhf.ro\/mm\/wp-content\/uploads\/2022\/03\/gherasim_de_la_iordan-e1646401189347.jpg\",\"contentUrl\":\"https:\/\/mhf.ro\/mm\/wp-content\/uploads\/2022\/03\/gherasim_de_la_iordan-e1646401189347.jpg\",\"width\":253,\"height\":348},{\"@type\":\"BreadcrumbList\",\"@id\":\"https:\/\/mhf.ro\/mm\/sinaxar-4-martie\/#breadcrumb\",\"itemListElement\":[{\"@type\":\"ListItem\",\"position\":1,\"name\":\"Prima pagin\u0103\",\"item\":\"https:\/\/mhf.ro\/mm\/\"},{\"@type\":\"ListItem\",\"position\":2,\"name\":\"Sf. Ghgerasim de la Iordan\"}]},{\"@type\":\"WebSite\",\"@id\":\"https:\/\/mhf.ro\/mm\/#website\",\"url\":\"https:\/\/mhf.ro\/mm\/\",\"name\":\"MHF Photography \u2013 Blog de fotografie, natur\u0103 \u0219i tehnic\u0103 divers\u0103\",\"description\":\"Aventur\u0103 \u00een fiecare cadru.\",\"publisher\":{\"@id\":\"https:\/\/mhf.ro\/mm\/#\/schema\/person\/a3bebf7bdb4bf12f698aff73c7e46c21\"},\"potentialAction\":[{\"@type\":\"SearchAction\",\"target\":{\"@type\":\"EntryPoint\",\"urlTemplate\":\"https:\/\/mhf.ro\/mm\/?s={search_term_string}\"},\"query-input\":{\"@type\":\"PropertyValueSpecification\",\"valueRequired\":true,\"valueName\":\"search_term_string\"}}],\"inLanguage\":\"ro-RO\"},{\"@type\":[\"Person\",\"Organization\"],\"@id\":\"https:\/\/mhf.ro\/mm\/#\/schema\/person\/a3bebf7bdb4bf12f698aff73c7e46c21\",\"name\":\"Marius Marcu\",\"image\":{\"@type\":\"ImageObject\",\"inLanguage\":\"ro-RO\",\"@id\":\"https:\/\/mhf.ro\/mm\/#\/schema\/person\/image\/\",\"url\":\"https:\/\/mhf.ro\/mm\/wp-content\/uploads\/2025\/12\/cropped-logo_mhf_2.png\",\"contentUrl\":\"https:\/\/mhf.ro\/mm\/wp-content\/uploads\/2025\/12\/cropped-logo_mhf_2.png\",\"width\":1096,\"height\":457,\"caption\":\"Marius Marcu\"},\"logo\":{\"@id\":\"https:\/\/mhf.ro\/mm\/#\/schema\/person\/image\/\"},\"sameAs\":[\"https:\/\/mhf.ro\/mm\"]},{\"@type\":\"Person\",\"@id\":\"https:\/\/mhf.ro\/mm\/#\/schema\/person\/4c8c06c801b7b666e81ed44550086900\",\"name\":\"Preot paroh Horvat Petru\",\"image\":{\"@type\":\"ImageObject\",\"inLanguage\":\"ro-RO\",\"@id\":\"https:\/\/mhf.ro\/mm\/#\/schema\/person\/image\/\",\"url\":\"https:\/\/secure.gravatar.com\/avatar\/c2d2dcdf21c6f41aad486d71768c144cd6e23cb7b63bae9bd6fab542b26ad321?s=96&d=monsterid&r=g\",\"contentUrl\":\"https:\/\/secure.gravatar.com\/avatar\/c2d2dcdf21c6f41aad486d71768c144cd6e23cb7b63bae9bd6fab542b26ad321?s=96&d=monsterid&r=g\",\"caption\":\"Preot paroh Horvat Petru\"},\"sameAs\":[\"https:\/\/mhf.ro\/mm\"],\"url\":\"https:\/\/mhf.ro\/mm\/author\/petrica\/\"}]}<\/script>\n<!-- \/ Yoast SEO plugin. -->","yoast_head_json":{"title":"Sf. Ghgerasim de la Iordan - MHF Photography","robots":{"index":"index","follow":"follow","max-snippet":"max-snippet:-1","max-image-preview":"max-image-preview:large","max-video-preview":"max-video-preview:-1"},"canonical":"https:\/\/mhf.ro\/mm\/sinaxar-4-martie\/","og_locale":"ro_RO","og_type":"article","og_title":"Sf. Ghgerasim de la Iordan - MHF Photography","og_description":"Deprinz\u00e2ndu-se, \u00eenc\u0103 de copil, cu frica de Dumnezeu, c\u00e2nd s-a f\u0103cut mai mare sf\u00e2ntul Gherasim a \u00eembr\u0103cat schima monahal\u0103 \u015fi","og_url":"https:\/\/mhf.ro\/mm\/sinaxar-4-martie\/","og_site_name":"MHF Photography","article_published_time":"2022-03-06T07:37:10+00:00","article_modified_time":"2023-03-05T14:12:10+00:00","og_image":[{"width":253,"height":348,"url":"https:\/\/mhf.ro\/mm\/wp-content\/uploads\/2022\/03\/gherasim_de_la_iordan-e1646401189347.jpg","type":"image\/jpeg"}],"author":"Preot paroh Horvat Petru","twitter_card":"summary_large_image","twitter_misc":{"Scris de":"Preot paroh Horvat Petru","Timp estimat pentru citire":"5 minute"},"schema":{"@context":"https:\/\/schema.org","@graph":[{"@type":"Article","@id":"https:\/\/mhf.ro\/mm\/sinaxar-4-martie\/#article","isPartOf":{"@id":"https:\/\/mhf.ro\/mm\/sinaxar-4-martie\/"},"author":{"name":"Preot paroh Horvat Petru","@id":"https:\/\/mhf.ro\/mm\/#\/schema\/person\/4c8c06c801b7b666e81ed44550086900"},"headline":"Sf. Ghgerasim de la Iordan","datePublished":"2022-03-06T07:37:10+00:00","dateModified":"2023-03-05T14:12:10+00:00","mainEntityOfPage":{"@id":"https:\/\/mhf.ro\/mm\/sinaxar-4-martie\/"},"wordCount":1039,"commentCount":0,"publisher":{"@id":"https:\/\/mhf.ro\/mm\/#\/schema\/person\/a3bebf7bdb4bf12f698aff73c7e46c21"},"image":{"@id":"https:\/\/mhf.ro\/mm\/sinaxar-4-martie\/#primaryimage"},"thumbnailUrl":"https:\/\/mhf.ro\/mm\/wp-content\/uploads\/2022\/03\/gherasim_de_la_iordan-e1646401189347.jpg","articleSection":["Religie"],"inLanguage":"ro-RO","potentialAction":[{"@type":"CommentAction","name":"Comment","target":["https:\/\/mhf.ro\/mm\/sinaxar-4-martie\/#respond"]}]},{"@type":"WebPage","@id":"https:\/\/mhf.ro\/mm\/sinaxar-4-martie\/","url":"https:\/\/mhf.ro\/mm\/sinaxar-4-martie\/","name":"Sf. Ghgerasim de la Iordan - MHF Photography","isPartOf":{"@id":"https:\/\/mhf.ro\/mm\/#website"},"primaryImageOfPage":{"@id":"https:\/\/mhf.ro\/mm\/sinaxar-4-martie\/#primaryimage"},"image":{"@id":"https:\/\/mhf.ro\/mm\/sinaxar-4-martie\/#primaryimage"},"thumbnailUrl":"https:\/\/mhf.ro\/mm\/wp-content\/uploads\/2022\/03\/gherasim_de_la_iordan-e1646401189347.jpg","datePublished":"2022-03-06T07:37:10+00:00","dateModified":"2023-03-05T14:12:10+00:00","breadcrumb":{"@id":"https:\/\/mhf.ro\/mm\/sinaxar-4-martie\/#breadcrumb"},"inLanguage":"ro-RO","potentialAction":[{"@type":"ReadAction","target":["https:\/\/mhf.ro\/mm\/sinaxar-4-martie\/"]}]},{"@type":"ImageObject","inLanguage":"ro-RO","@id":"https:\/\/mhf.ro\/mm\/sinaxar-4-martie\/#primaryimage","url":"https:\/\/mhf.ro\/mm\/wp-content\/uploads\/2022\/03\/gherasim_de_la_iordan-e1646401189347.jpg","contentUrl":"https:\/\/mhf.ro\/mm\/wp-content\/uploads\/2022\/03\/gherasim_de_la_iordan-e1646401189347.jpg","width":253,"height":348},{"@type":"BreadcrumbList","@id":"https:\/\/mhf.ro\/mm\/sinaxar-4-martie\/#breadcrumb","itemListElement":[{"@type":"ListItem","position":1,"name":"Prima pagin\u0103","item":"https:\/\/mhf.ro\/mm\/"},{"@type":"ListItem","position":2,"name":"Sf. Ghgerasim de la Iordan"}]},{"@type":"WebSite","@id":"https:\/\/mhf.ro\/mm\/#website","url":"https:\/\/mhf.ro\/mm\/","name":"MHF Photography \u2013 Blog de fotografie, natur\u0103 \u0219i tehnic\u0103 divers\u0103","description":"Aventur\u0103 \u00een fiecare cadru.","publisher":{"@id":"https:\/\/mhf.ro\/mm\/#\/schema\/person\/a3bebf7bdb4bf12f698aff73c7e46c21"},"potentialAction":[{"@type":"SearchAction","target":{"@type":"EntryPoint","urlTemplate":"https:\/\/mhf.ro\/mm\/?s={search_term_string}"},"query-input":{"@type":"PropertyValueSpecification","valueRequired":true,"valueName":"search_term_string"}}],"inLanguage":"ro-RO"},{"@type":["Person","Organization"],"@id":"https:\/\/mhf.ro\/mm\/#\/schema\/person\/a3bebf7bdb4bf12f698aff73c7e46c21","name":"Marius Marcu","image":{"@type":"ImageObject","inLanguage":"ro-RO","@id":"https:\/\/mhf.ro\/mm\/#\/schema\/person\/image\/","url":"https:\/\/mhf.ro\/mm\/wp-content\/uploads\/2025\/12\/cropped-logo_mhf_2.png","contentUrl":"https:\/\/mhf.ro\/mm\/wp-content\/uploads\/2025\/12\/cropped-logo_mhf_2.png","width":1096,"height":457,"caption":"Marius Marcu"},"logo":{"@id":"https:\/\/mhf.ro\/mm\/#\/schema\/person\/image\/"},"sameAs":["https:\/\/mhf.ro\/mm"]},{"@type":"Person","@id":"https:\/\/mhf.ro\/mm\/#\/schema\/person\/4c8c06c801b7b666e81ed44550086900","name":"Preot paroh Horvat Petru","image":{"@type":"ImageObject","inLanguage":"ro-RO","@id":"https:\/\/mhf.ro\/mm\/#\/schema\/person\/image\/","url":"https:\/\/secure.gravatar.com\/avatar\/c2d2dcdf21c6f41aad486d71768c144cd6e23cb7b63bae9bd6fab542b26ad321?s=96&d=monsterid&r=g","contentUrl":"https:\/\/secure.gravatar.com\/avatar\/c2d2dcdf21c6f41aad486d71768c144cd6e23cb7b63bae9bd6fab542b26ad321?s=96&d=monsterid&r=g","caption":"Preot paroh Horvat Petru"},"sameAs":["https:\/\/mhf.ro\/mm"],"url":"https:\/\/mhf.ro\/mm\/author\/petrica\/"}]}},"_links":{"self":[{"href":"https:\/\/mhf.ro\/mm\/wp-json\/wp\/v2\/posts\/6663","targetHints":{"allow":["GET"]}}],"collection":[{"href":"https:\/\/mhf.ro\/mm\/wp-json\/wp\/v2\/posts"}],"about":[{"href":"https:\/\/mhf.ro\/mm\/wp-json\/wp\/v2\/types\/post"}],"author":[{"embeddable":true,"href":"https:\/\/mhf.ro\/mm\/wp-json\/wp\/v2\/users\/4"}],"replies":[{"embeddable":true,"href":"https:\/\/mhf.ro\/mm\/wp-json\/wp\/v2\/comments?post=6663"}],"version-history":[{"count":3,"href":"https:\/\/mhf.ro\/mm\/wp-json\/wp\/v2\/posts\/6663\/revisions"}],"predecessor-version":[{"id":8800,"href":"https:\/\/mhf.ro\/mm\/wp-json\/wp\/v2\/posts\/6663\/revisions\/8800"}],"wp:featuredmedia":[{"embeddable":true,"href":"https:\/\/mhf.ro\/mm\/wp-json\/wp\/v2\/media\/6665"}],"wp:attachment":[{"href":"https:\/\/mhf.ro\/mm\/wp-json\/wp\/v2\/media?parent=6663"}],"wp:term":[{"taxonomy":"category","embeddable":true,"href":"https:\/\/mhf.ro\/mm\/wp-json\/wp\/v2\/categories?post=6663"},{"taxonomy":"post_tag","embeddable":true,"href":"https:\/\/mhf.ro\/mm\/wp-json\/wp\/v2\/tags?post=6663"}],"curies":[{"name":"wp","href":"https:\/\/api.w.org\/{rel}","templated":true}]}}