{"id":6670,"date":"2022-03-05T09:33:25","date_gmt":"2022-03-05T07:33:25","guid":{"rendered":"https:\/\/mhf.ro\/mm\/?p=6670"},"modified":"2022-03-05T09:33:25","modified_gmt":"2022-03-05T07:33:25","slug":"starea-de-alerta-in-romania-nu-va-mai-fi-prelungita","status":"publish","type":"post","link":"https:\/\/mhf.ro\/mm\/starea-de-alerta-in-romania-nu-va-mai-fi-prelungita\/","title":{"rendered":"Starea de alert\u0103 \u00een Rom\u00e2nia nu va mai fi prelungit\u0103"},"content":{"rendered":"<p>Pre\u015fedintele Klaus Iohannis a declarat, vineri, dup\u0103 \u015fedin\u0163a privind gestionarea pandemiei, de la Palatul Cotroceni, c\u0103 s-a hot\u0103r\u00e2t s\u0103 nu se mai prelungeasc\u0103 dincolo de 8 martie starea de alert\u0103 din Rom\u00e2nia. \u00cencep\u00e2nd cu aceast\u0103 dat\u0103 vor fi eliminate \u0219i multe dintre restric\u021bii.<\/p>\n<p>Ministerul S\u0103n\u0103t\u0103\u0163ii este cel care urmeaz\u0103 s\u0103 gestioneze, \u00een continuare, evolu\u0163ia pandemiei care sper\u0103m c\u0103 se apropie de final, a mai afirmat \u015feful statului, ar\u0103t\u00e2nd c\u0103 trebuie s\u0103 r\u0103m\u00e2nem vigilen\u0163i \u015fi pe mai departe.<\/p>\n<p>\u201dEste momentul, deci, s\u0103 lu\u0103m noi decizii legate de vgestionarea acestei situa\u0163ii, decizii cu impact major pentru viitor. Am convocat ast\u0103zi o \u015fedin\u0163\u0103 de evaluare, cu to\u0163i responsabilii din domeniu, \u00een urma c\u0103reia am decis s\u0103 nu mai prelungim dincolo de 8 martie starea de alert\u0103 instituit\u0103 \u00een Rom\u00e2nia. Ministerul S\u0103n\u0103t\u0103\u0163ii este cel care urmeaz\u0103 s\u0103 gestioneze, \u00een continuare, evolu\u0163ia pandemiei care sper\u0103m c\u0103 se apropie de final\u201d, a spus \u015feful statului.<\/p>\n<p>Acesta a precizat c\u0103 ne afl\u0103m la sf\u00e2r\u0219itul valului 5 al pandemiei de COVID-19. \u201e Epidemia de COVID-19 se afl\u0103 pe o pant\u0103 accelerat descendent\u0103 la noi \u00een \u021bar\u0103, iar valul cinci este aproape de a se \u00eencheia\u201d, a spus pre\u0219edintele.\u00a0 (conf. Jurnalist.ro)<\/p>\n","protected":false},"excerpt":{"rendered":"<p>Pre\u015fedintele Klaus Iohannis a declarat, vineri, dup\u0103 \u015fedin\u0163a privind gestionarea pandemiei, de la Palatul Cotroceni, c\u0103 s-a hot\u0103r\u00e2t s\u0103 nu<\/p>\n","protected":false},"author":1,"featured_media":6671,"comment_status":"open","ping_status":"open","sticky":false,"template":"","format":"standard","meta":{"colormag_page_container_layout":"default_layout","colormag_page_sidebar_layout":"default_layout","footnotes":""},"categories":[5],"tags":[],"class_list":["post-6670","post","type-post","status-publish","format-standard","has-post-thumbnail","hentry","category-locale"],"yoast_head":"<!-- This site is optimized with the Yoast SEO plugin v27.0 - https:\/\/yoast.com\/product\/yoast-seo-wordpress\/ -->\n<title>Starea de alert\u0103 \u00een Rom\u00e2nia nu va mai fi prelungit\u0103 - MHF Photography<\/title>\n<meta name=\"robots\" content=\"index, follow, max-snippet:-1, max-image-preview:large, max-video-preview:-1\" \/>\n<link rel=\"canonical\" href=\"https:\/\/mhf.ro\/mm\/starea-de-alerta-in-romania-nu-va-mai-fi-prelungita\/\" \/>\n<meta property=\"og:locale\" content=\"ro_RO\" \/>\n<meta property=\"og:type\" content=\"article\" \/>\n<meta property=\"og:title\" content=\"Starea de alert\u0103 \u00een Rom\u00e2nia nu va mai fi prelungit\u0103 - MHF Photography\" \/>\n<meta property=\"og:description\" content=\"Pre\u015fedintele Klaus Iohannis a declarat, vineri, dup\u0103 \u015fedin\u0163a privind gestionarea pandemiei, de la Palatul Cotroceni, c\u0103 s-a hot\u0103r\u00e2t s\u0103 nu\" \/>\n<meta property=\"og:url\" content=\"https:\/\/mhf.ro\/mm\/starea-de-alerta-in-romania-nu-va-mai-fi-prelungita\/\" \/>\n<meta property=\"og:site_name\" content=\"MHF Photography\" \/>\n<meta property=\"article:published_time\" content=\"2022-03-05T07:33:25+00:00\" \/>\n<meta property=\"og:image\" content=\"https:\/\/mhf.ro\/mm\/wp-content\/uploads\/2022\/03\/stare-de-alerta.jpg\" \/>\n\t<meta property=\"og:image:width\" content=\"800\" \/>\n\t<meta property=\"og:image:height\" content=\"541\" \/>\n\t<meta property=\"og:image:type\" content=\"image\/jpeg\" \/>\n<meta name=\"author\" content=\"Marius Marcu\" \/>\n<meta name=\"twitter:card\" content=\"summary_large_image\" \/>\n<meta name=\"twitter:label1\" content=\"Scris de\" \/>\n\t<meta name=\"twitter:data1\" content=\"Marius Marcu\" \/>\n\t<meta name=\"twitter:label2\" content=\"Timp estimat pentru citire\" \/>\n\t<meta name=\"twitter:data2\" content=\"1 minut\" \/>\n<script type=\"application\/ld+json\" class=\"yoast-schema-graph\">{\"@context\":\"https:\/\/schema.org\",\"@graph\":[{\"@type\":\"Article\",\"@id\":\"https:\/\/mhf.ro\/mm\/starea-de-alerta-in-romania-nu-va-mai-fi-prelungita\/#article\",\"isPartOf\":{\"@id\":\"https:\/\/mhf.ro\/mm\/starea-de-alerta-in-romania-nu-va-mai-fi-prelungita\/\"},\"author\":{\"name\":\"Marius Marcu\",\"@id\":\"https:\/\/mhf.ro\/mm\/#\/schema\/person\/a3bebf7bdb4bf12f698aff73c7e46c21\"},\"headline\":\"Starea de alert\u0103 \u00een Rom\u00e2nia nu va mai fi prelungit\u0103\",\"datePublished\":\"2022-03-05T07:33:25+00:00\",\"mainEntityOfPage\":{\"@id\":\"https:\/\/mhf.ro\/mm\/starea-de-alerta-in-romania-nu-va-mai-fi-prelungita\/\"},\"wordCount\":232,\"commentCount\":0,\"publisher\":{\"@id\":\"https:\/\/mhf.ro\/mm\/#\/schema\/person\/a3bebf7bdb4bf12f698aff73c7e46c21\"},\"image\":{\"@id\":\"https:\/\/mhf.ro\/mm\/starea-de-alerta-in-romania-nu-va-mai-fi-prelungita\/#primaryimage\"},\"thumbnailUrl\":\"https:\/\/mhf.ro\/mm\/wp-content\/uploads\/2022\/03\/stare-de-alerta.jpg\",\"articleSection\":[\"Locale\"],\"inLanguage\":\"ro-RO\",\"potentialAction\":[{\"@type\":\"CommentAction\",\"name\":\"Comment\",\"target\":[\"https:\/\/mhf.ro\/mm\/starea-de-alerta-in-romania-nu-va-mai-fi-prelungita\/#respond\"]}]},{\"@type\":\"WebPage\",\"@id\":\"https:\/\/mhf.ro\/mm\/starea-de-alerta-in-romania-nu-va-mai-fi-prelungita\/\",\"url\":\"https:\/\/mhf.ro\/mm\/starea-de-alerta-in-romania-nu-va-mai-fi-prelungita\/\",\"name\":\"Starea de alert\u0103 \u00een Rom\u00e2nia nu va mai fi prelungit\u0103 - MHF Photography\",\"isPartOf\":{\"@id\":\"https:\/\/mhf.ro\/mm\/#website\"},\"primaryImageOfPage\":{\"@id\":\"https:\/\/mhf.ro\/mm\/starea-de-alerta-in-romania-nu-va-mai-fi-prelungita\/#primaryimage\"},\"image\":{\"@id\":\"https:\/\/mhf.ro\/mm\/starea-de-alerta-in-romania-nu-va-mai-fi-prelungita\/#primaryimage\"},\"thumbnailUrl\":\"https:\/\/mhf.ro\/mm\/wp-content\/uploads\/2022\/03\/stare-de-alerta.jpg\",\"datePublished\":\"2022-03-05T07:33:25+00:00\",\"breadcrumb\":{\"@id\":\"https:\/\/mhf.ro\/mm\/starea-de-alerta-in-romania-nu-va-mai-fi-prelungita\/#breadcrumb\"},\"inLanguage\":\"ro-RO\",\"potentialAction\":[{\"@type\":\"ReadAction\",\"target\":[\"https:\/\/mhf.ro\/mm\/starea-de-alerta-in-romania-nu-va-mai-fi-prelungita\/\"]}]},{\"@type\":\"ImageObject\",\"inLanguage\":\"ro-RO\",\"@id\":\"https:\/\/mhf.ro\/mm\/starea-de-alerta-in-romania-nu-va-mai-fi-prelungita\/#primaryimage\",\"url\":\"https:\/\/mhf.ro\/mm\/wp-content\/uploads\/2022\/03\/stare-de-alerta.jpg\",\"contentUrl\":\"https:\/\/mhf.ro\/mm\/wp-content\/uploads\/2022\/03\/stare-de-alerta.jpg\",\"width\":800,\"height\":541},{\"@type\":\"BreadcrumbList\",\"@id\":\"https:\/\/mhf.ro\/mm\/starea-de-alerta-in-romania-nu-va-mai-fi-prelungita\/#breadcrumb\",\"itemListElement\":[{\"@type\":\"ListItem\",\"position\":1,\"name\":\"Prima pagin\u0103\",\"item\":\"https:\/\/mhf.ro\/mm\/\"},{\"@type\":\"ListItem\",\"position\":2,\"name\":\"Starea de alert\u0103 \u00een Rom\u00e2nia nu va mai fi prelungit\u0103\"}]},{\"@type\":\"WebSite\",\"@id\":\"https:\/\/mhf.ro\/mm\/#website\",\"url\":\"https:\/\/mhf.ro\/mm\/\",\"name\":\"MHF Photography \u2013 Blog de fotografie, natur\u0103 \u0219i tehnic\u0103 divers\u0103\",\"description\":\"Aventur\u0103 \u00een fiecare cadru.\",\"publisher\":{\"@id\":\"https:\/\/mhf.ro\/mm\/#\/schema\/person\/a3bebf7bdb4bf12f698aff73c7e46c21\"},\"potentialAction\":[{\"@type\":\"SearchAction\",\"target\":{\"@type\":\"EntryPoint\",\"urlTemplate\":\"https:\/\/mhf.ro\/mm\/?s={search_term_string}\"},\"query-input\":{\"@type\":\"PropertyValueSpecification\",\"valueRequired\":true,\"valueName\":\"search_term_string\"}}],\"inLanguage\":\"ro-RO\"},{\"@type\":[\"Person\",\"Organization\"],\"@id\":\"https:\/\/mhf.ro\/mm\/#\/schema\/person\/a3bebf7bdb4bf12f698aff73c7e46c21\",\"name\":\"Marius Marcu\",\"image\":{\"@type\":\"ImageObject\",\"inLanguage\":\"ro-RO\",\"@id\":\"https:\/\/mhf.ro\/mm\/#\/schema\/person\/image\/\",\"url\":\"https:\/\/mhf.ro\/mm\/wp-content\/uploads\/2025\/12\/cropped-logo_mhf_2.png\",\"contentUrl\":\"https:\/\/mhf.ro\/mm\/wp-content\/uploads\/2025\/12\/cropped-logo_mhf_2.png\",\"width\":1096,\"height\":457,\"caption\":\"Marius Marcu\"},\"logo\":{\"@id\":\"https:\/\/mhf.ro\/mm\/#\/schema\/person\/image\/\"},\"sameAs\":[\"https:\/\/mhf.ro\/mm\"],\"url\":\"https:\/\/mhf.ro\/mm\/author\/mihai\/\"}]}<\/script>\n<!-- \/ Yoast SEO plugin. -->","yoast_head_json":{"title":"Starea de alert\u0103 \u00een Rom\u00e2nia nu va mai fi prelungit\u0103 - MHF Photography","robots":{"index":"index","follow":"follow","max-snippet":"max-snippet:-1","max-image-preview":"max-image-preview:large","max-video-preview":"max-video-preview:-1"},"canonical":"https:\/\/mhf.ro\/mm\/starea-de-alerta-in-romania-nu-va-mai-fi-prelungita\/","og_locale":"ro_RO","og_type":"article","og_title":"Starea de alert\u0103 \u00een Rom\u00e2nia nu va mai fi prelungit\u0103 - MHF Photography","og_description":"Pre\u015fedintele Klaus Iohannis a declarat, vineri, dup\u0103 \u015fedin\u0163a privind gestionarea pandemiei, de la Palatul Cotroceni, c\u0103 s-a hot\u0103r\u00e2t s\u0103 nu","og_url":"https:\/\/mhf.ro\/mm\/starea-de-alerta-in-romania-nu-va-mai-fi-prelungita\/","og_site_name":"MHF Photography","article_published_time":"2022-03-05T07:33:25+00:00","og_image":[{"width":800,"height":541,"url":"https:\/\/mhf.ro\/mm\/wp-content\/uploads\/2022\/03\/stare-de-alerta.jpg","type":"image\/jpeg"}],"author":"Marius Marcu","twitter_card":"summary_large_image","twitter_misc":{"Scris de":"Marius Marcu","Timp estimat pentru citire":"1 minut"},"schema":{"@context":"https:\/\/schema.org","@graph":[{"@type":"Article","@id":"https:\/\/mhf.ro\/mm\/starea-de-alerta-in-romania-nu-va-mai-fi-prelungita\/#article","isPartOf":{"@id":"https:\/\/mhf.ro\/mm\/starea-de-alerta-in-romania-nu-va-mai-fi-prelungita\/"},"author":{"name":"Marius Marcu","@id":"https:\/\/mhf.ro\/mm\/#\/schema\/person\/a3bebf7bdb4bf12f698aff73c7e46c21"},"headline":"Starea de alert\u0103 \u00een Rom\u00e2nia nu va mai fi prelungit\u0103","datePublished":"2022-03-05T07:33:25+00:00","mainEntityOfPage":{"@id":"https:\/\/mhf.ro\/mm\/starea-de-alerta-in-romania-nu-va-mai-fi-prelungita\/"},"wordCount":232,"commentCount":0,"publisher":{"@id":"https:\/\/mhf.ro\/mm\/#\/schema\/person\/a3bebf7bdb4bf12f698aff73c7e46c21"},"image":{"@id":"https:\/\/mhf.ro\/mm\/starea-de-alerta-in-romania-nu-va-mai-fi-prelungita\/#primaryimage"},"thumbnailUrl":"https:\/\/mhf.ro\/mm\/wp-content\/uploads\/2022\/03\/stare-de-alerta.jpg","articleSection":["Locale"],"inLanguage":"ro-RO","potentialAction":[{"@type":"CommentAction","name":"Comment","target":["https:\/\/mhf.ro\/mm\/starea-de-alerta-in-romania-nu-va-mai-fi-prelungita\/#respond"]}]},{"@type":"WebPage","@id":"https:\/\/mhf.ro\/mm\/starea-de-alerta-in-romania-nu-va-mai-fi-prelungita\/","url":"https:\/\/mhf.ro\/mm\/starea-de-alerta-in-romania-nu-va-mai-fi-prelungita\/","name":"Starea de alert\u0103 \u00een Rom\u00e2nia nu va mai fi prelungit\u0103 - MHF Photography","isPartOf":{"@id":"https:\/\/mhf.ro\/mm\/#website"},"primaryImageOfPage":{"@id":"https:\/\/mhf.ro\/mm\/starea-de-alerta-in-romania-nu-va-mai-fi-prelungita\/#primaryimage"},"image":{"@id":"https:\/\/mhf.ro\/mm\/starea-de-alerta-in-romania-nu-va-mai-fi-prelungita\/#primaryimage"},"thumbnailUrl":"https:\/\/mhf.ro\/mm\/wp-content\/uploads\/2022\/03\/stare-de-alerta.jpg","datePublished":"2022-03-05T07:33:25+00:00","breadcrumb":{"@id":"https:\/\/mhf.ro\/mm\/starea-de-alerta-in-romania-nu-va-mai-fi-prelungita\/#breadcrumb"},"inLanguage":"ro-RO","potentialAction":[{"@type":"ReadAction","target":["https:\/\/mhf.ro\/mm\/starea-de-alerta-in-romania-nu-va-mai-fi-prelungita\/"]}]},{"@type":"ImageObject","inLanguage":"ro-RO","@id":"https:\/\/mhf.ro\/mm\/starea-de-alerta-in-romania-nu-va-mai-fi-prelungita\/#primaryimage","url":"https:\/\/mhf.ro\/mm\/wp-content\/uploads\/2022\/03\/stare-de-alerta.jpg","contentUrl":"https:\/\/mhf.ro\/mm\/wp-content\/uploads\/2022\/03\/stare-de-alerta.jpg","width":800,"height":541},{"@type":"BreadcrumbList","@id":"https:\/\/mhf.ro\/mm\/starea-de-alerta-in-romania-nu-va-mai-fi-prelungita\/#breadcrumb","itemListElement":[{"@type":"ListItem","position":1,"name":"Prima pagin\u0103","item":"https:\/\/mhf.ro\/mm\/"},{"@type":"ListItem","position":2,"name":"Starea de alert\u0103 \u00een Rom\u00e2nia nu va mai fi prelungit\u0103"}]},{"@type":"WebSite","@id":"https:\/\/mhf.ro\/mm\/#website","url":"https:\/\/mhf.ro\/mm\/","name":"MHF Photography \u2013 Blog de fotografie, natur\u0103 \u0219i tehnic\u0103 divers\u0103","description":"Aventur\u0103 \u00een fiecare cadru.","publisher":{"@id":"https:\/\/mhf.ro\/mm\/#\/schema\/person\/a3bebf7bdb4bf12f698aff73c7e46c21"},"potentialAction":[{"@type":"SearchAction","target":{"@type":"EntryPoint","urlTemplate":"https:\/\/mhf.ro\/mm\/?s={search_term_string}"},"query-input":{"@type":"PropertyValueSpecification","valueRequired":true,"valueName":"search_term_string"}}],"inLanguage":"ro-RO"},{"@type":["Person","Organization"],"@id":"https:\/\/mhf.ro\/mm\/#\/schema\/person\/a3bebf7bdb4bf12f698aff73c7e46c21","name":"Marius Marcu","image":{"@type":"ImageObject","inLanguage":"ro-RO","@id":"https:\/\/mhf.ro\/mm\/#\/schema\/person\/image\/","url":"https:\/\/mhf.ro\/mm\/wp-content\/uploads\/2025\/12\/cropped-logo_mhf_2.png","contentUrl":"https:\/\/mhf.ro\/mm\/wp-content\/uploads\/2025\/12\/cropped-logo_mhf_2.png","width":1096,"height":457,"caption":"Marius Marcu"},"logo":{"@id":"https:\/\/mhf.ro\/mm\/#\/schema\/person\/image\/"},"sameAs":["https:\/\/mhf.ro\/mm"],"url":"https:\/\/mhf.ro\/mm\/author\/mihai\/"}]}},"_links":{"self":[{"href":"https:\/\/mhf.ro\/mm\/wp-json\/wp\/v2\/posts\/6670","targetHints":{"allow":["GET"]}}],"collection":[{"href":"https:\/\/mhf.ro\/mm\/wp-json\/wp\/v2\/posts"}],"about":[{"href":"https:\/\/mhf.ro\/mm\/wp-json\/wp\/v2\/types\/post"}],"author":[{"embeddable":true,"href":"https:\/\/mhf.ro\/mm\/wp-json\/wp\/v2\/users\/1"}],"replies":[{"embeddable":true,"href":"https:\/\/mhf.ro\/mm\/wp-json\/wp\/v2\/comments?post=6670"}],"version-history":[{"count":1,"href":"https:\/\/mhf.ro\/mm\/wp-json\/wp\/v2\/posts\/6670\/revisions"}],"predecessor-version":[{"id":6672,"href":"https:\/\/mhf.ro\/mm\/wp-json\/wp\/v2\/posts\/6670\/revisions\/6672"}],"wp:featuredmedia":[{"embeddable":true,"href":"https:\/\/mhf.ro\/mm\/wp-json\/wp\/v2\/media\/6671"}],"wp:attachment":[{"href":"https:\/\/mhf.ro\/mm\/wp-json\/wp\/v2\/media?parent=6670"}],"wp:term":[{"taxonomy":"category","embeddable":true,"href":"https:\/\/mhf.ro\/mm\/wp-json\/wp\/v2\/categories?post=6670"},{"taxonomy":"post_tag","embeddable":true,"href":"https:\/\/mhf.ro\/mm\/wp-json\/wp\/v2\/tags?post=6670"}],"curies":[{"name":"wp","href":"https:\/\/api.w.org\/{rel}","templated":true}]}}