{"id":6751,"date":"2022-03-08T19:59:41","date_gmt":"2022-03-08T17:59:41","guid":{"rendered":"https:\/\/mhf.ro\/mm\/?p=6751"},"modified":"2022-03-08T19:59:41","modified_gmt":"2022-03-08T17:59:41","slug":"pretul-combustibilului-creste-si-tot-creste","status":"publish","type":"post","link":"https:\/\/mhf.ro\/mm\/pretul-combustibilului-creste-si-tot-creste\/","title":{"rendered":"Pre\u021bul combustibilului cre\u0219te \u0219i tot cre\u0219te!"},"content":{"rendered":"<h3><strong>Combustibilul\u00a0 la pomp\u0103 a dep\u0103\u0219it pre\u021bul de 8 lei pe litru.<\/strong><\/h3>\n<p>Deja suntem obi\u0219nui\u021bi s\u0103 cump\u0103r\u0103m combustibil mai scump la fiecare alimentare. La noi pre\u021bul a trecut de 8 lei \/ litru si se pare c\u0103 nu are de g\u00e2nd s\u0103 se opreasc\u0103.<\/p>\n<p>Ast\u0103zi \u00een Germania Benzina s-a v\u00e2ndut cu pre\u021bul de 2,179 euro pe litru.<\/p>\n<p><a href=\"https:\/\/mhf.ro\/mm\/wp-content\/uploads\/2022\/03\/Combustibil_Bon.jpg\"><img fetchpriority=\"high\" decoding=\"async\" class=\"alignnone size-medium wp-image-6752\" src=\"https:\/\/mhf.ro\/mm\/wp-content\/uploads\/2022\/03\/Combustibil_Bon-300x213.jpg\" alt=\"\" width=\"300\" height=\"213\" srcset=\"https:\/\/mhf.ro\/mm\/wp-content\/uploads\/2022\/03\/Combustibil_Bon-300x213.jpg 300w, https:\/\/mhf.ro\/mm\/wp-content\/uploads\/2022\/03\/Combustibil_Bon-768x546.jpg 768w, https:\/\/mhf.ro\/mm\/wp-content\/uploads\/2022\/03\/Combustibil_Bon.jpg 899w\" sizes=\"(max-width: 300px) 100vw, 300px\" \/><\/a><\/p>\n<p>In cur\u00e2nd \u0219i la pompele din \u021bar\u0103 vom vedea pre\u021buri cu doua cifre.<\/p>\n<p>Peste criza generat\u0103 de pandemie a venit m\u0103nu\u0219\u0103 criza generat\u0103 de conflictul din Ucraina.<\/p>\n<p>To\u021bi indicatorii economici m\u0103 determin\u0103 sa concluzionez c\u0103 vom fi pu\u0219i la mari \u00eencerc\u0103ri\u00a0 in perioada urm\u0103toare. Recomand chivernisire atent\u0103 a resurselor disponibile si dac\u0103 este posibil, economisirea unor sume pentru perioadele mai grele care vor veni.<\/p>\n","protected":false},"excerpt":{"rendered":"<p>Combustibilul\u00a0 la pomp\u0103 a dep\u0103\u0219it pre\u021bul de 8 lei pe litru. Deja suntem obi\u0219nui\u021bi s\u0103 cump\u0103r\u0103m combustibil mai scump la<\/p>\n","protected":false},"author":1,"featured_media":6753,"comment_status":"open","ping_status":"open","sticky":false,"template":"","format":"standard","meta":{"colormag_page_container_layout":"default_layout","colormag_page_sidebar_layout":"default_layout","footnotes":""},"categories":[5],"tags":[],"class_list":["post-6751","post","type-post","status-publish","format-standard","has-post-thumbnail","hentry","category-locale"],"yoast_head":"<!-- This site is optimized with the Yoast SEO plugin v27.0 - https:\/\/yoast.com\/product\/yoast-seo-wordpress\/ -->\n<title>Pre\u021bul combustibilului cre\u0219te \u0219i tot cre\u0219te! - MHF Photography<\/title>\n<meta name=\"description\" content=\"Deja suntem obi\u0219nui\u021bi s\u0103 cump\u0103r\u0103m combustibil mai scump la fiecare alimentare. La noi pre\u021bul a trecut de 8 lei \/ litru si se pare c\u0103 nu are\" \/>\n<meta name=\"robots\" content=\"index, follow, max-snippet:-1, max-image-preview:large, max-video-preview:-1\" \/>\n<link rel=\"canonical\" href=\"https:\/\/mhf.ro\/mm\/pretul-combustibilului-creste-si-tot-creste\/\" \/>\n<meta property=\"og:locale\" content=\"ro_RO\" \/>\n<meta property=\"og:type\" content=\"article\" \/>\n<meta property=\"og:title\" content=\"Pre\u021bul combustibilului cre\u0219te \u0219i tot cre\u0219te! - MHF Photography\" \/>\n<meta property=\"og:description\" content=\"Deja suntem obi\u0219nui\u021bi s\u0103 cump\u0103r\u0103m combustibil mai scump la fiecare alimentare. La noi pre\u021bul a trecut de 8 lei \/ litru si se pare c\u0103 nu are\" \/>\n<meta property=\"og:url\" content=\"https:\/\/mhf.ro\/mm\/pretul-combustibilului-creste-si-tot-creste\/\" \/>\n<meta property=\"og:site_name\" content=\"MHF Photography\" \/>\n<meta property=\"article:published_time\" content=\"2022-03-08T17:59:41+00:00\" \/>\n<meta property=\"og:image\" content=\"https:\/\/mhf.ro\/mm\/wp-content\/uploads\/2022\/03\/Combustibil_Avia.jpg\" \/>\n\t<meta property=\"og:image:width\" content=\"1171\" \/>\n\t<meta property=\"og:image:height\" content=\"860\" \/>\n\t<meta property=\"og:image:type\" content=\"image\/jpeg\" \/>\n<meta name=\"author\" content=\"Marius Marcu\" \/>\n<meta name=\"twitter:card\" content=\"summary_large_image\" \/>\n<meta name=\"twitter:label1\" content=\"Scris de\" \/>\n\t<meta name=\"twitter:data1\" content=\"Marius Marcu\" \/>\n\t<meta name=\"twitter:label2\" content=\"Timp estimat pentru citire\" \/>\n\t<meta name=\"twitter:data2\" content=\"1 minut\" \/>\n<script type=\"application\/ld+json\" class=\"yoast-schema-graph\">{\"@context\":\"https:\/\/schema.org\",\"@graph\":[{\"@type\":\"Article\",\"@id\":\"https:\/\/mhf.ro\/mm\/pretul-combustibilului-creste-si-tot-creste\/#article\",\"isPartOf\":{\"@id\":\"https:\/\/mhf.ro\/mm\/pretul-combustibilului-creste-si-tot-creste\/\"},\"author\":{\"name\":\"Marius Marcu\",\"@id\":\"https:\/\/mhf.ro\/mm\/#\/schema\/person\/a3bebf7bdb4bf12f698aff73c7e46c21\"},\"headline\":\"Pre\u021bul combustibilului cre\u0219te \u0219i tot cre\u0219te!\",\"datePublished\":\"2022-03-08T17:59:41+00:00\",\"mainEntityOfPage\":{\"@id\":\"https:\/\/mhf.ro\/mm\/pretul-combustibilului-creste-si-tot-creste\/\"},\"wordCount\":143,\"commentCount\":0,\"publisher\":{\"@id\":\"https:\/\/mhf.ro\/mm\/#\/schema\/person\/a3bebf7bdb4bf12f698aff73c7e46c21\"},\"image\":{\"@id\":\"https:\/\/mhf.ro\/mm\/pretul-combustibilului-creste-si-tot-creste\/#primaryimage\"},\"thumbnailUrl\":\"https:\/\/mhf.ro\/mm\/wp-content\/uploads\/2022\/03\/Combustibil_Avia.jpg\",\"articleSection\":[\"Locale\"],\"inLanguage\":\"ro-RO\",\"potentialAction\":[{\"@type\":\"CommentAction\",\"name\":\"Comment\",\"target\":[\"https:\/\/mhf.ro\/mm\/pretul-combustibilului-creste-si-tot-creste\/#respond\"]}]},{\"@type\":\"WebPage\",\"@id\":\"https:\/\/mhf.ro\/mm\/pretul-combustibilului-creste-si-tot-creste\/\",\"url\":\"https:\/\/mhf.ro\/mm\/pretul-combustibilului-creste-si-tot-creste\/\",\"name\":\"Pre\u021bul combustibilului cre\u0219te \u0219i tot cre\u0219te! - MHF Photography\",\"isPartOf\":{\"@id\":\"https:\/\/mhf.ro\/mm\/#website\"},\"primaryImageOfPage\":{\"@id\":\"https:\/\/mhf.ro\/mm\/pretul-combustibilului-creste-si-tot-creste\/#primaryimage\"},\"image\":{\"@id\":\"https:\/\/mhf.ro\/mm\/pretul-combustibilului-creste-si-tot-creste\/#primaryimage\"},\"thumbnailUrl\":\"https:\/\/mhf.ro\/mm\/wp-content\/uploads\/2022\/03\/Combustibil_Avia.jpg\",\"datePublished\":\"2022-03-08T17:59:41+00:00\",\"description\":\"Deja suntem obi\u0219nui\u021bi s\u0103 cump\u0103r\u0103m combustibil mai scump la fiecare alimentare. La noi pre\u021bul a trecut de 8 lei \/ litru si se pare c\u0103 nu are\",\"breadcrumb\":{\"@id\":\"https:\/\/mhf.ro\/mm\/pretul-combustibilului-creste-si-tot-creste\/#breadcrumb\"},\"inLanguage\":\"ro-RO\",\"potentialAction\":[{\"@type\":\"ReadAction\",\"target\":[\"https:\/\/mhf.ro\/mm\/pretul-combustibilului-creste-si-tot-creste\/\"]}]},{\"@type\":\"ImageObject\",\"inLanguage\":\"ro-RO\",\"@id\":\"https:\/\/mhf.ro\/mm\/pretul-combustibilului-creste-si-tot-creste\/#primaryimage\",\"url\":\"https:\/\/mhf.ro\/mm\/wp-content\/uploads\/2022\/03\/Combustibil_Avia.jpg\",\"contentUrl\":\"https:\/\/mhf.ro\/mm\/wp-content\/uploads\/2022\/03\/Combustibil_Avia.jpg\",\"width\":1171,\"height\":860},{\"@type\":\"BreadcrumbList\",\"@id\":\"https:\/\/mhf.ro\/mm\/pretul-combustibilului-creste-si-tot-creste\/#breadcrumb\",\"itemListElement\":[{\"@type\":\"ListItem\",\"position\":1,\"name\":\"Prima pagin\u0103\",\"item\":\"https:\/\/mhf.ro\/mm\/\"},{\"@type\":\"ListItem\",\"position\":2,\"name\":\"Pre\u021bul combustibilului cre\u0219te \u0219i tot cre\u0219te!\"}]},{\"@type\":\"WebSite\",\"@id\":\"https:\/\/mhf.ro\/mm\/#website\",\"url\":\"https:\/\/mhf.ro\/mm\/\",\"name\":\"MHF Photography \u2013 Blog de fotografie, natur\u0103 \u0219i tehnic\u0103 divers\u0103\",\"description\":\"Aventur\u0103 \u00een fiecare cadru.\",\"publisher\":{\"@id\":\"https:\/\/mhf.ro\/mm\/#\/schema\/person\/a3bebf7bdb4bf12f698aff73c7e46c21\"},\"potentialAction\":[{\"@type\":\"SearchAction\",\"target\":{\"@type\":\"EntryPoint\",\"urlTemplate\":\"https:\/\/mhf.ro\/mm\/?s={search_term_string}\"},\"query-input\":{\"@type\":\"PropertyValueSpecification\",\"valueRequired\":true,\"valueName\":\"search_term_string\"}}],\"inLanguage\":\"ro-RO\"},{\"@type\":[\"Person\",\"Organization\"],\"@id\":\"https:\/\/mhf.ro\/mm\/#\/schema\/person\/a3bebf7bdb4bf12f698aff73c7e46c21\",\"name\":\"Marius Marcu\",\"image\":{\"@type\":\"ImageObject\",\"inLanguage\":\"ro-RO\",\"@id\":\"https:\/\/mhf.ro\/mm\/#\/schema\/person\/image\/\",\"url\":\"https:\/\/mhf.ro\/mm\/wp-content\/uploads\/2025\/12\/cropped-logo_mhf_2.png\",\"contentUrl\":\"https:\/\/mhf.ro\/mm\/wp-content\/uploads\/2025\/12\/cropped-logo_mhf_2.png\",\"width\":1096,\"height\":457,\"caption\":\"Marius Marcu\"},\"logo\":{\"@id\":\"https:\/\/mhf.ro\/mm\/#\/schema\/person\/image\/\"},\"sameAs\":[\"https:\/\/mhf.ro\/mm\"],\"url\":\"https:\/\/mhf.ro\/mm\/author\/mihai\/\"}]}<\/script>\n<!-- \/ Yoast SEO plugin. -->","yoast_head_json":{"title":"Pre\u021bul combustibilului cre\u0219te \u0219i tot cre\u0219te! - MHF Photography","description":"Deja suntem obi\u0219nui\u021bi s\u0103 cump\u0103r\u0103m combustibil mai scump la fiecare alimentare. La noi pre\u021bul a trecut de 8 lei \/ litru si se pare c\u0103 nu are","robots":{"index":"index","follow":"follow","max-snippet":"max-snippet:-1","max-image-preview":"max-image-preview:large","max-video-preview":"max-video-preview:-1"},"canonical":"https:\/\/mhf.ro\/mm\/pretul-combustibilului-creste-si-tot-creste\/","og_locale":"ro_RO","og_type":"article","og_title":"Pre\u021bul combustibilului cre\u0219te \u0219i tot cre\u0219te! - MHF Photography","og_description":"Deja suntem obi\u0219nui\u021bi s\u0103 cump\u0103r\u0103m combustibil mai scump la fiecare alimentare. La noi pre\u021bul a trecut de 8 lei \/ litru si se pare c\u0103 nu are","og_url":"https:\/\/mhf.ro\/mm\/pretul-combustibilului-creste-si-tot-creste\/","og_site_name":"MHF Photography","article_published_time":"2022-03-08T17:59:41+00:00","og_image":[{"width":1171,"height":860,"url":"https:\/\/mhf.ro\/mm\/wp-content\/uploads\/2022\/03\/Combustibil_Avia.jpg","type":"image\/jpeg"}],"author":"Marius Marcu","twitter_card":"summary_large_image","twitter_misc":{"Scris de":"Marius Marcu","Timp estimat pentru citire":"1 minut"},"schema":{"@context":"https:\/\/schema.org","@graph":[{"@type":"Article","@id":"https:\/\/mhf.ro\/mm\/pretul-combustibilului-creste-si-tot-creste\/#article","isPartOf":{"@id":"https:\/\/mhf.ro\/mm\/pretul-combustibilului-creste-si-tot-creste\/"},"author":{"name":"Marius Marcu","@id":"https:\/\/mhf.ro\/mm\/#\/schema\/person\/a3bebf7bdb4bf12f698aff73c7e46c21"},"headline":"Pre\u021bul combustibilului cre\u0219te \u0219i tot cre\u0219te!","datePublished":"2022-03-08T17:59:41+00:00","mainEntityOfPage":{"@id":"https:\/\/mhf.ro\/mm\/pretul-combustibilului-creste-si-tot-creste\/"},"wordCount":143,"commentCount":0,"publisher":{"@id":"https:\/\/mhf.ro\/mm\/#\/schema\/person\/a3bebf7bdb4bf12f698aff73c7e46c21"},"image":{"@id":"https:\/\/mhf.ro\/mm\/pretul-combustibilului-creste-si-tot-creste\/#primaryimage"},"thumbnailUrl":"https:\/\/mhf.ro\/mm\/wp-content\/uploads\/2022\/03\/Combustibil_Avia.jpg","articleSection":["Locale"],"inLanguage":"ro-RO","potentialAction":[{"@type":"CommentAction","name":"Comment","target":["https:\/\/mhf.ro\/mm\/pretul-combustibilului-creste-si-tot-creste\/#respond"]}]},{"@type":"WebPage","@id":"https:\/\/mhf.ro\/mm\/pretul-combustibilului-creste-si-tot-creste\/","url":"https:\/\/mhf.ro\/mm\/pretul-combustibilului-creste-si-tot-creste\/","name":"Pre\u021bul combustibilului cre\u0219te \u0219i tot cre\u0219te! - MHF Photography","isPartOf":{"@id":"https:\/\/mhf.ro\/mm\/#website"},"primaryImageOfPage":{"@id":"https:\/\/mhf.ro\/mm\/pretul-combustibilului-creste-si-tot-creste\/#primaryimage"},"image":{"@id":"https:\/\/mhf.ro\/mm\/pretul-combustibilului-creste-si-tot-creste\/#primaryimage"},"thumbnailUrl":"https:\/\/mhf.ro\/mm\/wp-content\/uploads\/2022\/03\/Combustibil_Avia.jpg","datePublished":"2022-03-08T17:59:41+00:00","description":"Deja suntem obi\u0219nui\u021bi s\u0103 cump\u0103r\u0103m combustibil mai scump la fiecare alimentare. La noi pre\u021bul a trecut de 8 lei \/ litru si se pare c\u0103 nu are","breadcrumb":{"@id":"https:\/\/mhf.ro\/mm\/pretul-combustibilului-creste-si-tot-creste\/#breadcrumb"},"inLanguage":"ro-RO","potentialAction":[{"@type":"ReadAction","target":["https:\/\/mhf.ro\/mm\/pretul-combustibilului-creste-si-tot-creste\/"]}]},{"@type":"ImageObject","inLanguage":"ro-RO","@id":"https:\/\/mhf.ro\/mm\/pretul-combustibilului-creste-si-tot-creste\/#primaryimage","url":"https:\/\/mhf.ro\/mm\/wp-content\/uploads\/2022\/03\/Combustibil_Avia.jpg","contentUrl":"https:\/\/mhf.ro\/mm\/wp-content\/uploads\/2022\/03\/Combustibil_Avia.jpg","width":1171,"height":860},{"@type":"BreadcrumbList","@id":"https:\/\/mhf.ro\/mm\/pretul-combustibilului-creste-si-tot-creste\/#breadcrumb","itemListElement":[{"@type":"ListItem","position":1,"name":"Prima pagin\u0103","item":"https:\/\/mhf.ro\/mm\/"},{"@type":"ListItem","position":2,"name":"Pre\u021bul combustibilului cre\u0219te \u0219i tot cre\u0219te!"}]},{"@type":"WebSite","@id":"https:\/\/mhf.ro\/mm\/#website","url":"https:\/\/mhf.ro\/mm\/","name":"MHF Photography \u2013 Blog de fotografie, natur\u0103 \u0219i tehnic\u0103 divers\u0103","description":"Aventur\u0103 \u00een fiecare cadru.","publisher":{"@id":"https:\/\/mhf.ro\/mm\/#\/schema\/person\/a3bebf7bdb4bf12f698aff73c7e46c21"},"potentialAction":[{"@type":"SearchAction","target":{"@type":"EntryPoint","urlTemplate":"https:\/\/mhf.ro\/mm\/?s={search_term_string}"},"query-input":{"@type":"PropertyValueSpecification","valueRequired":true,"valueName":"search_term_string"}}],"inLanguage":"ro-RO"},{"@type":["Person","Organization"],"@id":"https:\/\/mhf.ro\/mm\/#\/schema\/person\/a3bebf7bdb4bf12f698aff73c7e46c21","name":"Marius Marcu","image":{"@type":"ImageObject","inLanguage":"ro-RO","@id":"https:\/\/mhf.ro\/mm\/#\/schema\/person\/image\/","url":"https:\/\/mhf.ro\/mm\/wp-content\/uploads\/2025\/12\/cropped-logo_mhf_2.png","contentUrl":"https:\/\/mhf.ro\/mm\/wp-content\/uploads\/2025\/12\/cropped-logo_mhf_2.png","width":1096,"height":457,"caption":"Marius Marcu"},"logo":{"@id":"https:\/\/mhf.ro\/mm\/#\/schema\/person\/image\/"},"sameAs":["https:\/\/mhf.ro\/mm"],"url":"https:\/\/mhf.ro\/mm\/author\/mihai\/"}]}},"_links":{"self":[{"href":"https:\/\/mhf.ro\/mm\/wp-json\/wp\/v2\/posts\/6751","targetHints":{"allow":["GET"]}}],"collection":[{"href":"https:\/\/mhf.ro\/mm\/wp-json\/wp\/v2\/posts"}],"about":[{"href":"https:\/\/mhf.ro\/mm\/wp-json\/wp\/v2\/types\/post"}],"author":[{"embeddable":true,"href":"https:\/\/mhf.ro\/mm\/wp-json\/wp\/v2\/users\/1"}],"replies":[{"embeddable":true,"href":"https:\/\/mhf.ro\/mm\/wp-json\/wp\/v2\/comments?post=6751"}],"version-history":[{"count":1,"href":"https:\/\/mhf.ro\/mm\/wp-json\/wp\/v2\/posts\/6751\/revisions"}],"predecessor-version":[{"id":6754,"href":"https:\/\/mhf.ro\/mm\/wp-json\/wp\/v2\/posts\/6751\/revisions\/6754"}],"wp:featuredmedia":[{"embeddable":true,"href":"https:\/\/mhf.ro\/mm\/wp-json\/wp\/v2\/media\/6753"}],"wp:attachment":[{"href":"https:\/\/mhf.ro\/mm\/wp-json\/wp\/v2\/media?parent=6751"}],"wp:term":[{"taxonomy":"category","embeddable":true,"href":"https:\/\/mhf.ro\/mm\/wp-json\/wp\/v2\/categories?post=6751"},{"taxonomy":"post_tag","embeddable":true,"href":"https:\/\/mhf.ro\/mm\/wp-json\/wp\/v2\/tags?post=6751"}],"curies":[{"name":"wp","href":"https:\/\/api.w.org\/{rel}","templated":true}]}}