{"id":6766,"date":"2022-03-09T09:00:26","date_gmt":"2022-03-09T07:00:26","guid":{"rendered":"https:\/\/mhf.ro\/mm\/?p=6766"},"modified":"2022-03-09T09:00:26","modified_gmt":"2022-03-09T07:00:26","slug":"masca-nu-va-mai-fi-obligatorie-nici-in-interior","status":"publish","type":"post","link":"https:\/\/mhf.ro\/mm\/masca-nu-va-mai-fi-obligatorie-nici-in-interior\/","title":{"rendered":"Masca nu va mai fi obligatorie nici \u00een interior"},"content":{"rendered":"<p>Ministerul Afacerilor Interne a transmis, mar\u021bi, printr-un comunicat, c\u0103 toate restric\u021biile cuprinse \u00een hot\u0103r\u00e2rea privind starea de alert\u0103 vor \u00eenceta, din aceast\u0103 noapte.<\/p>\n<p>De asemenea, ministrul S\u0103n\u0103t\u0103\u021bii, Alexandru Rafila, a anun\u021bat mar\u021bi m\u0103surile de relaxare, dup\u0103 ce Rom\u00e2nia iese din starea de alert\u0103.<\/p>\n<h2>Principalele declara\u021bii ale ministrului S\u0103n\u0103t\u0103\u021bii:<\/h2>\n<ul>\n<li>Toate restric\u021biile vor fi ridicate \u0219i voi face referire la ele. Voi face referire \u0219i la recomand\u0103rile noastre profesionale;<\/li>\n<li>Impactul m\u0103surilor s\u0103 nu se soldeze cu cre\u0219terea num\u0103rului de cazuri \u0219i decese;<\/li>\n<li>M\u0103surile la care se renun\u021b\u0103: Utilizarea m\u0103\u0219tii \u00een exterior \u0219i interior \u2013 nu va mai fi necesar\u0103 sau nu va mai fi obligatorie;<\/li>\n<li>Nu vor exista limite \u00een spa\u021biile publice;<\/li>\n<li>Recomand\u0103rile pe care le p\u0103str\u0103m:\n<ul>\n<li>Continu\u0103m s\u0103 recomand\u0103m purtarea m\u0103\u0219tii de protec\u021bie \u00een spa\u021biile deschise aglomerate, mijloace de transport \u00een comun, \u00een unit\u0103\u021bile sanitare, \u00een gr\u0103dini\u021be, \u0219coli \u0219i universit\u0103\u021bi;<\/li>\n<li>Evitarea spa\u021biilor aglomerate;<\/li>\n<li>Sp\u0103latul m\u00e2inilor \u0219i utilizarea unui antiseptic;<\/li>\n<li>Mijloacele de transport \u00een comun trebuie cur\u0103\u021bate \u0219i dezinfectate periodic;<\/li>\n<li>Cine are simptome de \u00eemboln\u0103vire se testeaz\u0103 \u0219i se prezint\u0103 la un centru de evaluare.<\/li>\n<\/ul>\n<\/li>\n<\/ul>\n<p style=\"text-align: right;\">(conf. Jurnalist.ro)<\/p>\n","protected":false},"excerpt":{"rendered":"<p>Ministerul Afacerilor Interne a transmis, mar\u021bi, printr-un comunicat, c\u0103 toate restric\u021biile cuprinse \u00een hot\u0103r\u00e2rea privind starea de alert\u0103 vor \u00eenceta,<\/p>\n","protected":false},"author":1,"featured_media":3026,"comment_status":"open","ping_status":"open","sticky":false,"template":"","format":"standard","meta":{"colormag_page_container_layout":"default_layout","colormag_page_sidebar_layout":"default_layout","footnotes":""},"categories":[5],"tags":[],"class_list":["post-6766","post","type-post","status-publish","format-standard","has-post-thumbnail","hentry","category-locale"],"yoast_head":"<!-- This site is optimized with the Yoast SEO plugin v27.0 - https:\/\/yoast.com\/product\/yoast-seo-wordpress\/ -->\n<title>Masca nu va mai fi obligatorie nici \u00een interior - MHF Photography<\/title>\n<meta name=\"robots\" content=\"index, follow, max-snippet:-1, max-image-preview:large, max-video-preview:-1\" \/>\n<link rel=\"canonical\" href=\"https:\/\/mhf.ro\/mm\/masca-nu-va-mai-fi-obligatorie-nici-in-interior\/\" \/>\n<meta property=\"og:locale\" content=\"ro_RO\" \/>\n<meta property=\"og:type\" content=\"article\" \/>\n<meta property=\"og:title\" content=\"Masca nu va mai fi obligatorie nici \u00een interior - MHF Photography\" \/>\n<meta property=\"og:description\" content=\"Ministerul Afacerilor Interne a transmis, mar\u021bi, printr-un comunicat, c\u0103 toate restric\u021biile cuprinse \u00een hot\u0103r\u00e2rea privind starea de alert\u0103 vor \u00eenceta,\" \/>\n<meta property=\"og:url\" content=\"https:\/\/mhf.ro\/mm\/masca-nu-va-mai-fi-obligatorie-nici-in-interior\/\" \/>\n<meta property=\"og:site_name\" content=\"MHF Photography\" \/>\n<meta property=\"article:published_time\" content=\"2022-03-09T07:00:26+00:00\" \/>\n<meta property=\"og:image\" content=\"https:\/\/mhf.ro\/mm\/wp-content\/uploads\/2020\/12\/masa_41.jpg\" \/>\n\t<meta property=\"og:image:width\" content=\"1280\" \/>\n\t<meta property=\"og:image:height\" content=\"853\" \/>\n\t<meta property=\"og:image:type\" content=\"image\/jpeg\" \/>\n<meta name=\"author\" content=\"Marius Marcu\" \/>\n<meta name=\"twitter:card\" content=\"summary_large_image\" \/>\n<meta name=\"twitter:label1\" content=\"Scris de\" \/>\n\t<meta name=\"twitter:data1\" content=\"Marius Marcu\" \/>\n\t<meta name=\"twitter:label2\" content=\"Timp estimat pentru citire\" \/>\n\t<meta name=\"twitter:data2\" content=\"1 minut\" \/>\n<script type=\"application\/ld+json\" class=\"yoast-schema-graph\">{\"@context\":\"https:\/\/schema.org\",\"@graph\":[{\"@type\":\"Article\",\"@id\":\"https:\/\/mhf.ro\/mm\/masca-nu-va-mai-fi-obligatorie-nici-in-interior\/#article\",\"isPartOf\":{\"@id\":\"https:\/\/mhf.ro\/mm\/masca-nu-va-mai-fi-obligatorie-nici-in-interior\/\"},\"author\":{\"name\":\"Marius Marcu\",\"@id\":\"https:\/\/mhf.ro\/mm\/#\/schema\/person\/a3bebf7bdb4bf12f698aff73c7e46c21\"},\"headline\":\"Masca nu va mai fi obligatorie nici \u00een interior\",\"datePublished\":\"2022-03-09T07:00:26+00:00\",\"mainEntityOfPage\":{\"@id\":\"https:\/\/mhf.ro\/mm\/masca-nu-va-mai-fi-obligatorie-nici-in-interior\/\"},\"wordCount\":224,\"commentCount\":0,\"publisher\":{\"@id\":\"https:\/\/mhf.ro\/mm\/#\/schema\/person\/a3bebf7bdb4bf12f698aff73c7e46c21\"},\"image\":{\"@id\":\"https:\/\/mhf.ro\/mm\/masca-nu-va-mai-fi-obligatorie-nici-in-interior\/#primaryimage\"},\"thumbnailUrl\":\"https:\/\/mhf.ro\/mm\/wp-content\/uploads\/2020\/12\/masa_41.jpg\",\"articleSection\":[\"Locale\"],\"inLanguage\":\"ro-RO\",\"potentialAction\":[{\"@type\":\"CommentAction\",\"name\":\"Comment\",\"target\":[\"https:\/\/mhf.ro\/mm\/masca-nu-va-mai-fi-obligatorie-nici-in-interior\/#respond\"]}]},{\"@type\":\"WebPage\",\"@id\":\"https:\/\/mhf.ro\/mm\/masca-nu-va-mai-fi-obligatorie-nici-in-interior\/\",\"url\":\"https:\/\/mhf.ro\/mm\/masca-nu-va-mai-fi-obligatorie-nici-in-interior\/\",\"name\":\"Masca nu va mai fi obligatorie nici \u00een interior - MHF Photography\",\"isPartOf\":{\"@id\":\"https:\/\/mhf.ro\/mm\/#website\"},\"primaryImageOfPage\":{\"@id\":\"https:\/\/mhf.ro\/mm\/masca-nu-va-mai-fi-obligatorie-nici-in-interior\/#primaryimage\"},\"image\":{\"@id\":\"https:\/\/mhf.ro\/mm\/masca-nu-va-mai-fi-obligatorie-nici-in-interior\/#primaryimage\"},\"thumbnailUrl\":\"https:\/\/mhf.ro\/mm\/wp-content\/uploads\/2020\/12\/masa_41.jpg\",\"datePublished\":\"2022-03-09T07:00:26+00:00\",\"breadcrumb\":{\"@id\":\"https:\/\/mhf.ro\/mm\/masca-nu-va-mai-fi-obligatorie-nici-in-interior\/#breadcrumb\"},\"inLanguage\":\"ro-RO\",\"potentialAction\":[{\"@type\":\"ReadAction\",\"target\":[\"https:\/\/mhf.ro\/mm\/masca-nu-va-mai-fi-obligatorie-nici-in-interior\/\"]}]},{\"@type\":\"ImageObject\",\"inLanguage\":\"ro-RO\",\"@id\":\"https:\/\/mhf.ro\/mm\/masca-nu-va-mai-fi-obligatorie-nici-in-interior\/#primaryimage\",\"url\":\"https:\/\/mhf.ro\/mm\/wp-content\/uploads\/2020\/12\/masa_41.jpg\",\"contentUrl\":\"https:\/\/mhf.ro\/mm\/wp-content\/uploads\/2020\/12\/masa_41.jpg\",\"width\":1280,\"height\":853},{\"@type\":\"BreadcrumbList\",\"@id\":\"https:\/\/mhf.ro\/mm\/masca-nu-va-mai-fi-obligatorie-nici-in-interior\/#breadcrumb\",\"itemListElement\":[{\"@type\":\"ListItem\",\"position\":1,\"name\":\"Prima pagin\u0103\",\"item\":\"https:\/\/mhf.ro\/mm\/\"},{\"@type\":\"ListItem\",\"position\":2,\"name\":\"Masca nu va mai fi obligatorie nici \u00een interior\"}]},{\"@type\":\"WebSite\",\"@id\":\"https:\/\/mhf.ro\/mm\/#website\",\"url\":\"https:\/\/mhf.ro\/mm\/\",\"name\":\"MHF Photography \u2013 Blog de fotografie, natur\u0103 \u0219i tehnic\u0103 divers\u0103\",\"description\":\"Aventur\u0103 \u00een fiecare cadru.\",\"publisher\":{\"@id\":\"https:\/\/mhf.ro\/mm\/#\/schema\/person\/a3bebf7bdb4bf12f698aff73c7e46c21\"},\"potentialAction\":[{\"@type\":\"SearchAction\",\"target\":{\"@type\":\"EntryPoint\",\"urlTemplate\":\"https:\/\/mhf.ro\/mm\/?s={search_term_string}\"},\"query-input\":{\"@type\":\"PropertyValueSpecification\",\"valueRequired\":true,\"valueName\":\"search_term_string\"}}],\"inLanguage\":\"ro-RO\"},{\"@type\":[\"Person\",\"Organization\"],\"@id\":\"https:\/\/mhf.ro\/mm\/#\/schema\/person\/a3bebf7bdb4bf12f698aff73c7e46c21\",\"name\":\"Marius Marcu\",\"image\":{\"@type\":\"ImageObject\",\"inLanguage\":\"ro-RO\",\"@id\":\"https:\/\/mhf.ro\/mm\/#\/schema\/person\/image\/\",\"url\":\"https:\/\/mhf.ro\/mm\/wp-content\/uploads\/2025\/12\/cropped-logo_mhf_2.png\",\"contentUrl\":\"https:\/\/mhf.ro\/mm\/wp-content\/uploads\/2025\/12\/cropped-logo_mhf_2.png\",\"width\":1096,\"height\":457,\"caption\":\"Marius Marcu\"},\"logo\":{\"@id\":\"https:\/\/mhf.ro\/mm\/#\/schema\/person\/image\/\"},\"sameAs\":[\"https:\/\/mhf.ro\/mm\"],\"url\":\"https:\/\/mhf.ro\/mm\/author\/mihai\/\"}]}<\/script>\n<!-- \/ Yoast SEO plugin. -->","yoast_head_json":{"title":"Masca nu va mai fi obligatorie nici \u00een interior - MHF Photography","robots":{"index":"index","follow":"follow","max-snippet":"max-snippet:-1","max-image-preview":"max-image-preview:large","max-video-preview":"max-video-preview:-1"},"canonical":"https:\/\/mhf.ro\/mm\/masca-nu-va-mai-fi-obligatorie-nici-in-interior\/","og_locale":"ro_RO","og_type":"article","og_title":"Masca nu va mai fi obligatorie nici \u00een interior - MHF Photography","og_description":"Ministerul Afacerilor Interne a transmis, mar\u021bi, printr-un comunicat, c\u0103 toate restric\u021biile cuprinse \u00een hot\u0103r\u00e2rea privind starea de alert\u0103 vor \u00eenceta,","og_url":"https:\/\/mhf.ro\/mm\/masca-nu-va-mai-fi-obligatorie-nici-in-interior\/","og_site_name":"MHF Photography","article_published_time":"2022-03-09T07:00:26+00:00","og_image":[{"width":1280,"height":853,"url":"https:\/\/mhf.ro\/mm\/wp-content\/uploads\/2020\/12\/masa_41.jpg","type":"image\/jpeg"}],"author":"Marius Marcu","twitter_card":"summary_large_image","twitter_misc":{"Scris de":"Marius Marcu","Timp estimat pentru citire":"1 minut"},"schema":{"@context":"https:\/\/schema.org","@graph":[{"@type":"Article","@id":"https:\/\/mhf.ro\/mm\/masca-nu-va-mai-fi-obligatorie-nici-in-interior\/#article","isPartOf":{"@id":"https:\/\/mhf.ro\/mm\/masca-nu-va-mai-fi-obligatorie-nici-in-interior\/"},"author":{"name":"Marius Marcu","@id":"https:\/\/mhf.ro\/mm\/#\/schema\/person\/a3bebf7bdb4bf12f698aff73c7e46c21"},"headline":"Masca nu va mai fi obligatorie nici \u00een interior","datePublished":"2022-03-09T07:00:26+00:00","mainEntityOfPage":{"@id":"https:\/\/mhf.ro\/mm\/masca-nu-va-mai-fi-obligatorie-nici-in-interior\/"},"wordCount":224,"commentCount":0,"publisher":{"@id":"https:\/\/mhf.ro\/mm\/#\/schema\/person\/a3bebf7bdb4bf12f698aff73c7e46c21"},"image":{"@id":"https:\/\/mhf.ro\/mm\/masca-nu-va-mai-fi-obligatorie-nici-in-interior\/#primaryimage"},"thumbnailUrl":"https:\/\/mhf.ro\/mm\/wp-content\/uploads\/2020\/12\/masa_41.jpg","articleSection":["Locale"],"inLanguage":"ro-RO","potentialAction":[{"@type":"CommentAction","name":"Comment","target":["https:\/\/mhf.ro\/mm\/masca-nu-va-mai-fi-obligatorie-nici-in-interior\/#respond"]}]},{"@type":"WebPage","@id":"https:\/\/mhf.ro\/mm\/masca-nu-va-mai-fi-obligatorie-nici-in-interior\/","url":"https:\/\/mhf.ro\/mm\/masca-nu-va-mai-fi-obligatorie-nici-in-interior\/","name":"Masca nu va mai fi obligatorie nici \u00een interior - MHF Photography","isPartOf":{"@id":"https:\/\/mhf.ro\/mm\/#website"},"primaryImageOfPage":{"@id":"https:\/\/mhf.ro\/mm\/masca-nu-va-mai-fi-obligatorie-nici-in-interior\/#primaryimage"},"image":{"@id":"https:\/\/mhf.ro\/mm\/masca-nu-va-mai-fi-obligatorie-nici-in-interior\/#primaryimage"},"thumbnailUrl":"https:\/\/mhf.ro\/mm\/wp-content\/uploads\/2020\/12\/masa_41.jpg","datePublished":"2022-03-09T07:00:26+00:00","breadcrumb":{"@id":"https:\/\/mhf.ro\/mm\/masca-nu-va-mai-fi-obligatorie-nici-in-interior\/#breadcrumb"},"inLanguage":"ro-RO","potentialAction":[{"@type":"ReadAction","target":["https:\/\/mhf.ro\/mm\/masca-nu-va-mai-fi-obligatorie-nici-in-interior\/"]}]},{"@type":"ImageObject","inLanguage":"ro-RO","@id":"https:\/\/mhf.ro\/mm\/masca-nu-va-mai-fi-obligatorie-nici-in-interior\/#primaryimage","url":"https:\/\/mhf.ro\/mm\/wp-content\/uploads\/2020\/12\/masa_41.jpg","contentUrl":"https:\/\/mhf.ro\/mm\/wp-content\/uploads\/2020\/12\/masa_41.jpg","width":1280,"height":853},{"@type":"BreadcrumbList","@id":"https:\/\/mhf.ro\/mm\/masca-nu-va-mai-fi-obligatorie-nici-in-interior\/#breadcrumb","itemListElement":[{"@type":"ListItem","position":1,"name":"Prima pagin\u0103","item":"https:\/\/mhf.ro\/mm\/"},{"@type":"ListItem","position":2,"name":"Masca nu va mai fi obligatorie nici \u00een interior"}]},{"@type":"WebSite","@id":"https:\/\/mhf.ro\/mm\/#website","url":"https:\/\/mhf.ro\/mm\/","name":"MHF Photography \u2013 Blog de fotografie, natur\u0103 \u0219i tehnic\u0103 divers\u0103","description":"Aventur\u0103 \u00een fiecare cadru.","publisher":{"@id":"https:\/\/mhf.ro\/mm\/#\/schema\/person\/a3bebf7bdb4bf12f698aff73c7e46c21"},"potentialAction":[{"@type":"SearchAction","target":{"@type":"EntryPoint","urlTemplate":"https:\/\/mhf.ro\/mm\/?s={search_term_string}"},"query-input":{"@type":"PropertyValueSpecification","valueRequired":true,"valueName":"search_term_string"}}],"inLanguage":"ro-RO"},{"@type":["Person","Organization"],"@id":"https:\/\/mhf.ro\/mm\/#\/schema\/person\/a3bebf7bdb4bf12f698aff73c7e46c21","name":"Marius Marcu","image":{"@type":"ImageObject","inLanguage":"ro-RO","@id":"https:\/\/mhf.ro\/mm\/#\/schema\/person\/image\/","url":"https:\/\/mhf.ro\/mm\/wp-content\/uploads\/2025\/12\/cropped-logo_mhf_2.png","contentUrl":"https:\/\/mhf.ro\/mm\/wp-content\/uploads\/2025\/12\/cropped-logo_mhf_2.png","width":1096,"height":457,"caption":"Marius Marcu"},"logo":{"@id":"https:\/\/mhf.ro\/mm\/#\/schema\/person\/image\/"},"sameAs":["https:\/\/mhf.ro\/mm"],"url":"https:\/\/mhf.ro\/mm\/author\/mihai\/"}]}},"_links":{"self":[{"href":"https:\/\/mhf.ro\/mm\/wp-json\/wp\/v2\/posts\/6766","targetHints":{"allow":["GET"]}}],"collection":[{"href":"https:\/\/mhf.ro\/mm\/wp-json\/wp\/v2\/posts"}],"about":[{"href":"https:\/\/mhf.ro\/mm\/wp-json\/wp\/v2\/types\/post"}],"author":[{"embeddable":true,"href":"https:\/\/mhf.ro\/mm\/wp-json\/wp\/v2\/users\/1"}],"replies":[{"embeddable":true,"href":"https:\/\/mhf.ro\/mm\/wp-json\/wp\/v2\/comments?post=6766"}],"version-history":[{"count":1,"href":"https:\/\/mhf.ro\/mm\/wp-json\/wp\/v2\/posts\/6766\/revisions"}],"predecessor-version":[{"id":6768,"href":"https:\/\/mhf.ro\/mm\/wp-json\/wp\/v2\/posts\/6766\/revisions\/6768"}],"wp:featuredmedia":[{"embeddable":true,"href":"https:\/\/mhf.ro\/mm\/wp-json\/wp\/v2\/media\/3026"}],"wp:attachment":[{"href":"https:\/\/mhf.ro\/mm\/wp-json\/wp\/v2\/media?parent=6766"}],"wp:term":[{"taxonomy":"category","embeddable":true,"href":"https:\/\/mhf.ro\/mm\/wp-json\/wp\/v2\/categories?post=6766"},{"taxonomy":"post_tag","embeddable":true,"href":"https:\/\/mhf.ro\/mm\/wp-json\/wp\/v2\/tags?post=6766"}],"curies":[{"name":"wp","href":"https:\/\/api.w.org\/{rel}","templated":true}]}}