{"id":6774,"date":"2022-03-10T08:24:14","date_gmt":"2022-03-10T06:24:14","guid":{"rendered":"https:\/\/mhf.ro\/mm\/?p=6774"},"modified":"2022-03-10T08:24:14","modified_gmt":"2022-03-10T06:24:14","slug":"romanii-au-luat-cu-asalt-benzinariile-e-o-psihoza","status":"publish","type":"post","link":"https:\/\/mhf.ro\/mm\/romanii-au-luat-cu-asalt-benzinariile-e-o-psihoza\/","title":{"rendered":"Rom\u00e2nii au luat cu asalt benzin\u0103riile: E o psihoz\u0103"},"content":{"rendered":"<p>Cozile de la Pa\u0219apoarte se mut\u0103 \u00een benzin\u0103rii. Speria\u021bi c\u0103 pre\u021bul benzinei va exploda, rom\u00e2nii au luat cu asalt sta\u021biile de alimentare. Ministrul Energiei, Virgil Popescu, sus\u021bine c\u0103 nu va cre\u0219te pre\u021bul carburan\u021bilor, c\u0103 \u201es-a creat o psihoz\u0103\u201d \u0219i c\u0103 vor fi controale la companiile care au majorat pre\u021bul la pomp\u0103.<\/p>\n<p>\u201eCircul\u0103 un zvon pe Facebook c\u0103 la noapte litrul de benzin\u0103 se face 10-11 lei. Nu are treab\u0103 cu r\u0103zboiul, dar vrem s\u0103 mai facem economie\u201d, a spus pentru HotNews.ro un b\u0103rbat care st\u0103tea la coad\u0103 la o benzin\u0103rie de pe \u0218oseaua Colentina.<\/p>\n<p><a href=\"https:\/\/mhf.ro\/mm\/wp-content\/uploads\/2022\/03\/benzinarie2.png\"><img fetchpriority=\"high\" decoding=\"async\" class=\"alignnone size-medium wp-image-6776\" src=\"https:\/\/mhf.ro\/mm\/wp-content\/uploads\/2022\/03\/benzinarie2-300x183.png\" alt=\"\" width=\"300\" height=\"183\" srcset=\"https:\/\/mhf.ro\/mm\/wp-content\/uploads\/2022\/03\/benzinarie2-300x183.png 300w, https:\/\/mhf.ro\/mm\/wp-content\/uploads\/2022\/03\/benzinarie2-768x469.png 768w, https:\/\/mhf.ro\/mm\/wp-content\/uploads\/2022\/03\/benzinarie2.png 951w\" sizes=\"(max-width: 300px) 100vw, 300px\" \/><\/a><\/p>\n<p>\u201eAm avut ast\u0103zi \u00eent\u00e2lniri de lucru cu reprezentan\u021bii Rompetrol \u0219i ai OMV Petrom \u0219i am primit asigur\u0103ri c\u0103 exist\u0103 stocuri suficiente de produse petroliere \u0219i vor asigura livr\u0103rile c\u0103tre clien\u021bi.<\/p>\n<p>Totodat\u0103, vreau s\u0103 le transmit rom\u00e2nilor c\u0103 nu trebuie s\u0103 intre \u00een panic\u0103 \u0219i s\u0103 stea la cozi. AVEM SUFICIENTE STOCURI!\u201d, a scris pe Facebook ministrul Energiei, Virgil Popescu.<\/p>\n<p id=\"13\">El a mai spus c\u0103 nu exista niciun motiv s\u0103 creasc\u0103 pre\u021burile, dar \u201esunt motive ca de m\u00e2ine Guvernul s\u0103 treac\u0103 la controale acolo unde au s\u0103rit pre\u021burile\u201d.<\/p>\n<p>\u201eE o psihoz\u0103 \u0219i de aceea spun c\u0103 nu exist\u0103 niciun motiv s\u0103 st\u0103m la coad\u0103 \u0219i s\u0103 \u00eentoarcem capul \u00een vremea lui Ceau\u0219escu\u201d, a afirmat Popescu.<\/p>\n<p><a href=\"https:\/\/mhf.ro\/mm\/wp-content\/uploads\/2022\/03\/benzinarie_3.png\"><img decoding=\"async\" class=\"alignnone size-medium wp-image-6777\" src=\"https:\/\/mhf.ro\/mm\/wp-content\/uploads\/2022\/03\/benzinarie_3-227x300.png\" alt=\"\" width=\"227\" height=\"300\" srcset=\"https:\/\/mhf.ro\/mm\/wp-content\/uploads\/2022\/03\/benzinarie_3-227x300.png 227w, https:\/\/mhf.ro\/mm\/wp-content\/uploads\/2022\/03\/benzinarie_3.png 687w\" sizes=\"(max-width: 227px) 100vw, 227px\" \/><\/a><\/p>\n<p style=\"text-align: right;\">(conf. Jurnalist.ro)<\/p>\n","protected":false},"excerpt":{"rendered":"<p>Cozile de la Pa\u0219apoarte se mut\u0103 \u00een benzin\u0103rii. Speria\u021bi c\u0103 pre\u021bul benzinei va exploda, rom\u00e2nii au luat cu asalt sta\u021biile<\/p>\n","protected":false},"author":1,"featured_media":6779,"comment_status":"open","ping_status":"open","sticky":false,"template":"","format":"standard","meta":{"colormag_page_container_layout":"default_layout","colormag_page_sidebar_layout":"default_layout","footnotes":""},"categories":[5],"tags":[],"class_list":["post-6774","post","type-post","status-publish","format-standard","has-post-thumbnail","hentry","category-locale"],"yoast_head":"<!-- This site is optimized with the Yoast SEO plugin v27.0 - https:\/\/yoast.com\/product\/yoast-seo-wordpress\/ -->\n<title>Rom\u00e2nii au luat cu asalt benzin\u0103riile: E o psihoz\u0103 - MHF Photography<\/title>\n<meta name=\"robots\" content=\"index, follow, max-snippet:-1, max-image-preview:large, max-video-preview:-1\" \/>\n<link rel=\"canonical\" href=\"https:\/\/mhf.ro\/mm\/romanii-au-luat-cu-asalt-benzinariile-e-o-psihoza\/\" \/>\n<meta property=\"og:locale\" content=\"ro_RO\" \/>\n<meta property=\"og:type\" content=\"article\" \/>\n<meta property=\"og:title\" content=\"Rom\u00e2nii au luat cu asalt benzin\u0103riile: E o psihoz\u0103 - MHF Photography\" \/>\n<meta property=\"og:description\" content=\"Cozile de la Pa\u0219apoarte se mut\u0103 \u00een benzin\u0103rii. Speria\u021bi c\u0103 pre\u021bul benzinei va exploda, rom\u00e2nii au luat cu asalt sta\u021biile\" \/>\n<meta property=\"og:url\" content=\"https:\/\/mhf.ro\/mm\/romanii-au-luat-cu-asalt-benzinariile-e-o-psihoza\/\" \/>\n<meta property=\"og:site_name\" content=\"MHF Photography\" \/>\n<meta property=\"article:published_time\" content=\"2022-03-10T06:24:14+00:00\" \/>\n<meta property=\"og:image\" content=\"https:\/\/mhf.ro\/mm\/wp-content\/uploads\/2022\/03\/benzinarii-1.jpg\" \/>\n\t<meta property=\"og:image:width\" content=\"850\" \/>\n\t<meta property=\"og:image:height\" content=\"638\" \/>\n\t<meta property=\"og:image:type\" content=\"image\/jpeg\" \/>\n<meta name=\"author\" content=\"Marius Marcu\" \/>\n<meta name=\"twitter:card\" content=\"summary_large_image\" \/>\n<meta name=\"twitter:label1\" content=\"Scris de\" \/>\n\t<meta name=\"twitter:data1\" content=\"Marius Marcu\" \/>\n\t<meta name=\"twitter:label2\" content=\"Timp estimat pentru citire\" \/>\n\t<meta name=\"twitter:data2\" content=\"1 minut\" \/>\n<script type=\"application\/ld+json\" class=\"yoast-schema-graph\">{\"@context\":\"https:\/\/schema.org\",\"@graph\":[{\"@type\":\"Article\",\"@id\":\"https:\/\/mhf.ro\/mm\/romanii-au-luat-cu-asalt-benzinariile-e-o-psihoza\/#article\",\"isPartOf\":{\"@id\":\"https:\/\/mhf.ro\/mm\/romanii-au-luat-cu-asalt-benzinariile-e-o-psihoza\/\"},\"author\":{\"name\":\"Marius Marcu\",\"@id\":\"https:\/\/mhf.ro\/mm\/#\/schema\/person\/a3bebf7bdb4bf12f698aff73c7e46c21\"},\"headline\":\"Rom\u00e2nii au luat cu asalt benzin\u0103riile: E o psihoz\u0103\",\"datePublished\":\"2022-03-10T06:24:14+00:00\",\"mainEntityOfPage\":{\"@id\":\"https:\/\/mhf.ro\/mm\/romanii-au-luat-cu-asalt-benzinariile-e-o-psihoza\/\"},\"wordCount\":252,\"commentCount\":0,\"publisher\":{\"@id\":\"https:\/\/mhf.ro\/mm\/#\/schema\/person\/a3bebf7bdb4bf12f698aff73c7e46c21\"},\"image\":{\"@id\":\"https:\/\/mhf.ro\/mm\/romanii-au-luat-cu-asalt-benzinariile-e-o-psihoza\/#primaryimage\"},\"thumbnailUrl\":\"https:\/\/mhf.ro\/mm\/wp-content\/uploads\/2022\/03\/benzinarii-1.jpg\",\"articleSection\":[\"Locale\"],\"inLanguage\":\"ro-RO\",\"potentialAction\":[{\"@type\":\"CommentAction\",\"name\":\"Comment\",\"target\":[\"https:\/\/mhf.ro\/mm\/romanii-au-luat-cu-asalt-benzinariile-e-o-psihoza\/#respond\"]}]},{\"@type\":\"WebPage\",\"@id\":\"https:\/\/mhf.ro\/mm\/romanii-au-luat-cu-asalt-benzinariile-e-o-psihoza\/\",\"url\":\"https:\/\/mhf.ro\/mm\/romanii-au-luat-cu-asalt-benzinariile-e-o-psihoza\/\",\"name\":\"Rom\u00e2nii au luat cu asalt benzin\u0103riile: E o psihoz\u0103 - MHF Photography\",\"isPartOf\":{\"@id\":\"https:\/\/mhf.ro\/mm\/#website\"},\"primaryImageOfPage\":{\"@id\":\"https:\/\/mhf.ro\/mm\/romanii-au-luat-cu-asalt-benzinariile-e-o-psihoza\/#primaryimage\"},\"image\":{\"@id\":\"https:\/\/mhf.ro\/mm\/romanii-au-luat-cu-asalt-benzinariile-e-o-psihoza\/#primaryimage\"},\"thumbnailUrl\":\"https:\/\/mhf.ro\/mm\/wp-content\/uploads\/2022\/03\/benzinarii-1.jpg\",\"datePublished\":\"2022-03-10T06:24:14+00:00\",\"breadcrumb\":{\"@id\":\"https:\/\/mhf.ro\/mm\/romanii-au-luat-cu-asalt-benzinariile-e-o-psihoza\/#breadcrumb\"},\"inLanguage\":\"ro-RO\",\"potentialAction\":[{\"@type\":\"ReadAction\",\"target\":[\"https:\/\/mhf.ro\/mm\/romanii-au-luat-cu-asalt-benzinariile-e-o-psihoza\/\"]}]},{\"@type\":\"ImageObject\",\"inLanguage\":\"ro-RO\",\"@id\":\"https:\/\/mhf.ro\/mm\/romanii-au-luat-cu-asalt-benzinariile-e-o-psihoza\/#primaryimage\",\"url\":\"https:\/\/mhf.ro\/mm\/wp-content\/uploads\/2022\/03\/benzinarii-1.jpg\",\"contentUrl\":\"https:\/\/mhf.ro\/mm\/wp-content\/uploads\/2022\/03\/benzinarii-1.jpg\",\"width\":850,\"height\":638},{\"@type\":\"BreadcrumbList\",\"@id\":\"https:\/\/mhf.ro\/mm\/romanii-au-luat-cu-asalt-benzinariile-e-o-psihoza\/#breadcrumb\",\"itemListElement\":[{\"@type\":\"ListItem\",\"position\":1,\"name\":\"Prima pagin\u0103\",\"item\":\"https:\/\/mhf.ro\/mm\/\"},{\"@type\":\"ListItem\",\"position\":2,\"name\":\"Rom\u00e2nii au luat cu asalt benzin\u0103riile: E o psihoz\u0103\"}]},{\"@type\":\"WebSite\",\"@id\":\"https:\/\/mhf.ro\/mm\/#website\",\"url\":\"https:\/\/mhf.ro\/mm\/\",\"name\":\"MHF Photography \u2013 Blog de fotografie, natur\u0103 \u0219i tehnic\u0103 divers\u0103\",\"description\":\"Aventur\u0103 \u00een fiecare cadru.\",\"publisher\":{\"@id\":\"https:\/\/mhf.ro\/mm\/#\/schema\/person\/a3bebf7bdb4bf12f698aff73c7e46c21\"},\"potentialAction\":[{\"@type\":\"SearchAction\",\"target\":{\"@type\":\"EntryPoint\",\"urlTemplate\":\"https:\/\/mhf.ro\/mm\/?s={search_term_string}\"},\"query-input\":{\"@type\":\"PropertyValueSpecification\",\"valueRequired\":true,\"valueName\":\"search_term_string\"}}],\"inLanguage\":\"ro-RO\"},{\"@type\":[\"Person\",\"Organization\"],\"@id\":\"https:\/\/mhf.ro\/mm\/#\/schema\/person\/a3bebf7bdb4bf12f698aff73c7e46c21\",\"name\":\"Marius Marcu\",\"image\":{\"@type\":\"ImageObject\",\"inLanguage\":\"ro-RO\",\"@id\":\"https:\/\/mhf.ro\/mm\/#\/schema\/person\/image\/\",\"url\":\"https:\/\/mhf.ro\/mm\/wp-content\/uploads\/2025\/12\/cropped-logo_mhf_2.png\",\"contentUrl\":\"https:\/\/mhf.ro\/mm\/wp-content\/uploads\/2025\/12\/cropped-logo_mhf_2.png\",\"width\":1096,\"height\":457,\"caption\":\"Marius Marcu\"},\"logo\":{\"@id\":\"https:\/\/mhf.ro\/mm\/#\/schema\/person\/image\/\"},\"sameAs\":[\"https:\/\/mhf.ro\/mm\"],\"url\":\"https:\/\/mhf.ro\/mm\/author\/mihai\/\"}]}<\/script>\n<!-- \/ Yoast SEO plugin. -->","yoast_head_json":{"title":"Rom\u00e2nii au luat cu asalt benzin\u0103riile: E o psihoz\u0103 - MHF Photography","robots":{"index":"index","follow":"follow","max-snippet":"max-snippet:-1","max-image-preview":"max-image-preview:large","max-video-preview":"max-video-preview:-1"},"canonical":"https:\/\/mhf.ro\/mm\/romanii-au-luat-cu-asalt-benzinariile-e-o-psihoza\/","og_locale":"ro_RO","og_type":"article","og_title":"Rom\u00e2nii au luat cu asalt benzin\u0103riile: E o psihoz\u0103 - MHF Photography","og_description":"Cozile de la Pa\u0219apoarte se mut\u0103 \u00een benzin\u0103rii. Speria\u021bi c\u0103 pre\u021bul benzinei va exploda, rom\u00e2nii au luat cu asalt sta\u021biile","og_url":"https:\/\/mhf.ro\/mm\/romanii-au-luat-cu-asalt-benzinariile-e-o-psihoza\/","og_site_name":"MHF Photography","article_published_time":"2022-03-10T06:24:14+00:00","og_image":[{"width":850,"height":638,"url":"https:\/\/mhf.ro\/mm\/wp-content\/uploads\/2022\/03\/benzinarii-1.jpg","type":"image\/jpeg"}],"author":"Marius Marcu","twitter_card":"summary_large_image","twitter_misc":{"Scris de":"Marius Marcu","Timp estimat pentru citire":"1 minut"},"schema":{"@context":"https:\/\/schema.org","@graph":[{"@type":"Article","@id":"https:\/\/mhf.ro\/mm\/romanii-au-luat-cu-asalt-benzinariile-e-o-psihoza\/#article","isPartOf":{"@id":"https:\/\/mhf.ro\/mm\/romanii-au-luat-cu-asalt-benzinariile-e-o-psihoza\/"},"author":{"name":"Marius Marcu","@id":"https:\/\/mhf.ro\/mm\/#\/schema\/person\/a3bebf7bdb4bf12f698aff73c7e46c21"},"headline":"Rom\u00e2nii au luat cu asalt benzin\u0103riile: E o psihoz\u0103","datePublished":"2022-03-10T06:24:14+00:00","mainEntityOfPage":{"@id":"https:\/\/mhf.ro\/mm\/romanii-au-luat-cu-asalt-benzinariile-e-o-psihoza\/"},"wordCount":252,"commentCount":0,"publisher":{"@id":"https:\/\/mhf.ro\/mm\/#\/schema\/person\/a3bebf7bdb4bf12f698aff73c7e46c21"},"image":{"@id":"https:\/\/mhf.ro\/mm\/romanii-au-luat-cu-asalt-benzinariile-e-o-psihoza\/#primaryimage"},"thumbnailUrl":"https:\/\/mhf.ro\/mm\/wp-content\/uploads\/2022\/03\/benzinarii-1.jpg","articleSection":["Locale"],"inLanguage":"ro-RO","potentialAction":[{"@type":"CommentAction","name":"Comment","target":["https:\/\/mhf.ro\/mm\/romanii-au-luat-cu-asalt-benzinariile-e-o-psihoza\/#respond"]}]},{"@type":"WebPage","@id":"https:\/\/mhf.ro\/mm\/romanii-au-luat-cu-asalt-benzinariile-e-o-psihoza\/","url":"https:\/\/mhf.ro\/mm\/romanii-au-luat-cu-asalt-benzinariile-e-o-psihoza\/","name":"Rom\u00e2nii au luat cu asalt benzin\u0103riile: E o psihoz\u0103 - MHF Photography","isPartOf":{"@id":"https:\/\/mhf.ro\/mm\/#website"},"primaryImageOfPage":{"@id":"https:\/\/mhf.ro\/mm\/romanii-au-luat-cu-asalt-benzinariile-e-o-psihoza\/#primaryimage"},"image":{"@id":"https:\/\/mhf.ro\/mm\/romanii-au-luat-cu-asalt-benzinariile-e-o-psihoza\/#primaryimage"},"thumbnailUrl":"https:\/\/mhf.ro\/mm\/wp-content\/uploads\/2022\/03\/benzinarii-1.jpg","datePublished":"2022-03-10T06:24:14+00:00","breadcrumb":{"@id":"https:\/\/mhf.ro\/mm\/romanii-au-luat-cu-asalt-benzinariile-e-o-psihoza\/#breadcrumb"},"inLanguage":"ro-RO","potentialAction":[{"@type":"ReadAction","target":["https:\/\/mhf.ro\/mm\/romanii-au-luat-cu-asalt-benzinariile-e-o-psihoza\/"]}]},{"@type":"ImageObject","inLanguage":"ro-RO","@id":"https:\/\/mhf.ro\/mm\/romanii-au-luat-cu-asalt-benzinariile-e-o-psihoza\/#primaryimage","url":"https:\/\/mhf.ro\/mm\/wp-content\/uploads\/2022\/03\/benzinarii-1.jpg","contentUrl":"https:\/\/mhf.ro\/mm\/wp-content\/uploads\/2022\/03\/benzinarii-1.jpg","width":850,"height":638},{"@type":"BreadcrumbList","@id":"https:\/\/mhf.ro\/mm\/romanii-au-luat-cu-asalt-benzinariile-e-o-psihoza\/#breadcrumb","itemListElement":[{"@type":"ListItem","position":1,"name":"Prima pagin\u0103","item":"https:\/\/mhf.ro\/mm\/"},{"@type":"ListItem","position":2,"name":"Rom\u00e2nii au luat cu asalt benzin\u0103riile: E o psihoz\u0103"}]},{"@type":"WebSite","@id":"https:\/\/mhf.ro\/mm\/#website","url":"https:\/\/mhf.ro\/mm\/","name":"MHF Photography \u2013 Blog de fotografie, natur\u0103 \u0219i tehnic\u0103 divers\u0103","description":"Aventur\u0103 \u00een fiecare cadru.","publisher":{"@id":"https:\/\/mhf.ro\/mm\/#\/schema\/person\/a3bebf7bdb4bf12f698aff73c7e46c21"},"potentialAction":[{"@type":"SearchAction","target":{"@type":"EntryPoint","urlTemplate":"https:\/\/mhf.ro\/mm\/?s={search_term_string}"},"query-input":{"@type":"PropertyValueSpecification","valueRequired":true,"valueName":"search_term_string"}}],"inLanguage":"ro-RO"},{"@type":["Person","Organization"],"@id":"https:\/\/mhf.ro\/mm\/#\/schema\/person\/a3bebf7bdb4bf12f698aff73c7e46c21","name":"Marius Marcu","image":{"@type":"ImageObject","inLanguage":"ro-RO","@id":"https:\/\/mhf.ro\/mm\/#\/schema\/person\/image\/","url":"https:\/\/mhf.ro\/mm\/wp-content\/uploads\/2025\/12\/cropped-logo_mhf_2.png","contentUrl":"https:\/\/mhf.ro\/mm\/wp-content\/uploads\/2025\/12\/cropped-logo_mhf_2.png","width":1096,"height":457,"caption":"Marius Marcu"},"logo":{"@id":"https:\/\/mhf.ro\/mm\/#\/schema\/person\/image\/"},"sameAs":["https:\/\/mhf.ro\/mm"],"url":"https:\/\/mhf.ro\/mm\/author\/mihai\/"}]}},"_links":{"self":[{"href":"https:\/\/mhf.ro\/mm\/wp-json\/wp\/v2\/posts\/6774","targetHints":{"allow":["GET"]}}],"collection":[{"href":"https:\/\/mhf.ro\/mm\/wp-json\/wp\/v2\/posts"}],"about":[{"href":"https:\/\/mhf.ro\/mm\/wp-json\/wp\/v2\/types\/post"}],"author":[{"embeddable":true,"href":"https:\/\/mhf.ro\/mm\/wp-json\/wp\/v2\/users\/1"}],"replies":[{"embeddable":true,"href":"https:\/\/mhf.ro\/mm\/wp-json\/wp\/v2\/comments?post=6774"}],"version-history":[{"count":1,"href":"https:\/\/mhf.ro\/mm\/wp-json\/wp\/v2\/posts\/6774\/revisions"}],"predecessor-version":[{"id":6780,"href":"https:\/\/mhf.ro\/mm\/wp-json\/wp\/v2\/posts\/6774\/revisions\/6780"}],"wp:featuredmedia":[{"embeddable":true,"href":"https:\/\/mhf.ro\/mm\/wp-json\/wp\/v2\/media\/6779"}],"wp:attachment":[{"href":"https:\/\/mhf.ro\/mm\/wp-json\/wp\/v2\/media?parent=6774"}],"wp:term":[{"taxonomy":"category","embeddable":true,"href":"https:\/\/mhf.ro\/mm\/wp-json\/wp\/v2\/categories?post=6774"},{"taxonomy":"post_tag","embeddable":true,"href":"https:\/\/mhf.ro\/mm\/wp-json\/wp\/v2\/tags?post=6774"}],"curies":[{"name":"wp","href":"https:\/\/api.w.org\/{rel}","templated":true}]}}