{"id":6794,"date":"2022-03-11T08:21:44","date_gmt":"2022-03-11T06:21:44","guid":{"rendered":"https:\/\/mhf.ro\/mm\/?p=6794"},"modified":"2022-03-11T08:21:44","modified_gmt":"2022-03-11T06:21:44","slug":"katalin-novak-prima-femeie-aleasa-presedinta-a-ungariei","status":"publish","type":"post","link":"https:\/\/mhf.ro\/mm\/katalin-novak-prima-femeie-aleasa-presedinta-a-ungariei\/","title":{"rendered":"Katalin Novak, prima femeie aleas\u0103 pre\u015fedint\u0103 a Ungariei"},"content":{"rendered":"<p>Parlamentul de la Budapesta a ales joi, pentru prima dat\u0103, o femeie la pre\u015fedin\u0163ia Ungariei, \u00een persoana lui Katalin Novak, \u00een v\u00e2rst\u0103 de 44 de ani, pentru o perioad\u0103 de cinci ani, cu sprijinul voturilor partidului de guvern\u0103m\u00e2nt Fidesz (ultrana\u0163ionalist), informeaz\u0103 Reuters. Novak \u00eei va urma \u00een func\u021bie lui Janos Ader, un alt membru proeminent al partidului de guvernare Fidesz.<\/p>\n<p>Novak, fost ministru al familiei \u015fi care \u00ee\u015fi va prelua mandatul la 10 mai, a promis s\u0103 fie \u201eo bun\u0103 \u015fef\u0103 de stat care s\u0103 apere familia ca fundament al suveranit\u0103\u0163ii\u201d. Totodat\u0103, ea a calificat drept \u201einacceptabil\u0103 invazia rus\u0103 \u00een Ucraina\u201d.<\/p>\n<p>Luna viitoare vor avea loc alegeri parlamentare \u00een Ungaria, unde se disput\u0103 \u0219i \u2018scaunul\u2019 premierului Viktor Orban, un apropiat al Kremlinului.<\/p>\n<p><strong>Cine este Katalin Novak<\/strong><\/p>\n<p>A \u00eenceput s\u0103 lucreze la Ministerul de Externe \u00een 2001, specializat \u00een probleme legate de Uniunea European\u0103 \u0219i chestiuni europene. \u00cen 2010 Novak a devenit consilier ministerial, iar \u00een 2012 a fost numit\u0103 \u0219ef de cabinet al Ministerului Resurselor Umane. \u00cen 2014 Novak este numit\u0103 secretar de stat pentru Familie \u0219i Tineret la Ministerul Capacit\u0103\u021bilor Umane, devenind ministru \u00een octombrie 2020.<\/p>\n<p>Ea este vicepre\u0219edintele Fidesz din 2017. La 21 decembrie 2021, prim-ministrul Viktor Orb\u00e1n a anun\u021bat c\u0103 Nov\u00e1k va fi nominalizat la alegerile preziden\u021biale din Ungaria din 2022 .\u00a0 (conf. Jurnalist.ro)<\/p>\n","protected":false},"excerpt":{"rendered":"<p>Parlamentul de la Budapesta a ales joi, pentru prima dat\u0103, o femeie la pre\u015fedin\u0163ia Ungariei, \u00een persoana lui Katalin Novak,<\/p>\n","protected":false},"author":1,"featured_media":6796,"comment_status":"open","ping_status":"open","sticky":false,"template":"","format":"standard","meta":{"colormag_page_container_layout":"default_layout","colormag_page_sidebar_layout":"default_layout","footnotes":""},"categories":[5],"tags":[],"class_list":["post-6794","post","type-post","status-publish","format-standard","has-post-thumbnail","hentry","category-locale"],"yoast_head":"<!-- This site is optimized with the Yoast SEO plugin v27.0 - https:\/\/yoast.com\/product\/yoast-seo-wordpress\/ -->\n<title>Katalin Novak, prima femeie aleas\u0103 pre\u015fedint\u0103 a Ungariei - MHF Photography<\/title>\n<meta name=\"robots\" content=\"index, follow, max-snippet:-1, max-image-preview:large, max-video-preview:-1\" \/>\n<link rel=\"canonical\" href=\"https:\/\/mhf.ro\/mm\/katalin-novak-prima-femeie-aleasa-presedinta-a-ungariei\/\" \/>\n<meta property=\"og:locale\" content=\"ro_RO\" \/>\n<meta property=\"og:type\" content=\"article\" \/>\n<meta property=\"og:title\" content=\"Katalin Novak, prima femeie aleas\u0103 pre\u015fedint\u0103 a Ungariei - MHF Photography\" \/>\n<meta property=\"og:description\" content=\"Parlamentul de la Budapesta a ales joi, pentru prima dat\u0103, o femeie la pre\u015fedin\u0163ia Ungariei, \u00een persoana lui Katalin Novak,\" \/>\n<meta property=\"og:url\" content=\"https:\/\/mhf.ro\/mm\/katalin-novak-prima-femeie-aleasa-presedinta-a-ungariei\/\" \/>\n<meta property=\"og:site_name\" content=\"MHF Photography\" \/>\n<meta property=\"article:published_time\" content=\"2022-03-11T06:21:44+00:00\" \/>\n<meta property=\"og:image\" content=\"https:\/\/mhf.ro\/mm\/wp-content\/uploads\/2022\/03\/pesedinta-ungariei.jpeg\" \/>\n\t<meta property=\"og:image:width\" content=\"664\" \/>\n\t<meta property=\"og:image:height\" content=\"390\" \/>\n\t<meta property=\"og:image:type\" content=\"image\/jpeg\" \/>\n<meta name=\"author\" content=\"Marius Marcu\" \/>\n<meta name=\"twitter:card\" content=\"summary_large_image\" \/>\n<meta name=\"twitter:label1\" content=\"Scris de\" \/>\n\t<meta name=\"twitter:data1\" content=\"Marius Marcu\" \/>\n\t<meta name=\"twitter:label2\" content=\"Timp estimat pentru citire\" \/>\n\t<meta name=\"twitter:data2\" content=\"1 minut\" \/>\n<script type=\"application\/ld+json\" class=\"yoast-schema-graph\">{\"@context\":\"https:\/\/schema.org\",\"@graph\":[{\"@type\":\"Article\",\"@id\":\"https:\/\/mhf.ro\/mm\/katalin-novak-prima-femeie-aleasa-presedinta-a-ungariei\/#article\",\"isPartOf\":{\"@id\":\"https:\/\/mhf.ro\/mm\/katalin-novak-prima-femeie-aleasa-presedinta-a-ungariei\/\"},\"author\":{\"name\":\"Marius Marcu\",\"@id\":\"https:\/\/mhf.ro\/mm\/#\/schema\/person\/a3bebf7bdb4bf12f698aff73c7e46c21\"},\"headline\":\"Katalin Novak, prima femeie aleas\u0103 pre\u015fedint\u0103 a Ungariei\",\"datePublished\":\"2022-03-11T06:21:44+00:00\",\"mainEntityOfPage\":{\"@id\":\"https:\/\/mhf.ro\/mm\/katalin-novak-prima-femeie-aleasa-presedinta-a-ungariei\/\"},\"wordCount\":229,\"commentCount\":0,\"publisher\":{\"@id\":\"https:\/\/mhf.ro\/mm\/#\/schema\/person\/a3bebf7bdb4bf12f698aff73c7e46c21\"},\"image\":{\"@id\":\"https:\/\/mhf.ro\/mm\/katalin-novak-prima-femeie-aleasa-presedinta-a-ungariei\/#primaryimage\"},\"thumbnailUrl\":\"https:\/\/mhf.ro\/mm\/wp-content\/uploads\/2022\/03\/pesedinta-ungariei.jpeg\",\"articleSection\":[\"Locale\"],\"inLanguage\":\"ro-RO\",\"potentialAction\":[{\"@type\":\"CommentAction\",\"name\":\"Comment\",\"target\":[\"https:\/\/mhf.ro\/mm\/katalin-novak-prima-femeie-aleasa-presedinta-a-ungariei\/#respond\"]}]},{\"@type\":\"WebPage\",\"@id\":\"https:\/\/mhf.ro\/mm\/katalin-novak-prima-femeie-aleasa-presedinta-a-ungariei\/\",\"url\":\"https:\/\/mhf.ro\/mm\/katalin-novak-prima-femeie-aleasa-presedinta-a-ungariei\/\",\"name\":\"Katalin Novak, prima femeie aleas\u0103 pre\u015fedint\u0103 a Ungariei - MHF Photography\",\"isPartOf\":{\"@id\":\"https:\/\/mhf.ro\/mm\/#website\"},\"primaryImageOfPage\":{\"@id\":\"https:\/\/mhf.ro\/mm\/katalin-novak-prima-femeie-aleasa-presedinta-a-ungariei\/#primaryimage\"},\"image\":{\"@id\":\"https:\/\/mhf.ro\/mm\/katalin-novak-prima-femeie-aleasa-presedinta-a-ungariei\/#primaryimage\"},\"thumbnailUrl\":\"https:\/\/mhf.ro\/mm\/wp-content\/uploads\/2022\/03\/pesedinta-ungariei.jpeg\",\"datePublished\":\"2022-03-11T06:21:44+00:00\",\"breadcrumb\":{\"@id\":\"https:\/\/mhf.ro\/mm\/katalin-novak-prima-femeie-aleasa-presedinta-a-ungariei\/#breadcrumb\"},\"inLanguage\":\"ro-RO\",\"potentialAction\":[{\"@type\":\"ReadAction\",\"target\":[\"https:\/\/mhf.ro\/mm\/katalin-novak-prima-femeie-aleasa-presedinta-a-ungariei\/\"]}]},{\"@type\":\"ImageObject\",\"inLanguage\":\"ro-RO\",\"@id\":\"https:\/\/mhf.ro\/mm\/katalin-novak-prima-femeie-aleasa-presedinta-a-ungariei\/#primaryimage\",\"url\":\"https:\/\/mhf.ro\/mm\/wp-content\/uploads\/2022\/03\/pesedinta-ungariei.jpeg\",\"contentUrl\":\"https:\/\/mhf.ro\/mm\/wp-content\/uploads\/2022\/03\/pesedinta-ungariei.jpeg\",\"width\":664,\"height\":390},{\"@type\":\"BreadcrumbList\",\"@id\":\"https:\/\/mhf.ro\/mm\/katalin-novak-prima-femeie-aleasa-presedinta-a-ungariei\/#breadcrumb\",\"itemListElement\":[{\"@type\":\"ListItem\",\"position\":1,\"name\":\"Prima pagin\u0103\",\"item\":\"https:\/\/mhf.ro\/mm\/\"},{\"@type\":\"ListItem\",\"position\":2,\"name\":\"Katalin Novak, prima femeie aleas\u0103 pre\u015fedint\u0103 a Ungariei\"}]},{\"@type\":\"WebSite\",\"@id\":\"https:\/\/mhf.ro\/mm\/#website\",\"url\":\"https:\/\/mhf.ro\/mm\/\",\"name\":\"MHF Photography \u2013 Blog de fotografie, natur\u0103 \u0219i tehnic\u0103 divers\u0103\",\"description\":\"Aventur\u0103 \u00een fiecare cadru.\",\"publisher\":{\"@id\":\"https:\/\/mhf.ro\/mm\/#\/schema\/person\/a3bebf7bdb4bf12f698aff73c7e46c21\"},\"potentialAction\":[{\"@type\":\"SearchAction\",\"target\":{\"@type\":\"EntryPoint\",\"urlTemplate\":\"https:\/\/mhf.ro\/mm\/?s={search_term_string}\"},\"query-input\":{\"@type\":\"PropertyValueSpecification\",\"valueRequired\":true,\"valueName\":\"search_term_string\"}}],\"inLanguage\":\"ro-RO\"},{\"@type\":[\"Person\",\"Organization\"],\"@id\":\"https:\/\/mhf.ro\/mm\/#\/schema\/person\/a3bebf7bdb4bf12f698aff73c7e46c21\",\"name\":\"Marius Marcu\",\"image\":{\"@type\":\"ImageObject\",\"inLanguage\":\"ro-RO\",\"@id\":\"https:\/\/mhf.ro\/mm\/#\/schema\/person\/image\/\",\"url\":\"https:\/\/mhf.ro\/mm\/wp-content\/uploads\/2025\/12\/cropped-logo_mhf_2.png\",\"contentUrl\":\"https:\/\/mhf.ro\/mm\/wp-content\/uploads\/2025\/12\/cropped-logo_mhf_2.png\",\"width\":1096,\"height\":457,\"caption\":\"Marius Marcu\"},\"logo\":{\"@id\":\"https:\/\/mhf.ro\/mm\/#\/schema\/person\/image\/\"},\"sameAs\":[\"https:\/\/mhf.ro\/mm\"],\"url\":\"https:\/\/mhf.ro\/mm\/author\/mihai\/\"}]}<\/script>\n<!-- \/ Yoast SEO plugin. -->","yoast_head_json":{"title":"Katalin Novak, prima femeie aleas\u0103 pre\u015fedint\u0103 a Ungariei - MHF Photography","robots":{"index":"index","follow":"follow","max-snippet":"max-snippet:-1","max-image-preview":"max-image-preview:large","max-video-preview":"max-video-preview:-1"},"canonical":"https:\/\/mhf.ro\/mm\/katalin-novak-prima-femeie-aleasa-presedinta-a-ungariei\/","og_locale":"ro_RO","og_type":"article","og_title":"Katalin Novak, prima femeie aleas\u0103 pre\u015fedint\u0103 a Ungariei - MHF Photography","og_description":"Parlamentul de la Budapesta a ales joi, pentru prima dat\u0103, o femeie la pre\u015fedin\u0163ia Ungariei, \u00een persoana lui Katalin Novak,","og_url":"https:\/\/mhf.ro\/mm\/katalin-novak-prima-femeie-aleasa-presedinta-a-ungariei\/","og_site_name":"MHF Photography","article_published_time":"2022-03-11T06:21:44+00:00","og_image":[{"width":664,"height":390,"url":"https:\/\/mhf.ro\/mm\/wp-content\/uploads\/2022\/03\/pesedinta-ungariei.jpeg","type":"image\/jpeg"}],"author":"Marius Marcu","twitter_card":"summary_large_image","twitter_misc":{"Scris de":"Marius Marcu","Timp estimat pentru citire":"1 minut"},"schema":{"@context":"https:\/\/schema.org","@graph":[{"@type":"Article","@id":"https:\/\/mhf.ro\/mm\/katalin-novak-prima-femeie-aleasa-presedinta-a-ungariei\/#article","isPartOf":{"@id":"https:\/\/mhf.ro\/mm\/katalin-novak-prima-femeie-aleasa-presedinta-a-ungariei\/"},"author":{"name":"Marius Marcu","@id":"https:\/\/mhf.ro\/mm\/#\/schema\/person\/a3bebf7bdb4bf12f698aff73c7e46c21"},"headline":"Katalin Novak, prima femeie aleas\u0103 pre\u015fedint\u0103 a Ungariei","datePublished":"2022-03-11T06:21:44+00:00","mainEntityOfPage":{"@id":"https:\/\/mhf.ro\/mm\/katalin-novak-prima-femeie-aleasa-presedinta-a-ungariei\/"},"wordCount":229,"commentCount":0,"publisher":{"@id":"https:\/\/mhf.ro\/mm\/#\/schema\/person\/a3bebf7bdb4bf12f698aff73c7e46c21"},"image":{"@id":"https:\/\/mhf.ro\/mm\/katalin-novak-prima-femeie-aleasa-presedinta-a-ungariei\/#primaryimage"},"thumbnailUrl":"https:\/\/mhf.ro\/mm\/wp-content\/uploads\/2022\/03\/pesedinta-ungariei.jpeg","articleSection":["Locale"],"inLanguage":"ro-RO","potentialAction":[{"@type":"CommentAction","name":"Comment","target":["https:\/\/mhf.ro\/mm\/katalin-novak-prima-femeie-aleasa-presedinta-a-ungariei\/#respond"]}]},{"@type":"WebPage","@id":"https:\/\/mhf.ro\/mm\/katalin-novak-prima-femeie-aleasa-presedinta-a-ungariei\/","url":"https:\/\/mhf.ro\/mm\/katalin-novak-prima-femeie-aleasa-presedinta-a-ungariei\/","name":"Katalin Novak, prima femeie aleas\u0103 pre\u015fedint\u0103 a Ungariei - MHF Photography","isPartOf":{"@id":"https:\/\/mhf.ro\/mm\/#website"},"primaryImageOfPage":{"@id":"https:\/\/mhf.ro\/mm\/katalin-novak-prima-femeie-aleasa-presedinta-a-ungariei\/#primaryimage"},"image":{"@id":"https:\/\/mhf.ro\/mm\/katalin-novak-prima-femeie-aleasa-presedinta-a-ungariei\/#primaryimage"},"thumbnailUrl":"https:\/\/mhf.ro\/mm\/wp-content\/uploads\/2022\/03\/pesedinta-ungariei.jpeg","datePublished":"2022-03-11T06:21:44+00:00","breadcrumb":{"@id":"https:\/\/mhf.ro\/mm\/katalin-novak-prima-femeie-aleasa-presedinta-a-ungariei\/#breadcrumb"},"inLanguage":"ro-RO","potentialAction":[{"@type":"ReadAction","target":["https:\/\/mhf.ro\/mm\/katalin-novak-prima-femeie-aleasa-presedinta-a-ungariei\/"]}]},{"@type":"ImageObject","inLanguage":"ro-RO","@id":"https:\/\/mhf.ro\/mm\/katalin-novak-prima-femeie-aleasa-presedinta-a-ungariei\/#primaryimage","url":"https:\/\/mhf.ro\/mm\/wp-content\/uploads\/2022\/03\/pesedinta-ungariei.jpeg","contentUrl":"https:\/\/mhf.ro\/mm\/wp-content\/uploads\/2022\/03\/pesedinta-ungariei.jpeg","width":664,"height":390},{"@type":"BreadcrumbList","@id":"https:\/\/mhf.ro\/mm\/katalin-novak-prima-femeie-aleasa-presedinta-a-ungariei\/#breadcrumb","itemListElement":[{"@type":"ListItem","position":1,"name":"Prima pagin\u0103","item":"https:\/\/mhf.ro\/mm\/"},{"@type":"ListItem","position":2,"name":"Katalin Novak, prima femeie aleas\u0103 pre\u015fedint\u0103 a Ungariei"}]},{"@type":"WebSite","@id":"https:\/\/mhf.ro\/mm\/#website","url":"https:\/\/mhf.ro\/mm\/","name":"MHF Photography \u2013 Blog de fotografie, natur\u0103 \u0219i tehnic\u0103 divers\u0103","description":"Aventur\u0103 \u00een fiecare cadru.","publisher":{"@id":"https:\/\/mhf.ro\/mm\/#\/schema\/person\/a3bebf7bdb4bf12f698aff73c7e46c21"},"potentialAction":[{"@type":"SearchAction","target":{"@type":"EntryPoint","urlTemplate":"https:\/\/mhf.ro\/mm\/?s={search_term_string}"},"query-input":{"@type":"PropertyValueSpecification","valueRequired":true,"valueName":"search_term_string"}}],"inLanguage":"ro-RO"},{"@type":["Person","Organization"],"@id":"https:\/\/mhf.ro\/mm\/#\/schema\/person\/a3bebf7bdb4bf12f698aff73c7e46c21","name":"Marius Marcu","image":{"@type":"ImageObject","inLanguage":"ro-RO","@id":"https:\/\/mhf.ro\/mm\/#\/schema\/person\/image\/","url":"https:\/\/mhf.ro\/mm\/wp-content\/uploads\/2025\/12\/cropped-logo_mhf_2.png","contentUrl":"https:\/\/mhf.ro\/mm\/wp-content\/uploads\/2025\/12\/cropped-logo_mhf_2.png","width":1096,"height":457,"caption":"Marius Marcu"},"logo":{"@id":"https:\/\/mhf.ro\/mm\/#\/schema\/person\/image\/"},"sameAs":["https:\/\/mhf.ro\/mm"],"url":"https:\/\/mhf.ro\/mm\/author\/mihai\/"}]}},"_links":{"self":[{"href":"https:\/\/mhf.ro\/mm\/wp-json\/wp\/v2\/posts\/6794","targetHints":{"allow":["GET"]}}],"collection":[{"href":"https:\/\/mhf.ro\/mm\/wp-json\/wp\/v2\/posts"}],"about":[{"href":"https:\/\/mhf.ro\/mm\/wp-json\/wp\/v2\/types\/post"}],"author":[{"embeddable":true,"href":"https:\/\/mhf.ro\/mm\/wp-json\/wp\/v2\/users\/1"}],"replies":[{"embeddable":true,"href":"https:\/\/mhf.ro\/mm\/wp-json\/wp\/v2\/comments?post=6794"}],"version-history":[{"count":1,"href":"https:\/\/mhf.ro\/mm\/wp-json\/wp\/v2\/posts\/6794\/revisions"}],"predecessor-version":[{"id":6797,"href":"https:\/\/mhf.ro\/mm\/wp-json\/wp\/v2\/posts\/6794\/revisions\/6797"}],"wp:featuredmedia":[{"embeddable":true,"href":"https:\/\/mhf.ro\/mm\/wp-json\/wp\/v2\/media\/6796"}],"wp:attachment":[{"href":"https:\/\/mhf.ro\/mm\/wp-json\/wp\/v2\/media?parent=6794"}],"wp:term":[{"taxonomy":"category","embeddable":true,"href":"https:\/\/mhf.ro\/mm\/wp-json\/wp\/v2\/categories?post=6794"},{"taxonomy":"post_tag","embeddable":true,"href":"https:\/\/mhf.ro\/mm\/wp-json\/wp\/v2\/tags?post=6794"}],"curies":[{"name":"wp","href":"https:\/\/api.w.org\/{rel}","templated":true}]}}