{"id":6853,"date":"2022-03-17T09:07:37","date_gmt":"2022-03-17T07:07:37","guid":{"rendered":"https:\/\/mhf.ro\/mm\/?p=6853"},"modified":"2022-03-17T09:07:37","modified_gmt":"2022-03-17T07:07:37","slug":"inflatia-bubuie-psd-indeamna-la-calm-si-incredere","status":"publish","type":"post","link":"https:\/\/mhf.ro\/mm\/inflatia-bubuie-psd-indeamna-la-calm-si-incredere\/","title":{"rendered":"Infla\u021bia bubuie, PSD \u00eendeamn\u0103 la \u2018calm \u0219i \u00eencredere\u2019"},"content":{"rendered":"<p>Infla\u021bia \u00een Rom\u00e2nia\u00a0a ajuns \u00een februarie la 8,5%. Ministrul PSD al Finan\u0163elor, Adrian C\u00e2ciu, \u00eendeamn\u0103, \u00eens\u0103, \u201ela calm \u0219i \u00eencredere\u201d, motiv\u00e2nd c\u0103 se lucreaz\u0103 la mix de m\u0103suri care va privi at\u00e2t zona de energie, zona de combustibil dar \u015fi zona de alimente sau alte produse \u015fi bunuri.<\/p>\n<div class=\"ads-container mb-4\">\n<div id=\"adoceanthinkdigitalrovecoimmiwr4\">\u201eMixul de m\u0103suri \u00eel anun\u0163\u0103m la nivel guvernamental, c\u00e2t de cur\u00e2nd. Acesta este Guvernul Rom\u00e2niei, ministrul finan\u0163elor \u015fi Guvernul Rom\u00e2niei ap\u0103r\u0103 Rom\u00e2nia \u015fi cet\u0103\u0163enii rom\u00e2niei, referitor la discu\u0163ii politice nu o s\u0103 comentez\u201d, a mai spus el, relateaz\u0103 news.ro.<\/div>\n<\/div>\n<div class=\"grid grid-columns-12 grid-gap-4 mt-8 relative\">\n<div class=\"icons col-span-1 justify-center text-center px-2\">\n<div class=\"sticky pin-t\">\n<p>\u00centrebat ce mesaj pe d\u0103 rom\u00e2nilor, ministrul a spus c\u0103 \u00eei \u00eendeamn\u0103 la calm \u015fi la \u00eencredere.<\/p>\n<p>\u201d\u00cendemn cet\u0103\u0163enii Rom\u00e2niei la calm \u015fi la \u00eencredere, panica nu face bine nim\u0103nui, nici individului \u015fi nici societ\u0103\u0163ii. Rom\u00e2nia este o \u0163ar\u0103 stabil\u0103 din perspectiva stocurilor, din perspectiva securit\u0103\u0163ii \u015fi mai ales din perspectiv\u0103 financiar\u0103\u201d, a afirmat C\u00e2ciu.<\/p>\n<p>\u201dS\u0103pt\u0103m\u00e2nile viitoare, c\u00e2nd vine pachetul de m\u0103suri, acest r\u0103spuns se va vedea \u00een m\u0103surile guvernamentale\u201d, a mai spus ministru.<\/p>\n<p style=\"text-align: right;\">(conf. Jurnalist.ro)<\/p>\n<\/div>\n<\/div>\n<\/div>\n","protected":false},"excerpt":{"rendered":"<p>Infla\u021bia \u00een Rom\u00e2nia\u00a0a ajuns \u00een februarie la 8,5%. Ministrul PSD al Finan\u0163elor, Adrian C\u00e2ciu, \u00eendeamn\u0103, \u00eens\u0103, \u201ela calm \u0219i \u00eencredere\u201d,<\/p>\n","protected":false},"author":1,"featured_media":6854,"comment_status":"open","ping_status":"open","sticky":false,"template":"","format":"standard","meta":{"colormag_page_container_layout":"default_layout","colormag_page_sidebar_layout":"default_layout","footnotes":""},"categories":[5],"tags":[],"class_list":["post-6853","post","type-post","status-publish","format-standard","has-post-thumbnail","hentry","category-locale"],"yoast_head":"<!-- This site is optimized with the Yoast SEO plugin v27.0 - https:\/\/yoast.com\/product\/yoast-seo-wordpress\/ -->\n<title>Infla\u021bia bubuie, PSD \u00eendeamn\u0103 la \u2018calm \u0219i \u00eencredere\u2019 - MHF Photography<\/title>\n<meta name=\"robots\" content=\"index, follow, max-snippet:-1, max-image-preview:large, max-video-preview:-1\" \/>\n<link rel=\"canonical\" href=\"https:\/\/mhf.ro\/mm\/inflatia-bubuie-psd-indeamna-la-calm-si-incredere\/\" \/>\n<meta property=\"og:locale\" content=\"ro_RO\" \/>\n<meta property=\"og:type\" content=\"article\" \/>\n<meta property=\"og:title\" content=\"Infla\u021bia bubuie, PSD \u00eendeamn\u0103 la \u2018calm \u0219i \u00eencredere\u2019 - MHF Photography\" \/>\n<meta property=\"og:description\" content=\"Infla\u021bia \u00een Rom\u00e2nia\u00a0a ajuns \u00een februarie la 8,5%. Ministrul PSD al Finan\u0163elor, Adrian C\u00e2ciu, \u00eendeamn\u0103, \u00eens\u0103, \u201ela calm \u0219i \u00eencredere\u201d,\" \/>\n<meta property=\"og:url\" content=\"https:\/\/mhf.ro\/mm\/inflatia-bubuie-psd-indeamna-la-calm-si-incredere\/\" \/>\n<meta property=\"og:site_name\" content=\"MHF Photography\" \/>\n<meta property=\"article:published_time\" content=\"2022-03-17T07:07:37+00:00\" \/>\n<meta property=\"og:image\" content=\"https:\/\/mhf.ro\/mm\/wp-content\/uploads\/2022\/03\/caciu.jpg\" \/>\n\t<meta property=\"og:image:width\" content=\"780\" \/>\n\t<meta property=\"og:image:height\" content=\"440\" \/>\n\t<meta property=\"og:image:type\" content=\"image\/jpeg\" \/>\n<meta name=\"author\" content=\"Marius Marcu\" \/>\n<meta name=\"twitter:card\" content=\"summary_large_image\" \/>\n<meta name=\"twitter:label1\" content=\"Scris de\" \/>\n\t<meta name=\"twitter:data1\" content=\"Marius Marcu\" \/>\n\t<meta name=\"twitter:label2\" content=\"Timp estimat pentru citire\" \/>\n\t<meta name=\"twitter:data2\" content=\"1 minut\" \/>\n<script type=\"application\/ld+json\" class=\"yoast-schema-graph\">{\"@context\":\"https:\/\/schema.org\",\"@graph\":[{\"@type\":\"Article\",\"@id\":\"https:\/\/mhf.ro\/mm\/inflatia-bubuie-psd-indeamna-la-calm-si-incredere\/#article\",\"isPartOf\":{\"@id\":\"https:\/\/mhf.ro\/mm\/inflatia-bubuie-psd-indeamna-la-calm-si-incredere\/\"},\"author\":{\"name\":\"Marius Marcu\",\"@id\":\"https:\/\/mhf.ro\/mm\/#\/schema\/person\/a3bebf7bdb4bf12f698aff73c7e46c21\"},\"headline\":\"Infla\u021bia bubuie, PSD \u00eendeamn\u0103 la \u2018calm \u0219i \u00eencredere\u2019\",\"datePublished\":\"2022-03-17T07:07:37+00:00\",\"mainEntityOfPage\":{\"@id\":\"https:\/\/mhf.ro\/mm\/inflatia-bubuie-psd-indeamna-la-calm-si-incredere\/\"},\"wordCount\":208,\"commentCount\":0,\"publisher\":{\"@id\":\"https:\/\/mhf.ro\/mm\/#\/schema\/person\/a3bebf7bdb4bf12f698aff73c7e46c21\"},\"image\":{\"@id\":\"https:\/\/mhf.ro\/mm\/inflatia-bubuie-psd-indeamna-la-calm-si-incredere\/#primaryimage\"},\"thumbnailUrl\":\"https:\/\/mhf.ro\/mm\/wp-content\/uploads\/2022\/03\/caciu.jpg\",\"articleSection\":[\"Locale\"],\"inLanguage\":\"ro-RO\",\"potentialAction\":[{\"@type\":\"CommentAction\",\"name\":\"Comment\",\"target\":[\"https:\/\/mhf.ro\/mm\/inflatia-bubuie-psd-indeamna-la-calm-si-incredere\/#respond\"]}]},{\"@type\":\"WebPage\",\"@id\":\"https:\/\/mhf.ro\/mm\/inflatia-bubuie-psd-indeamna-la-calm-si-incredere\/\",\"url\":\"https:\/\/mhf.ro\/mm\/inflatia-bubuie-psd-indeamna-la-calm-si-incredere\/\",\"name\":\"Infla\u021bia bubuie, PSD \u00eendeamn\u0103 la \u2018calm \u0219i \u00eencredere\u2019 - MHF Photography\",\"isPartOf\":{\"@id\":\"https:\/\/mhf.ro\/mm\/#website\"},\"primaryImageOfPage\":{\"@id\":\"https:\/\/mhf.ro\/mm\/inflatia-bubuie-psd-indeamna-la-calm-si-incredere\/#primaryimage\"},\"image\":{\"@id\":\"https:\/\/mhf.ro\/mm\/inflatia-bubuie-psd-indeamna-la-calm-si-incredere\/#primaryimage\"},\"thumbnailUrl\":\"https:\/\/mhf.ro\/mm\/wp-content\/uploads\/2022\/03\/caciu.jpg\",\"datePublished\":\"2022-03-17T07:07:37+00:00\",\"breadcrumb\":{\"@id\":\"https:\/\/mhf.ro\/mm\/inflatia-bubuie-psd-indeamna-la-calm-si-incredere\/#breadcrumb\"},\"inLanguage\":\"ro-RO\",\"potentialAction\":[{\"@type\":\"ReadAction\",\"target\":[\"https:\/\/mhf.ro\/mm\/inflatia-bubuie-psd-indeamna-la-calm-si-incredere\/\"]}]},{\"@type\":\"ImageObject\",\"inLanguage\":\"ro-RO\",\"@id\":\"https:\/\/mhf.ro\/mm\/inflatia-bubuie-psd-indeamna-la-calm-si-incredere\/#primaryimage\",\"url\":\"https:\/\/mhf.ro\/mm\/wp-content\/uploads\/2022\/03\/caciu.jpg\",\"contentUrl\":\"https:\/\/mhf.ro\/mm\/wp-content\/uploads\/2022\/03\/caciu.jpg\",\"width\":780,\"height\":440},{\"@type\":\"BreadcrumbList\",\"@id\":\"https:\/\/mhf.ro\/mm\/inflatia-bubuie-psd-indeamna-la-calm-si-incredere\/#breadcrumb\",\"itemListElement\":[{\"@type\":\"ListItem\",\"position\":1,\"name\":\"Prima pagin\u0103\",\"item\":\"https:\/\/mhf.ro\/mm\/\"},{\"@type\":\"ListItem\",\"position\":2,\"name\":\"Infla\u021bia bubuie, PSD \u00eendeamn\u0103 la \u2018calm \u0219i \u00eencredere\u2019\"}]},{\"@type\":\"WebSite\",\"@id\":\"https:\/\/mhf.ro\/mm\/#website\",\"url\":\"https:\/\/mhf.ro\/mm\/\",\"name\":\"MHF Photography \u2013 Blog de fotografie, natur\u0103 \u0219i tehnic\u0103 divers\u0103\",\"description\":\"Aventur\u0103 \u00een fiecare cadru.\",\"publisher\":{\"@id\":\"https:\/\/mhf.ro\/mm\/#\/schema\/person\/a3bebf7bdb4bf12f698aff73c7e46c21\"},\"potentialAction\":[{\"@type\":\"SearchAction\",\"target\":{\"@type\":\"EntryPoint\",\"urlTemplate\":\"https:\/\/mhf.ro\/mm\/?s={search_term_string}\"},\"query-input\":{\"@type\":\"PropertyValueSpecification\",\"valueRequired\":true,\"valueName\":\"search_term_string\"}}],\"inLanguage\":\"ro-RO\"},{\"@type\":[\"Person\",\"Organization\"],\"@id\":\"https:\/\/mhf.ro\/mm\/#\/schema\/person\/a3bebf7bdb4bf12f698aff73c7e46c21\",\"name\":\"Marius Marcu\",\"image\":{\"@type\":\"ImageObject\",\"inLanguage\":\"ro-RO\",\"@id\":\"https:\/\/mhf.ro\/mm\/#\/schema\/person\/image\/\",\"url\":\"https:\/\/mhf.ro\/mm\/wp-content\/uploads\/2025\/12\/cropped-logo_mhf_2.png\",\"contentUrl\":\"https:\/\/mhf.ro\/mm\/wp-content\/uploads\/2025\/12\/cropped-logo_mhf_2.png\",\"width\":1096,\"height\":457,\"caption\":\"Marius Marcu\"},\"logo\":{\"@id\":\"https:\/\/mhf.ro\/mm\/#\/schema\/person\/image\/\"},\"sameAs\":[\"https:\/\/mhf.ro\/mm\"],\"url\":\"https:\/\/mhf.ro\/mm\/author\/mihai\/\"}]}<\/script>\n<!-- \/ Yoast SEO plugin. -->","yoast_head_json":{"title":"Infla\u021bia bubuie, PSD \u00eendeamn\u0103 la \u2018calm \u0219i \u00eencredere\u2019 - MHF Photography","robots":{"index":"index","follow":"follow","max-snippet":"max-snippet:-1","max-image-preview":"max-image-preview:large","max-video-preview":"max-video-preview:-1"},"canonical":"https:\/\/mhf.ro\/mm\/inflatia-bubuie-psd-indeamna-la-calm-si-incredere\/","og_locale":"ro_RO","og_type":"article","og_title":"Infla\u021bia bubuie, PSD \u00eendeamn\u0103 la \u2018calm \u0219i \u00eencredere\u2019 - MHF Photography","og_description":"Infla\u021bia \u00een Rom\u00e2nia\u00a0a ajuns \u00een februarie la 8,5%. Ministrul PSD al Finan\u0163elor, Adrian C\u00e2ciu, \u00eendeamn\u0103, \u00eens\u0103, \u201ela calm \u0219i \u00eencredere\u201d,","og_url":"https:\/\/mhf.ro\/mm\/inflatia-bubuie-psd-indeamna-la-calm-si-incredere\/","og_site_name":"MHF Photography","article_published_time":"2022-03-17T07:07:37+00:00","og_image":[{"width":780,"height":440,"url":"https:\/\/mhf.ro\/mm\/wp-content\/uploads\/2022\/03\/caciu.jpg","type":"image\/jpeg"}],"author":"Marius Marcu","twitter_card":"summary_large_image","twitter_misc":{"Scris de":"Marius Marcu","Timp estimat pentru citire":"1 minut"},"schema":{"@context":"https:\/\/schema.org","@graph":[{"@type":"Article","@id":"https:\/\/mhf.ro\/mm\/inflatia-bubuie-psd-indeamna-la-calm-si-incredere\/#article","isPartOf":{"@id":"https:\/\/mhf.ro\/mm\/inflatia-bubuie-psd-indeamna-la-calm-si-incredere\/"},"author":{"name":"Marius Marcu","@id":"https:\/\/mhf.ro\/mm\/#\/schema\/person\/a3bebf7bdb4bf12f698aff73c7e46c21"},"headline":"Infla\u021bia bubuie, PSD \u00eendeamn\u0103 la \u2018calm \u0219i \u00eencredere\u2019","datePublished":"2022-03-17T07:07:37+00:00","mainEntityOfPage":{"@id":"https:\/\/mhf.ro\/mm\/inflatia-bubuie-psd-indeamna-la-calm-si-incredere\/"},"wordCount":208,"commentCount":0,"publisher":{"@id":"https:\/\/mhf.ro\/mm\/#\/schema\/person\/a3bebf7bdb4bf12f698aff73c7e46c21"},"image":{"@id":"https:\/\/mhf.ro\/mm\/inflatia-bubuie-psd-indeamna-la-calm-si-incredere\/#primaryimage"},"thumbnailUrl":"https:\/\/mhf.ro\/mm\/wp-content\/uploads\/2022\/03\/caciu.jpg","articleSection":["Locale"],"inLanguage":"ro-RO","potentialAction":[{"@type":"CommentAction","name":"Comment","target":["https:\/\/mhf.ro\/mm\/inflatia-bubuie-psd-indeamna-la-calm-si-incredere\/#respond"]}]},{"@type":"WebPage","@id":"https:\/\/mhf.ro\/mm\/inflatia-bubuie-psd-indeamna-la-calm-si-incredere\/","url":"https:\/\/mhf.ro\/mm\/inflatia-bubuie-psd-indeamna-la-calm-si-incredere\/","name":"Infla\u021bia bubuie, PSD \u00eendeamn\u0103 la \u2018calm \u0219i \u00eencredere\u2019 - MHF Photography","isPartOf":{"@id":"https:\/\/mhf.ro\/mm\/#website"},"primaryImageOfPage":{"@id":"https:\/\/mhf.ro\/mm\/inflatia-bubuie-psd-indeamna-la-calm-si-incredere\/#primaryimage"},"image":{"@id":"https:\/\/mhf.ro\/mm\/inflatia-bubuie-psd-indeamna-la-calm-si-incredere\/#primaryimage"},"thumbnailUrl":"https:\/\/mhf.ro\/mm\/wp-content\/uploads\/2022\/03\/caciu.jpg","datePublished":"2022-03-17T07:07:37+00:00","breadcrumb":{"@id":"https:\/\/mhf.ro\/mm\/inflatia-bubuie-psd-indeamna-la-calm-si-incredere\/#breadcrumb"},"inLanguage":"ro-RO","potentialAction":[{"@type":"ReadAction","target":["https:\/\/mhf.ro\/mm\/inflatia-bubuie-psd-indeamna-la-calm-si-incredere\/"]}]},{"@type":"ImageObject","inLanguage":"ro-RO","@id":"https:\/\/mhf.ro\/mm\/inflatia-bubuie-psd-indeamna-la-calm-si-incredere\/#primaryimage","url":"https:\/\/mhf.ro\/mm\/wp-content\/uploads\/2022\/03\/caciu.jpg","contentUrl":"https:\/\/mhf.ro\/mm\/wp-content\/uploads\/2022\/03\/caciu.jpg","width":780,"height":440},{"@type":"BreadcrumbList","@id":"https:\/\/mhf.ro\/mm\/inflatia-bubuie-psd-indeamna-la-calm-si-incredere\/#breadcrumb","itemListElement":[{"@type":"ListItem","position":1,"name":"Prima pagin\u0103","item":"https:\/\/mhf.ro\/mm\/"},{"@type":"ListItem","position":2,"name":"Infla\u021bia bubuie, PSD \u00eendeamn\u0103 la \u2018calm \u0219i \u00eencredere\u2019"}]},{"@type":"WebSite","@id":"https:\/\/mhf.ro\/mm\/#website","url":"https:\/\/mhf.ro\/mm\/","name":"MHF Photography \u2013 Blog de fotografie, natur\u0103 \u0219i tehnic\u0103 divers\u0103","description":"Aventur\u0103 \u00een fiecare cadru.","publisher":{"@id":"https:\/\/mhf.ro\/mm\/#\/schema\/person\/a3bebf7bdb4bf12f698aff73c7e46c21"},"potentialAction":[{"@type":"SearchAction","target":{"@type":"EntryPoint","urlTemplate":"https:\/\/mhf.ro\/mm\/?s={search_term_string}"},"query-input":{"@type":"PropertyValueSpecification","valueRequired":true,"valueName":"search_term_string"}}],"inLanguage":"ro-RO"},{"@type":["Person","Organization"],"@id":"https:\/\/mhf.ro\/mm\/#\/schema\/person\/a3bebf7bdb4bf12f698aff73c7e46c21","name":"Marius Marcu","image":{"@type":"ImageObject","inLanguage":"ro-RO","@id":"https:\/\/mhf.ro\/mm\/#\/schema\/person\/image\/","url":"https:\/\/mhf.ro\/mm\/wp-content\/uploads\/2025\/12\/cropped-logo_mhf_2.png","contentUrl":"https:\/\/mhf.ro\/mm\/wp-content\/uploads\/2025\/12\/cropped-logo_mhf_2.png","width":1096,"height":457,"caption":"Marius Marcu"},"logo":{"@id":"https:\/\/mhf.ro\/mm\/#\/schema\/person\/image\/"},"sameAs":["https:\/\/mhf.ro\/mm"],"url":"https:\/\/mhf.ro\/mm\/author\/mihai\/"}]}},"_links":{"self":[{"href":"https:\/\/mhf.ro\/mm\/wp-json\/wp\/v2\/posts\/6853","targetHints":{"allow":["GET"]}}],"collection":[{"href":"https:\/\/mhf.ro\/mm\/wp-json\/wp\/v2\/posts"}],"about":[{"href":"https:\/\/mhf.ro\/mm\/wp-json\/wp\/v2\/types\/post"}],"author":[{"embeddable":true,"href":"https:\/\/mhf.ro\/mm\/wp-json\/wp\/v2\/users\/1"}],"replies":[{"embeddable":true,"href":"https:\/\/mhf.ro\/mm\/wp-json\/wp\/v2\/comments?post=6853"}],"version-history":[{"count":1,"href":"https:\/\/mhf.ro\/mm\/wp-json\/wp\/v2\/posts\/6853\/revisions"}],"predecessor-version":[{"id":6855,"href":"https:\/\/mhf.ro\/mm\/wp-json\/wp\/v2\/posts\/6853\/revisions\/6855"}],"wp:featuredmedia":[{"embeddable":true,"href":"https:\/\/mhf.ro\/mm\/wp-json\/wp\/v2\/media\/6854"}],"wp:attachment":[{"href":"https:\/\/mhf.ro\/mm\/wp-json\/wp\/v2\/media?parent=6853"}],"wp:term":[{"taxonomy":"category","embeddable":true,"href":"https:\/\/mhf.ro\/mm\/wp-json\/wp\/v2\/categories?post=6853"},{"taxonomy":"post_tag","embeddable":true,"href":"https:\/\/mhf.ro\/mm\/wp-json\/wp\/v2\/tags?post=6853"}],"curies":[{"name":"wp","href":"https:\/\/api.w.org\/{rel}","templated":true}]}}