{"id":6862,"date":"2022-03-18T08:46:05","date_gmt":"2022-03-18T06:46:05","guid":{"rendered":"https:\/\/mhf.ro\/mm\/?p=6862"},"modified":"2022-03-18T08:46:05","modified_gmt":"2022-03-18T06:46:05","slug":"autostrada-a10-sebes-turda-o-ia-din-nou-la-vale","status":"publish","type":"post","link":"https:\/\/mhf.ro\/mm\/autostrada-a10-sebes-turda-o-ia-din-nou-la-vale\/","title":{"rendered":"Autostrada A10 Sebe\u0219 \u2013 Turda o ia din nou la vale"},"content":{"rendered":"<p>Solul argilos \u015fi infiltra\u021biile de ap\u0103 din zona autostr\u0103zii A10 Sebe\u0219-Turda le dau b\u0103t\u0103i de cap constructorilor. \u00cen urm\u0103toarea perioad\u0103 se circul\u0103 restric\u021bionat pe lotul al doilea care a fost inaugurat \u00een decembrie anul trecut, dup\u0103 o \u00eent\u00e2rziere de 5 ani, din cauza unei alunec\u0103ri de teren.<\/p>\n<p>Grecii de la Aktor au re\u00eenceput lucr\u0103rile \u00een zona alunec\u0103rii de teren de la Oiejdea, stopate din cauza vremii, dar \u0219i pentru c\u0103 s-a f\u0103cut o completare la expertiza tehnic\u0103 prin care sunt avute \u00een vedere solu\u021bii noi pentru stabilizarea dealului.<\/p>\n<p>Potrivit surselor\u00a0Ziarul Unirea, conform expertizei suplimentare vor trebui fora\u021bi 68 de pilo\u021bi \u00een plus. Practic, va fi ad\u0103ugat un ecran suplimentar de pilo\u021bi fora\u021bi de un metru diametru \u0219i 20 de metri lungime. Potrivit sursei citate, antreprenorul lucra \u0219i cu o forez\u0103 care e folosit\u0103 mai mult pentru probe prin care se monta un \u00eenclinometru care s\u0103 monitorizeze deplas\u0103rile.<\/p>\n<p>Lucr\u0103rile pentru stabilizarea alunec\u0103ri de teren de la Oiejdea, ar trebui s\u0103 fie finalizate p\u00e2n\u0103 la finalul lunii iunie, c\u00e2nd se va putea circula \u00een aceast\u0103 zon\u0103 pe ambele sensuri de mers. (conf. Jurnalist.ro)<\/p>\n","protected":false},"excerpt":{"rendered":"<p>Solul argilos \u015fi infiltra\u021biile de ap\u0103 din zona autostr\u0103zii A10 Sebe\u0219-Turda le dau b\u0103t\u0103i de cap constructorilor. \u00cen urm\u0103toarea perioad\u0103<\/p>\n","protected":false},"author":1,"featured_media":6863,"comment_status":"open","ping_status":"open","sticky":false,"template":"","format":"standard","meta":{"colormag_page_container_layout":"default_layout","colormag_page_sidebar_layout":"default_layout","footnotes":""},"categories":[5],"tags":[],"class_list":["post-6862","post","type-post","status-publish","format-standard","has-post-thumbnail","hentry","category-locale"],"yoast_head":"<!-- This site is optimized with the Yoast SEO plugin v27.0 - https:\/\/yoast.com\/product\/yoast-seo-wordpress\/ -->\n<title>Autostrada A10 Sebe\u0219 \u2013 Turda o ia din nou la vale - MHF Photography<\/title>\n<meta name=\"robots\" content=\"index, follow, max-snippet:-1, max-image-preview:large, max-video-preview:-1\" \/>\n<link rel=\"canonical\" href=\"https:\/\/mhf.ro\/mm\/autostrada-a10-sebes-turda-o-ia-din-nou-la-vale\/\" \/>\n<meta property=\"og:locale\" content=\"ro_RO\" \/>\n<meta property=\"og:type\" content=\"article\" \/>\n<meta property=\"og:title\" content=\"Autostrada A10 Sebe\u0219 \u2013 Turda o ia din nou la vale - MHF Photography\" \/>\n<meta property=\"og:description\" content=\"Solul argilos \u015fi infiltra\u021biile de ap\u0103 din zona autostr\u0103zii A10 Sebe\u0219-Turda le dau b\u0103t\u0103i de cap constructorilor. \u00cen urm\u0103toarea perioad\u0103\" \/>\n<meta property=\"og:url\" content=\"https:\/\/mhf.ro\/mm\/autostrada-a10-sebes-turda-o-ia-din-nou-la-vale\/\" \/>\n<meta property=\"og:site_name\" content=\"MHF Photography\" \/>\n<meta property=\"article:published_time\" content=\"2022-03-18T06:46:05+00:00\" \/>\n<meta property=\"og:image\" content=\"https:\/\/mhf.ro\/mm\/wp-content\/uploads\/2022\/03\/alunecare-teren.png\" \/>\n\t<meta property=\"og:image:width\" content=\"1200\" \/>\n\t<meta property=\"og:image:height\" content=\"604\" \/>\n\t<meta property=\"og:image:type\" content=\"image\/png\" \/>\n<meta name=\"author\" content=\"Marius Marcu\" \/>\n<meta name=\"twitter:card\" content=\"summary_large_image\" \/>\n<meta name=\"twitter:label1\" content=\"Scris de\" \/>\n\t<meta name=\"twitter:data1\" content=\"Marius Marcu\" \/>\n\t<meta name=\"twitter:label2\" content=\"Timp estimat pentru citire\" \/>\n\t<meta name=\"twitter:data2\" content=\"1 minut\" \/>\n<script type=\"application\/ld+json\" class=\"yoast-schema-graph\">{\"@context\":\"https:\/\/schema.org\",\"@graph\":[{\"@type\":\"Article\",\"@id\":\"https:\/\/mhf.ro\/mm\/autostrada-a10-sebes-turda-o-ia-din-nou-la-vale\/#article\",\"isPartOf\":{\"@id\":\"https:\/\/mhf.ro\/mm\/autostrada-a10-sebes-turda-o-ia-din-nou-la-vale\/\"},\"author\":{\"name\":\"Marius Marcu\",\"@id\":\"https:\/\/mhf.ro\/mm\/#\/schema\/person\/a3bebf7bdb4bf12f698aff73c7e46c21\"},\"headline\":\"Autostrada A10 Sebe\u0219 \u2013 Turda o ia din nou la vale\",\"datePublished\":\"2022-03-18T06:46:05+00:00\",\"mainEntityOfPage\":{\"@id\":\"https:\/\/mhf.ro\/mm\/autostrada-a10-sebes-turda-o-ia-din-nou-la-vale\/\"},\"wordCount\":214,\"commentCount\":0,\"publisher\":{\"@id\":\"https:\/\/mhf.ro\/mm\/#\/schema\/person\/a3bebf7bdb4bf12f698aff73c7e46c21\"},\"image\":{\"@id\":\"https:\/\/mhf.ro\/mm\/autostrada-a10-sebes-turda-o-ia-din-nou-la-vale\/#primaryimage\"},\"thumbnailUrl\":\"https:\/\/mhf.ro\/mm\/wp-content\/uploads\/2022\/03\/alunecare-teren.png\",\"articleSection\":[\"Locale\"],\"inLanguage\":\"ro-RO\",\"potentialAction\":[{\"@type\":\"CommentAction\",\"name\":\"Comment\",\"target\":[\"https:\/\/mhf.ro\/mm\/autostrada-a10-sebes-turda-o-ia-din-nou-la-vale\/#respond\"]}]},{\"@type\":\"WebPage\",\"@id\":\"https:\/\/mhf.ro\/mm\/autostrada-a10-sebes-turda-o-ia-din-nou-la-vale\/\",\"url\":\"https:\/\/mhf.ro\/mm\/autostrada-a10-sebes-turda-o-ia-din-nou-la-vale\/\",\"name\":\"Autostrada A10 Sebe\u0219 \u2013 Turda o ia din nou la vale - MHF Photography\",\"isPartOf\":{\"@id\":\"https:\/\/mhf.ro\/mm\/#website\"},\"primaryImageOfPage\":{\"@id\":\"https:\/\/mhf.ro\/mm\/autostrada-a10-sebes-turda-o-ia-din-nou-la-vale\/#primaryimage\"},\"image\":{\"@id\":\"https:\/\/mhf.ro\/mm\/autostrada-a10-sebes-turda-o-ia-din-nou-la-vale\/#primaryimage\"},\"thumbnailUrl\":\"https:\/\/mhf.ro\/mm\/wp-content\/uploads\/2022\/03\/alunecare-teren.png\",\"datePublished\":\"2022-03-18T06:46:05+00:00\",\"breadcrumb\":{\"@id\":\"https:\/\/mhf.ro\/mm\/autostrada-a10-sebes-turda-o-ia-din-nou-la-vale\/#breadcrumb\"},\"inLanguage\":\"ro-RO\",\"potentialAction\":[{\"@type\":\"ReadAction\",\"target\":[\"https:\/\/mhf.ro\/mm\/autostrada-a10-sebes-turda-o-ia-din-nou-la-vale\/\"]}]},{\"@type\":\"ImageObject\",\"inLanguage\":\"ro-RO\",\"@id\":\"https:\/\/mhf.ro\/mm\/autostrada-a10-sebes-turda-o-ia-din-nou-la-vale\/#primaryimage\",\"url\":\"https:\/\/mhf.ro\/mm\/wp-content\/uploads\/2022\/03\/alunecare-teren.png\",\"contentUrl\":\"https:\/\/mhf.ro\/mm\/wp-content\/uploads\/2022\/03\/alunecare-teren.png\",\"width\":1200,\"height\":604},{\"@type\":\"BreadcrumbList\",\"@id\":\"https:\/\/mhf.ro\/mm\/autostrada-a10-sebes-turda-o-ia-din-nou-la-vale\/#breadcrumb\",\"itemListElement\":[{\"@type\":\"ListItem\",\"position\":1,\"name\":\"Prima pagin\u0103\",\"item\":\"https:\/\/mhf.ro\/mm\/\"},{\"@type\":\"ListItem\",\"position\":2,\"name\":\"Autostrada A10 Sebe\u0219 \u2013 Turda o ia din nou la vale\"}]},{\"@type\":\"WebSite\",\"@id\":\"https:\/\/mhf.ro\/mm\/#website\",\"url\":\"https:\/\/mhf.ro\/mm\/\",\"name\":\"MHF Photography \u2013 Blog de fotografie, natur\u0103 \u0219i tehnic\u0103 divers\u0103\",\"description\":\"Aventur\u0103 \u00een fiecare cadru.\",\"publisher\":{\"@id\":\"https:\/\/mhf.ro\/mm\/#\/schema\/person\/a3bebf7bdb4bf12f698aff73c7e46c21\"},\"potentialAction\":[{\"@type\":\"SearchAction\",\"target\":{\"@type\":\"EntryPoint\",\"urlTemplate\":\"https:\/\/mhf.ro\/mm\/?s={search_term_string}\"},\"query-input\":{\"@type\":\"PropertyValueSpecification\",\"valueRequired\":true,\"valueName\":\"search_term_string\"}}],\"inLanguage\":\"ro-RO\"},{\"@type\":[\"Person\",\"Organization\"],\"@id\":\"https:\/\/mhf.ro\/mm\/#\/schema\/person\/a3bebf7bdb4bf12f698aff73c7e46c21\",\"name\":\"Marius Marcu\",\"image\":{\"@type\":\"ImageObject\",\"inLanguage\":\"ro-RO\",\"@id\":\"https:\/\/mhf.ro\/mm\/#\/schema\/person\/image\/\",\"url\":\"https:\/\/mhf.ro\/mm\/wp-content\/uploads\/2025\/12\/cropped-logo_mhf_2.png\",\"contentUrl\":\"https:\/\/mhf.ro\/mm\/wp-content\/uploads\/2025\/12\/cropped-logo_mhf_2.png\",\"width\":1096,\"height\":457,\"caption\":\"Marius Marcu\"},\"logo\":{\"@id\":\"https:\/\/mhf.ro\/mm\/#\/schema\/person\/image\/\"},\"sameAs\":[\"https:\/\/mhf.ro\/mm\"],\"url\":\"https:\/\/mhf.ro\/mm\/author\/mihai\/\"}]}<\/script>\n<!-- \/ Yoast SEO plugin. -->","yoast_head_json":{"title":"Autostrada A10 Sebe\u0219 \u2013 Turda o ia din nou la vale - MHF Photography","robots":{"index":"index","follow":"follow","max-snippet":"max-snippet:-1","max-image-preview":"max-image-preview:large","max-video-preview":"max-video-preview:-1"},"canonical":"https:\/\/mhf.ro\/mm\/autostrada-a10-sebes-turda-o-ia-din-nou-la-vale\/","og_locale":"ro_RO","og_type":"article","og_title":"Autostrada A10 Sebe\u0219 \u2013 Turda o ia din nou la vale - MHF Photography","og_description":"Solul argilos \u015fi infiltra\u021biile de ap\u0103 din zona autostr\u0103zii A10 Sebe\u0219-Turda le dau b\u0103t\u0103i de cap constructorilor. \u00cen urm\u0103toarea perioad\u0103","og_url":"https:\/\/mhf.ro\/mm\/autostrada-a10-sebes-turda-o-ia-din-nou-la-vale\/","og_site_name":"MHF Photography","article_published_time":"2022-03-18T06:46:05+00:00","og_image":[{"width":1200,"height":604,"url":"https:\/\/mhf.ro\/mm\/wp-content\/uploads\/2022\/03\/alunecare-teren.png","type":"image\/png"}],"author":"Marius Marcu","twitter_card":"summary_large_image","twitter_misc":{"Scris de":"Marius Marcu","Timp estimat pentru citire":"1 minut"},"schema":{"@context":"https:\/\/schema.org","@graph":[{"@type":"Article","@id":"https:\/\/mhf.ro\/mm\/autostrada-a10-sebes-turda-o-ia-din-nou-la-vale\/#article","isPartOf":{"@id":"https:\/\/mhf.ro\/mm\/autostrada-a10-sebes-turda-o-ia-din-nou-la-vale\/"},"author":{"name":"Marius Marcu","@id":"https:\/\/mhf.ro\/mm\/#\/schema\/person\/a3bebf7bdb4bf12f698aff73c7e46c21"},"headline":"Autostrada A10 Sebe\u0219 \u2013 Turda o ia din nou la vale","datePublished":"2022-03-18T06:46:05+00:00","mainEntityOfPage":{"@id":"https:\/\/mhf.ro\/mm\/autostrada-a10-sebes-turda-o-ia-din-nou-la-vale\/"},"wordCount":214,"commentCount":0,"publisher":{"@id":"https:\/\/mhf.ro\/mm\/#\/schema\/person\/a3bebf7bdb4bf12f698aff73c7e46c21"},"image":{"@id":"https:\/\/mhf.ro\/mm\/autostrada-a10-sebes-turda-o-ia-din-nou-la-vale\/#primaryimage"},"thumbnailUrl":"https:\/\/mhf.ro\/mm\/wp-content\/uploads\/2022\/03\/alunecare-teren.png","articleSection":["Locale"],"inLanguage":"ro-RO","potentialAction":[{"@type":"CommentAction","name":"Comment","target":["https:\/\/mhf.ro\/mm\/autostrada-a10-sebes-turda-o-ia-din-nou-la-vale\/#respond"]}]},{"@type":"WebPage","@id":"https:\/\/mhf.ro\/mm\/autostrada-a10-sebes-turda-o-ia-din-nou-la-vale\/","url":"https:\/\/mhf.ro\/mm\/autostrada-a10-sebes-turda-o-ia-din-nou-la-vale\/","name":"Autostrada A10 Sebe\u0219 \u2013 Turda o ia din nou la vale - MHF Photography","isPartOf":{"@id":"https:\/\/mhf.ro\/mm\/#website"},"primaryImageOfPage":{"@id":"https:\/\/mhf.ro\/mm\/autostrada-a10-sebes-turda-o-ia-din-nou-la-vale\/#primaryimage"},"image":{"@id":"https:\/\/mhf.ro\/mm\/autostrada-a10-sebes-turda-o-ia-din-nou-la-vale\/#primaryimage"},"thumbnailUrl":"https:\/\/mhf.ro\/mm\/wp-content\/uploads\/2022\/03\/alunecare-teren.png","datePublished":"2022-03-18T06:46:05+00:00","breadcrumb":{"@id":"https:\/\/mhf.ro\/mm\/autostrada-a10-sebes-turda-o-ia-din-nou-la-vale\/#breadcrumb"},"inLanguage":"ro-RO","potentialAction":[{"@type":"ReadAction","target":["https:\/\/mhf.ro\/mm\/autostrada-a10-sebes-turda-o-ia-din-nou-la-vale\/"]}]},{"@type":"ImageObject","inLanguage":"ro-RO","@id":"https:\/\/mhf.ro\/mm\/autostrada-a10-sebes-turda-o-ia-din-nou-la-vale\/#primaryimage","url":"https:\/\/mhf.ro\/mm\/wp-content\/uploads\/2022\/03\/alunecare-teren.png","contentUrl":"https:\/\/mhf.ro\/mm\/wp-content\/uploads\/2022\/03\/alunecare-teren.png","width":1200,"height":604},{"@type":"BreadcrumbList","@id":"https:\/\/mhf.ro\/mm\/autostrada-a10-sebes-turda-o-ia-din-nou-la-vale\/#breadcrumb","itemListElement":[{"@type":"ListItem","position":1,"name":"Prima pagin\u0103","item":"https:\/\/mhf.ro\/mm\/"},{"@type":"ListItem","position":2,"name":"Autostrada A10 Sebe\u0219 \u2013 Turda o ia din nou la vale"}]},{"@type":"WebSite","@id":"https:\/\/mhf.ro\/mm\/#website","url":"https:\/\/mhf.ro\/mm\/","name":"MHF Photography \u2013 Blog de fotografie, natur\u0103 \u0219i tehnic\u0103 divers\u0103","description":"Aventur\u0103 \u00een fiecare cadru.","publisher":{"@id":"https:\/\/mhf.ro\/mm\/#\/schema\/person\/a3bebf7bdb4bf12f698aff73c7e46c21"},"potentialAction":[{"@type":"SearchAction","target":{"@type":"EntryPoint","urlTemplate":"https:\/\/mhf.ro\/mm\/?s={search_term_string}"},"query-input":{"@type":"PropertyValueSpecification","valueRequired":true,"valueName":"search_term_string"}}],"inLanguage":"ro-RO"},{"@type":["Person","Organization"],"@id":"https:\/\/mhf.ro\/mm\/#\/schema\/person\/a3bebf7bdb4bf12f698aff73c7e46c21","name":"Marius Marcu","image":{"@type":"ImageObject","inLanguage":"ro-RO","@id":"https:\/\/mhf.ro\/mm\/#\/schema\/person\/image\/","url":"https:\/\/mhf.ro\/mm\/wp-content\/uploads\/2025\/12\/cropped-logo_mhf_2.png","contentUrl":"https:\/\/mhf.ro\/mm\/wp-content\/uploads\/2025\/12\/cropped-logo_mhf_2.png","width":1096,"height":457,"caption":"Marius Marcu"},"logo":{"@id":"https:\/\/mhf.ro\/mm\/#\/schema\/person\/image\/"},"sameAs":["https:\/\/mhf.ro\/mm"],"url":"https:\/\/mhf.ro\/mm\/author\/mihai\/"}]}},"_links":{"self":[{"href":"https:\/\/mhf.ro\/mm\/wp-json\/wp\/v2\/posts\/6862","targetHints":{"allow":["GET"]}}],"collection":[{"href":"https:\/\/mhf.ro\/mm\/wp-json\/wp\/v2\/posts"}],"about":[{"href":"https:\/\/mhf.ro\/mm\/wp-json\/wp\/v2\/types\/post"}],"author":[{"embeddable":true,"href":"https:\/\/mhf.ro\/mm\/wp-json\/wp\/v2\/users\/1"}],"replies":[{"embeddable":true,"href":"https:\/\/mhf.ro\/mm\/wp-json\/wp\/v2\/comments?post=6862"}],"version-history":[{"count":1,"href":"https:\/\/mhf.ro\/mm\/wp-json\/wp\/v2\/posts\/6862\/revisions"}],"predecessor-version":[{"id":6864,"href":"https:\/\/mhf.ro\/mm\/wp-json\/wp\/v2\/posts\/6862\/revisions\/6864"}],"wp:featuredmedia":[{"embeddable":true,"href":"https:\/\/mhf.ro\/mm\/wp-json\/wp\/v2\/media\/6863"}],"wp:attachment":[{"href":"https:\/\/mhf.ro\/mm\/wp-json\/wp\/v2\/media?parent=6862"}],"wp:term":[{"taxonomy":"category","embeddable":true,"href":"https:\/\/mhf.ro\/mm\/wp-json\/wp\/v2\/categories?post=6862"},{"taxonomy":"post_tag","embeddable":true,"href":"https:\/\/mhf.ro\/mm\/wp-json\/wp\/v2\/tags?post=6862"}],"curies":[{"name":"wp","href":"https:\/\/api.w.org\/{rel}","templated":true}]}}