{"id":6922,"date":"2022-03-23T21:20:50","date_gmt":"2022-03-23T19:20:50","guid":{"rendered":"https:\/\/mhf.ro\/mm\/?p=6922"},"modified":"2022-03-23T21:20:50","modified_gmt":"2022-03-23T19:20:50","slug":"si-pictat-de-mine","status":"publish","type":"post","link":"https:\/\/mhf.ro\/mm\/si-pictat-de-mine\/","title":{"rendered":"\u0218i pictat de mine"},"content":{"rendered":"<p><a href=\"https:\/\/mhf.ro\/mm\/wp-content\/uploads\/2022\/03\/P_jeny.jpg\"><img fetchpriority=\"high\" decoding=\"async\" class=\"alignnone wp-image-6923 size-full\" src=\"https:\/\/mhf.ro\/mm\/wp-content\/uploads\/2022\/03\/P_jeny.jpg\" alt=\"\" width=\"352\" height=\"736\" srcset=\"https:\/\/mhf.ro\/mm\/wp-content\/uploads\/2022\/03\/P_jeny.jpg 352w, https:\/\/mhf.ro\/mm\/wp-content\/uploads\/2022\/03\/P_jeny-143x300.jpg 143w\" sizes=\"(max-width: 352px) 100vw, 352px\" \/><\/a><\/p>\n<p>&#8211; \u00ce\u021bi place acest tablou ?<br \/>\n&#8211; Nu! Este gre\u0219it editat\u0103.<br \/>\n&#8211; De ce spui asta?<br \/>\n&#8211; Ai l\u0103sat culoarea doar pe p\u00e2nze pentru a le scoate \u00een eviden\u021b\u0103.<br \/>\n&#8211; Trebuia s\u0103 las \u0219i hainele mai colorate?<br \/>\n&#8211; Nu&#8230; pentru c\u0103 sunt mul\u021bi oameni pe care nu sunt haine, dar sunt \u0219i haine \u00een care nu exist\u0103 oameni.<br \/>\n&#8211; \u0218i atunci ce este gre\u0219it?<br \/>\n&#8211; Nu tablourile trebuiau scoase \u00een eviden\u021b\u0103, ci SUFLETUL celui care le ofer\u0103. Acolo trebuia s\u0103 fie culoarea!<br \/>\n&#8211; Se poate vedea sufletul \u00eentr-un tablou?<br \/>\n&#8211; \u00cen acest tablou&#8230; DA!<br \/>\n&#8211; \u0218i \u00een alte cazuri?<br \/>\n&#8211; Caut\u0103 s\u0103 faci deosebirea \u00eentre OAMENI \u0219i corpuri&#8230;!<br \/>\nRelaxare&#8230;\ud83d\udd8c\u263a<\/p>\n<p style=\"text-align: right;\">(Jeny Anca Popa)<\/p>\n","protected":false},"excerpt":{"rendered":"<p>&#8211; \u00ce\u021bi place acest tablou ? &#8211; Nu! Este gre\u0219it editat\u0103. &#8211; De ce spui asta? &#8211; Ai l\u0103sat culoarea<\/p>\n","protected":false},"author":1,"featured_media":6924,"comment_status":"open","ping_status":"open","sticky":false,"template":"","format":"standard","meta":{"colormag_page_container_layout":"default_layout","colormag_page_sidebar_layout":"default_layout","footnotes":""},"categories":[21,8],"tags":[],"class_list":["post-6922","post","type-post","status-publish","format-standard","has-post-thumbnail","hentry","category-arta","category-div"],"yoast_head":"<!-- This site is optimized with the Yoast SEO plugin v27.0 - https:\/\/yoast.com\/product\/yoast-seo-wordpress\/ -->\n<title>\u0218i pictat de mine - MHF Photography<\/title>\n<meta name=\"robots\" content=\"index, follow, max-snippet:-1, max-image-preview:large, max-video-preview:-1\" \/>\n<link rel=\"canonical\" href=\"https:\/\/mhf.ro\/mm\/si-pictat-de-mine\/\" \/>\n<meta property=\"og:locale\" content=\"ro_RO\" \/>\n<meta property=\"og:type\" content=\"article\" \/>\n<meta property=\"og:title\" content=\"\u0218i pictat de mine - MHF Photography\" \/>\n<meta property=\"og:description\" content=\"&#8211; \u00ce\u021bi place acest tablou ? &#8211; Nu! Este gre\u0219it editat\u0103. &#8211; De ce spui asta? &#8211; Ai l\u0103sat culoarea\" \/>\n<meta property=\"og:url\" content=\"https:\/\/mhf.ro\/mm\/si-pictat-de-mine\/\" \/>\n<meta property=\"og:site_name\" content=\"MHF Photography\" \/>\n<meta property=\"article:published_time\" content=\"2022-03-23T19:20:50+00:00\" \/>\n<meta property=\"og:image\" content=\"https:\/\/mhf.ro\/mm\/wp-content\/uploads\/2022\/03\/P_jeny_o.jpg\" \/>\n\t<meta property=\"og:image:width\" content=\"352\" \/>\n\t<meta property=\"og:image:height\" content=\"315\" \/>\n\t<meta property=\"og:image:type\" content=\"image\/jpeg\" \/>\n<meta name=\"author\" content=\"Marius Marcu\" \/>\n<meta name=\"twitter:card\" content=\"summary_large_image\" \/>\n<meta name=\"twitter:label1\" content=\"Scris de\" \/>\n\t<meta name=\"twitter:data1\" content=\"Marius Marcu\" \/>\n\t<meta name=\"twitter:label2\" content=\"Timp estimat pentru citire\" \/>\n\t<meta name=\"twitter:data2\" content=\"1 minut\" \/>\n<script type=\"application\/ld+json\" class=\"yoast-schema-graph\">{\"@context\":\"https:\/\/schema.org\",\"@graph\":[{\"@type\":\"Article\",\"@id\":\"https:\/\/mhf.ro\/mm\/si-pictat-de-mine\/#article\",\"isPartOf\":{\"@id\":\"https:\/\/mhf.ro\/mm\/si-pictat-de-mine\/\"},\"author\":{\"name\":\"Marius Marcu\",\"@id\":\"https:\/\/mhf.ro\/mm\/#\/schema\/person\/a3bebf7bdb4bf12f698aff73c7e46c21\"},\"headline\":\"\u0218i pictat de mine\",\"datePublished\":\"2022-03-23T19:20:50+00:00\",\"mainEntityOfPage\":{\"@id\":\"https:\/\/mhf.ro\/mm\/si-pictat-de-mine\/\"},\"wordCount\":120,\"commentCount\":0,\"publisher\":{\"@id\":\"https:\/\/mhf.ro\/mm\/#\/schema\/person\/a3bebf7bdb4bf12f698aff73c7e46c21\"},\"image\":{\"@id\":\"https:\/\/mhf.ro\/mm\/si-pictat-de-mine\/#primaryimage\"},\"thumbnailUrl\":\"https:\/\/mhf.ro\/mm\/wp-content\/uploads\/2022\/03\/P_jeny_o.jpg\",\"articleSection\":[\"Arta\",\"Diverse\"],\"inLanguage\":\"ro-RO\",\"potentialAction\":[{\"@type\":\"CommentAction\",\"name\":\"Comment\",\"target\":[\"https:\/\/mhf.ro\/mm\/si-pictat-de-mine\/#respond\"]}]},{\"@type\":\"WebPage\",\"@id\":\"https:\/\/mhf.ro\/mm\/si-pictat-de-mine\/\",\"url\":\"https:\/\/mhf.ro\/mm\/si-pictat-de-mine\/\",\"name\":\"\u0218i pictat de mine - MHF Photography\",\"isPartOf\":{\"@id\":\"https:\/\/mhf.ro\/mm\/#website\"},\"primaryImageOfPage\":{\"@id\":\"https:\/\/mhf.ro\/mm\/si-pictat-de-mine\/#primaryimage\"},\"image\":{\"@id\":\"https:\/\/mhf.ro\/mm\/si-pictat-de-mine\/#primaryimage\"},\"thumbnailUrl\":\"https:\/\/mhf.ro\/mm\/wp-content\/uploads\/2022\/03\/P_jeny_o.jpg\",\"datePublished\":\"2022-03-23T19:20:50+00:00\",\"breadcrumb\":{\"@id\":\"https:\/\/mhf.ro\/mm\/si-pictat-de-mine\/#breadcrumb\"},\"inLanguage\":\"ro-RO\",\"potentialAction\":[{\"@type\":\"ReadAction\",\"target\":[\"https:\/\/mhf.ro\/mm\/si-pictat-de-mine\/\"]}]},{\"@type\":\"ImageObject\",\"inLanguage\":\"ro-RO\",\"@id\":\"https:\/\/mhf.ro\/mm\/si-pictat-de-mine\/#primaryimage\",\"url\":\"https:\/\/mhf.ro\/mm\/wp-content\/uploads\/2022\/03\/P_jeny_o.jpg\",\"contentUrl\":\"https:\/\/mhf.ro\/mm\/wp-content\/uploads\/2022\/03\/P_jeny_o.jpg\",\"width\":352,\"height\":315},{\"@type\":\"BreadcrumbList\",\"@id\":\"https:\/\/mhf.ro\/mm\/si-pictat-de-mine\/#breadcrumb\",\"itemListElement\":[{\"@type\":\"ListItem\",\"position\":1,\"name\":\"Prima pagin\u0103\",\"item\":\"https:\/\/mhf.ro\/mm\/\"},{\"@type\":\"ListItem\",\"position\":2,\"name\":\"\u0218i pictat de mine\"}]},{\"@type\":\"WebSite\",\"@id\":\"https:\/\/mhf.ro\/mm\/#website\",\"url\":\"https:\/\/mhf.ro\/mm\/\",\"name\":\"MHF Photography \u2013 Blog de fotografie, natur\u0103 \u0219i tehnic\u0103 divers\u0103\",\"description\":\"Aventur\u0103 \u00een fiecare cadru.\",\"publisher\":{\"@id\":\"https:\/\/mhf.ro\/mm\/#\/schema\/person\/a3bebf7bdb4bf12f698aff73c7e46c21\"},\"potentialAction\":[{\"@type\":\"SearchAction\",\"target\":{\"@type\":\"EntryPoint\",\"urlTemplate\":\"https:\/\/mhf.ro\/mm\/?s={search_term_string}\"},\"query-input\":{\"@type\":\"PropertyValueSpecification\",\"valueRequired\":true,\"valueName\":\"search_term_string\"}}],\"inLanguage\":\"ro-RO\"},{\"@type\":[\"Person\",\"Organization\"],\"@id\":\"https:\/\/mhf.ro\/mm\/#\/schema\/person\/a3bebf7bdb4bf12f698aff73c7e46c21\",\"name\":\"Marius Marcu\",\"image\":{\"@type\":\"ImageObject\",\"inLanguage\":\"ro-RO\",\"@id\":\"https:\/\/mhf.ro\/mm\/#\/schema\/person\/image\/\",\"url\":\"https:\/\/mhf.ro\/mm\/wp-content\/uploads\/2025\/12\/cropped-logo_mhf_2.png\",\"contentUrl\":\"https:\/\/mhf.ro\/mm\/wp-content\/uploads\/2025\/12\/cropped-logo_mhf_2.png\",\"width\":1096,\"height\":457,\"caption\":\"Marius Marcu\"},\"logo\":{\"@id\":\"https:\/\/mhf.ro\/mm\/#\/schema\/person\/image\/\"},\"sameAs\":[\"https:\/\/mhf.ro\/mm\"],\"url\":\"https:\/\/mhf.ro\/mm\/author\/mihai\/\"}]}<\/script>\n<!-- \/ Yoast SEO plugin. -->","yoast_head_json":{"title":"\u0218i pictat de mine - MHF Photography","robots":{"index":"index","follow":"follow","max-snippet":"max-snippet:-1","max-image-preview":"max-image-preview:large","max-video-preview":"max-video-preview:-1"},"canonical":"https:\/\/mhf.ro\/mm\/si-pictat-de-mine\/","og_locale":"ro_RO","og_type":"article","og_title":"\u0218i pictat de mine - MHF Photography","og_description":"&#8211; \u00ce\u021bi place acest tablou ? &#8211; Nu! Este gre\u0219it editat\u0103. &#8211; De ce spui asta? &#8211; Ai l\u0103sat culoarea","og_url":"https:\/\/mhf.ro\/mm\/si-pictat-de-mine\/","og_site_name":"MHF Photography","article_published_time":"2022-03-23T19:20:50+00:00","og_image":[{"width":352,"height":315,"url":"https:\/\/mhf.ro\/mm\/wp-content\/uploads\/2022\/03\/P_jeny_o.jpg","type":"image\/jpeg"}],"author":"Marius Marcu","twitter_card":"summary_large_image","twitter_misc":{"Scris de":"Marius Marcu","Timp estimat pentru citire":"1 minut"},"schema":{"@context":"https:\/\/schema.org","@graph":[{"@type":"Article","@id":"https:\/\/mhf.ro\/mm\/si-pictat-de-mine\/#article","isPartOf":{"@id":"https:\/\/mhf.ro\/mm\/si-pictat-de-mine\/"},"author":{"name":"Marius Marcu","@id":"https:\/\/mhf.ro\/mm\/#\/schema\/person\/a3bebf7bdb4bf12f698aff73c7e46c21"},"headline":"\u0218i pictat de mine","datePublished":"2022-03-23T19:20:50+00:00","mainEntityOfPage":{"@id":"https:\/\/mhf.ro\/mm\/si-pictat-de-mine\/"},"wordCount":120,"commentCount":0,"publisher":{"@id":"https:\/\/mhf.ro\/mm\/#\/schema\/person\/a3bebf7bdb4bf12f698aff73c7e46c21"},"image":{"@id":"https:\/\/mhf.ro\/mm\/si-pictat-de-mine\/#primaryimage"},"thumbnailUrl":"https:\/\/mhf.ro\/mm\/wp-content\/uploads\/2022\/03\/P_jeny_o.jpg","articleSection":["Arta","Diverse"],"inLanguage":"ro-RO","potentialAction":[{"@type":"CommentAction","name":"Comment","target":["https:\/\/mhf.ro\/mm\/si-pictat-de-mine\/#respond"]}]},{"@type":"WebPage","@id":"https:\/\/mhf.ro\/mm\/si-pictat-de-mine\/","url":"https:\/\/mhf.ro\/mm\/si-pictat-de-mine\/","name":"\u0218i pictat de mine - MHF Photography","isPartOf":{"@id":"https:\/\/mhf.ro\/mm\/#website"},"primaryImageOfPage":{"@id":"https:\/\/mhf.ro\/mm\/si-pictat-de-mine\/#primaryimage"},"image":{"@id":"https:\/\/mhf.ro\/mm\/si-pictat-de-mine\/#primaryimage"},"thumbnailUrl":"https:\/\/mhf.ro\/mm\/wp-content\/uploads\/2022\/03\/P_jeny_o.jpg","datePublished":"2022-03-23T19:20:50+00:00","breadcrumb":{"@id":"https:\/\/mhf.ro\/mm\/si-pictat-de-mine\/#breadcrumb"},"inLanguage":"ro-RO","potentialAction":[{"@type":"ReadAction","target":["https:\/\/mhf.ro\/mm\/si-pictat-de-mine\/"]}]},{"@type":"ImageObject","inLanguage":"ro-RO","@id":"https:\/\/mhf.ro\/mm\/si-pictat-de-mine\/#primaryimage","url":"https:\/\/mhf.ro\/mm\/wp-content\/uploads\/2022\/03\/P_jeny_o.jpg","contentUrl":"https:\/\/mhf.ro\/mm\/wp-content\/uploads\/2022\/03\/P_jeny_o.jpg","width":352,"height":315},{"@type":"BreadcrumbList","@id":"https:\/\/mhf.ro\/mm\/si-pictat-de-mine\/#breadcrumb","itemListElement":[{"@type":"ListItem","position":1,"name":"Prima pagin\u0103","item":"https:\/\/mhf.ro\/mm\/"},{"@type":"ListItem","position":2,"name":"\u0218i pictat de mine"}]},{"@type":"WebSite","@id":"https:\/\/mhf.ro\/mm\/#website","url":"https:\/\/mhf.ro\/mm\/","name":"MHF Photography \u2013 Blog de fotografie, natur\u0103 \u0219i tehnic\u0103 divers\u0103","description":"Aventur\u0103 \u00een fiecare cadru.","publisher":{"@id":"https:\/\/mhf.ro\/mm\/#\/schema\/person\/a3bebf7bdb4bf12f698aff73c7e46c21"},"potentialAction":[{"@type":"SearchAction","target":{"@type":"EntryPoint","urlTemplate":"https:\/\/mhf.ro\/mm\/?s={search_term_string}"},"query-input":{"@type":"PropertyValueSpecification","valueRequired":true,"valueName":"search_term_string"}}],"inLanguage":"ro-RO"},{"@type":["Person","Organization"],"@id":"https:\/\/mhf.ro\/mm\/#\/schema\/person\/a3bebf7bdb4bf12f698aff73c7e46c21","name":"Marius Marcu","image":{"@type":"ImageObject","inLanguage":"ro-RO","@id":"https:\/\/mhf.ro\/mm\/#\/schema\/person\/image\/","url":"https:\/\/mhf.ro\/mm\/wp-content\/uploads\/2025\/12\/cropped-logo_mhf_2.png","contentUrl":"https:\/\/mhf.ro\/mm\/wp-content\/uploads\/2025\/12\/cropped-logo_mhf_2.png","width":1096,"height":457,"caption":"Marius Marcu"},"logo":{"@id":"https:\/\/mhf.ro\/mm\/#\/schema\/person\/image\/"},"sameAs":["https:\/\/mhf.ro\/mm"],"url":"https:\/\/mhf.ro\/mm\/author\/mihai\/"}]}},"_links":{"self":[{"href":"https:\/\/mhf.ro\/mm\/wp-json\/wp\/v2\/posts\/6922","targetHints":{"allow":["GET"]}}],"collection":[{"href":"https:\/\/mhf.ro\/mm\/wp-json\/wp\/v2\/posts"}],"about":[{"href":"https:\/\/mhf.ro\/mm\/wp-json\/wp\/v2\/types\/post"}],"author":[{"embeddable":true,"href":"https:\/\/mhf.ro\/mm\/wp-json\/wp\/v2\/users\/1"}],"replies":[{"embeddable":true,"href":"https:\/\/mhf.ro\/mm\/wp-json\/wp\/v2\/comments?post=6922"}],"version-history":[{"count":1,"href":"https:\/\/mhf.ro\/mm\/wp-json\/wp\/v2\/posts\/6922\/revisions"}],"predecessor-version":[{"id":6925,"href":"https:\/\/mhf.ro\/mm\/wp-json\/wp\/v2\/posts\/6922\/revisions\/6925"}],"wp:featuredmedia":[{"embeddable":true,"href":"https:\/\/mhf.ro\/mm\/wp-json\/wp\/v2\/media\/6924"}],"wp:attachment":[{"href":"https:\/\/mhf.ro\/mm\/wp-json\/wp\/v2\/media?parent=6922"}],"wp:term":[{"taxonomy":"category","embeddable":true,"href":"https:\/\/mhf.ro\/mm\/wp-json\/wp\/v2\/categories?post=6922"},{"taxonomy":"post_tag","embeddable":true,"href":"https:\/\/mhf.ro\/mm\/wp-json\/wp\/v2\/tags?post=6922"}],"curies":[{"name":"wp","href":"https:\/\/api.w.org\/{rel}","templated":true}]}}