{"id":6932,"date":"2022-03-24T09:54:16","date_gmt":"2022-03-24T07:54:16","guid":{"rendered":"https:\/\/mhf.ro\/mm\/?p=6932"},"modified":"2022-03-24T09:54:16","modified_gmt":"2022-03-24T07:54:16","slug":"decizie-definitiva-basescu-a-colaborat-cu-securitatea","status":"publish","type":"post","link":"https:\/\/mhf.ro\/mm\/decizie-definitiva-basescu-a-colaborat-cu-securitatea\/","title":{"rendered":"Decizie definitiv\u0103. B\u0103sescu a colaborat cu Securitatea"},"content":{"rendered":"<p>Fostul pre\u015fedinte Traian B\u0103sescu a colaborat cu Securitatea, a stabilit miercuri ICCJ, decizia fiind definitiv\u0103.<\/p>\n<p>\u201cRespinge, ca fiind inadmisibil\u0103 excep\u0163ia de nelegalitate invocat\u0103 de recurentul-p\u00e2r\u00e2t B\u0103sescu Traian. Respinge, ca fiind nefondat, recursul, astfel cum a fost precizat la data de 5 noiembrie 2021, declarat de recurentul \u2013 p\u00e2r\u00e2t B\u0103sescu Traian \u00eempotriva Sentin\u0163ei nr. 471 din 20 septembrie 2019, pronun\u0163at\u0103 de Curtea de Apel Bucure\u015fti \u2013 Sec\u0163ia a VIII-a contencios administrativ \u015fi fiscal\u201d, a anun\u0163at \u00cenalta Curte de Casa\u0163ie \u015fi Justi\u0163ie.<\/p>\n<p>\u00cen pres\u0103 s-a scris c\u0103 B\u0103sescu ar fi dat inform\u0103ri sub numele de cod Petrov.<\/p>\n<p>Fostul pre\u015fedinte a declarat c\u0103 nu exist\u0103 un angajament semnat de el nici \u00een dosarul inscrip\u0163ionat cu numele s\u0103u \u015fi nici pe microfilmul dosarului. De asemenea, nici \u00een dosar \u015fi nici pe microfilm nu exist\u0103 documente scrise de el sau chitan\u0163e care s\u0103 reprezinte pl\u0103\u0163i efectuate de fosta Securitate c\u0103tre el \u015fi prin care s-ar fi putut atesta calitatea de colaborator. El a negat c\u0103 ar fi dat Securit\u0103\u0163ii informa\u0163ii sub numele Petrov. (conf. Jurnalist.ro)<\/p>\n","protected":false},"excerpt":{"rendered":"<p>Fostul pre\u015fedinte Traian B\u0103sescu a colaborat cu Securitatea, a stabilit miercuri ICCJ, decizia fiind definitiv\u0103. \u201cRespinge, ca fiind inadmisibil\u0103 excep\u0163ia<\/p>\n","protected":false},"author":1,"featured_media":6933,"comment_status":"open","ping_status":"open","sticky":false,"template":"","format":"standard","meta":{"colormag_page_container_layout":"default_layout","colormag_page_sidebar_layout":"default_layout","footnotes":""},"categories":[5],"tags":[],"class_list":["post-6932","post","type-post","status-publish","format-standard","has-post-thumbnail","hentry","category-locale"],"yoast_head":"<!-- This site is optimized with the Yoast SEO plugin v27.0 - https:\/\/yoast.com\/product\/yoast-seo-wordpress\/ -->\n<title>Decizie definitiv\u0103. B\u0103sescu a colaborat cu Securitatea - MHF Photography<\/title>\n<meta name=\"robots\" content=\"index, follow, max-snippet:-1, max-image-preview:large, max-video-preview:-1\" \/>\n<link rel=\"canonical\" href=\"https:\/\/mhf.ro\/mm\/decizie-definitiva-basescu-a-colaborat-cu-securitatea\/\" \/>\n<meta property=\"og:locale\" content=\"ro_RO\" \/>\n<meta property=\"og:type\" content=\"article\" \/>\n<meta property=\"og:title\" content=\"Decizie definitiv\u0103. B\u0103sescu a colaborat cu Securitatea - MHF Photography\" \/>\n<meta property=\"og:description\" content=\"Fostul pre\u015fedinte Traian B\u0103sescu a colaborat cu Securitatea, a stabilit miercuri ICCJ, decizia fiind definitiv\u0103. \u201cRespinge, ca fiind inadmisibil\u0103 excep\u0163ia\" \/>\n<meta property=\"og:url\" content=\"https:\/\/mhf.ro\/mm\/decizie-definitiva-basescu-a-colaborat-cu-securitatea\/\" \/>\n<meta property=\"og:site_name\" content=\"MHF Photography\" \/>\n<meta property=\"article:published_time\" content=\"2022-03-24T07:54:16+00:00\" \/>\n<meta property=\"og:image\" content=\"https:\/\/mhf.ro\/mm\/wp-content\/uploads\/2022\/03\/Petrov.jpg\" \/>\n\t<meta property=\"og:image:width\" content=\"1000\" \/>\n\t<meta property=\"og:image:height\" content=\"542\" \/>\n\t<meta property=\"og:image:type\" content=\"image\/jpeg\" \/>\n<meta name=\"author\" content=\"Marius Marcu\" \/>\n<meta name=\"twitter:card\" content=\"summary_large_image\" \/>\n<meta name=\"twitter:label1\" content=\"Scris de\" \/>\n\t<meta name=\"twitter:data1\" content=\"Marius Marcu\" \/>\n\t<meta name=\"twitter:label2\" content=\"Timp estimat pentru citire\" \/>\n\t<meta name=\"twitter:data2\" content=\"1 minut\" \/>\n<script type=\"application\/ld+json\" class=\"yoast-schema-graph\">{\"@context\":\"https:\/\/schema.org\",\"@graph\":[{\"@type\":\"Article\",\"@id\":\"https:\/\/mhf.ro\/mm\/decizie-definitiva-basescu-a-colaborat-cu-securitatea\/#article\",\"isPartOf\":{\"@id\":\"https:\/\/mhf.ro\/mm\/decizie-definitiva-basescu-a-colaborat-cu-securitatea\/\"},\"author\":{\"name\":\"Marius Marcu\",\"@id\":\"https:\/\/mhf.ro\/mm\/#\/schema\/person\/a3bebf7bdb4bf12f698aff73c7e46c21\"},\"headline\":\"Decizie definitiv\u0103. B\u0103sescu a colaborat cu Securitatea\",\"datePublished\":\"2022-03-24T07:54:16+00:00\",\"mainEntityOfPage\":{\"@id\":\"https:\/\/mhf.ro\/mm\/decizie-definitiva-basescu-a-colaborat-cu-securitatea\/\"},\"wordCount\":198,\"commentCount\":0,\"publisher\":{\"@id\":\"https:\/\/mhf.ro\/mm\/#\/schema\/person\/a3bebf7bdb4bf12f698aff73c7e46c21\"},\"image\":{\"@id\":\"https:\/\/mhf.ro\/mm\/decizie-definitiva-basescu-a-colaborat-cu-securitatea\/#primaryimage\"},\"thumbnailUrl\":\"https:\/\/mhf.ro\/mm\/wp-content\/uploads\/2022\/03\/Petrov.jpg\",\"articleSection\":[\"Locale\"],\"inLanguage\":\"ro-RO\",\"potentialAction\":[{\"@type\":\"CommentAction\",\"name\":\"Comment\",\"target\":[\"https:\/\/mhf.ro\/mm\/decizie-definitiva-basescu-a-colaborat-cu-securitatea\/#respond\"]}]},{\"@type\":\"WebPage\",\"@id\":\"https:\/\/mhf.ro\/mm\/decizie-definitiva-basescu-a-colaborat-cu-securitatea\/\",\"url\":\"https:\/\/mhf.ro\/mm\/decizie-definitiva-basescu-a-colaborat-cu-securitatea\/\",\"name\":\"Decizie definitiv\u0103. B\u0103sescu a colaborat cu Securitatea - MHF Photography\",\"isPartOf\":{\"@id\":\"https:\/\/mhf.ro\/mm\/#website\"},\"primaryImageOfPage\":{\"@id\":\"https:\/\/mhf.ro\/mm\/decizie-definitiva-basescu-a-colaborat-cu-securitatea\/#primaryimage\"},\"image\":{\"@id\":\"https:\/\/mhf.ro\/mm\/decizie-definitiva-basescu-a-colaborat-cu-securitatea\/#primaryimage\"},\"thumbnailUrl\":\"https:\/\/mhf.ro\/mm\/wp-content\/uploads\/2022\/03\/Petrov.jpg\",\"datePublished\":\"2022-03-24T07:54:16+00:00\",\"breadcrumb\":{\"@id\":\"https:\/\/mhf.ro\/mm\/decizie-definitiva-basescu-a-colaborat-cu-securitatea\/#breadcrumb\"},\"inLanguage\":\"ro-RO\",\"potentialAction\":[{\"@type\":\"ReadAction\",\"target\":[\"https:\/\/mhf.ro\/mm\/decizie-definitiva-basescu-a-colaborat-cu-securitatea\/\"]}]},{\"@type\":\"ImageObject\",\"inLanguage\":\"ro-RO\",\"@id\":\"https:\/\/mhf.ro\/mm\/decizie-definitiva-basescu-a-colaborat-cu-securitatea\/#primaryimage\",\"url\":\"https:\/\/mhf.ro\/mm\/wp-content\/uploads\/2022\/03\/Petrov.jpg\",\"contentUrl\":\"https:\/\/mhf.ro\/mm\/wp-content\/uploads\/2022\/03\/Petrov.jpg\",\"width\":1000,\"height\":542},{\"@type\":\"BreadcrumbList\",\"@id\":\"https:\/\/mhf.ro\/mm\/decizie-definitiva-basescu-a-colaborat-cu-securitatea\/#breadcrumb\",\"itemListElement\":[{\"@type\":\"ListItem\",\"position\":1,\"name\":\"Prima pagin\u0103\",\"item\":\"https:\/\/mhf.ro\/mm\/\"},{\"@type\":\"ListItem\",\"position\":2,\"name\":\"Decizie definitiv\u0103. B\u0103sescu a colaborat cu Securitatea\"}]},{\"@type\":\"WebSite\",\"@id\":\"https:\/\/mhf.ro\/mm\/#website\",\"url\":\"https:\/\/mhf.ro\/mm\/\",\"name\":\"MHF Photography \u2013 Blog de fotografie, natur\u0103 \u0219i tehnic\u0103 divers\u0103\",\"description\":\"Aventur\u0103 \u00een fiecare cadru.\",\"publisher\":{\"@id\":\"https:\/\/mhf.ro\/mm\/#\/schema\/person\/a3bebf7bdb4bf12f698aff73c7e46c21\"},\"potentialAction\":[{\"@type\":\"SearchAction\",\"target\":{\"@type\":\"EntryPoint\",\"urlTemplate\":\"https:\/\/mhf.ro\/mm\/?s={search_term_string}\"},\"query-input\":{\"@type\":\"PropertyValueSpecification\",\"valueRequired\":true,\"valueName\":\"search_term_string\"}}],\"inLanguage\":\"ro-RO\"},{\"@type\":[\"Person\",\"Organization\"],\"@id\":\"https:\/\/mhf.ro\/mm\/#\/schema\/person\/a3bebf7bdb4bf12f698aff73c7e46c21\",\"name\":\"Marius Marcu\",\"image\":{\"@type\":\"ImageObject\",\"inLanguage\":\"ro-RO\",\"@id\":\"https:\/\/mhf.ro\/mm\/#\/schema\/person\/image\/\",\"url\":\"https:\/\/mhf.ro\/mm\/wp-content\/uploads\/2025\/12\/cropped-logo_mhf_2.png\",\"contentUrl\":\"https:\/\/mhf.ro\/mm\/wp-content\/uploads\/2025\/12\/cropped-logo_mhf_2.png\",\"width\":1096,\"height\":457,\"caption\":\"Marius Marcu\"},\"logo\":{\"@id\":\"https:\/\/mhf.ro\/mm\/#\/schema\/person\/image\/\"},\"sameAs\":[\"https:\/\/mhf.ro\/mm\"],\"url\":\"https:\/\/mhf.ro\/mm\/author\/mihai\/\"}]}<\/script>\n<!-- \/ Yoast SEO plugin. -->","yoast_head_json":{"title":"Decizie definitiv\u0103. B\u0103sescu a colaborat cu Securitatea - MHF Photography","robots":{"index":"index","follow":"follow","max-snippet":"max-snippet:-1","max-image-preview":"max-image-preview:large","max-video-preview":"max-video-preview:-1"},"canonical":"https:\/\/mhf.ro\/mm\/decizie-definitiva-basescu-a-colaborat-cu-securitatea\/","og_locale":"ro_RO","og_type":"article","og_title":"Decizie definitiv\u0103. B\u0103sescu a colaborat cu Securitatea - MHF Photography","og_description":"Fostul pre\u015fedinte Traian B\u0103sescu a colaborat cu Securitatea, a stabilit miercuri ICCJ, decizia fiind definitiv\u0103. \u201cRespinge, ca fiind inadmisibil\u0103 excep\u0163ia","og_url":"https:\/\/mhf.ro\/mm\/decizie-definitiva-basescu-a-colaborat-cu-securitatea\/","og_site_name":"MHF Photography","article_published_time":"2022-03-24T07:54:16+00:00","og_image":[{"width":1000,"height":542,"url":"https:\/\/mhf.ro\/mm\/wp-content\/uploads\/2022\/03\/Petrov.jpg","type":"image\/jpeg"}],"author":"Marius Marcu","twitter_card":"summary_large_image","twitter_misc":{"Scris de":"Marius Marcu","Timp estimat pentru citire":"1 minut"},"schema":{"@context":"https:\/\/schema.org","@graph":[{"@type":"Article","@id":"https:\/\/mhf.ro\/mm\/decizie-definitiva-basescu-a-colaborat-cu-securitatea\/#article","isPartOf":{"@id":"https:\/\/mhf.ro\/mm\/decizie-definitiva-basescu-a-colaborat-cu-securitatea\/"},"author":{"name":"Marius Marcu","@id":"https:\/\/mhf.ro\/mm\/#\/schema\/person\/a3bebf7bdb4bf12f698aff73c7e46c21"},"headline":"Decizie definitiv\u0103. B\u0103sescu a colaborat cu Securitatea","datePublished":"2022-03-24T07:54:16+00:00","mainEntityOfPage":{"@id":"https:\/\/mhf.ro\/mm\/decizie-definitiva-basescu-a-colaborat-cu-securitatea\/"},"wordCount":198,"commentCount":0,"publisher":{"@id":"https:\/\/mhf.ro\/mm\/#\/schema\/person\/a3bebf7bdb4bf12f698aff73c7e46c21"},"image":{"@id":"https:\/\/mhf.ro\/mm\/decizie-definitiva-basescu-a-colaborat-cu-securitatea\/#primaryimage"},"thumbnailUrl":"https:\/\/mhf.ro\/mm\/wp-content\/uploads\/2022\/03\/Petrov.jpg","articleSection":["Locale"],"inLanguage":"ro-RO","potentialAction":[{"@type":"CommentAction","name":"Comment","target":["https:\/\/mhf.ro\/mm\/decizie-definitiva-basescu-a-colaborat-cu-securitatea\/#respond"]}]},{"@type":"WebPage","@id":"https:\/\/mhf.ro\/mm\/decizie-definitiva-basescu-a-colaborat-cu-securitatea\/","url":"https:\/\/mhf.ro\/mm\/decizie-definitiva-basescu-a-colaborat-cu-securitatea\/","name":"Decizie definitiv\u0103. B\u0103sescu a colaborat cu Securitatea - MHF Photography","isPartOf":{"@id":"https:\/\/mhf.ro\/mm\/#website"},"primaryImageOfPage":{"@id":"https:\/\/mhf.ro\/mm\/decizie-definitiva-basescu-a-colaborat-cu-securitatea\/#primaryimage"},"image":{"@id":"https:\/\/mhf.ro\/mm\/decizie-definitiva-basescu-a-colaborat-cu-securitatea\/#primaryimage"},"thumbnailUrl":"https:\/\/mhf.ro\/mm\/wp-content\/uploads\/2022\/03\/Petrov.jpg","datePublished":"2022-03-24T07:54:16+00:00","breadcrumb":{"@id":"https:\/\/mhf.ro\/mm\/decizie-definitiva-basescu-a-colaborat-cu-securitatea\/#breadcrumb"},"inLanguage":"ro-RO","potentialAction":[{"@type":"ReadAction","target":["https:\/\/mhf.ro\/mm\/decizie-definitiva-basescu-a-colaborat-cu-securitatea\/"]}]},{"@type":"ImageObject","inLanguage":"ro-RO","@id":"https:\/\/mhf.ro\/mm\/decizie-definitiva-basescu-a-colaborat-cu-securitatea\/#primaryimage","url":"https:\/\/mhf.ro\/mm\/wp-content\/uploads\/2022\/03\/Petrov.jpg","contentUrl":"https:\/\/mhf.ro\/mm\/wp-content\/uploads\/2022\/03\/Petrov.jpg","width":1000,"height":542},{"@type":"BreadcrumbList","@id":"https:\/\/mhf.ro\/mm\/decizie-definitiva-basescu-a-colaborat-cu-securitatea\/#breadcrumb","itemListElement":[{"@type":"ListItem","position":1,"name":"Prima pagin\u0103","item":"https:\/\/mhf.ro\/mm\/"},{"@type":"ListItem","position":2,"name":"Decizie definitiv\u0103. B\u0103sescu a colaborat cu Securitatea"}]},{"@type":"WebSite","@id":"https:\/\/mhf.ro\/mm\/#website","url":"https:\/\/mhf.ro\/mm\/","name":"MHF Photography \u2013 Blog de fotografie, natur\u0103 \u0219i tehnic\u0103 divers\u0103","description":"Aventur\u0103 \u00een fiecare cadru.","publisher":{"@id":"https:\/\/mhf.ro\/mm\/#\/schema\/person\/a3bebf7bdb4bf12f698aff73c7e46c21"},"potentialAction":[{"@type":"SearchAction","target":{"@type":"EntryPoint","urlTemplate":"https:\/\/mhf.ro\/mm\/?s={search_term_string}"},"query-input":{"@type":"PropertyValueSpecification","valueRequired":true,"valueName":"search_term_string"}}],"inLanguage":"ro-RO"},{"@type":["Person","Organization"],"@id":"https:\/\/mhf.ro\/mm\/#\/schema\/person\/a3bebf7bdb4bf12f698aff73c7e46c21","name":"Marius Marcu","image":{"@type":"ImageObject","inLanguage":"ro-RO","@id":"https:\/\/mhf.ro\/mm\/#\/schema\/person\/image\/","url":"https:\/\/mhf.ro\/mm\/wp-content\/uploads\/2025\/12\/cropped-logo_mhf_2.png","contentUrl":"https:\/\/mhf.ro\/mm\/wp-content\/uploads\/2025\/12\/cropped-logo_mhf_2.png","width":1096,"height":457,"caption":"Marius Marcu"},"logo":{"@id":"https:\/\/mhf.ro\/mm\/#\/schema\/person\/image\/"},"sameAs":["https:\/\/mhf.ro\/mm"],"url":"https:\/\/mhf.ro\/mm\/author\/mihai\/"}]}},"_links":{"self":[{"href":"https:\/\/mhf.ro\/mm\/wp-json\/wp\/v2\/posts\/6932","targetHints":{"allow":["GET"]}}],"collection":[{"href":"https:\/\/mhf.ro\/mm\/wp-json\/wp\/v2\/posts"}],"about":[{"href":"https:\/\/mhf.ro\/mm\/wp-json\/wp\/v2\/types\/post"}],"author":[{"embeddable":true,"href":"https:\/\/mhf.ro\/mm\/wp-json\/wp\/v2\/users\/1"}],"replies":[{"embeddable":true,"href":"https:\/\/mhf.ro\/mm\/wp-json\/wp\/v2\/comments?post=6932"}],"version-history":[{"count":1,"href":"https:\/\/mhf.ro\/mm\/wp-json\/wp\/v2\/posts\/6932\/revisions"}],"predecessor-version":[{"id":6934,"href":"https:\/\/mhf.ro\/mm\/wp-json\/wp\/v2\/posts\/6932\/revisions\/6934"}],"wp:featuredmedia":[{"embeddable":true,"href":"https:\/\/mhf.ro\/mm\/wp-json\/wp\/v2\/media\/6933"}],"wp:attachment":[{"href":"https:\/\/mhf.ro\/mm\/wp-json\/wp\/v2\/media?parent=6932"}],"wp:term":[{"taxonomy":"category","embeddable":true,"href":"https:\/\/mhf.ro\/mm\/wp-json\/wp\/v2\/categories?post=6932"},{"taxonomy":"post_tag","embeddable":true,"href":"https:\/\/mhf.ro\/mm\/wp-json\/wp\/v2\/tags?post=6932"}],"curies":[{"name":"wp","href":"https:\/\/api.w.org\/{rel}","templated":true}]}}