{"id":6983,"date":"2022-03-28T15:43:03","date_gmt":"2022-03-28T13:43:03","guid":{"rendered":"https:\/\/mhf.ro\/mm\/?p=6983"},"modified":"2022-03-28T15:43:25","modified_gmt":"2022-03-28T13:43:25","slug":"duminica-sfintei-cruci","status":"publish","type":"post","link":"https:\/\/mhf.ro\/mm\/duminica-sfintei-cruci\/","title":{"rendered":"Duminica Sfintei Cruci"},"content":{"rendered":"<div class=\"region-title-page\">\n<h1 id=\"page-title\" class=\"title\">Ev. Marcu 8, 34-38; 9, 1<\/h1>\n<\/div>\n<div class=\"large-9 main columns\">\n<div id=\"taxonomie_rugaciuni\" class=\"clearfix\">\n<article id=\"node-25756\" class=\"node node-evanghelie view-mode-full\">\n<div class=\"body field\">\n<p class=\"rtejustify\">Zis-a Domnul: Oricine\u00a0voie\u0219te s\u0103 vin\u0103 dup\u0103 Mine, s\u0103 se lepede de sine, s\u0103-\u0219i ia crucea \u0219i s\u0103-Mi urmeze Mie. C\u0103ci cine va voi s\u0103-\u0219i scape via\u021ba \u0219i-o va pierde, iar cine \u00ee\u0219i va pierde via\u021ba sa pentru Mine \u0219i pentru Evanghelie, acela \u0219i-o va m\u00e2ntui. C\u0103ci ce-i folose\u0219te omului s\u0103 c\u00e2\u0219tige lumea \u00eentreag\u0103, dac\u0103-\u0219i pierde sufletul? Sau ce ar putea s\u0103 dea omul \u00een\u00a0schimb pentru sufletul s\u0103u? C\u0103ci de cel ce se va ru\u0219ina de Mine \u0219i de cuvintele Mele \u00een neamul acesta desfr\u00e2nat \u0219i p\u0103c\u0103tos, \u0219i Fiul Omului Se va ru\u0219ina de el c\u00e2nd va veni \u00eentru slava Tat\u0103lui S\u0103u, cu sfin\u021bii \u00eengeri. \u0218i le zicea lor: Adev\u0103rat gr\u0103iesc vou\u0103 c\u0103 sunt unii din cei ce stau aici care nu vor gusta moartea p\u00e2n\u0103 ce nu vor vedea \u00cemp\u0103r\u0103\u021bia lui Dumnezeu venind \u00eentru putere.<\/p>\n<\/div>\n<\/article>\n<\/div>\n<\/div>\n","protected":false},"excerpt":{"rendered":"<p>Ev. Marcu 8, 34-38; 9, 1 Zis-a Domnul: Oricine\u00a0voie\u0219te s\u0103 vin\u0103 dup\u0103 Mine, s\u0103 se lepede de sine, s\u0103-\u0219i ia<\/p>\n","protected":false},"author":4,"featured_media":6984,"comment_status":"open","ping_status":"open","sticky":false,"template":"","format":"standard","meta":{"colormag_page_container_layout":"default_layout","colormag_page_sidebar_layout":"default_layout","footnotes":""},"categories":[34],"tags":[],"class_list":["post-6983","post","type-post","status-publish","format-standard","has-post-thumbnail","hentry","category-religie"],"yoast_head":"<!-- This site is optimized with the Yoast SEO plugin v27.0 - https:\/\/yoast.com\/product\/yoast-seo-wordpress\/ -->\n<title>Duminica Sfintei Cruci - MHF Photography<\/title>\n<meta name=\"robots\" content=\"index, follow, max-snippet:-1, max-image-preview:large, max-video-preview:-1\" \/>\n<link rel=\"canonical\" href=\"https:\/\/mhf.ro\/mm\/duminica-sfintei-cruci\/\" \/>\n<meta property=\"og:locale\" content=\"ro_RO\" \/>\n<meta property=\"og:type\" content=\"article\" \/>\n<meta property=\"og:title\" content=\"Duminica Sfintei Cruci - MHF Photography\" \/>\n<meta property=\"og:description\" content=\"Ev. Marcu 8, 34-38; 9, 1 Zis-a Domnul: Oricine\u00a0voie\u0219te s\u0103 vin\u0103 dup\u0103 Mine, s\u0103 se lepede de sine, s\u0103-\u0219i ia\" \/>\n<meta property=\"og:url\" content=\"https:\/\/mhf.ro\/mm\/duminica-sfintei-cruci\/\" \/>\n<meta property=\"og:site_name\" content=\"MHF Photography\" \/>\n<meta property=\"article:published_time\" content=\"2022-03-28T13:43:03+00:00\" \/>\n<meta property=\"article:modified_time\" content=\"2022-03-28T13:43:25+00:00\" \/>\n<meta property=\"og:image\" content=\"https:\/\/mhf.ro\/mm\/wp-content\/uploads\/2022\/03\/rastignirea.jpg\" \/>\n\t<meta property=\"og:image:width\" content=\"275\" \/>\n\t<meta property=\"og:image:height\" content=\"183\" \/>\n\t<meta property=\"og:image:type\" content=\"image\/jpeg\" \/>\n<meta name=\"author\" content=\"Preot paroh Horvat Petru\" \/>\n<meta name=\"twitter:card\" content=\"summary_large_image\" \/>\n<meta name=\"twitter:label1\" content=\"Scris de\" \/>\n\t<meta name=\"twitter:data1\" content=\"Preot paroh Horvat Petru\" \/>\n\t<meta name=\"twitter:label2\" content=\"Timp estimat pentru citire\" \/>\n\t<meta name=\"twitter:data2\" content=\"1 minut\" \/>\n<script type=\"application\/ld+json\" class=\"yoast-schema-graph\">{\"@context\":\"https:\/\/schema.org\",\"@graph\":[{\"@type\":\"Article\",\"@id\":\"https:\/\/mhf.ro\/mm\/duminica-sfintei-cruci\/#article\",\"isPartOf\":{\"@id\":\"https:\/\/mhf.ro\/mm\/duminica-sfintei-cruci\/\"},\"author\":{\"name\":\"Preot paroh Horvat Petru\",\"@id\":\"https:\/\/mhf.ro\/mm\/#\/schema\/person\/4c8c06c801b7b666e81ed44550086900\"},\"headline\":\"Duminica Sfintei Cruci\",\"datePublished\":\"2022-03-28T13:43:03+00:00\",\"dateModified\":\"2022-03-28T13:43:25+00:00\",\"mainEntityOfPage\":{\"@id\":\"https:\/\/mhf.ro\/mm\/duminica-sfintei-cruci\/\"},\"wordCount\":174,\"commentCount\":0,\"publisher\":{\"@id\":\"https:\/\/mhf.ro\/mm\/#\/schema\/person\/a3bebf7bdb4bf12f698aff73c7e46c21\"},\"image\":{\"@id\":\"https:\/\/mhf.ro\/mm\/duminica-sfintei-cruci\/#primaryimage\"},\"thumbnailUrl\":\"https:\/\/mhf.ro\/mm\/wp-content\/uploads\/2022\/03\/rastignirea.jpg\",\"articleSection\":[\"Religie\"],\"inLanguage\":\"ro-RO\",\"potentialAction\":[{\"@type\":\"CommentAction\",\"name\":\"Comment\",\"target\":[\"https:\/\/mhf.ro\/mm\/duminica-sfintei-cruci\/#respond\"]}]},{\"@type\":\"WebPage\",\"@id\":\"https:\/\/mhf.ro\/mm\/duminica-sfintei-cruci\/\",\"url\":\"https:\/\/mhf.ro\/mm\/duminica-sfintei-cruci\/\",\"name\":\"Duminica Sfintei Cruci - MHF Photography\",\"isPartOf\":{\"@id\":\"https:\/\/mhf.ro\/mm\/#website\"},\"primaryImageOfPage\":{\"@id\":\"https:\/\/mhf.ro\/mm\/duminica-sfintei-cruci\/#primaryimage\"},\"image\":{\"@id\":\"https:\/\/mhf.ro\/mm\/duminica-sfintei-cruci\/#primaryimage\"},\"thumbnailUrl\":\"https:\/\/mhf.ro\/mm\/wp-content\/uploads\/2022\/03\/rastignirea.jpg\",\"datePublished\":\"2022-03-28T13:43:03+00:00\",\"dateModified\":\"2022-03-28T13:43:25+00:00\",\"breadcrumb\":{\"@id\":\"https:\/\/mhf.ro\/mm\/duminica-sfintei-cruci\/#breadcrumb\"},\"inLanguage\":\"ro-RO\",\"potentialAction\":[{\"@type\":\"ReadAction\",\"target\":[\"https:\/\/mhf.ro\/mm\/duminica-sfintei-cruci\/\"]}]},{\"@type\":\"ImageObject\",\"inLanguage\":\"ro-RO\",\"@id\":\"https:\/\/mhf.ro\/mm\/duminica-sfintei-cruci\/#primaryimage\",\"url\":\"https:\/\/mhf.ro\/mm\/wp-content\/uploads\/2022\/03\/rastignirea.jpg\",\"contentUrl\":\"https:\/\/mhf.ro\/mm\/wp-content\/uploads\/2022\/03\/rastignirea.jpg\",\"width\":275,\"height\":183},{\"@type\":\"BreadcrumbList\",\"@id\":\"https:\/\/mhf.ro\/mm\/duminica-sfintei-cruci\/#breadcrumb\",\"itemListElement\":[{\"@type\":\"ListItem\",\"position\":1,\"name\":\"Prima pagin\u0103\",\"item\":\"https:\/\/mhf.ro\/mm\/\"},{\"@type\":\"ListItem\",\"position\":2,\"name\":\"Duminica Sfintei Cruci\"}]},{\"@type\":\"WebSite\",\"@id\":\"https:\/\/mhf.ro\/mm\/#website\",\"url\":\"https:\/\/mhf.ro\/mm\/\",\"name\":\"MHF Photography \u2013 Blog de fotografie, natur\u0103 \u0219i tehnic\u0103 divers\u0103\",\"description\":\"Aventur\u0103 \u00een fiecare cadru.\",\"publisher\":{\"@id\":\"https:\/\/mhf.ro\/mm\/#\/schema\/person\/a3bebf7bdb4bf12f698aff73c7e46c21\"},\"potentialAction\":[{\"@type\":\"SearchAction\",\"target\":{\"@type\":\"EntryPoint\",\"urlTemplate\":\"https:\/\/mhf.ro\/mm\/?s={search_term_string}\"},\"query-input\":{\"@type\":\"PropertyValueSpecification\",\"valueRequired\":true,\"valueName\":\"search_term_string\"}}],\"inLanguage\":\"ro-RO\"},{\"@type\":[\"Person\",\"Organization\"],\"@id\":\"https:\/\/mhf.ro\/mm\/#\/schema\/person\/a3bebf7bdb4bf12f698aff73c7e46c21\",\"name\":\"Marius Marcu\",\"image\":{\"@type\":\"ImageObject\",\"inLanguage\":\"ro-RO\",\"@id\":\"https:\/\/mhf.ro\/mm\/#\/schema\/person\/image\/\",\"url\":\"https:\/\/mhf.ro\/mm\/wp-content\/uploads\/2025\/12\/cropped-logo_mhf_2.png\",\"contentUrl\":\"https:\/\/mhf.ro\/mm\/wp-content\/uploads\/2025\/12\/cropped-logo_mhf_2.png\",\"width\":1096,\"height\":457,\"caption\":\"Marius Marcu\"},\"logo\":{\"@id\":\"https:\/\/mhf.ro\/mm\/#\/schema\/person\/image\/\"},\"sameAs\":[\"https:\/\/mhf.ro\/mm\"]},{\"@type\":\"Person\",\"@id\":\"https:\/\/mhf.ro\/mm\/#\/schema\/person\/4c8c06c801b7b666e81ed44550086900\",\"name\":\"Preot paroh Horvat Petru\",\"image\":{\"@type\":\"ImageObject\",\"inLanguage\":\"ro-RO\",\"@id\":\"https:\/\/mhf.ro\/mm\/#\/schema\/person\/image\/\",\"url\":\"https:\/\/secure.gravatar.com\/avatar\/c2d2dcdf21c6f41aad486d71768c144cd6e23cb7b63bae9bd6fab542b26ad321?s=96&d=monsterid&r=g\",\"contentUrl\":\"https:\/\/secure.gravatar.com\/avatar\/c2d2dcdf21c6f41aad486d71768c144cd6e23cb7b63bae9bd6fab542b26ad321?s=96&d=monsterid&r=g\",\"caption\":\"Preot paroh Horvat Petru\"},\"sameAs\":[\"https:\/\/mhf.ro\/mm\"],\"url\":\"https:\/\/mhf.ro\/mm\/author\/petrica\/\"}]}<\/script>\n<!-- \/ Yoast SEO plugin. -->","yoast_head_json":{"title":"Duminica Sfintei Cruci - MHF Photography","robots":{"index":"index","follow":"follow","max-snippet":"max-snippet:-1","max-image-preview":"max-image-preview:large","max-video-preview":"max-video-preview:-1"},"canonical":"https:\/\/mhf.ro\/mm\/duminica-sfintei-cruci\/","og_locale":"ro_RO","og_type":"article","og_title":"Duminica Sfintei Cruci - MHF Photography","og_description":"Ev. Marcu 8, 34-38; 9, 1 Zis-a Domnul: Oricine\u00a0voie\u0219te s\u0103 vin\u0103 dup\u0103 Mine, s\u0103 se lepede de sine, s\u0103-\u0219i ia","og_url":"https:\/\/mhf.ro\/mm\/duminica-sfintei-cruci\/","og_site_name":"MHF Photography","article_published_time":"2022-03-28T13:43:03+00:00","article_modified_time":"2022-03-28T13:43:25+00:00","og_image":[{"width":275,"height":183,"url":"https:\/\/mhf.ro\/mm\/wp-content\/uploads\/2022\/03\/rastignirea.jpg","type":"image\/jpeg"}],"author":"Preot paroh Horvat Petru","twitter_card":"summary_large_image","twitter_misc":{"Scris de":"Preot paroh Horvat Petru","Timp estimat pentru citire":"1 minut"},"schema":{"@context":"https:\/\/schema.org","@graph":[{"@type":"Article","@id":"https:\/\/mhf.ro\/mm\/duminica-sfintei-cruci\/#article","isPartOf":{"@id":"https:\/\/mhf.ro\/mm\/duminica-sfintei-cruci\/"},"author":{"name":"Preot paroh Horvat Petru","@id":"https:\/\/mhf.ro\/mm\/#\/schema\/person\/4c8c06c801b7b666e81ed44550086900"},"headline":"Duminica Sfintei Cruci","datePublished":"2022-03-28T13:43:03+00:00","dateModified":"2022-03-28T13:43:25+00:00","mainEntityOfPage":{"@id":"https:\/\/mhf.ro\/mm\/duminica-sfintei-cruci\/"},"wordCount":174,"commentCount":0,"publisher":{"@id":"https:\/\/mhf.ro\/mm\/#\/schema\/person\/a3bebf7bdb4bf12f698aff73c7e46c21"},"image":{"@id":"https:\/\/mhf.ro\/mm\/duminica-sfintei-cruci\/#primaryimage"},"thumbnailUrl":"https:\/\/mhf.ro\/mm\/wp-content\/uploads\/2022\/03\/rastignirea.jpg","articleSection":["Religie"],"inLanguage":"ro-RO","potentialAction":[{"@type":"CommentAction","name":"Comment","target":["https:\/\/mhf.ro\/mm\/duminica-sfintei-cruci\/#respond"]}]},{"@type":"WebPage","@id":"https:\/\/mhf.ro\/mm\/duminica-sfintei-cruci\/","url":"https:\/\/mhf.ro\/mm\/duminica-sfintei-cruci\/","name":"Duminica Sfintei Cruci - MHF Photography","isPartOf":{"@id":"https:\/\/mhf.ro\/mm\/#website"},"primaryImageOfPage":{"@id":"https:\/\/mhf.ro\/mm\/duminica-sfintei-cruci\/#primaryimage"},"image":{"@id":"https:\/\/mhf.ro\/mm\/duminica-sfintei-cruci\/#primaryimage"},"thumbnailUrl":"https:\/\/mhf.ro\/mm\/wp-content\/uploads\/2022\/03\/rastignirea.jpg","datePublished":"2022-03-28T13:43:03+00:00","dateModified":"2022-03-28T13:43:25+00:00","breadcrumb":{"@id":"https:\/\/mhf.ro\/mm\/duminica-sfintei-cruci\/#breadcrumb"},"inLanguage":"ro-RO","potentialAction":[{"@type":"ReadAction","target":["https:\/\/mhf.ro\/mm\/duminica-sfintei-cruci\/"]}]},{"@type":"ImageObject","inLanguage":"ro-RO","@id":"https:\/\/mhf.ro\/mm\/duminica-sfintei-cruci\/#primaryimage","url":"https:\/\/mhf.ro\/mm\/wp-content\/uploads\/2022\/03\/rastignirea.jpg","contentUrl":"https:\/\/mhf.ro\/mm\/wp-content\/uploads\/2022\/03\/rastignirea.jpg","width":275,"height":183},{"@type":"BreadcrumbList","@id":"https:\/\/mhf.ro\/mm\/duminica-sfintei-cruci\/#breadcrumb","itemListElement":[{"@type":"ListItem","position":1,"name":"Prima pagin\u0103","item":"https:\/\/mhf.ro\/mm\/"},{"@type":"ListItem","position":2,"name":"Duminica Sfintei Cruci"}]},{"@type":"WebSite","@id":"https:\/\/mhf.ro\/mm\/#website","url":"https:\/\/mhf.ro\/mm\/","name":"MHF Photography \u2013 Blog de fotografie, natur\u0103 \u0219i tehnic\u0103 divers\u0103","description":"Aventur\u0103 \u00een fiecare cadru.","publisher":{"@id":"https:\/\/mhf.ro\/mm\/#\/schema\/person\/a3bebf7bdb4bf12f698aff73c7e46c21"},"potentialAction":[{"@type":"SearchAction","target":{"@type":"EntryPoint","urlTemplate":"https:\/\/mhf.ro\/mm\/?s={search_term_string}"},"query-input":{"@type":"PropertyValueSpecification","valueRequired":true,"valueName":"search_term_string"}}],"inLanguage":"ro-RO"},{"@type":["Person","Organization"],"@id":"https:\/\/mhf.ro\/mm\/#\/schema\/person\/a3bebf7bdb4bf12f698aff73c7e46c21","name":"Marius Marcu","image":{"@type":"ImageObject","inLanguage":"ro-RO","@id":"https:\/\/mhf.ro\/mm\/#\/schema\/person\/image\/","url":"https:\/\/mhf.ro\/mm\/wp-content\/uploads\/2025\/12\/cropped-logo_mhf_2.png","contentUrl":"https:\/\/mhf.ro\/mm\/wp-content\/uploads\/2025\/12\/cropped-logo_mhf_2.png","width":1096,"height":457,"caption":"Marius Marcu"},"logo":{"@id":"https:\/\/mhf.ro\/mm\/#\/schema\/person\/image\/"},"sameAs":["https:\/\/mhf.ro\/mm"]},{"@type":"Person","@id":"https:\/\/mhf.ro\/mm\/#\/schema\/person\/4c8c06c801b7b666e81ed44550086900","name":"Preot paroh Horvat Petru","image":{"@type":"ImageObject","inLanguage":"ro-RO","@id":"https:\/\/mhf.ro\/mm\/#\/schema\/person\/image\/","url":"https:\/\/secure.gravatar.com\/avatar\/c2d2dcdf21c6f41aad486d71768c144cd6e23cb7b63bae9bd6fab542b26ad321?s=96&d=monsterid&r=g","contentUrl":"https:\/\/secure.gravatar.com\/avatar\/c2d2dcdf21c6f41aad486d71768c144cd6e23cb7b63bae9bd6fab542b26ad321?s=96&d=monsterid&r=g","caption":"Preot paroh Horvat Petru"},"sameAs":["https:\/\/mhf.ro\/mm"],"url":"https:\/\/mhf.ro\/mm\/author\/petrica\/"}]}},"_links":{"self":[{"href":"https:\/\/mhf.ro\/mm\/wp-json\/wp\/v2\/posts\/6983","targetHints":{"allow":["GET"]}}],"collection":[{"href":"https:\/\/mhf.ro\/mm\/wp-json\/wp\/v2\/posts"}],"about":[{"href":"https:\/\/mhf.ro\/mm\/wp-json\/wp\/v2\/types\/post"}],"author":[{"embeddable":true,"href":"https:\/\/mhf.ro\/mm\/wp-json\/wp\/v2\/users\/4"}],"replies":[{"embeddable":true,"href":"https:\/\/mhf.ro\/mm\/wp-json\/wp\/v2\/comments?post=6983"}],"version-history":[{"count":1,"href":"https:\/\/mhf.ro\/mm\/wp-json\/wp\/v2\/posts\/6983\/revisions"}],"predecessor-version":[{"id":6985,"href":"https:\/\/mhf.ro\/mm\/wp-json\/wp\/v2\/posts\/6983\/revisions\/6985"}],"wp:featuredmedia":[{"embeddable":true,"href":"https:\/\/mhf.ro\/mm\/wp-json\/wp\/v2\/media\/6984"}],"wp:attachment":[{"href":"https:\/\/mhf.ro\/mm\/wp-json\/wp\/v2\/media?parent=6983"}],"wp:term":[{"taxonomy":"category","embeddable":true,"href":"https:\/\/mhf.ro\/mm\/wp-json\/wp\/v2\/categories?post=6983"},{"taxonomy":"post_tag","embeddable":true,"href":"https:\/\/mhf.ro\/mm\/wp-json\/wp\/v2\/tags?post=6983"}],"curies":[{"name":"wp","href":"https:\/\/api.w.org\/{rel}","templated":true}]}}