{"id":7026,"date":"2022-04-03T09:46:58","date_gmt":"2022-04-03T07:46:58","guid":{"rendered":"https:\/\/mhf.ro\/mm\/?p=7026"},"modified":"2022-04-01T20:06:29","modified_gmt":"2022-04-01T18:06:29","slug":"duminica-a-4-a-din-post-a-sf-ioan-scararul","status":"publish","type":"post","link":"https:\/\/mhf.ro\/mm\/duminica-a-4-a-din-post-a-sf-ioan-scararul\/","title":{"rendered":"Duminica a 4-a din Post (a Sf. Ioan Sc\u0103rarul)"},"content":{"rendered":"<p>Marcu 9, 17-32<\/p>\n<p><em>\u2018\u00cen vremea aceea a venit un om la Iisus, zic\u00e2ndu-I: \u00cenv\u0103\u021b\u0103torule, am adus la Tine pe fiul meu, care are duh mut. \u0218i oriunde-l apuc\u0103, \u00eel arunc\u0103 la p\u0103m\u00e2nt, face spume la gur\u0103, scr\u00e2\u0219ne\u0219te din din\u021bi \u0219i \u00een\u021bepene\u0219te. \u0218i am zis ucenicilor T\u0103i s\u0103-l alunge, dar ei n-au putut. Iar El, r\u0103spunz\u00e2nd lor, a zis: O, neam necredincios, p\u00e2n\u0103 c\u00e2nd voi fi cu voi? P\u00e2n\u0103 c\u00e2nd v\u0103 voi r\u0103bda pe voi? Aduce\u021bi-l la Mine. \u0218i l-au adus la El. \u0218i, v\u0103z\u00e2ndu-L pe Iisus, duhul \u00eendat\u0103 a zguduit pe copil, iar copilul, c\u0103z\u00e2nd la p\u0103m\u00e2nt, se t\u0103v\u0103lea spumeg\u00e2nd. \u0218i l-a \u00eentrebat pe tat\u0103l lui: C\u00e2t\u0103 vreme este de c\u00e2nd i-a venit aceasta? Iar el a r\u0103spuns: Din pruncie. \u0218i de multe ori l-a aruncat \u0219i \u00een foc \u0219i \u00een ap\u0103, ca s\u0103-l piard\u0103. Dar, dac\u0103 po\u021bi s\u0103 faci ceva, ajut\u0103-ne, fiindu-\u021ai mil\u0103 de noi. Iar Iisus i-a zis: Dac\u0103 po\u021bi crede, toate sunt cu putin\u021b\u0103 celui ce crede. \u0218i \u00eendat\u0103 strig\u00e2nd tat\u0103l copilului, a zis cu lacrimi: Cred, Doamne! Ajut\u0103 necredin\u021bei mele! Iar Iisus, v\u0103z\u00e2nd c\u0103 mul\u021bimea d\u0103 n\u0103val\u0103, a certat duhul cel necurat, zic\u00e2ndu-i: Duh mut \u0219i surd, Eu \u00ee\u021bi poruncesc: Ie\u0219i din el \u0219i s\u0103 nu mai intri \u00een el! \u0218i, r\u0103cnind \u0219i zguduindu-l cu putere, duhul a ie\u0219it; iar copilul a r\u0103mas ca mort, \u00eenc\u00e2t mul\u021bi ziceau c\u0103 a murit. Dar Iisus apuc\u00e2ndu-l de m\u00e2n\u0103, l-a ridicat, iar el s-a sculat \u00een picioare. Iar dup\u0103 ce a intrat \u00een cas\u0103, ucenicii Lui L-au \u00eentrebat, de o parte: Pentru ce noi n-am putut s\u0103-l izgonim? El le-a zis: Acest neam de diavoli cu nimic nu poate ie\u0219i, dec\u00e2t numai cu rug\u0103ciune \u0219i cu post. \u0218i, ie\u0219ind ei de acolo, str\u0103b\u0103teau Galileea, dar El nu voia s\u0103 \u0219tie cineva. C\u0103ci \u00eenv\u0103\u021ba pe ucenicii S\u0103i \u0219i le spunea c\u0103 Fiul Omului va fi dat \u00een m\u00e2inile oamenilor \u0219i-L vor ucide, iar dup\u0103 ce-L vor ucide, a treia zi va \u00eenvia. Ei \u00eens\u0103 nu \u00een\u021belegeau cuv\u00e2ntul \u0219i se temeau s\u0103-L \u00eentrebe.\u2019<\/em><\/p>\n<p>Evanghelia vindec\u0103rii demonizatului a fost r\u00e2nduit\u0103 de Biseric\u0103 s\u0103 fie citit\u0103 \u00een Duminica a IV-a din Sf\u00e2ntul \u0219i Marele Post al Pa\u0219tilor, numit\u0103 \u0219i\u00a0<em>Duminica Sf\u00e2ntului Ioan Sc\u0103rarul<\/em>, pentru c\u0103 \u00een ea se face \u00een mod deosebit pomenirea Sf\u00e2ntului Ioan Sc\u0103rarul, de\u0219i el mai este pomenit \u00een fiecare an la 30 martie.<\/p>\n<p>Evanghelia ne arat\u0103 \u00een mod concentrat\u00a0<strong>trei mari lucr\u0103ri pe care le-a s\u0103v\u00e2r\u0219it M\u00e2ntuitorul Iisus Hristos, \u0219i anume: a vindecat de \u00eendoial\u0103 pe tat\u0103l copilului bolnav, a vindecat pe copil de boal\u0103 \u0219i a vindecat pe ucenicii S\u0103i de nepricepere duhovniceasc\u0103\u00a0<\/strong>privind izgonirea demonilor din om.<\/p>\n<p><strong>Sf\u00e2ntul Ioan Sc\u0103rarul, dasc\u0103l al rug\u0103ciunii \u0219i al poc\u0103in\u021bei<\/strong><\/p>\n<p>Sf\u00e2ntul Ioan Sc\u0103rarul a fost\u00a0<em>un dasc\u0103l al rug\u0103ciunii, al ostenelilor, al nevoin\u021bei \u0219i al poc\u0103in\u021bei. \u00cen cartea sa numit\u0103\u00a0<strong>Scara virtu\u021bilor<\/strong>\u00a0sau\u00a0<strong>Scara Paradisului\u00a0<\/strong><\/em>ne arat\u0103 cum trebuie s\u0103 ne eliber\u0103m de patimi \u0219i s\u0103 dob\u00e2ndim virtu\u021bile.\u00a0<em>Smerenia \u0219i iubirea sunt virtu\u021bile cele mai mari pe care le descrie el \u00een cartea\u00a0<strong>Scara virtu\u021bilor<\/strong><\/em>. Sf\u00e2ntul Ioan Sc\u0103rarul, ca\u00a0<em>dasc\u0103l al virtu\u021bilor dob\u00e2ndite prin credin\u021b\u0103 puternic\u0103, prin rug\u0103ciune \u0219i post<\/em>, este un dasc\u0103l al \u00eentregii cre\u0219tin\u0103t\u0103\u021bi.\u00a0<em><strong>Scara virtu\u021bilor\u00a0<\/strong><\/em>sau pe scurt\u00a0<strong>Scara\u00a0<\/strong>a fost citit\u0103 ca un manual de via\u021b\u0103 duhovniceasc\u0103 secole de-a r\u00e2ndul \u00een mediul monahal. \u0218i ast\u0103zi \u00een unele m\u0103n\u0103stiri aceast\u0103 carte este citit\u0103 mai cu seam\u0103 \u00een perioada postului.\u00a0<em>\u00cen cuvinte simple, dar cu un con\u021binut foarte ad\u00e2nc, Sf\u00e2ntul Ioan Sc\u0103rarul ne arat\u0103 lupta duhovniceasc\u0103 din suflet, din minte \u0219i din inim\u0103, a celui care se str\u0103duie\u0219te s\u0103 urce spre Dumnezeu prin \u00eemplinirea poruncilor dumnezeie\u0219ti, prin cur\u0103\u021birea de patimi \u0219i cultivarea virtu\u021bilor<\/em>. Sf\u00e2ntul Ioan Sc\u0103rarul este numit \u00een c\u00e2nt\u0103rile Duminicii a IV-a din Postul Pa\u0219tilor ca fiind el \u00eensu\u0219i\u00a0<em>\u2018scar\u0103 a virtu\u021bilor\u2019<\/em>,\u00a0<em>\u2018lauda monahilor\u2019<\/em>,\u00a0<em>\u2018lumin\u0103tor \u0219i c\u0103l\u0103uzitor pe drumul m\u00e2ntuirii\u2019<\/em>.<\/p>\n<p>(PF Daniel-fragmente, dup\u0103 bazilica.ro)<\/p>\n","protected":false},"excerpt":{"rendered":"<p>Marcu 9, 17-32 \u2018\u00cen vremea aceea a venit un om la Iisus, zic\u00e2ndu-I: \u00cenv\u0103\u021b\u0103torule, am adus la Tine pe fiul<\/p>\n","protected":false},"author":4,"featured_media":7027,"comment_status":"open","ping_status":"open","sticky":false,"template":"","format":"standard","meta":{"colormag_page_container_layout":"default_layout","colormag_page_sidebar_layout":"default_layout","footnotes":""},"categories":[34],"tags":[],"class_list":["post-7026","post","type-post","status-publish","format-standard","has-post-thumbnail","hentry","category-religie"],"yoast_head":"<!-- This site is optimized with the Yoast SEO plugin v27.0 - https:\/\/yoast.com\/product\/yoast-seo-wordpress\/ -->\n<title>Duminica a 4-a din Post (a Sf. Ioan Sc\u0103rarul) - MHF Photography<\/title>\n<meta name=\"robots\" content=\"index, follow, max-snippet:-1, max-image-preview:large, max-video-preview:-1\" \/>\n<link rel=\"canonical\" href=\"https:\/\/mhf.ro\/mm\/duminica-a-4-a-din-post-a-sf-ioan-scararul\/\" \/>\n<meta property=\"og:locale\" content=\"ro_RO\" \/>\n<meta property=\"og:type\" content=\"article\" \/>\n<meta property=\"og:title\" content=\"Duminica a 4-a din Post (a Sf. Ioan Sc\u0103rarul) - MHF Photography\" \/>\n<meta property=\"og:description\" content=\"Marcu 9, 17-32 \u2018\u00cen vremea aceea a venit un om la Iisus, zic\u00e2ndu-I: \u00cenv\u0103\u021b\u0103torule, am adus la Tine pe fiul\" \/>\n<meta property=\"og:url\" content=\"https:\/\/mhf.ro\/mm\/duminica-a-4-a-din-post-a-sf-ioan-scararul\/\" \/>\n<meta property=\"og:site_name\" content=\"MHF Photography\" \/>\n<meta property=\"article:published_time\" content=\"2022-04-03T07:46:58+00:00\" \/>\n<meta property=\"og:image\" content=\"https:\/\/mhf.ro\/mm\/wp-content\/uploads\/2022\/04\/8878.jpg\" \/>\n\t<meta property=\"og:image:width\" content=\"350\" \/>\n\t<meta property=\"og:image:height\" content=\"454\" \/>\n\t<meta property=\"og:image:type\" content=\"image\/jpeg\" \/>\n<meta name=\"author\" content=\"Preot paroh Horvat Petru\" \/>\n<meta name=\"twitter:card\" content=\"summary_large_image\" \/>\n<meta name=\"twitter:label1\" content=\"Scris de\" \/>\n\t<meta name=\"twitter:data1\" content=\"Preot paroh Horvat Petru\" \/>\n\t<meta name=\"twitter:label2\" content=\"Timp estimat pentru citire\" \/>\n\t<meta name=\"twitter:data2\" content=\"4 minute\" \/>\n<script type=\"application\/ld+json\" class=\"yoast-schema-graph\">{\"@context\":\"https:\/\/schema.org\",\"@graph\":[{\"@type\":\"Article\",\"@id\":\"https:\/\/mhf.ro\/mm\/duminica-a-4-a-din-post-a-sf-ioan-scararul\/#article\",\"isPartOf\":{\"@id\":\"https:\/\/mhf.ro\/mm\/duminica-a-4-a-din-post-a-sf-ioan-scararul\/\"},\"author\":{\"name\":\"Preot paroh Horvat Petru\",\"@id\":\"https:\/\/mhf.ro\/mm\/#\/schema\/person\/4c8c06c801b7b666e81ed44550086900\"},\"headline\":\"Duminica a 4-a din Post (a Sf. Ioan Sc\u0103rarul)\",\"datePublished\":\"2022-04-03T07:46:58+00:00\",\"mainEntityOfPage\":{\"@id\":\"https:\/\/mhf.ro\/mm\/duminica-a-4-a-din-post-a-sf-ioan-scararul\/\"},\"wordCount\":772,\"commentCount\":0,\"publisher\":{\"@id\":\"https:\/\/mhf.ro\/mm\/#\/schema\/person\/a3bebf7bdb4bf12f698aff73c7e46c21\"},\"image\":{\"@id\":\"https:\/\/mhf.ro\/mm\/duminica-a-4-a-din-post-a-sf-ioan-scararul\/#primaryimage\"},\"thumbnailUrl\":\"https:\/\/mhf.ro\/mm\/wp-content\/uploads\/2022\/04\/8878.jpg\",\"articleSection\":[\"Religie\"],\"inLanguage\":\"ro-RO\",\"potentialAction\":[{\"@type\":\"CommentAction\",\"name\":\"Comment\",\"target\":[\"https:\/\/mhf.ro\/mm\/duminica-a-4-a-din-post-a-sf-ioan-scararul\/#respond\"]}]},{\"@type\":\"WebPage\",\"@id\":\"https:\/\/mhf.ro\/mm\/duminica-a-4-a-din-post-a-sf-ioan-scararul\/\",\"url\":\"https:\/\/mhf.ro\/mm\/duminica-a-4-a-din-post-a-sf-ioan-scararul\/\",\"name\":\"Duminica a 4-a din Post (a Sf. Ioan Sc\u0103rarul) - MHF Photography\",\"isPartOf\":{\"@id\":\"https:\/\/mhf.ro\/mm\/#website\"},\"primaryImageOfPage\":{\"@id\":\"https:\/\/mhf.ro\/mm\/duminica-a-4-a-din-post-a-sf-ioan-scararul\/#primaryimage\"},\"image\":{\"@id\":\"https:\/\/mhf.ro\/mm\/duminica-a-4-a-din-post-a-sf-ioan-scararul\/#primaryimage\"},\"thumbnailUrl\":\"https:\/\/mhf.ro\/mm\/wp-content\/uploads\/2022\/04\/8878.jpg\",\"datePublished\":\"2022-04-03T07:46:58+00:00\",\"breadcrumb\":{\"@id\":\"https:\/\/mhf.ro\/mm\/duminica-a-4-a-din-post-a-sf-ioan-scararul\/#breadcrumb\"},\"inLanguage\":\"ro-RO\",\"potentialAction\":[{\"@type\":\"ReadAction\",\"target\":[\"https:\/\/mhf.ro\/mm\/duminica-a-4-a-din-post-a-sf-ioan-scararul\/\"]}]},{\"@type\":\"ImageObject\",\"inLanguage\":\"ro-RO\",\"@id\":\"https:\/\/mhf.ro\/mm\/duminica-a-4-a-din-post-a-sf-ioan-scararul\/#primaryimage\",\"url\":\"https:\/\/mhf.ro\/mm\/wp-content\/uploads\/2022\/04\/8878.jpg\",\"contentUrl\":\"https:\/\/mhf.ro\/mm\/wp-content\/uploads\/2022\/04\/8878.jpg\",\"width\":350,\"height\":454},{\"@type\":\"BreadcrumbList\",\"@id\":\"https:\/\/mhf.ro\/mm\/duminica-a-4-a-din-post-a-sf-ioan-scararul\/#breadcrumb\",\"itemListElement\":[{\"@type\":\"ListItem\",\"position\":1,\"name\":\"Prima pagin\u0103\",\"item\":\"https:\/\/mhf.ro\/mm\/\"},{\"@type\":\"ListItem\",\"position\":2,\"name\":\"Duminica a 4-a din Post (a Sf. Ioan Sc\u0103rarul)\"}]},{\"@type\":\"WebSite\",\"@id\":\"https:\/\/mhf.ro\/mm\/#website\",\"url\":\"https:\/\/mhf.ro\/mm\/\",\"name\":\"MHF Photography \u2013 Blog de fotografie, natur\u0103 \u0219i tehnic\u0103 divers\u0103\",\"description\":\"Aventur\u0103 \u00een fiecare cadru.\",\"publisher\":{\"@id\":\"https:\/\/mhf.ro\/mm\/#\/schema\/person\/a3bebf7bdb4bf12f698aff73c7e46c21\"},\"potentialAction\":[{\"@type\":\"SearchAction\",\"target\":{\"@type\":\"EntryPoint\",\"urlTemplate\":\"https:\/\/mhf.ro\/mm\/?s={search_term_string}\"},\"query-input\":{\"@type\":\"PropertyValueSpecification\",\"valueRequired\":true,\"valueName\":\"search_term_string\"}}],\"inLanguage\":\"ro-RO\"},{\"@type\":[\"Person\",\"Organization\"],\"@id\":\"https:\/\/mhf.ro\/mm\/#\/schema\/person\/a3bebf7bdb4bf12f698aff73c7e46c21\",\"name\":\"Marius Marcu\",\"image\":{\"@type\":\"ImageObject\",\"inLanguage\":\"ro-RO\",\"@id\":\"https:\/\/mhf.ro\/mm\/#\/schema\/person\/image\/\",\"url\":\"https:\/\/mhf.ro\/mm\/wp-content\/uploads\/2025\/12\/cropped-logo_mhf_2.png\",\"contentUrl\":\"https:\/\/mhf.ro\/mm\/wp-content\/uploads\/2025\/12\/cropped-logo_mhf_2.png\",\"width\":1096,\"height\":457,\"caption\":\"Marius Marcu\"},\"logo\":{\"@id\":\"https:\/\/mhf.ro\/mm\/#\/schema\/person\/image\/\"},\"sameAs\":[\"https:\/\/mhf.ro\/mm\"]},{\"@type\":\"Person\",\"@id\":\"https:\/\/mhf.ro\/mm\/#\/schema\/person\/4c8c06c801b7b666e81ed44550086900\",\"name\":\"Preot paroh Horvat Petru\",\"image\":{\"@type\":\"ImageObject\",\"inLanguage\":\"ro-RO\",\"@id\":\"https:\/\/mhf.ro\/mm\/#\/schema\/person\/image\/\",\"url\":\"https:\/\/secure.gravatar.com\/avatar\/c2d2dcdf21c6f41aad486d71768c144cd6e23cb7b63bae9bd6fab542b26ad321?s=96&d=monsterid&r=g\",\"contentUrl\":\"https:\/\/secure.gravatar.com\/avatar\/c2d2dcdf21c6f41aad486d71768c144cd6e23cb7b63bae9bd6fab542b26ad321?s=96&d=monsterid&r=g\",\"caption\":\"Preot paroh Horvat Petru\"},\"sameAs\":[\"https:\/\/mhf.ro\/mm\"],\"url\":\"https:\/\/mhf.ro\/mm\/author\/petrica\/\"}]}<\/script>\n<!-- \/ Yoast SEO plugin. -->","yoast_head_json":{"title":"Duminica a 4-a din Post (a Sf. Ioan Sc\u0103rarul) - MHF Photography","robots":{"index":"index","follow":"follow","max-snippet":"max-snippet:-1","max-image-preview":"max-image-preview:large","max-video-preview":"max-video-preview:-1"},"canonical":"https:\/\/mhf.ro\/mm\/duminica-a-4-a-din-post-a-sf-ioan-scararul\/","og_locale":"ro_RO","og_type":"article","og_title":"Duminica a 4-a din Post (a Sf. Ioan Sc\u0103rarul) - MHF Photography","og_description":"Marcu 9, 17-32 \u2018\u00cen vremea aceea a venit un om la Iisus, zic\u00e2ndu-I: \u00cenv\u0103\u021b\u0103torule, am adus la Tine pe fiul","og_url":"https:\/\/mhf.ro\/mm\/duminica-a-4-a-din-post-a-sf-ioan-scararul\/","og_site_name":"MHF Photography","article_published_time":"2022-04-03T07:46:58+00:00","og_image":[{"width":350,"height":454,"url":"https:\/\/mhf.ro\/mm\/wp-content\/uploads\/2022\/04\/8878.jpg","type":"image\/jpeg"}],"author":"Preot paroh Horvat Petru","twitter_card":"summary_large_image","twitter_misc":{"Scris de":"Preot paroh Horvat Petru","Timp estimat pentru citire":"4 minute"},"schema":{"@context":"https:\/\/schema.org","@graph":[{"@type":"Article","@id":"https:\/\/mhf.ro\/mm\/duminica-a-4-a-din-post-a-sf-ioan-scararul\/#article","isPartOf":{"@id":"https:\/\/mhf.ro\/mm\/duminica-a-4-a-din-post-a-sf-ioan-scararul\/"},"author":{"name":"Preot paroh Horvat Petru","@id":"https:\/\/mhf.ro\/mm\/#\/schema\/person\/4c8c06c801b7b666e81ed44550086900"},"headline":"Duminica a 4-a din Post (a Sf. Ioan Sc\u0103rarul)","datePublished":"2022-04-03T07:46:58+00:00","mainEntityOfPage":{"@id":"https:\/\/mhf.ro\/mm\/duminica-a-4-a-din-post-a-sf-ioan-scararul\/"},"wordCount":772,"commentCount":0,"publisher":{"@id":"https:\/\/mhf.ro\/mm\/#\/schema\/person\/a3bebf7bdb4bf12f698aff73c7e46c21"},"image":{"@id":"https:\/\/mhf.ro\/mm\/duminica-a-4-a-din-post-a-sf-ioan-scararul\/#primaryimage"},"thumbnailUrl":"https:\/\/mhf.ro\/mm\/wp-content\/uploads\/2022\/04\/8878.jpg","articleSection":["Religie"],"inLanguage":"ro-RO","potentialAction":[{"@type":"CommentAction","name":"Comment","target":["https:\/\/mhf.ro\/mm\/duminica-a-4-a-din-post-a-sf-ioan-scararul\/#respond"]}]},{"@type":"WebPage","@id":"https:\/\/mhf.ro\/mm\/duminica-a-4-a-din-post-a-sf-ioan-scararul\/","url":"https:\/\/mhf.ro\/mm\/duminica-a-4-a-din-post-a-sf-ioan-scararul\/","name":"Duminica a 4-a din Post (a Sf. Ioan Sc\u0103rarul) - MHF Photography","isPartOf":{"@id":"https:\/\/mhf.ro\/mm\/#website"},"primaryImageOfPage":{"@id":"https:\/\/mhf.ro\/mm\/duminica-a-4-a-din-post-a-sf-ioan-scararul\/#primaryimage"},"image":{"@id":"https:\/\/mhf.ro\/mm\/duminica-a-4-a-din-post-a-sf-ioan-scararul\/#primaryimage"},"thumbnailUrl":"https:\/\/mhf.ro\/mm\/wp-content\/uploads\/2022\/04\/8878.jpg","datePublished":"2022-04-03T07:46:58+00:00","breadcrumb":{"@id":"https:\/\/mhf.ro\/mm\/duminica-a-4-a-din-post-a-sf-ioan-scararul\/#breadcrumb"},"inLanguage":"ro-RO","potentialAction":[{"@type":"ReadAction","target":["https:\/\/mhf.ro\/mm\/duminica-a-4-a-din-post-a-sf-ioan-scararul\/"]}]},{"@type":"ImageObject","inLanguage":"ro-RO","@id":"https:\/\/mhf.ro\/mm\/duminica-a-4-a-din-post-a-sf-ioan-scararul\/#primaryimage","url":"https:\/\/mhf.ro\/mm\/wp-content\/uploads\/2022\/04\/8878.jpg","contentUrl":"https:\/\/mhf.ro\/mm\/wp-content\/uploads\/2022\/04\/8878.jpg","width":350,"height":454},{"@type":"BreadcrumbList","@id":"https:\/\/mhf.ro\/mm\/duminica-a-4-a-din-post-a-sf-ioan-scararul\/#breadcrumb","itemListElement":[{"@type":"ListItem","position":1,"name":"Prima pagin\u0103","item":"https:\/\/mhf.ro\/mm\/"},{"@type":"ListItem","position":2,"name":"Duminica a 4-a din Post (a Sf. Ioan Sc\u0103rarul)"}]},{"@type":"WebSite","@id":"https:\/\/mhf.ro\/mm\/#website","url":"https:\/\/mhf.ro\/mm\/","name":"MHF Photography \u2013 Blog de fotografie, natur\u0103 \u0219i tehnic\u0103 divers\u0103","description":"Aventur\u0103 \u00een fiecare cadru.","publisher":{"@id":"https:\/\/mhf.ro\/mm\/#\/schema\/person\/a3bebf7bdb4bf12f698aff73c7e46c21"},"potentialAction":[{"@type":"SearchAction","target":{"@type":"EntryPoint","urlTemplate":"https:\/\/mhf.ro\/mm\/?s={search_term_string}"},"query-input":{"@type":"PropertyValueSpecification","valueRequired":true,"valueName":"search_term_string"}}],"inLanguage":"ro-RO"},{"@type":["Person","Organization"],"@id":"https:\/\/mhf.ro\/mm\/#\/schema\/person\/a3bebf7bdb4bf12f698aff73c7e46c21","name":"Marius Marcu","image":{"@type":"ImageObject","inLanguage":"ro-RO","@id":"https:\/\/mhf.ro\/mm\/#\/schema\/person\/image\/","url":"https:\/\/mhf.ro\/mm\/wp-content\/uploads\/2025\/12\/cropped-logo_mhf_2.png","contentUrl":"https:\/\/mhf.ro\/mm\/wp-content\/uploads\/2025\/12\/cropped-logo_mhf_2.png","width":1096,"height":457,"caption":"Marius Marcu"},"logo":{"@id":"https:\/\/mhf.ro\/mm\/#\/schema\/person\/image\/"},"sameAs":["https:\/\/mhf.ro\/mm"]},{"@type":"Person","@id":"https:\/\/mhf.ro\/mm\/#\/schema\/person\/4c8c06c801b7b666e81ed44550086900","name":"Preot paroh Horvat Petru","image":{"@type":"ImageObject","inLanguage":"ro-RO","@id":"https:\/\/mhf.ro\/mm\/#\/schema\/person\/image\/","url":"https:\/\/secure.gravatar.com\/avatar\/c2d2dcdf21c6f41aad486d71768c144cd6e23cb7b63bae9bd6fab542b26ad321?s=96&d=monsterid&r=g","contentUrl":"https:\/\/secure.gravatar.com\/avatar\/c2d2dcdf21c6f41aad486d71768c144cd6e23cb7b63bae9bd6fab542b26ad321?s=96&d=monsterid&r=g","caption":"Preot paroh Horvat Petru"},"sameAs":["https:\/\/mhf.ro\/mm"],"url":"https:\/\/mhf.ro\/mm\/author\/petrica\/"}]}},"_links":{"self":[{"href":"https:\/\/mhf.ro\/mm\/wp-json\/wp\/v2\/posts\/7026","targetHints":{"allow":["GET"]}}],"collection":[{"href":"https:\/\/mhf.ro\/mm\/wp-json\/wp\/v2\/posts"}],"about":[{"href":"https:\/\/mhf.ro\/mm\/wp-json\/wp\/v2\/types\/post"}],"author":[{"embeddable":true,"href":"https:\/\/mhf.ro\/mm\/wp-json\/wp\/v2\/users\/4"}],"replies":[{"embeddable":true,"href":"https:\/\/mhf.ro\/mm\/wp-json\/wp\/v2\/comments?post=7026"}],"version-history":[{"count":4,"href":"https:\/\/mhf.ro\/mm\/wp-json\/wp\/v2\/posts\/7026\/revisions"}],"predecessor-version":[{"id":7033,"href":"https:\/\/mhf.ro\/mm\/wp-json\/wp\/v2\/posts\/7026\/revisions\/7033"}],"wp:featuredmedia":[{"embeddable":true,"href":"https:\/\/mhf.ro\/mm\/wp-json\/wp\/v2\/media\/7027"}],"wp:attachment":[{"href":"https:\/\/mhf.ro\/mm\/wp-json\/wp\/v2\/media?parent=7026"}],"wp:term":[{"taxonomy":"category","embeddable":true,"href":"https:\/\/mhf.ro\/mm\/wp-json\/wp\/v2\/categories?post=7026"},{"taxonomy":"post_tag","embeddable":true,"href":"https:\/\/mhf.ro\/mm\/wp-json\/wp\/v2\/tags?post=7026"}],"curies":[{"name":"wp","href":"https:\/\/api.w.org\/{rel}","templated":true}]}}