{"id":7042,"date":"2022-04-02T07:47:49","date_gmt":"2022-04-02T05:47:49","guid":{"rendered":"https:\/\/mhf.ro\/mm\/?p=7042"},"modified":"2022-04-02T07:47:49","modified_gmt":"2022-04-02T05:47:49","slug":"timisoara-un-pacient-a-luat-foc-pe-masa-de-operatie","status":"publish","type":"post","link":"https:\/\/mhf.ro\/mm\/timisoara-un-pacient-a-luat-foc-pe-masa-de-operatie\/","title":{"rendered":"Timi\u0219oara: Un pacient a luat foc pe masa de opera\u021bie"},"content":{"rendered":"<p>Incident deosebit de grav la Spitalul Jude\u021bean din Timi\u0219oara. Un pacient a luat foc \u00een timpul unei interven\u021bii chirurgicale. B\u0103rbatul are 84 de ani \u0219i are arsuri pe fa\u021b\u0103 \u0219i pe g\u00e2t. Medicul care a stins flac\u0103ra a suferit \u0219i el arsuri pe m\u00e2ini.<\/p>\n<p>Incidentul a avut loc \u00eentr-o sal\u0103 de opera\u021bii de la Casa Austria, clinica de chirurgie reparatorie \u0219i mari ar\u0219i din cadrul Spitalului Jude\u021bean Timisoara.<\/p>\n<p>Unul dintre cei mai cunoscuti medici din unitatea sanitar\u0103 efectua o interven\u021bie chirurgical\u0103 de extirpare a unei tumori \u00een zona mandibulei.<\/p>\n<p><em>\u201eColegii de la Anestezie tocmai se preg\u0103teau s\u0103 \u00eel intubeze, a ap\u0103rut o flam\u0103, au luat foc c\u00e2mpurile. Eu am s\u0103rit, am luat c\u00e2mpurile de pe el, colegii au \u00eenchis repede oxigenul \u0219i atunci s-a limitat doar la aceast\u0103 situa\u021bie care este acum\u201d<\/em>, a spus dr. Gheorghe Noditi, medic chirurg la Casa Austria, transmite Europa Fm.<\/p>\n<p>Focul a fost stins \u00een c\u00e2teva secunde iar medicii i-au acordat pacientului primul ajutor \u0219i au reu\u0219it s\u0103 \u00eel salveze.<\/p>\n<p><em>\u201eAre ni\u0219te leziuni de arsur\u0103 gradul 1 -2A insular 2B dar suprafa\u021ba corporal\u0103 de 5% care nu pune probleme din punct de vedere al acestor leziuni de risc vital\u201d<\/em>, a mai spus medicul.<\/p>\n<p>Cel mai probabil, focul s-a produs din cauza acumul\u0103rii de oxigen \u00een timpul schimb\u0103rii m\u0103\u0219tii de aer pentru realizarea intub\u0103rii, spune managerul spitalului. (conf. Jurnalist.ro)<\/p>\n","protected":false},"excerpt":{"rendered":"<p>Incident deosebit de grav la Spitalul Jude\u021bean din Timi\u0219oara. Un pacient a luat foc \u00een timpul unei interven\u021bii chirurgicale. B\u0103rbatul<\/p>\n","protected":false},"author":1,"featured_media":7043,"comment_status":"open","ping_status":"open","sticky":false,"template":"","format":"standard","meta":{"colormag_page_container_layout":"default_layout","colormag_page_sidebar_layout":"default_layout","footnotes":""},"categories":[5],"tags":[],"class_list":["post-7042","post","type-post","status-publish","format-standard","has-post-thumbnail","hentry","category-locale"],"yoast_head":"<!-- This site is optimized with the Yoast SEO plugin v27.0 - https:\/\/yoast.com\/product\/yoast-seo-wordpress\/ -->\n<title>Timi\u0219oara: Un pacient a luat foc pe masa de opera\u021bie - MHF Photography<\/title>\n<meta name=\"robots\" content=\"index, follow, max-snippet:-1, max-image-preview:large, max-video-preview:-1\" \/>\n<link rel=\"canonical\" href=\"https:\/\/mhf.ro\/mm\/timisoara-un-pacient-a-luat-foc-pe-masa-de-operatie\/\" \/>\n<meta property=\"og:locale\" content=\"ro_RO\" \/>\n<meta property=\"og:type\" content=\"article\" \/>\n<meta property=\"og:title\" content=\"Timi\u0219oara: Un pacient a luat foc pe masa de opera\u021bie - MHF Photography\" \/>\n<meta property=\"og:description\" content=\"Incident deosebit de grav la Spitalul Jude\u021bean din Timi\u0219oara. Un pacient a luat foc \u00een timpul unei interven\u021bii chirurgicale. B\u0103rbatul\" \/>\n<meta property=\"og:url\" content=\"https:\/\/mhf.ro\/mm\/timisoara-un-pacient-a-luat-foc-pe-masa-de-operatie\/\" \/>\n<meta property=\"og:site_name\" content=\"MHF Photography\" \/>\n<meta property=\"article:published_time\" content=\"2022-04-02T05:47:49+00:00\" \/>\n<meta property=\"og:image\" content=\"https:\/\/mhf.ro\/mm\/wp-content\/uploads\/2022\/04\/pacienti-1-1068x712-1.jpg\" \/>\n\t<meta property=\"og:image:width\" content=\"1068\" \/>\n\t<meta property=\"og:image:height\" content=\"712\" \/>\n\t<meta property=\"og:image:type\" content=\"image\/jpeg\" \/>\n<meta name=\"author\" content=\"Marius Marcu\" \/>\n<meta name=\"twitter:card\" content=\"summary_large_image\" \/>\n<meta name=\"twitter:label1\" content=\"Scris de\" \/>\n\t<meta name=\"twitter:data1\" content=\"Marius Marcu\" \/>\n\t<meta name=\"twitter:label2\" content=\"Timp estimat pentru citire\" \/>\n\t<meta name=\"twitter:data2\" content=\"1 minut\" \/>\n<script type=\"application\/ld+json\" class=\"yoast-schema-graph\">{\"@context\":\"https:\/\/schema.org\",\"@graph\":[{\"@type\":\"Article\",\"@id\":\"https:\/\/mhf.ro\/mm\/timisoara-un-pacient-a-luat-foc-pe-masa-de-operatie\/#article\",\"isPartOf\":{\"@id\":\"https:\/\/mhf.ro\/mm\/timisoara-un-pacient-a-luat-foc-pe-masa-de-operatie\/\"},\"author\":{\"name\":\"Marius Marcu\",\"@id\":\"https:\/\/mhf.ro\/mm\/#\/schema\/person\/a3bebf7bdb4bf12f698aff73c7e46c21\"},\"headline\":\"Timi\u0219oara: Un pacient a luat foc pe masa de opera\u021bie\",\"datePublished\":\"2022-04-02T05:47:49+00:00\",\"mainEntityOfPage\":{\"@id\":\"https:\/\/mhf.ro\/mm\/timisoara-un-pacient-a-luat-foc-pe-masa-de-operatie\/\"},\"wordCount\":259,\"commentCount\":0,\"publisher\":{\"@id\":\"https:\/\/mhf.ro\/mm\/#\/schema\/person\/a3bebf7bdb4bf12f698aff73c7e46c21\"},\"image\":{\"@id\":\"https:\/\/mhf.ro\/mm\/timisoara-un-pacient-a-luat-foc-pe-masa-de-operatie\/#primaryimage\"},\"thumbnailUrl\":\"https:\/\/mhf.ro\/mm\/wp-content\/uploads\/2022\/04\/pacienti-1-1068x712-1.jpg\",\"articleSection\":[\"Locale\"],\"inLanguage\":\"ro-RO\",\"potentialAction\":[{\"@type\":\"CommentAction\",\"name\":\"Comment\",\"target\":[\"https:\/\/mhf.ro\/mm\/timisoara-un-pacient-a-luat-foc-pe-masa-de-operatie\/#respond\"]}]},{\"@type\":\"WebPage\",\"@id\":\"https:\/\/mhf.ro\/mm\/timisoara-un-pacient-a-luat-foc-pe-masa-de-operatie\/\",\"url\":\"https:\/\/mhf.ro\/mm\/timisoara-un-pacient-a-luat-foc-pe-masa-de-operatie\/\",\"name\":\"Timi\u0219oara: Un pacient a luat foc pe masa de opera\u021bie - MHF Photography\",\"isPartOf\":{\"@id\":\"https:\/\/mhf.ro\/mm\/#website\"},\"primaryImageOfPage\":{\"@id\":\"https:\/\/mhf.ro\/mm\/timisoara-un-pacient-a-luat-foc-pe-masa-de-operatie\/#primaryimage\"},\"image\":{\"@id\":\"https:\/\/mhf.ro\/mm\/timisoara-un-pacient-a-luat-foc-pe-masa-de-operatie\/#primaryimage\"},\"thumbnailUrl\":\"https:\/\/mhf.ro\/mm\/wp-content\/uploads\/2022\/04\/pacienti-1-1068x712-1.jpg\",\"datePublished\":\"2022-04-02T05:47:49+00:00\",\"breadcrumb\":{\"@id\":\"https:\/\/mhf.ro\/mm\/timisoara-un-pacient-a-luat-foc-pe-masa-de-operatie\/#breadcrumb\"},\"inLanguage\":\"ro-RO\",\"potentialAction\":[{\"@type\":\"ReadAction\",\"target\":[\"https:\/\/mhf.ro\/mm\/timisoara-un-pacient-a-luat-foc-pe-masa-de-operatie\/\"]}]},{\"@type\":\"ImageObject\",\"inLanguage\":\"ro-RO\",\"@id\":\"https:\/\/mhf.ro\/mm\/timisoara-un-pacient-a-luat-foc-pe-masa-de-operatie\/#primaryimage\",\"url\":\"https:\/\/mhf.ro\/mm\/wp-content\/uploads\/2022\/04\/pacienti-1-1068x712-1.jpg\",\"contentUrl\":\"https:\/\/mhf.ro\/mm\/wp-content\/uploads\/2022\/04\/pacienti-1-1068x712-1.jpg\",\"width\":1068,\"height\":712},{\"@type\":\"BreadcrumbList\",\"@id\":\"https:\/\/mhf.ro\/mm\/timisoara-un-pacient-a-luat-foc-pe-masa-de-operatie\/#breadcrumb\",\"itemListElement\":[{\"@type\":\"ListItem\",\"position\":1,\"name\":\"Prima pagin\u0103\",\"item\":\"https:\/\/mhf.ro\/mm\/\"},{\"@type\":\"ListItem\",\"position\":2,\"name\":\"Timi\u0219oara: Un pacient a luat foc pe masa de opera\u021bie\"}]},{\"@type\":\"WebSite\",\"@id\":\"https:\/\/mhf.ro\/mm\/#website\",\"url\":\"https:\/\/mhf.ro\/mm\/\",\"name\":\"MHF Photography \u2013 Blog de fotografie, natur\u0103 \u0219i tehnic\u0103 divers\u0103\",\"description\":\"Aventur\u0103 \u00een fiecare cadru.\",\"publisher\":{\"@id\":\"https:\/\/mhf.ro\/mm\/#\/schema\/person\/a3bebf7bdb4bf12f698aff73c7e46c21\"},\"potentialAction\":[{\"@type\":\"SearchAction\",\"target\":{\"@type\":\"EntryPoint\",\"urlTemplate\":\"https:\/\/mhf.ro\/mm\/?s={search_term_string}\"},\"query-input\":{\"@type\":\"PropertyValueSpecification\",\"valueRequired\":true,\"valueName\":\"search_term_string\"}}],\"inLanguage\":\"ro-RO\"},{\"@type\":[\"Person\",\"Organization\"],\"@id\":\"https:\/\/mhf.ro\/mm\/#\/schema\/person\/a3bebf7bdb4bf12f698aff73c7e46c21\",\"name\":\"Marius Marcu\",\"image\":{\"@type\":\"ImageObject\",\"inLanguage\":\"ro-RO\",\"@id\":\"https:\/\/mhf.ro\/mm\/#\/schema\/person\/image\/\",\"url\":\"https:\/\/mhf.ro\/mm\/wp-content\/uploads\/2025\/12\/cropped-logo_mhf_2.png\",\"contentUrl\":\"https:\/\/mhf.ro\/mm\/wp-content\/uploads\/2025\/12\/cropped-logo_mhf_2.png\",\"width\":1096,\"height\":457,\"caption\":\"Marius Marcu\"},\"logo\":{\"@id\":\"https:\/\/mhf.ro\/mm\/#\/schema\/person\/image\/\"},\"sameAs\":[\"https:\/\/mhf.ro\/mm\"],\"url\":\"https:\/\/mhf.ro\/mm\/author\/mihai\/\"}]}<\/script>\n<!-- \/ Yoast SEO plugin. -->","yoast_head_json":{"title":"Timi\u0219oara: Un pacient a luat foc pe masa de opera\u021bie - MHF Photography","robots":{"index":"index","follow":"follow","max-snippet":"max-snippet:-1","max-image-preview":"max-image-preview:large","max-video-preview":"max-video-preview:-1"},"canonical":"https:\/\/mhf.ro\/mm\/timisoara-un-pacient-a-luat-foc-pe-masa-de-operatie\/","og_locale":"ro_RO","og_type":"article","og_title":"Timi\u0219oara: Un pacient a luat foc pe masa de opera\u021bie - MHF Photography","og_description":"Incident deosebit de grav la Spitalul Jude\u021bean din Timi\u0219oara. Un pacient a luat foc \u00een timpul unei interven\u021bii chirurgicale. B\u0103rbatul","og_url":"https:\/\/mhf.ro\/mm\/timisoara-un-pacient-a-luat-foc-pe-masa-de-operatie\/","og_site_name":"MHF Photography","article_published_time":"2022-04-02T05:47:49+00:00","og_image":[{"width":1068,"height":712,"url":"https:\/\/mhf.ro\/mm\/wp-content\/uploads\/2022\/04\/pacienti-1-1068x712-1.jpg","type":"image\/jpeg"}],"author":"Marius Marcu","twitter_card":"summary_large_image","twitter_misc":{"Scris de":"Marius Marcu","Timp estimat pentru citire":"1 minut"},"schema":{"@context":"https:\/\/schema.org","@graph":[{"@type":"Article","@id":"https:\/\/mhf.ro\/mm\/timisoara-un-pacient-a-luat-foc-pe-masa-de-operatie\/#article","isPartOf":{"@id":"https:\/\/mhf.ro\/mm\/timisoara-un-pacient-a-luat-foc-pe-masa-de-operatie\/"},"author":{"name":"Marius Marcu","@id":"https:\/\/mhf.ro\/mm\/#\/schema\/person\/a3bebf7bdb4bf12f698aff73c7e46c21"},"headline":"Timi\u0219oara: Un pacient a luat foc pe masa de opera\u021bie","datePublished":"2022-04-02T05:47:49+00:00","mainEntityOfPage":{"@id":"https:\/\/mhf.ro\/mm\/timisoara-un-pacient-a-luat-foc-pe-masa-de-operatie\/"},"wordCount":259,"commentCount":0,"publisher":{"@id":"https:\/\/mhf.ro\/mm\/#\/schema\/person\/a3bebf7bdb4bf12f698aff73c7e46c21"},"image":{"@id":"https:\/\/mhf.ro\/mm\/timisoara-un-pacient-a-luat-foc-pe-masa-de-operatie\/#primaryimage"},"thumbnailUrl":"https:\/\/mhf.ro\/mm\/wp-content\/uploads\/2022\/04\/pacienti-1-1068x712-1.jpg","articleSection":["Locale"],"inLanguage":"ro-RO","potentialAction":[{"@type":"CommentAction","name":"Comment","target":["https:\/\/mhf.ro\/mm\/timisoara-un-pacient-a-luat-foc-pe-masa-de-operatie\/#respond"]}]},{"@type":"WebPage","@id":"https:\/\/mhf.ro\/mm\/timisoara-un-pacient-a-luat-foc-pe-masa-de-operatie\/","url":"https:\/\/mhf.ro\/mm\/timisoara-un-pacient-a-luat-foc-pe-masa-de-operatie\/","name":"Timi\u0219oara: Un pacient a luat foc pe masa de opera\u021bie - MHF Photography","isPartOf":{"@id":"https:\/\/mhf.ro\/mm\/#website"},"primaryImageOfPage":{"@id":"https:\/\/mhf.ro\/mm\/timisoara-un-pacient-a-luat-foc-pe-masa-de-operatie\/#primaryimage"},"image":{"@id":"https:\/\/mhf.ro\/mm\/timisoara-un-pacient-a-luat-foc-pe-masa-de-operatie\/#primaryimage"},"thumbnailUrl":"https:\/\/mhf.ro\/mm\/wp-content\/uploads\/2022\/04\/pacienti-1-1068x712-1.jpg","datePublished":"2022-04-02T05:47:49+00:00","breadcrumb":{"@id":"https:\/\/mhf.ro\/mm\/timisoara-un-pacient-a-luat-foc-pe-masa-de-operatie\/#breadcrumb"},"inLanguage":"ro-RO","potentialAction":[{"@type":"ReadAction","target":["https:\/\/mhf.ro\/mm\/timisoara-un-pacient-a-luat-foc-pe-masa-de-operatie\/"]}]},{"@type":"ImageObject","inLanguage":"ro-RO","@id":"https:\/\/mhf.ro\/mm\/timisoara-un-pacient-a-luat-foc-pe-masa-de-operatie\/#primaryimage","url":"https:\/\/mhf.ro\/mm\/wp-content\/uploads\/2022\/04\/pacienti-1-1068x712-1.jpg","contentUrl":"https:\/\/mhf.ro\/mm\/wp-content\/uploads\/2022\/04\/pacienti-1-1068x712-1.jpg","width":1068,"height":712},{"@type":"BreadcrumbList","@id":"https:\/\/mhf.ro\/mm\/timisoara-un-pacient-a-luat-foc-pe-masa-de-operatie\/#breadcrumb","itemListElement":[{"@type":"ListItem","position":1,"name":"Prima pagin\u0103","item":"https:\/\/mhf.ro\/mm\/"},{"@type":"ListItem","position":2,"name":"Timi\u0219oara: Un pacient a luat foc pe masa de opera\u021bie"}]},{"@type":"WebSite","@id":"https:\/\/mhf.ro\/mm\/#website","url":"https:\/\/mhf.ro\/mm\/","name":"MHF Photography \u2013 Blog de fotografie, natur\u0103 \u0219i tehnic\u0103 divers\u0103","description":"Aventur\u0103 \u00een fiecare cadru.","publisher":{"@id":"https:\/\/mhf.ro\/mm\/#\/schema\/person\/a3bebf7bdb4bf12f698aff73c7e46c21"},"potentialAction":[{"@type":"SearchAction","target":{"@type":"EntryPoint","urlTemplate":"https:\/\/mhf.ro\/mm\/?s={search_term_string}"},"query-input":{"@type":"PropertyValueSpecification","valueRequired":true,"valueName":"search_term_string"}}],"inLanguage":"ro-RO"},{"@type":["Person","Organization"],"@id":"https:\/\/mhf.ro\/mm\/#\/schema\/person\/a3bebf7bdb4bf12f698aff73c7e46c21","name":"Marius Marcu","image":{"@type":"ImageObject","inLanguage":"ro-RO","@id":"https:\/\/mhf.ro\/mm\/#\/schema\/person\/image\/","url":"https:\/\/mhf.ro\/mm\/wp-content\/uploads\/2025\/12\/cropped-logo_mhf_2.png","contentUrl":"https:\/\/mhf.ro\/mm\/wp-content\/uploads\/2025\/12\/cropped-logo_mhf_2.png","width":1096,"height":457,"caption":"Marius Marcu"},"logo":{"@id":"https:\/\/mhf.ro\/mm\/#\/schema\/person\/image\/"},"sameAs":["https:\/\/mhf.ro\/mm"],"url":"https:\/\/mhf.ro\/mm\/author\/mihai\/"}]}},"_links":{"self":[{"href":"https:\/\/mhf.ro\/mm\/wp-json\/wp\/v2\/posts\/7042","targetHints":{"allow":["GET"]}}],"collection":[{"href":"https:\/\/mhf.ro\/mm\/wp-json\/wp\/v2\/posts"}],"about":[{"href":"https:\/\/mhf.ro\/mm\/wp-json\/wp\/v2\/types\/post"}],"author":[{"embeddable":true,"href":"https:\/\/mhf.ro\/mm\/wp-json\/wp\/v2\/users\/1"}],"replies":[{"embeddable":true,"href":"https:\/\/mhf.ro\/mm\/wp-json\/wp\/v2\/comments?post=7042"}],"version-history":[{"count":1,"href":"https:\/\/mhf.ro\/mm\/wp-json\/wp\/v2\/posts\/7042\/revisions"}],"predecessor-version":[{"id":7044,"href":"https:\/\/mhf.ro\/mm\/wp-json\/wp\/v2\/posts\/7042\/revisions\/7044"}],"wp:featuredmedia":[{"embeddable":true,"href":"https:\/\/mhf.ro\/mm\/wp-json\/wp\/v2\/media\/7043"}],"wp:attachment":[{"href":"https:\/\/mhf.ro\/mm\/wp-json\/wp\/v2\/media?parent=7042"}],"wp:term":[{"taxonomy":"category","embeddable":true,"href":"https:\/\/mhf.ro\/mm\/wp-json\/wp\/v2\/categories?post=7042"},{"taxonomy":"post_tag","embeddable":true,"href":"https:\/\/mhf.ro\/mm\/wp-json\/wp\/v2\/tags?post=7042"}],"curies":[{"name":"wp","href":"https:\/\/api.w.org\/{rel}","templated":true}]}}