{"id":7153,"date":"2022-04-17T10:03:43","date_gmt":"2022-04-17T08:03:43","guid":{"rendered":"https:\/\/mhf.ro\/mm\/?p=7153"},"modified":"2022-04-17T10:05:07","modified_gmt":"2022-04-17T08:05:07","slug":"evenimente-istorice-ale-zilei-de-17-aprilie","status":"publish","type":"post","link":"https:\/\/mhf.ro\/mm\/evenimente-istorice-ale-zilei-de-17-aprilie\/","title":{"rendered":"Evenimente istorice ale zilei de 17 aprilie"},"content":{"rendered":"<ul>\n<li>69: Dup\u0103 Prima B\u0103t\u0103lie de la Bedriacum, Vitellius a devenit \u00eemp\u0103rat roman.<\/li>\n<li>1080: Regele Danemarcei Harald al III-lea moare \u0219i este succedat de Knut al IV-lea, care mai t\u00e2rziu va deveni primul danez canonizat.<\/li>\n<li>1524: Giovanni da Verrazzano a ajuns \u00een portul New York.<br \/>\n1907: \u00cen urma fuzion\u0103rii principalelor grup\u0103ri conservatoare, Petru P. Carp a devenit \u0219eful Partidului Conservator.<\/li>\n<li>1924: A luat fiin\u021b\u0103 studioul Metro\u2013Goldwyn\u2013Mayer.<\/li>\n<li>1931: La Calcutta, India a avut loc un accident aviatic, \u00een urma c\u0103ruia aviatorul Radu Beller a murit, iar principele G.V. Bibescu a fost grav r\u0103nit.<\/li>\n<li>1937: Personajului de desene animate Daffy Duck apare pentru prima dat\u0103 \u00een Porky&#8217;s Duck Hunt[1]<\/li>\n<li>1942: Prizonierul francez de r\u0103zboi, generalul Henri Giraud evadeaz\u0103 din castelul \u00eenchisoare Festung K\u00f6nigstein.<\/li>\n<li>1946: Siria a ob\u021binut independen\u021ba sa fa\u021b\u0103 de ocupa\u021bia francez\u0103.<\/li>\n<li>1954: A fost executat \u00een \u00eenchisoarea Jilava, dup\u0103 un simulacru de proces, Lucre\u021biu P\u0103tr\u0103\u0219canu, unul din liderii PCR, participant de seam\u0103 la \u00eenf\u0103ptuirea actului de la 23 august 1944, jurist, sociolog \u0219i publicist, profesor la Universitatea Bucure\u0219ti, ministru al Justi\u021biei rom\u00e2ne \u00eentre 1944\u20131948.<\/li>\n<li>1963: Compania Ford a lansat ma\u0219ina Mustang.[2]<\/li>\n<li>1964: Geraldine Mock a devenit prima femeie din lume care a zburat singur\u0103 \u00een jurul lumii.<\/li>\n<li>1969: Alexander Dub\u010dek, p\u0103rintele &#8222;Prim\u0103verii de la Praga&#8221;, a fost \u00eenlocuit \u00een func\u021bia de prim\u2013secretar al CC al PC din Cehoslovacia de c\u0103tre Gustav Husak.<\/li>\n<li>1969: Shirhan Sirhan a fost condamnat pentru asasinarea lui Robert F. Kennedy.<\/li>\n<li>1970: Nava spa\u021bial\u0103 Apollo 13, care a suportat un e\u0219ec, s-a \u00eentors pe Terra \u00een siguran\u021b\u0103.<\/li>\n<li>1975: R\u0103zboiul Civil Cambodgian se sf\u00e2r\u0219e\u0219te: Khmerii Ro\u0219ii au preluat puterea la Phnom Penh, instituind cel mai cumplit regim de teroare din sec. XX, care a plasat Cambodgia \u00een umbra istoriei contemporane.<\/li>\n<li>1982: Patria\u021bia Constitu\u021biei canadiene in Ottawa prin Proclama\u021bia Reginei Elisabeta a II-a, care domin\u0103 \u0219i Canada.<\/li>\n<li>1991: Delega\u021biei Parlamentului Rom\u00e2niei s-a acordat statutul de delega\u021bie asociat\u0103 la Adunarea Atlanticului de Nord (din 14 noiembrie 1998, AAN \u0219i-a schimbat numele \u00een Adunarea Parlamentar\u0103 a NATO).<\/li>\n<li>2014: Este anun\u021bat\u0103 descoperirea primei exoplanete cu o dimeniune asem\u0103n\u0103toare Terrei \u0219i care se afl\u0103 \u00een zona locuibil\u0103 a stelei sale. Exoplaneta, denumit\u0103 Kepler-186f, este situat\u0103 la 580 de ani-lumin\u0103 de P\u0103m\u00e2nt (sursa Wikipedia.ro)<\/li>\n<\/ul>\n<p style=\"text-align: right;\"><a href=\"https:\/\/riz.ro\/wp\/elegant-interior-and-design\/\">Ancadramente din polistiren extrudat Blaj<\/a><\/p>\n","protected":false},"excerpt":{"rendered":"<p>69: Dup\u0103 Prima B\u0103t\u0103lie de la Bedriacum, Vitellius a devenit \u00eemp\u0103rat roman. 1080: Regele Danemarcei Harald al III-lea moare \u0219i<\/p>\n","protected":false},"author":1,"featured_media":7154,"comment_status":"open","ping_status":"open","sticky":false,"template":"","format":"standard","meta":{"colormag_page_container_layout":"default_layout","colormag_page_sidebar_layout":"default_layout","footnotes":""},"categories":[5],"tags":[],"class_list":["post-7153","post","type-post","status-publish","format-standard","has-post-thumbnail","hentry","category-locale"],"yoast_head":"<!-- This site is optimized with the Yoast SEO plugin v27.0 - https:\/\/yoast.com\/product\/yoast-seo-wordpress\/ -->\n<title>Evenimente istorice ale zilei de 17 aprilie - MHF Photography<\/title>\n<meta name=\"robots\" content=\"index, follow, max-snippet:-1, max-image-preview:large, max-video-preview:-1\" \/>\n<link rel=\"canonical\" href=\"https:\/\/mhf.ro\/mm\/evenimente-istorice-ale-zilei-de-17-aprilie\/\" \/>\n<meta property=\"og:locale\" content=\"ro_RO\" \/>\n<meta property=\"og:type\" content=\"article\" \/>\n<meta property=\"og:title\" content=\"Evenimente istorice ale zilei de 17 aprilie - MHF Photography\" \/>\n<meta property=\"og:description\" content=\"69: Dup\u0103 Prima B\u0103t\u0103lie de la Bedriacum, Vitellius a devenit \u00eemp\u0103rat roman. 1080: Regele Danemarcei Harald al III-lea moare \u0219i\" \/>\n<meta property=\"og:url\" content=\"https:\/\/mhf.ro\/mm\/evenimente-istorice-ale-zilei-de-17-aprilie\/\" \/>\n<meta property=\"og:site_name\" content=\"MHF Photography\" \/>\n<meta property=\"article:published_time\" content=\"2022-04-17T08:03:43+00:00\" \/>\n<meta property=\"article:modified_time\" content=\"2022-04-17T08:05:07+00:00\" \/>\n<meta property=\"og:image\" content=\"https:\/\/mhf.ro\/mm\/wp-content\/uploads\/2022\/04\/1920px-Kepler186f-ArtistConcept-20140417.jpg\" \/>\n\t<meta property=\"og:image:width\" content=\"1920\" \/>\n\t<meta property=\"og:image:height\" content=\"1080\" \/>\n\t<meta property=\"og:image:type\" content=\"image\/jpeg\" \/>\n<meta name=\"author\" content=\"Marius Marcu\" \/>\n<meta name=\"twitter:card\" content=\"summary_large_image\" \/>\n<meta name=\"twitter:label1\" content=\"Scris de\" \/>\n\t<meta name=\"twitter:data1\" content=\"Marius Marcu\" \/>\n\t<meta name=\"twitter:label2\" content=\"Timp estimat pentru citire\" \/>\n\t<meta name=\"twitter:data2\" content=\"2 minute\" \/>\n<script type=\"application\/ld+json\" class=\"yoast-schema-graph\">{\"@context\":\"https:\/\/schema.org\",\"@graph\":[{\"@type\":\"Article\",\"@id\":\"https:\/\/mhf.ro\/mm\/evenimente-istorice-ale-zilei-de-17-aprilie\/#article\",\"isPartOf\":{\"@id\":\"https:\/\/mhf.ro\/mm\/evenimente-istorice-ale-zilei-de-17-aprilie\/\"},\"author\":{\"name\":\"Marius Marcu\",\"@id\":\"https:\/\/mhf.ro\/mm\/#\/schema\/person\/a3bebf7bdb4bf12f698aff73c7e46c21\"},\"headline\":\"Evenimente istorice ale zilei de 17 aprilie\",\"datePublished\":\"2022-04-17T08:03:43+00:00\",\"dateModified\":\"2022-04-17T08:05:07+00:00\",\"mainEntityOfPage\":{\"@id\":\"https:\/\/mhf.ro\/mm\/evenimente-istorice-ale-zilei-de-17-aprilie\/\"},\"wordCount\":395,\"commentCount\":0,\"publisher\":{\"@id\":\"https:\/\/mhf.ro\/mm\/#\/schema\/person\/a3bebf7bdb4bf12f698aff73c7e46c21\"},\"image\":{\"@id\":\"https:\/\/mhf.ro\/mm\/evenimente-istorice-ale-zilei-de-17-aprilie\/#primaryimage\"},\"thumbnailUrl\":\"https:\/\/mhf.ro\/mm\/wp-content\/uploads\/2022\/04\/1920px-Kepler186f-ArtistConcept-20140417.jpg\",\"articleSection\":[\"Locale\"],\"inLanguage\":\"ro-RO\",\"potentialAction\":[{\"@type\":\"CommentAction\",\"name\":\"Comment\",\"target\":[\"https:\/\/mhf.ro\/mm\/evenimente-istorice-ale-zilei-de-17-aprilie\/#respond\"]}]},{\"@type\":\"WebPage\",\"@id\":\"https:\/\/mhf.ro\/mm\/evenimente-istorice-ale-zilei-de-17-aprilie\/\",\"url\":\"https:\/\/mhf.ro\/mm\/evenimente-istorice-ale-zilei-de-17-aprilie\/\",\"name\":\"Evenimente istorice ale zilei de 17 aprilie - MHF Photography\",\"isPartOf\":{\"@id\":\"https:\/\/mhf.ro\/mm\/#website\"},\"primaryImageOfPage\":{\"@id\":\"https:\/\/mhf.ro\/mm\/evenimente-istorice-ale-zilei-de-17-aprilie\/#primaryimage\"},\"image\":{\"@id\":\"https:\/\/mhf.ro\/mm\/evenimente-istorice-ale-zilei-de-17-aprilie\/#primaryimage\"},\"thumbnailUrl\":\"https:\/\/mhf.ro\/mm\/wp-content\/uploads\/2022\/04\/1920px-Kepler186f-ArtistConcept-20140417.jpg\",\"datePublished\":\"2022-04-17T08:03:43+00:00\",\"dateModified\":\"2022-04-17T08:05:07+00:00\",\"breadcrumb\":{\"@id\":\"https:\/\/mhf.ro\/mm\/evenimente-istorice-ale-zilei-de-17-aprilie\/#breadcrumb\"},\"inLanguage\":\"ro-RO\",\"potentialAction\":[{\"@type\":\"ReadAction\",\"target\":[\"https:\/\/mhf.ro\/mm\/evenimente-istorice-ale-zilei-de-17-aprilie\/\"]}]},{\"@type\":\"ImageObject\",\"inLanguage\":\"ro-RO\",\"@id\":\"https:\/\/mhf.ro\/mm\/evenimente-istorice-ale-zilei-de-17-aprilie\/#primaryimage\",\"url\":\"https:\/\/mhf.ro\/mm\/wp-content\/uploads\/2022\/04\/1920px-Kepler186f-ArtistConcept-20140417.jpg\",\"contentUrl\":\"https:\/\/mhf.ro\/mm\/wp-content\/uploads\/2022\/04\/1920px-Kepler186f-ArtistConcept-20140417.jpg\",\"width\":1920,\"height\":1080},{\"@type\":\"BreadcrumbList\",\"@id\":\"https:\/\/mhf.ro\/mm\/evenimente-istorice-ale-zilei-de-17-aprilie\/#breadcrumb\",\"itemListElement\":[{\"@type\":\"ListItem\",\"position\":1,\"name\":\"Prima pagin\u0103\",\"item\":\"https:\/\/mhf.ro\/mm\/\"},{\"@type\":\"ListItem\",\"position\":2,\"name\":\"Evenimente istorice ale zilei de 17 aprilie\"}]},{\"@type\":\"WebSite\",\"@id\":\"https:\/\/mhf.ro\/mm\/#website\",\"url\":\"https:\/\/mhf.ro\/mm\/\",\"name\":\"MHF Photography \u2013 Blog de fotografie, natur\u0103 \u0219i tehnic\u0103 divers\u0103\",\"description\":\"Aventur\u0103 \u00een fiecare cadru.\",\"publisher\":{\"@id\":\"https:\/\/mhf.ro\/mm\/#\/schema\/person\/a3bebf7bdb4bf12f698aff73c7e46c21\"},\"potentialAction\":[{\"@type\":\"SearchAction\",\"target\":{\"@type\":\"EntryPoint\",\"urlTemplate\":\"https:\/\/mhf.ro\/mm\/?s={search_term_string}\"},\"query-input\":{\"@type\":\"PropertyValueSpecification\",\"valueRequired\":true,\"valueName\":\"search_term_string\"}}],\"inLanguage\":\"ro-RO\"},{\"@type\":[\"Person\",\"Organization\"],\"@id\":\"https:\/\/mhf.ro\/mm\/#\/schema\/person\/a3bebf7bdb4bf12f698aff73c7e46c21\",\"name\":\"Marius Marcu\",\"image\":{\"@type\":\"ImageObject\",\"inLanguage\":\"ro-RO\",\"@id\":\"https:\/\/mhf.ro\/mm\/#\/schema\/person\/image\/\",\"url\":\"https:\/\/mhf.ro\/mm\/wp-content\/uploads\/2025\/12\/cropped-logo_mhf_2.png\",\"contentUrl\":\"https:\/\/mhf.ro\/mm\/wp-content\/uploads\/2025\/12\/cropped-logo_mhf_2.png\",\"width\":1096,\"height\":457,\"caption\":\"Marius Marcu\"},\"logo\":{\"@id\":\"https:\/\/mhf.ro\/mm\/#\/schema\/person\/image\/\"},\"sameAs\":[\"https:\/\/mhf.ro\/mm\"],\"url\":\"https:\/\/mhf.ro\/mm\/author\/mihai\/\"}]}<\/script>\n<!-- \/ Yoast SEO plugin. -->","yoast_head_json":{"title":"Evenimente istorice ale zilei de 17 aprilie - MHF Photography","robots":{"index":"index","follow":"follow","max-snippet":"max-snippet:-1","max-image-preview":"max-image-preview:large","max-video-preview":"max-video-preview:-1"},"canonical":"https:\/\/mhf.ro\/mm\/evenimente-istorice-ale-zilei-de-17-aprilie\/","og_locale":"ro_RO","og_type":"article","og_title":"Evenimente istorice ale zilei de 17 aprilie - MHF Photography","og_description":"69: Dup\u0103 Prima B\u0103t\u0103lie de la Bedriacum, Vitellius a devenit \u00eemp\u0103rat roman. 1080: Regele Danemarcei Harald al III-lea moare \u0219i","og_url":"https:\/\/mhf.ro\/mm\/evenimente-istorice-ale-zilei-de-17-aprilie\/","og_site_name":"MHF Photography","article_published_time":"2022-04-17T08:03:43+00:00","article_modified_time":"2022-04-17T08:05:07+00:00","og_image":[{"width":1920,"height":1080,"url":"https:\/\/mhf.ro\/mm\/wp-content\/uploads\/2022\/04\/1920px-Kepler186f-ArtistConcept-20140417.jpg","type":"image\/jpeg"}],"author":"Marius Marcu","twitter_card":"summary_large_image","twitter_misc":{"Scris de":"Marius Marcu","Timp estimat pentru citire":"2 minute"},"schema":{"@context":"https:\/\/schema.org","@graph":[{"@type":"Article","@id":"https:\/\/mhf.ro\/mm\/evenimente-istorice-ale-zilei-de-17-aprilie\/#article","isPartOf":{"@id":"https:\/\/mhf.ro\/mm\/evenimente-istorice-ale-zilei-de-17-aprilie\/"},"author":{"name":"Marius Marcu","@id":"https:\/\/mhf.ro\/mm\/#\/schema\/person\/a3bebf7bdb4bf12f698aff73c7e46c21"},"headline":"Evenimente istorice ale zilei de 17 aprilie","datePublished":"2022-04-17T08:03:43+00:00","dateModified":"2022-04-17T08:05:07+00:00","mainEntityOfPage":{"@id":"https:\/\/mhf.ro\/mm\/evenimente-istorice-ale-zilei-de-17-aprilie\/"},"wordCount":395,"commentCount":0,"publisher":{"@id":"https:\/\/mhf.ro\/mm\/#\/schema\/person\/a3bebf7bdb4bf12f698aff73c7e46c21"},"image":{"@id":"https:\/\/mhf.ro\/mm\/evenimente-istorice-ale-zilei-de-17-aprilie\/#primaryimage"},"thumbnailUrl":"https:\/\/mhf.ro\/mm\/wp-content\/uploads\/2022\/04\/1920px-Kepler186f-ArtistConcept-20140417.jpg","articleSection":["Locale"],"inLanguage":"ro-RO","potentialAction":[{"@type":"CommentAction","name":"Comment","target":["https:\/\/mhf.ro\/mm\/evenimente-istorice-ale-zilei-de-17-aprilie\/#respond"]}]},{"@type":"WebPage","@id":"https:\/\/mhf.ro\/mm\/evenimente-istorice-ale-zilei-de-17-aprilie\/","url":"https:\/\/mhf.ro\/mm\/evenimente-istorice-ale-zilei-de-17-aprilie\/","name":"Evenimente istorice ale zilei de 17 aprilie - MHF Photography","isPartOf":{"@id":"https:\/\/mhf.ro\/mm\/#website"},"primaryImageOfPage":{"@id":"https:\/\/mhf.ro\/mm\/evenimente-istorice-ale-zilei-de-17-aprilie\/#primaryimage"},"image":{"@id":"https:\/\/mhf.ro\/mm\/evenimente-istorice-ale-zilei-de-17-aprilie\/#primaryimage"},"thumbnailUrl":"https:\/\/mhf.ro\/mm\/wp-content\/uploads\/2022\/04\/1920px-Kepler186f-ArtistConcept-20140417.jpg","datePublished":"2022-04-17T08:03:43+00:00","dateModified":"2022-04-17T08:05:07+00:00","breadcrumb":{"@id":"https:\/\/mhf.ro\/mm\/evenimente-istorice-ale-zilei-de-17-aprilie\/#breadcrumb"},"inLanguage":"ro-RO","potentialAction":[{"@type":"ReadAction","target":["https:\/\/mhf.ro\/mm\/evenimente-istorice-ale-zilei-de-17-aprilie\/"]}]},{"@type":"ImageObject","inLanguage":"ro-RO","@id":"https:\/\/mhf.ro\/mm\/evenimente-istorice-ale-zilei-de-17-aprilie\/#primaryimage","url":"https:\/\/mhf.ro\/mm\/wp-content\/uploads\/2022\/04\/1920px-Kepler186f-ArtistConcept-20140417.jpg","contentUrl":"https:\/\/mhf.ro\/mm\/wp-content\/uploads\/2022\/04\/1920px-Kepler186f-ArtistConcept-20140417.jpg","width":1920,"height":1080},{"@type":"BreadcrumbList","@id":"https:\/\/mhf.ro\/mm\/evenimente-istorice-ale-zilei-de-17-aprilie\/#breadcrumb","itemListElement":[{"@type":"ListItem","position":1,"name":"Prima pagin\u0103","item":"https:\/\/mhf.ro\/mm\/"},{"@type":"ListItem","position":2,"name":"Evenimente istorice ale zilei de 17 aprilie"}]},{"@type":"WebSite","@id":"https:\/\/mhf.ro\/mm\/#website","url":"https:\/\/mhf.ro\/mm\/","name":"MHF Photography \u2013 Blog de fotografie, natur\u0103 \u0219i tehnic\u0103 divers\u0103","description":"Aventur\u0103 \u00een fiecare cadru.","publisher":{"@id":"https:\/\/mhf.ro\/mm\/#\/schema\/person\/a3bebf7bdb4bf12f698aff73c7e46c21"},"potentialAction":[{"@type":"SearchAction","target":{"@type":"EntryPoint","urlTemplate":"https:\/\/mhf.ro\/mm\/?s={search_term_string}"},"query-input":{"@type":"PropertyValueSpecification","valueRequired":true,"valueName":"search_term_string"}}],"inLanguage":"ro-RO"},{"@type":["Person","Organization"],"@id":"https:\/\/mhf.ro\/mm\/#\/schema\/person\/a3bebf7bdb4bf12f698aff73c7e46c21","name":"Marius Marcu","image":{"@type":"ImageObject","inLanguage":"ro-RO","@id":"https:\/\/mhf.ro\/mm\/#\/schema\/person\/image\/","url":"https:\/\/mhf.ro\/mm\/wp-content\/uploads\/2025\/12\/cropped-logo_mhf_2.png","contentUrl":"https:\/\/mhf.ro\/mm\/wp-content\/uploads\/2025\/12\/cropped-logo_mhf_2.png","width":1096,"height":457,"caption":"Marius Marcu"},"logo":{"@id":"https:\/\/mhf.ro\/mm\/#\/schema\/person\/image\/"},"sameAs":["https:\/\/mhf.ro\/mm"],"url":"https:\/\/mhf.ro\/mm\/author\/mihai\/"}]}},"_links":{"self":[{"href":"https:\/\/mhf.ro\/mm\/wp-json\/wp\/v2\/posts\/7153","targetHints":{"allow":["GET"]}}],"collection":[{"href":"https:\/\/mhf.ro\/mm\/wp-json\/wp\/v2\/posts"}],"about":[{"href":"https:\/\/mhf.ro\/mm\/wp-json\/wp\/v2\/types\/post"}],"author":[{"embeddable":true,"href":"https:\/\/mhf.ro\/mm\/wp-json\/wp\/v2\/users\/1"}],"replies":[{"embeddable":true,"href":"https:\/\/mhf.ro\/mm\/wp-json\/wp\/v2\/comments?post=7153"}],"version-history":[{"count":3,"href":"https:\/\/mhf.ro\/mm\/wp-json\/wp\/v2\/posts\/7153\/revisions"}],"predecessor-version":[{"id":7157,"href":"https:\/\/mhf.ro\/mm\/wp-json\/wp\/v2\/posts\/7153\/revisions\/7157"}],"wp:featuredmedia":[{"embeddable":true,"href":"https:\/\/mhf.ro\/mm\/wp-json\/wp\/v2\/media\/7154"}],"wp:attachment":[{"href":"https:\/\/mhf.ro\/mm\/wp-json\/wp\/v2\/media?parent=7153"}],"wp:term":[{"taxonomy":"category","embeddable":true,"href":"https:\/\/mhf.ro\/mm\/wp-json\/wp\/v2\/categories?post=7153"},{"taxonomy":"post_tag","embeddable":true,"href":"https:\/\/mhf.ro\/mm\/wp-json\/wp\/v2\/tags?post=7153"}],"curies":[{"name":"wp","href":"https:\/\/api.w.org\/{rel}","templated":true}]}}