{"id":7167,"date":"2022-04-18T21:28:16","date_gmt":"2022-04-18T19:28:16","guid":{"rendered":"https:\/\/mhf.ro\/mm\/?p=7167"},"modified":"2022-04-18T21:28:16","modified_gmt":"2022-04-18T19:28:16","slug":"o-initiativa-admirabila","status":"publish","type":"post","link":"https:\/\/mhf.ro\/mm\/o-initiativa-admirabila\/","title":{"rendered":"O ini\u021biativ\u0103 admirabil\u0103"},"content":{"rendered":"<p>O dup\u0103-amiaz\u0103 de prim\u0103var\u0103, 18 aprilie, la biserica din Berc, a \u00eensemnat \u00eent\u00e2lnirea a peste 20 de copii din cartier cu prof. C\u0103t\u0103u\u021b\u0103 Ioana \u0219i prof. \u0218uteu S\u0103nica, petru un ,,Atelier de crea\u021bie\u201d. Iat\u0103 c\u00e2teva secven\u021be.<\/p>\n<p><img fetchpriority=\"high\" decoding=\"async\" class=\"alignnone size-medium wp-image-7169\" src=\"https:\/\/mhf.ro\/mm\/wp-content\/uploads\/2022\/04\/atelier-1-300x225.jpg\" alt=\"\" width=\"300\" height=\"225\" srcset=\"https:\/\/mhf.ro\/mm\/wp-content\/uploads\/2022\/04\/atelier-1-300x225.jpg 300w, https:\/\/mhf.ro\/mm\/wp-content\/uploads\/2022\/04\/atelier-1-1024x768.jpg 1024w, https:\/\/mhf.ro\/mm\/wp-content\/uploads\/2022\/04\/atelier-1-768x576.jpg 768w, https:\/\/mhf.ro\/mm\/wp-content\/uploads\/2022\/04\/atelier-1-1536x1152.jpg 1536w, https:\/\/mhf.ro\/mm\/wp-content\/uploads\/2022\/04\/atelier-1.jpg 1600w\" sizes=\"(max-width: 300px) 100vw, 300px\" \/> <img decoding=\"async\" class=\"alignnone size-medium wp-image-7171\" src=\"https:\/\/mhf.ro\/mm\/wp-content\/uploads\/2022\/04\/atelier-2-300x225.jpg\" alt=\"\" width=\"300\" height=\"225\" srcset=\"https:\/\/mhf.ro\/mm\/wp-content\/uploads\/2022\/04\/atelier-2-300x225.jpg 300w, https:\/\/mhf.ro\/mm\/wp-content\/uploads\/2022\/04\/atelier-2-1024x768.jpg 1024w, https:\/\/mhf.ro\/mm\/wp-content\/uploads\/2022\/04\/atelier-2-768x576.jpg 768w, https:\/\/mhf.ro\/mm\/wp-content\/uploads\/2022\/04\/atelier-2-1536x1152.jpg 1536w, https:\/\/mhf.ro\/mm\/wp-content\/uploads\/2022\/04\/atelier-2.jpg 1600w\" sizes=\"(max-width: 300px) 100vw, 300px\" \/> <img decoding=\"async\" class=\"alignnone size-medium wp-image-7172\" src=\"https:\/\/mhf.ro\/mm\/wp-content\/uploads\/2022\/04\/atelier-3-225x300.jpg\" alt=\"\" width=\"225\" height=\"300\" srcset=\"https:\/\/mhf.ro\/mm\/wp-content\/uploads\/2022\/04\/atelier-3-225x300.jpg 225w, https:\/\/mhf.ro\/mm\/wp-content\/uploads\/2022\/04\/atelier-3-768x1024.jpg 768w, https:\/\/mhf.ro\/mm\/wp-content\/uploads\/2022\/04\/atelier-3-1152x1536.jpg 1152w, https:\/\/mhf.ro\/mm\/wp-content\/uploads\/2022\/04\/atelier-3.jpg 1200w\" sizes=\"(max-width: 225px) 100vw, 225px\" \/>\u00a0 <img loading=\"lazy\" decoding=\"async\" class=\"alignnone size-medium wp-image-7174\" src=\"https:\/\/mhf.ro\/mm\/wp-content\/uploads\/2022\/04\/atelier-300x225.jpg\" alt=\"\" width=\"300\" height=\"225\" srcset=\"https:\/\/mhf.ro\/mm\/wp-content\/uploads\/2022\/04\/atelier-300x225.jpg 300w, https:\/\/mhf.ro\/mm\/wp-content\/uploads\/2022\/04\/atelier-1024x768.jpg 1024w, https:\/\/mhf.ro\/mm\/wp-content\/uploads\/2022\/04\/atelier-768x576.jpg 768w, https:\/\/mhf.ro\/mm\/wp-content\/uploads\/2022\/04\/atelier-1536x1152.jpg 1536w, https:\/\/mhf.ro\/mm\/wp-content\/uploads\/2022\/04\/atelier.jpg 1600w\" sizes=\"(max-width: 300px) 100vw, 300px\" \/><\/p>\n<p>\u00cent\u00e2lnirea copiilor cu doamnele care se str\u0103duiesc s\u0103 le cultive \u00eendem\u00e2narea \u0219i creativitatea, este alternat\u0103 \u0219i cu \u00eenv\u0103\u021barea unor c\u00e2ntece specifice perioadei \u00een care ne afl\u0103m, sub \u00eendrumarea prof. Popescu Floreta. Bisecunoscutul muzician olandez, Andree Rieu, insist\u0103, plec\u00e2nd de la propria experien\u021b\u0103, c\u0103 pentru c\u00e2ntat \u0219i educa\u021bie corul bisericii are un rol inegalabil.<\/p>\n<p>S\u0103 sper\u0103m c\u0103 efortul moderatoarelor \u0219i entuziasmul copiilor se vor \u00eentinde pe o perioad\u0103 c\u00e2t mai lung\u0103.<\/p>\n","protected":false},"excerpt":{"rendered":"<p>O dup\u0103-amiaz\u0103 de prim\u0103var\u0103, 18 aprilie, la biserica din Berc, a \u00eensemnat \u00eent\u00e2lnirea a peste 20 de copii din cartier<\/p>\n","protected":false},"author":4,"featured_media":7168,"comment_status":"open","ping_status":"open","sticky":false,"template":"","format":"standard","meta":{"colormag_page_container_layout":"default_layout","colormag_page_sidebar_layout":"default_layout","footnotes":""},"categories":[5],"tags":[],"class_list":["post-7167","post","type-post","status-publish","format-standard","has-post-thumbnail","hentry","category-locale"],"yoast_head":"<!-- This site is optimized with the Yoast SEO plugin v27.0 - https:\/\/yoast.com\/product\/yoast-seo-wordpress\/ -->\n<title>O ini\u021biativ\u0103 admirabil\u0103 - MHF Photography<\/title>\n<meta name=\"robots\" content=\"index, follow, max-snippet:-1, max-image-preview:large, max-video-preview:-1\" \/>\n<link rel=\"canonical\" href=\"https:\/\/mhf.ro\/mm\/o-initiativa-admirabila\/\" \/>\n<meta property=\"og:locale\" content=\"ro_RO\" \/>\n<meta property=\"og:type\" content=\"article\" \/>\n<meta property=\"og:title\" content=\"O ini\u021biativ\u0103 admirabil\u0103 - MHF Photography\" \/>\n<meta property=\"og:description\" content=\"O dup\u0103-amiaz\u0103 de prim\u0103var\u0103, 18 aprilie, la biserica din Berc, a \u00eensemnat \u00eent\u00e2lnirea a peste 20 de copii din cartier\" \/>\n<meta property=\"og:url\" content=\"https:\/\/mhf.ro\/mm\/o-initiativa-admirabila\/\" \/>\n<meta property=\"og:site_name\" content=\"MHF Photography\" \/>\n<meta property=\"article:published_time\" content=\"2022-04-18T19:28:16+00:00\" \/>\n<meta property=\"og:image\" content=\"https:\/\/mhf.ro\/mm\/wp-content\/uploads\/2022\/04\/atelier-4.jpg\" \/>\n\t<meta property=\"og:image:width\" content=\"1200\" \/>\n\t<meta property=\"og:image:height\" content=\"1600\" \/>\n\t<meta property=\"og:image:type\" content=\"image\/jpeg\" \/>\n<meta name=\"author\" content=\"Preot paroh Horvat Petru\" \/>\n<meta name=\"twitter:card\" content=\"summary_large_image\" \/>\n<meta name=\"twitter:label1\" content=\"Scris de\" \/>\n\t<meta name=\"twitter:data1\" content=\"Preot paroh Horvat Petru\" \/>\n\t<meta name=\"twitter:label2\" content=\"Timp estimat pentru citire\" \/>\n\t<meta name=\"twitter:data2\" content=\"2 minute\" \/>\n<script type=\"application\/ld+json\" class=\"yoast-schema-graph\">{\"@context\":\"https:\/\/schema.org\",\"@graph\":[{\"@type\":\"Article\",\"@id\":\"https:\/\/mhf.ro\/mm\/o-initiativa-admirabila\/#article\",\"isPartOf\":{\"@id\":\"https:\/\/mhf.ro\/mm\/o-initiativa-admirabila\/\"},\"author\":{\"name\":\"Preot paroh Horvat Petru\",\"@id\":\"https:\/\/mhf.ro\/mm\/#\/schema\/person\/4c8c06c801b7b666e81ed44550086900\"},\"headline\":\"O ini\u021biativ\u0103 admirabil\u0103\",\"datePublished\":\"2022-04-18T19:28:16+00:00\",\"mainEntityOfPage\":{\"@id\":\"https:\/\/mhf.ro\/mm\/o-initiativa-admirabila\/\"},\"wordCount\":128,\"commentCount\":0,\"publisher\":{\"@id\":\"https:\/\/mhf.ro\/mm\/#\/schema\/person\/a3bebf7bdb4bf12f698aff73c7e46c21\"},\"image\":{\"@id\":\"https:\/\/mhf.ro\/mm\/o-initiativa-admirabila\/#primaryimage\"},\"thumbnailUrl\":\"https:\/\/mhf.ro\/mm\/wp-content\/uploads\/2022\/04\/atelier-4.jpg\",\"articleSection\":[\"Locale\"],\"inLanguage\":\"ro-RO\",\"potentialAction\":[{\"@type\":\"CommentAction\",\"name\":\"Comment\",\"target\":[\"https:\/\/mhf.ro\/mm\/o-initiativa-admirabila\/#respond\"]}]},{\"@type\":\"WebPage\",\"@id\":\"https:\/\/mhf.ro\/mm\/o-initiativa-admirabila\/\",\"url\":\"https:\/\/mhf.ro\/mm\/o-initiativa-admirabila\/\",\"name\":\"O ini\u021biativ\u0103 admirabil\u0103 - MHF Photography\",\"isPartOf\":{\"@id\":\"https:\/\/mhf.ro\/mm\/#website\"},\"primaryImageOfPage\":{\"@id\":\"https:\/\/mhf.ro\/mm\/o-initiativa-admirabila\/#primaryimage\"},\"image\":{\"@id\":\"https:\/\/mhf.ro\/mm\/o-initiativa-admirabila\/#primaryimage\"},\"thumbnailUrl\":\"https:\/\/mhf.ro\/mm\/wp-content\/uploads\/2022\/04\/atelier-4.jpg\",\"datePublished\":\"2022-04-18T19:28:16+00:00\",\"breadcrumb\":{\"@id\":\"https:\/\/mhf.ro\/mm\/o-initiativa-admirabila\/#breadcrumb\"},\"inLanguage\":\"ro-RO\",\"potentialAction\":[{\"@type\":\"ReadAction\",\"target\":[\"https:\/\/mhf.ro\/mm\/o-initiativa-admirabila\/\"]}]},{\"@type\":\"ImageObject\",\"inLanguage\":\"ro-RO\",\"@id\":\"https:\/\/mhf.ro\/mm\/o-initiativa-admirabila\/#primaryimage\",\"url\":\"https:\/\/mhf.ro\/mm\/wp-content\/uploads\/2022\/04\/atelier-4.jpg\",\"contentUrl\":\"https:\/\/mhf.ro\/mm\/wp-content\/uploads\/2022\/04\/atelier-4.jpg\",\"width\":1200,\"height\":1600},{\"@type\":\"BreadcrumbList\",\"@id\":\"https:\/\/mhf.ro\/mm\/o-initiativa-admirabila\/#breadcrumb\",\"itemListElement\":[{\"@type\":\"ListItem\",\"position\":1,\"name\":\"Prima pagin\u0103\",\"item\":\"https:\/\/mhf.ro\/mm\/\"},{\"@type\":\"ListItem\",\"position\":2,\"name\":\"O ini\u021biativ\u0103 admirabil\u0103\"}]},{\"@type\":\"WebSite\",\"@id\":\"https:\/\/mhf.ro\/mm\/#website\",\"url\":\"https:\/\/mhf.ro\/mm\/\",\"name\":\"MHF Photography \u2013 Blog de fotografie, natur\u0103 \u0219i tehnic\u0103 divers\u0103\",\"description\":\"Aventur\u0103 \u00een fiecare cadru.\",\"publisher\":{\"@id\":\"https:\/\/mhf.ro\/mm\/#\/schema\/person\/a3bebf7bdb4bf12f698aff73c7e46c21\"},\"potentialAction\":[{\"@type\":\"SearchAction\",\"target\":{\"@type\":\"EntryPoint\",\"urlTemplate\":\"https:\/\/mhf.ro\/mm\/?s={search_term_string}\"},\"query-input\":{\"@type\":\"PropertyValueSpecification\",\"valueRequired\":true,\"valueName\":\"search_term_string\"}}],\"inLanguage\":\"ro-RO\"},{\"@type\":[\"Person\",\"Organization\"],\"@id\":\"https:\/\/mhf.ro\/mm\/#\/schema\/person\/a3bebf7bdb4bf12f698aff73c7e46c21\",\"name\":\"Marius Marcu\",\"image\":{\"@type\":\"ImageObject\",\"inLanguage\":\"ro-RO\",\"@id\":\"https:\/\/mhf.ro\/mm\/#\/schema\/person\/image\/\",\"url\":\"https:\/\/mhf.ro\/mm\/wp-content\/uploads\/2025\/12\/cropped-logo_mhf_2.png\",\"contentUrl\":\"https:\/\/mhf.ro\/mm\/wp-content\/uploads\/2025\/12\/cropped-logo_mhf_2.png\",\"width\":1096,\"height\":457,\"caption\":\"Marius Marcu\"},\"logo\":{\"@id\":\"https:\/\/mhf.ro\/mm\/#\/schema\/person\/image\/\"},\"sameAs\":[\"https:\/\/mhf.ro\/mm\"]},{\"@type\":\"Person\",\"@id\":\"https:\/\/mhf.ro\/mm\/#\/schema\/person\/4c8c06c801b7b666e81ed44550086900\",\"name\":\"Preot paroh Horvat Petru\",\"image\":{\"@type\":\"ImageObject\",\"inLanguage\":\"ro-RO\",\"@id\":\"https:\/\/mhf.ro\/mm\/#\/schema\/person\/image\/\",\"url\":\"https:\/\/secure.gravatar.com\/avatar\/c2d2dcdf21c6f41aad486d71768c144cd6e23cb7b63bae9bd6fab542b26ad321?s=96&d=monsterid&r=g\",\"contentUrl\":\"https:\/\/secure.gravatar.com\/avatar\/c2d2dcdf21c6f41aad486d71768c144cd6e23cb7b63bae9bd6fab542b26ad321?s=96&d=monsterid&r=g\",\"caption\":\"Preot paroh Horvat Petru\"},\"sameAs\":[\"https:\/\/mhf.ro\/mm\"],\"url\":\"https:\/\/mhf.ro\/mm\/author\/petrica\/\"}]}<\/script>\n<!-- \/ Yoast SEO plugin. -->","yoast_head_json":{"title":"O ini\u021biativ\u0103 admirabil\u0103 - MHF Photography","robots":{"index":"index","follow":"follow","max-snippet":"max-snippet:-1","max-image-preview":"max-image-preview:large","max-video-preview":"max-video-preview:-1"},"canonical":"https:\/\/mhf.ro\/mm\/o-initiativa-admirabila\/","og_locale":"ro_RO","og_type":"article","og_title":"O ini\u021biativ\u0103 admirabil\u0103 - MHF Photography","og_description":"O dup\u0103-amiaz\u0103 de prim\u0103var\u0103, 18 aprilie, la biserica din Berc, a \u00eensemnat \u00eent\u00e2lnirea a peste 20 de copii din cartier","og_url":"https:\/\/mhf.ro\/mm\/o-initiativa-admirabila\/","og_site_name":"MHF Photography","article_published_time":"2022-04-18T19:28:16+00:00","og_image":[{"width":1200,"height":1600,"url":"https:\/\/mhf.ro\/mm\/wp-content\/uploads\/2022\/04\/atelier-4.jpg","type":"image\/jpeg"}],"author":"Preot paroh Horvat Petru","twitter_card":"summary_large_image","twitter_misc":{"Scris de":"Preot paroh Horvat Petru","Timp estimat pentru citire":"2 minute"},"schema":{"@context":"https:\/\/schema.org","@graph":[{"@type":"Article","@id":"https:\/\/mhf.ro\/mm\/o-initiativa-admirabila\/#article","isPartOf":{"@id":"https:\/\/mhf.ro\/mm\/o-initiativa-admirabila\/"},"author":{"name":"Preot paroh Horvat Petru","@id":"https:\/\/mhf.ro\/mm\/#\/schema\/person\/4c8c06c801b7b666e81ed44550086900"},"headline":"O ini\u021biativ\u0103 admirabil\u0103","datePublished":"2022-04-18T19:28:16+00:00","mainEntityOfPage":{"@id":"https:\/\/mhf.ro\/mm\/o-initiativa-admirabila\/"},"wordCount":128,"commentCount":0,"publisher":{"@id":"https:\/\/mhf.ro\/mm\/#\/schema\/person\/a3bebf7bdb4bf12f698aff73c7e46c21"},"image":{"@id":"https:\/\/mhf.ro\/mm\/o-initiativa-admirabila\/#primaryimage"},"thumbnailUrl":"https:\/\/mhf.ro\/mm\/wp-content\/uploads\/2022\/04\/atelier-4.jpg","articleSection":["Locale"],"inLanguage":"ro-RO","potentialAction":[{"@type":"CommentAction","name":"Comment","target":["https:\/\/mhf.ro\/mm\/o-initiativa-admirabila\/#respond"]}]},{"@type":"WebPage","@id":"https:\/\/mhf.ro\/mm\/o-initiativa-admirabila\/","url":"https:\/\/mhf.ro\/mm\/o-initiativa-admirabila\/","name":"O ini\u021biativ\u0103 admirabil\u0103 - MHF Photography","isPartOf":{"@id":"https:\/\/mhf.ro\/mm\/#website"},"primaryImageOfPage":{"@id":"https:\/\/mhf.ro\/mm\/o-initiativa-admirabila\/#primaryimage"},"image":{"@id":"https:\/\/mhf.ro\/mm\/o-initiativa-admirabila\/#primaryimage"},"thumbnailUrl":"https:\/\/mhf.ro\/mm\/wp-content\/uploads\/2022\/04\/atelier-4.jpg","datePublished":"2022-04-18T19:28:16+00:00","breadcrumb":{"@id":"https:\/\/mhf.ro\/mm\/o-initiativa-admirabila\/#breadcrumb"},"inLanguage":"ro-RO","potentialAction":[{"@type":"ReadAction","target":["https:\/\/mhf.ro\/mm\/o-initiativa-admirabila\/"]}]},{"@type":"ImageObject","inLanguage":"ro-RO","@id":"https:\/\/mhf.ro\/mm\/o-initiativa-admirabila\/#primaryimage","url":"https:\/\/mhf.ro\/mm\/wp-content\/uploads\/2022\/04\/atelier-4.jpg","contentUrl":"https:\/\/mhf.ro\/mm\/wp-content\/uploads\/2022\/04\/atelier-4.jpg","width":1200,"height":1600},{"@type":"BreadcrumbList","@id":"https:\/\/mhf.ro\/mm\/o-initiativa-admirabila\/#breadcrumb","itemListElement":[{"@type":"ListItem","position":1,"name":"Prima pagin\u0103","item":"https:\/\/mhf.ro\/mm\/"},{"@type":"ListItem","position":2,"name":"O ini\u021biativ\u0103 admirabil\u0103"}]},{"@type":"WebSite","@id":"https:\/\/mhf.ro\/mm\/#website","url":"https:\/\/mhf.ro\/mm\/","name":"MHF Photography \u2013 Blog de fotografie, natur\u0103 \u0219i tehnic\u0103 divers\u0103","description":"Aventur\u0103 \u00een fiecare cadru.","publisher":{"@id":"https:\/\/mhf.ro\/mm\/#\/schema\/person\/a3bebf7bdb4bf12f698aff73c7e46c21"},"potentialAction":[{"@type":"SearchAction","target":{"@type":"EntryPoint","urlTemplate":"https:\/\/mhf.ro\/mm\/?s={search_term_string}"},"query-input":{"@type":"PropertyValueSpecification","valueRequired":true,"valueName":"search_term_string"}}],"inLanguage":"ro-RO"},{"@type":["Person","Organization"],"@id":"https:\/\/mhf.ro\/mm\/#\/schema\/person\/a3bebf7bdb4bf12f698aff73c7e46c21","name":"Marius Marcu","image":{"@type":"ImageObject","inLanguage":"ro-RO","@id":"https:\/\/mhf.ro\/mm\/#\/schema\/person\/image\/","url":"https:\/\/mhf.ro\/mm\/wp-content\/uploads\/2025\/12\/cropped-logo_mhf_2.png","contentUrl":"https:\/\/mhf.ro\/mm\/wp-content\/uploads\/2025\/12\/cropped-logo_mhf_2.png","width":1096,"height":457,"caption":"Marius Marcu"},"logo":{"@id":"https:\/\/mhf.ro\/mm\/#\/schema\/person\/image\/"},"sameAs":["https:\/\/mhf.ro\/mm"]},{"@type":"Person","@id":"https:\/\/mhf.ro\/mm\/#\/schema\/person\/4c8c06c801b7b666e81ed44550086900","name":"Preot paroh Horvat Petru","image":{"@type":"ImageObject","inLanguage":"ro-RO","@id":"https:\/\/mhf.ro\/mm\/#\/schema\/person\/image\/","url":"https:\/\/secure.gravatar.com\/avatar\/c2d2dcdf21c6f41aad486d71768c144cd6e23cb7b63bae9bd6fab542b26ad321?s=96&d=monsterid&r=g","contentUrl":"https:\/\/secure.gravatar.com\/avatar\/c2d2dcdf21c6f41aad486d71768c144cd6e23cb7b63bae9bd6fab542b26ad321?s=96&d=monsterid&r=g","caption":"Preot paroh Horvat Petru"},"sameAs":["https:\/\/mhf.ro\/mm"],"url":"https:\/\/mhf.ro\/mm\/author\/petrica\/"}]}},"_links":{"self":[{"href":"https:\/\/mhf.ro\/mm\/wp-json\/wp\/v2\/posts\/7167","targetHints":{"allow":["GET"]}}],"collection":[{"href":"https:\/\/mhf.ro\/mm\/wp-json\/wp\/v2\/posts"}],"about":[{"href":"https:\/\/mhf.ro\/mm\/wp-json\/wp\/v2\/types\/post"}],"author":[{"embeddable":true,"href":"https:\/\/mhf.ro\/mm\/wp-json\/wp\/v2\/users\/4"}],"replies":[{"embeddable":true,"href":"https:\/\/mhf.ro\/mm\/wp-json\/wp\/v2\/comments?post=7167"}],"version-history":[{"count":1,"href":"https:\/\/mhf.ro\/mm\/wp-json\/wp\/v2\/posts\/7167\/revisions"}],"predecessor-version":[{"id":7175,"href":"https:\/\/mhf.ro\/mm\/wp-json\/wp\/v2\/posts\/7167\/revisions\/7175"}],"wp:featuredmedia":[{"embeddable":true,"href":"https:\/\/mhf.ro\/mm\/wp-json\/wp\/v2\/media\/7168"}],"wp:attachment":[{"href":"https:\/\/mhf.ro\/mm\/wp-json\/wp\/v2\/media?parent=7167"}],"wp:term":[{"taxonomy":"category","embeddable":true,"href":"https:\/\/mhf.ro\/mm\/wp-json\/wp\/v2\/categories?post=7167"},{"taxonomy":"post_tag","embeddable":true,"href":"https:\/\/mhf.ro\/mm\/wp-json\/wp\/v2\/tags?post=7167"}],"curies":[{"name":"wp","href":"https:\/\/api.w.org\/{rel}","templated":true}]}}