{"id":7176,"date":"2022-04-18T21:48:59","date_gmt":"2022-04-18T19:48:59","guid":{"rendered":"https:\/\/mhf.ro\/mm\/?p=7176"},"modified":"2022-04-18T21:48:59","modified_gmt":"2022-04-18T19:48:59","slug":"care-este-semnificatia-fiecarei-zile-din-saptamana-sfintelor-patimiri","status":"publish","type":"post","link":"https:\/\/mhf.ro\/mm\/care-este-semnificatia-fiecarei-zile-din-saptamana-sfintelor-patimiri\/","title":{"rendered":"Care este semnifica\u021bia fiec\u0103rei zile din S\u0103pt\u0103m\u00e2na Sfintelor P\u0103timiri?"},"content":{"rendered":"<div id=\"articol-desc\"><span class=\"autori\"><a href=\"https:\/\/doxologia.ro\/catalin-acasandrei\">C\u0103t\u0103lin Acasandrei<\/a><\/span> \/<span class=\"categorie last\"><a href=\"https:\/\/doxologia.ro\/viata-bisericii\/documentar\">Documentar<\/a><\/span><\/div>\n<div id=\"articol-sapou\">\n<div class=\"field field-name-field-sapou-articol field-type-text-long field-label-hidden field-wrapper\">\n<p class=\"rtejustify\">\u00cen timpul S\u0103pt\u0103m\u00e2nii Patimilor ne reamintim \u0219i retr\u0103im ultimele zile din via\u021ba M\u00e2ntuitorului, cu \u00eentreaga lor tensiune \u0219i dram\u0103 l\u0103untric\u0103. \u00cen aceast\u0103 s\u0103pt\u0103m\u00e2n\u0103, fiecare zi are un \u00een\u021beles \u0219i un mesaj foarte clar \u0219i ad\u00e2nc.<\/p>\n<\/div>\n<\/div>\n<div class=\"owl-articol\">\n<div id=\"owlcarousel_node_articol\" class=\"owlcarousel_node_articol owl-carousel owl-theme\">\n<div class=\"owl-wrapper-outer\">\n<div class=\"owl-wrapper\">\n<div class=\"owl-item\">\n<div class=\"item-0\"><a class=\"colorbox init-colorbox-processed cboxElement\" title=\"Foto: Oana Nechifor\" href=\"https:\/\/doxologia.ro\/sites\/default\/files\/styles\/media-articol-colorbox\/public\/articol\/2018\/04\/rastignirea_domnului_foto_oana_nechifor.jpg?itok=lFvuInhi\" rel=\"gallery-all\"><img fetchpriority=\"high\" decoding=\"async\" title=\"Foto: Oana Nechifor\" src=\"https:\/\/doxologia.ro\/sites\/default\/files\/styles\/articol\/public\/articol\/2018\/04\/rastignirea_domnului_foto_oana_nechifor.jpg?itok=Z9uFw2GG\" alt=\"Foto: Oana Nechifor\" width=\"915\" height=\"610\" \/><\/a><\/p>\n<div class=\"item-1\">Foto: Oana Nechifor<\/div>\n<div class=\"item-1\">Cea mai veche perioad\u0103 de post din istoria Bisericii, S\u0103pt\u0103m\u00e2na Sfintelor P\u0103timiri, sau S\u0103pt\u0103m\u00e2na Mare, este perioada de la Florii p\u00e2n\u0103 \u00een S\u00e2mb\u0103ta cea Mare, inclusiv. Caracteristica esen\u021bial\u0103 a acestei s\u0103pt\u0103m\u00e2ni sunt Deniile, slujba Deniei fiind utrenia din ziua urm\u0103toare, care se s\u0103v\u00e2r\u0219e\u0219te \u00een ajun, seara. Cuv\u00e2ntul \u201edenie\u201d vine de la slavonescul <em>vdenie<\/em>\u00a0\u015fi \u00eenseamn\u0103\u00a0<em>priveghere<\/em>\u00a0sau\u00a0<em>slujb\u0103 nocturn\u0103<\/em>.<\/div>\n<\/div>\n<\/div>\n<\/div>\n<\/div>\n<\/div>\n<\/div>\n<div class=\"body field\">\n<p>Astfel, conform Sinaxarului din <em>Triod<\/em>, \u00een fiecare zi din\u00a0S\u0103pt\u0103m\u00e2na Mare\u00a0ne reamintim \u0219i retr\u0103im ultimele zile din via\u021ba M\u00e2ntuitorului:<\/p>\n<ul>\n<li class=\"rtejustify\"><a href=\"https:\/\/doxologia.ro\/clipuri\/video-sfanta-marea-zi-de-luni\" target=\"_blank\" rel=\"noopener\"><strong>Sf\u00e2nta \u0219i Marea Luni<\/strong><\/a> \u2013\u00a0ne aduce \u00een fa\u0163\u0103 icoana t\u00e2n\u0103rului Iosif\u00a0care a fost v\u00e2ndut de fra\u0163ii s\u0103i \u00een Egipt. Istorisirea vie\u0163ii sale \u00een cultul liturgic este anticiparea Jertfei M\u00e2ntuitorului Iisus Hristos\u00a0Care a fost v\u00e2ndut de Iuda.<\/li>\n<li class=\"rtejustify\"><strong><a href=\"https:\/\/doxologia.ro\/clipuri\/video-sfanta-marea-zi-de-marti\" target=\"_blank\" rel=\"noopener\">Sf\u00e2nta \u0219i Marea Mar\u021bi<\/a><\/strong>\u00a0\u2013 se face pomenirea Pildei celor zece fecioare. Este o pild\u0103 care are menirea s\u0103 ne \u021bin\u0103 treaz\u0103 datoria de a tr\u0103i permanent \u00een Hristos.<\/li>\n<li class=\"rtejustify\"><a href=\"https:\/\/doxologia.ro\/clipuri\/video-sfanta-marea-zi-de-miercuri\" target=\"_blank\" rel=\"noopener\"><strong>Sf\u00e2nta \u0219i Marea Miercuri<\/strong><\/a>\u00a0\u00a0\u2013 se face pomenire de femeia p\u0103c\u0103toas\u0103\u00a0care a sp\u0103lat cu lacrimi \u015fi a uns cu mir picioarele M\u00e2ntuitorului \u2013 simbol\u00a0al poc\u0103in\u0163ei adev\u0103rate\u00a0\u015fi\u00a0al \u00eendrept\u0103rii<strong>\u00a0<\/strong>omului p\u0103c\u0103tos.<\/li>\n<li class=\"rtejustify\"><a href=\"https:\/\/doxologia.ro\/clipuri\/video-sfanta-marea-zi-de-joi\" target=\"_blank\" rel=\"noopener\"><strong>Sf\u00e2nta \u0219i Marea Joi<\/strong><\/a>\u00a0\u2013 este \u00eenchinat\u0103 amintirii a patru evenimente deosebite din via\u021ba M\u00e2ntuitorului:\u00a0sp\u0103larea picioarelor ucenicilor, ca pild\u0103 de smerenie;\u00a0Cina cea de Tain\u0103, la care M\u00e2ntuitorul a instituit\u00a0Taina Sfintei\u00a0Euharistii;\u00a0rug\u0103ciunea arhiereasc\u0103; \u00eenceputul P\u0103timirilor, prin\u00a0vinderea Domnului.<\/li>\n<li class=\"rtejustify\"><a href=\"https:\/\/doxologia.ro\/clipuri\/video-sfanta-marea-zi-de-vineri\" target=\"_blank\" rel=\"noopener\"><strong>Sf\u00e2nta \u0219i Marea Vineri<\/strong><\/a>\u00a0\u2013 se pr\u0103znuiesc\u00a0\u201eSfintele \u015fi m\u00e2ntuitoarele \u015fi \u00eenfrico\u015f\u0103toarele Patimi ale Domnului \u015fi Dumnezeului \u015fi M\u00e2ntuitorului nostru Iisus Hristos\u201d.<\/li>\n<li class=\"rtejustify\"><a href=\"https:\/\/doxologia.ro\/clipuri\/video-sfanta-marea-zi-de-sambata\" target=\"_blank\" rel=\"noopener\"><strong>Sf\u00e2nta \u0219i Marea S\u00e2mb\u0103t\u0103<\/strong><\/a> \u2013 pr\u0103znuim \u00eengroparea M\u00e2ntuitorului nostru Iisus Hristos \u0219i pogor\u00e2rea Sa la iad. (cf. doxologia.ro)<\/li>\n<\/ul>\n<\/div>\n","protected":false},"excerpt":{"rendered":"<p>C\u0103t\u0103lin Acasandrei \/Documentar \u00cen timpul S\u0103pt\u0103m\u00e2nii Patimilor ne reamintim \u0219i retr\u0103im ultimele zile din via\u021ba M\u00e2ntuitorului, cu \u00eentreaga lor tensiune<\/p>\n","protected":false},"author":4,"featured_media":7177,"comment_status":"open","ping_status":"open","sticky":false,"template":"","format":"standard","meta":{"colormag_page_container_layout":"default_layout","colormag_page_sidebar_layout":"default_layout","footnotes":""},"categories":[34],"tags":[],"class_list":["post-7176","post","type-post","status-publish","format-standard","has-post-thumbnail","hentry","category-religie"],"yoast_head":"<!-- This site is optimized with the Yoast SEO plugin v27.0 - https:\/\/yoast.com\/product\/yoast-seo-wordpress\/ -->\n<title>Care este semnifica\u021bia fiec\u0103rei zile din S\u0103pt\u0103m\u00e2na Sfintelor P\u0103timiri? - MHF Photography<\/title>\n<meta name=\"robots\" content=\"index, follow, max-snippet:-1, max-image-preview:large, max-video-preview:-1\" \/>\n<link rel=\"canonical\" href=\"https:\/\/mhf.ro\/mm\/care-este-semnificatia-fiecarei-zile-din-saptamana-sfintelor-patimiri\/\" \/>\n<meta property=\"og:locale\" content=\"ro_RO\" \/>\n<meta property=\"og:type\" content=\"article\" \/>\n<meta property=\"og:title\" content=\"Care este semnifica\u021bia fiec\u0103rei zile din S\u0103pt\u0103m\u00e2na Sfintelor P\u0103timiri? - MHF Photography\" \/>\n<meta property=\"og:description\" content=\"C\u0103t\u0103lin Acasandrei \/Documentar \u00cen timpul S\u0103pt\u0103m\u00e2nii Patimilor ne reamintim \u0219i retr\u0103im ultimele zile din via\u021ba M\u00e2ntuitorului, cu \u00eentreaga lor tensiune\" \/>\n<meta property=\"og:url\" content=\"https:\/\/mhf.ro\/mm\/care-este-semnificatia-fiecarei-zile-din-saptamana-sfintelor-patimiri\/\" \/>\n<meta property=\"og:site_name\" content=\"MHF Photography\" \/>\n<meta property=\"article:published_time\" content=\"2022-04-18T19:48:59+00:00\" \/>\n<meta property=\"og:image\" content=\"https:\/\/mhf.ro\/mm\/wp-content\/uploads\/2022\/04\/marti.jpg\" \/>\n\t<meta property=\"og:image:width\" content=\"260\" \/>\n\t<meta property=\"og:image:height\" content=\"194\" \/>\n\t<meta property=\"og:image:type\" content=\"image\/jpeg\" \/>\n<meta name=\"author\" content=\"Preot paroh Horvat Petru\" \/>\n<meta name=\"twitter:card\" content=\"summary_large_image\" \/>\n<meta name=\"twitter:label1\" content=\"Scris de\" \/>\n\t<meta name=\"twitter:data1\" content=\"Preot paroh Horvat Petru\" \/>\n\t<meta name=\"twitter:label2\" content=\"Timp estimat pentru citire\" \/>\n\t<meta name=\"twitter:data2\" content=\"2 minute\" \/>\n<script type=\"application\/ld+json\" class=\"yoast-schema-graph\">{\"@context\":\"https:\/\/schema.org\",\"@graph\":[{\"@type\":\"Article\",\"@id\":\"https:\/\/mhf.ro\/mm\/care-este-semnificatia-fiecarei-zile-din-saptamana-sfintelor-patimiri\/#article\",\"isPartOf\":{\"@id\":\"https:\/\/mhf.ro\/mm\/care-este-semnificatia-fiecarei-zile-din-saptamana-sfintelor-patimiri\/\"},\"author\":{\"name\":\"Preot paroh Horvat Petru\",\"@id\":\"https:\/\/mhf.ro\/mm\/#\/schema\/person\/4c8c06c801b7b666e81ed44550086900\"},\"headline\":\"Care este semnifica\u021bia fiec\u0103rei zile din S\u0103pt\u0103m\u00e2na Sfintelor P\u0103timiri?\",\"datePublished\":\"2022-04-18T19:48:59+00:00\",\"mainEntityOfPage\":{\"@id\":\"https:\/\/mhf.ro\/mm\/care-este-semnificatia-fiecarei-zile-din-saptamana-sfintelor-patimiri\/\"},\"wordCount\":392,\"commentCount\":0,\"publisher\":{\"@id\":\"https:\/\/mhf.ro\/mm\/#\/schema\/person\/a3bebf7bdb4bf12f698aff73c7e46c21\"},\"image\":{\"@id\":\"https:\/\/mhf.ro\/mm\/care-este-semnificatia-fiecarei-zile-din-saptamana-sfintelor-patimiri\/#primaryimage\"},\"thumbnailUrl\":\"https:\/\/mhf.ro\/mm\/wp-content\/uploads\/2022\/04\/marti.jpg\",\"articleSection\":[\"Religie\"],\"inLanguage\":\"ro-RO\",\"potentialAction\":[{\"@type\":\"CommentAction\",\"name\":\"Comment\",\"target\":[\"https:\/\/mhf.ro\/mm\/care-este-semnificatia-fiecarei-zile-din-saptamana-sfintelor-patimiri\/#respond\"]}]},{\"@type\":\"WebPage\",\"@id\":\"https:\/\/mhf.ro\/mm\/care-este-semnificatia-fiecarei-zile-din-saptamana-sfintelor-patimiri\/\",\"url\":\"https:\/\/mhf.ro\/mm\/care-este-semnificatia-fiecarei-zile-din-saptamana-sfintelor-patimiri\/\",\"name\":\"Care este semnifica\u021bia fiec\u0103rei zile din S\u0103pt\u0103m\u00e2na Sfintelor P\u0103timiri? - MHF Photography\",\"isPartOf\":{\"@id\":\"https:\/\/mhf.ro\/mm\/#website\"},\"primaryImageOfPage\":{\"@id\":\"https:\/\/mhf.ro\/mm\/care-este-semnificatia-fiecarei-zile-din-saptamana-sfintelor-patimiri\/#primaryimage\"},\"image\":{\"@id\":\"https:\/\/mhf.ro\/mm\/care-este-semnificatia-fiecarei-zile-din-saptamana-sfintelor-patimiri\/#primaryimage\"},\"thumbnailUrl\":\"https:\/\/mhf.ro\/mm\/wp-content\/uploads\/2022\/04\/marti.jpg\",\"datePublished\":\"2022-04-18T19:48:59+00:00\",\"breadcrumb\":{\"@id\":\"https:\/\/mhf.ro\/mm\/care-este-semnificatia-fiecarei-zile-din-saptamana-sfintelor-patimiri\/#breadcrumb\"},\"inLanguage\":\"ro-RO\",\"potentialAction\":[{\"@type\":\"ReadAction\",\"target\":[\"https:\/\/mhf.ro\/mm\/care-este-semnificatia-fiecarei-zile-din-saptamana-sfintelor-patimiri\/\"]}]},{\"@type\":\"ImageObject\",\"inLanguage\":\"ro-RO\",\"@id\":\"https:\/\/mhf.ro\/mm\/care-este-semnificatia-fiecarei-zile-din-saptamana-sfintelor-patimiri\/#primaryimage\",\"url\":\"https:\/\/mhf.ro\/mm\/wp-content\/uploads\/2022\/04\/marti.jpg\",\"contentUrl\":\"https:\/\/mhf.ro\/mm\/wp-content\/uploads\/2022\/04\/marti.jpg\",\"width\":260,\"height\":194},{\"@type\":\"BreadcrumbList\",\"@id\":\"https:\/\/mhf.ro\/mm\/care-este-semnificatia-fiecarei-zile-din-saptamana-sfintelor-patimiri\/#breadcrumb\",\"itemListElement\":[{\"@type\":\"ListItem\",\"position\":1,\"name\":\"Prima pagin\u0103\",\"item\":\"https:\/\/mhf.ro\/mm\/\"},{\"@type\":\"ListItem\",\"position\":2,\"name\":\"Care este semnifica\u021bia fiec\u0103rei zile din S\u0103pt\u0103m\u00e2na Sfintelor P\u0103timiri?\"}]},{\"@type\":\"WebSite\",\"@id\":\"https:\/\/mhf.ro\/mm\/#website\",\"url\":\"https:\/\/mhf.ro\/mm\/\",\"name\":\"MHF Photography \u2013 Blog de fotografie, natur\u0103 \u0219i tehnic\u0103 divers\u0103\",\"description\":\"Aventur\u0103 \u00een fiecare cadru.\",\"publisher\":{\"@id\":\"https:\/\/mhf.ro\/mm\/#\/schema\/person\/a3bebf7bdb4bf12f698aff73c7e46c21\"},\"potentialAction\":[{\"@type\":\"SearchAction\",\"target\":{\"@type\":\"EntryPoint\",\"urlTemplate\":\"https:\/\/mhf.ro\/mm\/?s={search_term_string}\"},\"query-input\":{\"@type\":\"PropertyValueSpecification\",\"valueRequired\":true,\"valueName\":\"search_term_string\"}}],\"inLanguage\":\"ro-RO\"},{\"@type\":[\"Person\",\"Organization\"],\"@id\":\"https:\/\/mhf.ro\/mm\/#\/schema\/person\/a3bebf7bdb4bf12f698aff73c7e46c21\",\"name\":\"Marius Marcu\",\"image\":{\"@type\":\"ImageObject\",\"inLanguage\":\"ro-RO\",\"@id\":\"https:\/\/mhf.ro\/mm\/#\/schema\/person\/image\/\",\"url\":\"https:\/\/mhf.ro\/mm\/wp-content\/uploads\/2025\/12\/cropped-logo_mhf_2.png\",\"contentUrl\":\"https:\/\/mhf.ro\/mm\/wp-content\/uploads\/2025\/12\/cropped-logo_mhf_2.png\",\"width\":1096,\"height\":457,\"caption\":\"Marius Marcu\"},\"logo\":{\"@id\":\"https:\/\/mhf.ro\/mm\/#\/schema\/person\/image\/\"},\"sameAs\":[\"https:\/\/mhf.ro\/mm\"]},{\"@type\":\"Person\",\"@id\":\"https:\/\/mhf.ro\/mm\/#\/schema\/person\/4c8c06c801b7b666e81ed44550086900\",\"name\":\"Preot paroh Horvat Petru\",\"image\":{\"@type\":\"ImageObject\",\"inLanguage\":\"ro-RO\",\"@id\":\"https:\/\/mhf.ro\/mm\/#\/schema\/person\/image\/\",\"url\":\"https:\/\/secure.gravatar.com\/avatar\/c2d2dcdf21c6f41aad486d71768c144cd6e23cb7b63bae9bd6fab542b26ad321?s=96&d=monsterid&r=g\",\"contentUrl\":\"https:\/\/secure.gravatar.com\/avatar\/c2d2dcdf21c6f41aad486d71768c144cd6e23cb7b63bae9bd6fab542b26ad321?s=96&d=monsterid&r=g\",\"caption\":\"Preot paroh Horvat Petru\"},\"sameAs\":[\"https:\/\/mhf.ro\/mm\"],\"url\":\"https:\/\/mhf.ro\/mm\/author\/petrica\/\"}]}<\/script>\n<!-- \/ Yoast SEO plugin. -->","yoast_head_json":{"title":"Care este semnifica\u021bia fiec\u0103rei zile din S\u0103pt\u0103m\u00e2na Sfintelor P\u0103timiri? - MHF Photography","robots":{"index":"index","follow":"follow","max-snippet":"max-snippet:-1","max-image-preview":"max-image-preview:large","max-video-preview":"max-video-preview:-1"},"canonical":"https:\/\/mhf.ro\/mm\/care-este-semnificatia-fiecarei-zile-din-saptamana-sfintelor-patimiri\/","og_locale":"ro_RO","og_type":"article","og_title":"Care este semnifica\u021bia fiec\u0103rei zile din S\u0103pt\u0103m\u00e2na Sfintelor P\u0103timiri? - MHF Photography","og_description":"C\u0103t\u0103lin Acasandrei \/Documentar \u00cen timpul S\u0103pt\u0103m\u00e2nii Patimilor ne reamintim \u0219i retr\u0103im ultimele zile din via\u021ba M\u00e2ntuitorului, cu \u00eentreaga lor tensiune","og_url":"https:\/\/mhf.ro\/mm\/care-este-semnificatia-fiecarei-zile-din-saptamana-sfintelor-patimiri\/","og_site_name":"MHF Photography","article_published_time":"2022-04-18T19:48:59+00:00","og_image":[{"width":260,"height":194,"url":"https:\/\/mhf.ro\/mm\/wp-content\/uploads\/2022\/04\/marti.jpg","type":"image\/jpeg"}],"author":"Preot paroh Horvat Petru","twitter_card":"summary_large_image","twitter_misc":{"Scris de":"Preot paroh Horvat Petru","Timp estimat pentru citire":"2 minute"},"schema":{"@context":"https:\/\/schema.org","@graph":[{"@type":"Article","@id":"https:\/\/mhf.ro\/mm\/care-este-semnificatia-fiecarei-zile-din-saptamana-sfintelor-patimiri\/#article","isPartOf":{"@id":"https:\/\/mhf.ro\/mm\/care-este-semnificatia-fiecarei-zile-din-saptamana-sfintelor-patimiri\/"},"author":{"name":"Preot paroh Horvat Petru","@id":"https:\/\/mhf.ro\/mm\/#\/schema\/person\/4c8c06c801b7b666e81ed44550086900"},"headline":"Care este semnifica\u021bia fiec\u0103rei zile din S\u0103pt\u0103m\u00e2na Sfintelor P\u0103timiri?","datePublished":"2022-04-18T19:48:59+00:00","mainEntityOfPage":{"@id":"https:\/\/mhf.ro\/mm\/care-este-semnificatia-fiecarei-zile-din-saptamana-sfintelor-patimiri\/"},"wordCount":392,"commentCount":0,"publisher":{"@id":"https:\/\/mhf.ro\/mm\/#\/schema\/person\/a3bebf7bdb4bf12f698aff73c7e46c21"},"image":{"@id":"https:\/\/mhf.ro\/mm\/care-este-semnificatia-fiecarei-zile-din-saptamana-sfintelor-patimiri\/#primaryimage"},"thumbnailUrl":"https:\/\/mhf.ro\/mm\/wp-content\/uploads\/2022\/04\/marti.jpg","articleSection":["Religie"],"inLanguage":"ro-RO","potentialAction":[{"@type":"CommentAction","name":"Comment","target":["https:\/\/mhf.ro\/mm\/care-este-semnificatia-fiecarei-zile-din-saptamana-sfintelor-patimiri\/#respond"]}]},{"@type":"WebPage","@id":"https:\/\/mhf.ro\/mm\/care-este-semnificatia-fiecarei-zile-din-saptamana-sfintelor-patimiri\/","url":"https:\/\/mhf.ro\/mm\/care-este-semnificatia-fiecarei-zile-din-saptamana-sfintelor-patimiri\/","name":"Care este semnifica\u021bia fiec\u0103rei zile din S\u0103pt\u0103m\u00e2na Sfintelor P\u0103timiri? - MHF Photography","isPartOf":{"@id":"https:\/\/mhf.ro\/mm\/#website"},"primaryImageOfPage":{"@id":"https:\/\/mhf.ro\/mm\/care-este-semnificatia-fiecarei-zile-din-saptamana-sfintelor-patimiri\/#primaryimage"},"image":{"@id":"https:\/\/mhf.ro\/mm\/care-este-semnificatia-fiecarei-zile-din-saptamana-sfintelor-patimiri\/#primaryimage"},"thumbnailUrl":"https:\/\/mhf.ro\/mm\/wp-content\/uploads\/2022\/04\/marti.jpg","datePublished":"2022-04-18T19:48:59+00:00","breadcrumb":{"@id":"https:\/\/mhf.ro\/mm\/care-este-semnificatia-fiecarei-zile-din-saptamana-sfintelor-patimiri\/#breadcrumb"},"inLanguage":"ro-RO","potentialAction":[{"@type":"ReadAction","target":["https:\/\/mhf.ro\/mm\/care-este-semnificatia-fiecarei-zile-din-saptamana-sfintelor-patimiri\/"]}]},{"@type":"ImageObject","inLanguage":"ro-RO","@id":"https:\/\/mhf.ro\/mm\/care-este-semnificatia-fiecarei-zile-din-saptamana-sfintelor-patimiri\/#primaryimage","url":"https:\/\/mhf.ro\/mm\/wp-content\/uploads\/2022\/04\/marti.jpg","contentUrl":"https:\/\/mhf.ro\/mm\/wp-content\/uploads\/2022\/04\/marti.jpg","width":260,"height":194},{"@type":"BreadcrumbList","@id":"https:\/\/mhf.ro\/mm\/care-este-semnificatia-fiecarei-zile-din-saptamana-sfintelor-patimiri\/#breadcrumb","itemListElement":[{"@type":"ListItem","position":1,"name":"Prima pagin\u0103","item":"https:\/\/mhf.ro\/mm\/"},{"@type":"ListItem","position":2,"name":"Care este semnifica\u021bia fiec\u0103rei zile din S\u0103pt\u0103m\u00e2na Sfintelor P\u0103timiri?"}]},{"@type":"WebSite","@id":"https:\/\/mhf.ro\/mm\/#website","url":"https:\/\/mhf.ro\/mm\/","name":"MHF Photography \u2013 Blog de fotografie, natur\u0103 \u0219i tehnic\u0103 divers\u0103","description":"Aventur\u0103 \u00een fiecare cadru.","publisher":{"@id":"https:\/\/mhf.ro\/mm\/#\/schema\/person\/a3bebf7bdb4bf12f698aff73c7e46c21"},"potentialAction":[{"@type":"SearchAction","target":{"@type":"EntryPoint","urlTemplate":"https:\/\/mhf.ro\/mm\/?s={search_term_string}"},"query-input":{"@type":"PropertyValueSpecification","valueRequired":true,"valueName":"search_term_string"}}],"inLanguage":"ro-RO"},{"@type":["Person","Organization"],"@id":"https:\/\/mhf.ro\/mm\/#\/schema\/person\/a3bebf7bdb4bf12f698aff73c7e46c21","name":"Marius Marcu","image":{"@type":"ImageObject","inLanguage":"ro-RO","@id":"https:\/\/mhf.ro\/mm\/#\/schema\/person\/image\/","url":"https:\/\/mhf.ro\/mm\/wp-content\/uploads\/2025\/12\/cropped-logo_mhf_2.png","contentUrl":"https:\/\/mhf.ro\/mm\/wp-content\/uploads\/2025\/12\/cropped-logo_mhf_2.png","width":1096,"height":457,"caption":"Marius Marcu"},"logo":{"@id":"https:\/\/mhf.ro\/mm\/#\/schema\/person\/image\/"},"sameAs":["https:\/\/mhf.ro\/mm"]},{"@type":"Person","@id":"https:\/\/mhf.ro\/mm\/#\/schema\/person\/4c8c06c801b7b666e81ed44550086900","name":"Preot paroh Horvat Petru","image":{"@type":"ImageObject","inLanguage":"ro-RO","@id":"https:\/\/mhf.ro\/mm\/#\/schema\/person\/image\/","url":"https:\/\/secure.gravatar.com\/avatar\/c2d2dcdf21c6f41aad486d71768c144cd6e23cb7b63bae9bd6fab542b26ad321?s=96&d=monsterid&r=g","contentUrl":"https:\/\/secure.gravatar.com\/avatar\/c2d2dcdf21c6f41aad486d71768c144cd6e23cb7b63bae9bd6fab542b26ad321?s=96&d=monsterid&r=g","caption":"Preot paroh Horvat Petru"},"sameAs":["https:\/\/mhf.ro\/mm"],"url":"https:\/\/mhf.ro\/mm\/author\/petrica\/"}]}},"_links":{"self":[{"href":"https:\/\/mhf.ro\/mm\/wp-json\/wp\/v2\/posts\/7176","targetHints":{"allow":["GET"]}}],"collection":[{"href":"https:\/\/mhf.ro\/mm\/wp-json\/wp\/v2\/posts"}],"about":[{"href":"https:\/\/mhf.ro\/mm\/wp-json\/wp\/v2\/types\/post"}],"author":[{"embeddable":true,"href":"https:\/\/mhf.ro\/mm\/wp-json\/wp\/v2\/users\/4"}],"replies":[{"embeddable":true,"href":"https:\/\/mhf.ro\/mm\/wp-json\/wp\/v2\/comments?post=7176"}],"version-history":[{"count":1,"href":"https:\/\/mhf.ro\/mm\/wp-json\/wp\/v2\/posts\/7176\/revisions"}],"predecessor-version":[{"id":7178,"href":"https:\/\/mhf.ro\/mm\/wp-json\/wp\/v2\/posts\/7176\/revisions\/7178"}],"wp:featuredmedia":[{"embeddable":true,"href":"https:\/\/mhf.ro\/mm\/wp-json\/wp\/v2\/media\/7177"}],"wp:attachment":[{"href":"https:\/\/mhf.ro\/mm\/wp-json\/wp\/v2\/media?parent=7176"}],"wp:term":[{"taxonomy":"category","embeddable":true,"href":"https:\/\/mhf.ro\/mm\/wp-json\/wp\/v2\/categories?post=7176"},{"taxonomy":"post_tag","embeddable":true,"href":"https:\/\/mhf.ro\/mm\/wp-json\/wp\/v2\/tags?post=7176"}],"curies":[{"name":"wp","href":"https:\/\/api.w.org\/{rel}","templated":true}]}}