{"id":7247,"date":"2022-04-22T08:08:08","date_gmt":"2022-04-22T06:08:08","guid":{"rendered":"https:\/\/mhf.ro\/mm\/?p=7247"},"modified":"2022-04-22T08:08:08","modified_gmt":"2022-04-22T06:08:08","slug":"oficial-european-socat-de-muntii-de-gunoi-din-tara-noastra","status":"publish","type":"post","link":"https:\/\/mhf.ro\/mm\/oficial-european-socat-de-muntii-de-gunoi-din-tara-noastra\/","title":{"rendered":"Oficial european, \u0219ocat de mun\u021bii de gunoi din \u021bara noastr\u0103"},"content":{"rendered":"<p align=\"justify\">\u00a0Gr\u00e9goire Dubois, managerul Centrului de Cuno\u0219tin\u021be privind Biodiversitatea din cadrul Comisiei Europene a vizitat recent Rom\u00e2nia pentru a descoperi frumuse\u021bile \u021b\u0103rii noastre, \u00eens\u0103 a g\u0103sit mun\u021bii de gunoaie. Oficialul european s-a ar\u0103tat \u0219ocat de c\u00e2t de multe de\u0219euri sunt pe teritoriul \u021b\u0103rii \u0219i c\u00e2t de multe incendii ilegale ard mocnit, pun\u00e2nd \u00een pericol s\u0103n\u0103tatea oamenilor \u0219i mediul \u00eenconjur\u0103tor.<\/p>\n<p align=\"justify\">\u201eCe dracu se \u00eent\u00e2mpl\u0103 \u00een Rom\u00e2nia?,\u201c a \u00eentrebat Gr\u00e9goire Dubois, care a descris \u201ecantit\u0103\u021bi colosale de gunoi \u0219i de\u0219euri peste tot \u00een \u021bar\u0103, p\u00e2n\u0103 \u00een cele mai izolate locuri\u201c, potrivit\u00a0<a href=\"https:\/\/presshub.ro\/ce-dracu-se-intampla-in-romania-managerul-centrului-pentru-biodiversitate-al-comisiei-europene-socat-de-incendierea-gunoaielor-218984\/\">Presshub<\/a>.<\/p>\n<p align=\"justify\">Gr\u00e9goire Dubois\u00a0a\u00a0povestit \u00eentr-o postare pe profilul s\u0103u de\u00a0<a href=\"https:\/\/www.linkedin.com\/posts\/gr%C3%A9goire-dubois_romania-biodiversity-ecocide-activity-6920317158522527745-daIq\/?utm_source=linkedin_share&amp;utm_medium=member_desktop_web\">LinkedIn<\/a>\u00a0experien\u021ba sa \u00een Rom\u00e2nia.<\/p>\n<p align=\"justify\">\u201eDe obicei, nu postez despre sentimente personale, dar aceast\u0103 c\u0103l\u0103torie a fost una care m-a deprimat teribil. A fost o verificare terifiant\u0103 a realit\u0103\u021bii, care \u00eemi aminte\u0219te c\u0103 distrugerea mediului se \u00eent\u00e2mpl\u0103 la scar\u0103 uria\u0219\u0103 \u0219i \u00een Europa,\u201c a scris managerul Centrului de Cuno\u0219tin\u021be privind Biodiversitatea din cadrul Comisiei Europene.<\/p>\n<p align=\"left\">Acesta a amintit c\u0103 exist\u0103 multe \u201eincendii toxice, care de multe ori miros \u00eengrozitor din cauza cantit\u0103\u021bii mari de gunoi \u0219i plastic care arde\u201c.<\/p>\n<p align=\"left\">Dubois a mai subliniat c\u0103 ar fi putut posta mai multe fotografii care arat\u0103 eroziunea solului rom\u00e2nesc din cauza defri\u0219\u0103rilor, a pescuitului ilegal \u00een zone protejate \u0219i a zonelor agricole uria\u0219e f\u0103r\u0103 un singur gard viu sau copac la vedere. (conf. <a href=\"http:\/\/www.jurnalist.ro\">Jurnalist.ro<\/a>)<\/p>\n<p style=\"text-align: right;\" align=\"left\"><a href=\"http:\/\/www.riz.ro\">Ancadramente, decoratiuni si ornamente din polistiren<\/a><\/p>\n","protected":false},"excerpt":{"rendered":"<p>\u00a0Gr\u00e9goire Dubois, managerul Centrului de Cuno\u0219tin\u021be privind Biodiversitatea din cadrul Comisiei Europene a vizitat recent Rom\u00e2nia pentru a descoperi frumuse\u021bile<\/p>\n","protected":false},"author":1,"featured_media":7248,"comment_status":"open","ping_status":"open","sticky":false,"template":"","format":"standard","meta":{"colormag_page_container_layout":"default_layout","colormag_page_sidebar_layout":"default_layout","footnotes":""},"categories":[5],"tags":[],"class_list":["post-7247","post","type-post","status-publish","format-standard","has-post-thumbnail","hentry","category-locale"],"yoast_head":"<!-- This site is optimized with the Yoast SEO plugin v27.0 - https:\/\/yoast.com\/product\/yoast-seo-wordpress\/ -->\n<title>Oficial european, \u0219ocat de mun\u021bii de gunoi din \u021bara noastr\u0103 - MHF Photography<\/title>\n<meta name=\"robots\" content=\"index, follow, max-snippet:-1, max-image-preview:large, max-video-preview:-1\" \/>\n<link rel=\"canonical\" href=\"https:\/\/mhf.ro\/mm\/oficial-european-socat-de-muntii-de-gunoi-din-tara-noastra\/\" \/>\n<meta property=\"og:locale\" content=\"ro_RO\" \/>\n<meta property=\"og:type\" content=\"article\" \/>\n<meta property=\"og:title\" content=\"Oficial european, \u0219ocat de mun\u021bii de gunoi din \u021bara noastr\u0103 - MHF Photography\" \/>\n<meta property=\"og:description\" content=\"\u00a0Gr\u00e9goire Dubois, managerul Centrului de Cuno\u0219tin\u021be privind Biodiversitatea din cadrul Comisiei Europene a vizitat recent Rom\u00e2nia pentru a descoperi frumuse\u021bile\" \/>\n<meta property=\"og:url\" content=\"https:\/\/mhf.ro\/mm\/oficial-european-socat-de-muntii-de-gunoi-din-tara-noastra\/\" \/>\n<meta property=\"og:site_name\" content=\"MHF Photography\" \/>\n<meta property=\"article:published_time\" content=\"2022-04-22T06:08:08+00:00\" \/>\n<meta property=\"og:image\" content=\"https:\/\/mhf.ro\/mm\/wp-content\/uploads\/2022\/04\/gunoi.jpeg\" \/>\n\t<meta property=\"og:image:width\" content=\"600\" \/>\n\t<meta property=\"og:image:height\" content=\"450\" \/>\n\t<meta property=\"og:image:type\" content=\"image\/jpeg\" \/>\n<meta name=\"author\" content=\"Marius Marcu\" \/>\n<meta name=\"twitter:card\" content=\"summary_large_image\" \/>\n<meta name=\"twitter:label1\" content=\"Scris de\" \/>\n\t<meta name=\"twitter:data1\" content=\"Marius Marcu\" \/>\n\t<meta name=\"twitter:label2\" content=\"Timp estimat pentru citire\" \/>\n\t<meta name=\"twitter:data2\" content=\"1 minut\" \/>\n<script type=\"application\/ld+json\" class=\"yoast-schema-graph\">{\"@context\":\"https:\/\/schema.org\",\"@graph\":[{\"@type\":\"Article\",\"@id\":\"https:\/\/mhf.ro\/mm\/oficial-european-socat-de-muntii-de-gunoi-din-tara-noastra\/#article\",\"isPartOf\":{\"@id\":\"https:\/\/mhf.ro\/mm\/oficial-european-socat-de-muntii-de-gunoi-din-tara-noastra\/\"},\"author\":{\"name\":\"Marius Marcu\",\"@id\":\"https:\/\/mhf.ro\/mm\/#\/schema\/person\/a3bebf7bdb4bf12f698aff73c7e46c21\"},\"headline\":\"Oficial european, \u0219ocat de mun\u021bii de gunoi din \u021bara noastr\u0103\",\"datePublished\":\"2022-04-22T06:08:08+00:00\",\"mainEntityOfPage\":{\"@id\":\"https:\/\/mhf.ro\/mm\/oficial-european-socat-de-muntii-de-gunoi-din-tara-noastra\/\"},\"wordCount\":275,\"commentCount\":0,\"publisher\":{\"@id\":\"https:\/\/mhf.ro\/mm\/#\/schema\/person\/a3bebf7bdb4bf12f698aff73c7e46c21\"},\"image\":{\"@id\":\"https:\/\/mhf.ro\/mm\/oficial-european-socat-de-muntii-de-gunoi-din-tara-noastra\/#primaryimage\"},\"thumbnailUrl\":\"https:\/\/mhf.ro\/mm\/wp-content\/uploads\/2022\/04\/gunoi.jpeg\",\"articleSection\":[\"Locale\"],\"inLanguage\":\"ro-RO\",\"potentialAction\":[{\"@type\":\"CommentAction\",\"name\":\"Comment\",\"target\":[\"https:\/\/mhf.ro\/mm\/oficial-european-socat-de-muntii-de-gunoi-din-tara-noastra\/#respond\"]}]},{\"@type\":\"WebPage\",\"@id\":\"https:\/\/mhf.ro\/mm\/oficial-european-socat-de-muntii-de-gunoi-din-tara-noastra\/\",\"url\":\"https:\/\/mhf.ro\/mm\/oficial-european-socat-de-muntii-de-gunoi-din-tara-noastra\/\",\"name\":\"Oficial european, \u0219ocat de mun\u021bii de gunoi din \u021bara noastr\u0103 - MHF Photography\",\"isPartOf\":{\"@id\":\"https:\/\/mhf.ro\/mm\/#website\"},\"primaryImageOfPage\":{\"@id\":\"https:\/\/mhf.ro\/mm\/oficial-european-socat-de-muntii-de-gunoi-din-tara-noastra\/#primaryimage\"},\"image\":{\"@id\":\"https:\/\/mhf.ro\/mm\/oficial-european-socat-de-muntii-de-gunoi-din-tara-noastra\/#primaryimage\"},\"thumbnailUrl\":\"https:\/\/mhf.ro\/mm\/wp-content\/uploads\/2022\/04\/gunoi.jpeg\",\"datePublished\":\"2022-04-22T06:08:08+00:00\",\"breadcrumb\":{\"@id\":\"https:\/\/mhf.ro\/mm\/oficial-european-socat-de-muntii-de-gunoi-din-tara-noastra\/#breadcrumb\"},\"inLanguage\":\"ro-RO\",\"potentialAction\":[{\"@type\":\"ReadAction\",\"target\":[\"https:\/\/mhf.ro\/mm\/oficial-european-socat-de-muntii-de-gunoi-din-tara-noastra\/\"]}]},{\"@type\":\"ImageObject\",\"inLanguage\":\"ro-RO\",\"@id\":\"https:\/\/mhf.ro\/mm\/oficial-european-socat-de-muntii-de-gunoi-din-tara-noastra\/#primaryimage\",\"url\":\"https:\/\/mhf.ro\/mm\/wp-content\/uploads\/2022\/04\/gunoi.jpeg\",\"contentUrl\":\"https:\/\/mhf.ro\/mm\/wp-content\/uploads\/2022\/04\/gunoi.jpeg\",\"width\":600,\"height\":450},{\"@type\":\"BreadcrumbList\",\"@id\":\"https:\/\/mhf.ro\/mm\/oficial-european-socat-de-muntii-de-gunoi-din-tara-noastra\/#breadcrumb\",\"itemListElement\":[{\"@type\":\"ListItem\",\"position\":1,\"name\":\"Prima pagin\u0103\",\"item\":\"https:\/\/mhf.ro\/mm\/\"},{\"@type\":\"ListItem\",\"position\":2,\"name\":\"Oficial european, \u0219ocat de mun\u021bii de gunoi din \u021bara noastr\u0103\"}]},{\"@type\":\"WebSite\",\"@id\":\"https:\/\/mhf.ro\/mm\/#website\",\"url\":\"https:\/\/mhf.ro\/mm\/\",\"name\":\"MHF Photography \u2013 Blog de fotografie, natur\u0103 \u0219i tehnic\u0103 divers\u0103\",\"description\":\"Aventur\u0103 \u00een fiecare cadru.\",\"publisher\":{\"@id\":\"https:\/\/mhf.ro\/mm\/#\/schema\/person\/a3bebf7bdb4bf12f698aff73c7e46c21\"},\"potentialAction\":[{\"@type\":\"SearchAction\",\"target\":{\"@type\":\"EntryPoint\",\"urlTemplate\":\"https:\/\/mhf.ro\/mm\/?s={search_term_string}\"},\"query-input\":{\"@type\":\"PropertyValueSpecification\",\"valueRequired\":true,\"valueName\":\"search_term_string\"}}],\"inLanguage\":\"ro-RO\"},{\"@type\":[\"Person\",\"Organization\"],\"@id\":\"https:\/\/mhf.ro\/mm\/#\/schema\/person\/a3bebf7bdb4bf12f698aff73c7e46c21\",\"name\":\"Marius Marcu\",\"image\":{\"@type\":\"ImageObject\",\"inLanguage\":\"ro-RO\",\"@id\":\"https:\/\/mhf.ro\/mm\/#\/schema\/person\/image\/\",\"url\":\"https:\/\/mhf.ro\/mm\/wp-content\/uploads\/2025\/12\/cropped-logo_mhf_2.png\",\"contentUrl\":\"https:\/\/mhf.ro\/mm\/wp-content\/uploads\/2025\/12\/cropped-logo_mhf_2.png\",\"width\":1096,\"height\":457,\"caption\":\"Marius Marcu\"},\"logo\":{\"@id\":\"https:\/\/mhf.ro\/mm\/#\/schema\/person\/image\/\"},\"sameAs\":[\"https:\/\/mhf.ro\/mm\"],\"url\":\"https:\/\/mhf.ro\/mm\/author\/mihai\/\"}]}<\/script>\n<!-- \/ Yoast SEO plugin. -->","yoast_head_json":{"title":"Oficial european, \u0219ocat de mun\u021bii de gunoi din \u021bara noastr\u0103 - MHF Photography","robots":{"index":"index","follow":"follow","max-snippet":"max-snippet:-1","max-image-preview":"max-image-preview:large","max-video-preview":"max-video-preview:-1"},"canonical":"https:\/\/mhf.ro\/mm\/oficial-european-socat-de-muntii-de-gunoi-din-tara-noastra\/","og_locale":"ro_RO","og_type":"article","og_title":"Oficial european, \u0219ocat de mun\u021bii de gunoi din \u021bara noastr\u0103 - MHF Photography","og_description":"\u00a0Gr\u00e9goire Dubois, managerul Centrului de Cuno\u0219tin\u021be privind Biodiversitatea din cadrul Comisiei Europene a vizitat recent Rom\u00e2nia pentru a descoperi frumuse\u021bile","og_url":"https:\/\/mhf.ro\/mm\/oficial-european-socat-de-muntii-de-gunoi-din-tara-noastra\/","og_site_name":"MHF Photography","article_published_time":"2022-04-22T06:08:08+00:00","og_image":[{"width":600,"height":450,"url":"https:\/\/mhf.ro\/mm\/wp-content\/uploads\/2022\/04\/gunoi.jpeg","type":"image\/jpeg"}],"author":"Marius Marcu","twitter_card":"summary_large_image","twitter_misc":{"Scris de":"Marius Marcu","Timp estimat pentru citire":"1 minut"},"schema":{"@context":"https:\/\/schema.org","@graph":[{"@type":"Article","@id":"https:\/\/mhf.ro\/mm\/oficial-european-socat-de-muntii-de-gunoi-din-tara-noastra\/#article","isPartOf":{"@id":"https:\/\/mhf.ro\/mm\/oficial-european-socat-de-muntii-de-gunoi-din-tara-noastra\/"},"author":{"name":"Marius Marcu","@id":"https:\/\/mhf.ro\/mm\/#\/schema\/person\/a3bebf7bdb4bf12f698aff73c7e46c21"},"headline":"Oficial european, \u0219ocat de mun\u021bii de gunoi din \u021bara noastr\u0103","datePublished":"2022-04-22T06:08:08+00:00","mainEntityOfPage":{"@id":"https:\/\/mhf.ro\/mm\/oficial-european-socat-de-muntii-de-gunoi-din-tara-noastra\/"},"wordCount":275,"commentCount":0,"publisher":{"@id":"https:\/\/mhf.ro\/mm\/#\/schema\/person\/a3bebf7bdb4bf12f698aff73c7e46c21"},"image":{"@id":"https:\/\/mhf.ro\/mm\/oficial-european-socat-de-muntii-de-gunoi-din-tara-noastra\/#primaryimage"},"thumbnailUrl":"https:\/\/mhf.ro\/mm\/wp-content\/uploads\/2022\/04\/gunoi.jpeg","articleSection":["Locale"],"inLanguage":"ro-RO","potentialAction":[{"@type":"CommentAction","name":"Comment","target":["https:\/\/mhf.ro\/mm\/oficial-european-socat-de-muntii-de-gunoi-din-tara-noastra\/#respond"]}]},{"@type":"WebPage","@id":"https:\/\/mhf.ro\/mm\/oficial-european-socat-de-muntii-de-gunoi-din-tara-noastra\/","url":"https:\/\/mhf.ro\/mm\/oficial-european-socat-de-muntii-de-gunoi-din-tara-noastra\/","name":"Oficial european, \u0219ocat de mun\u021bii de gunoi din \u021bara noastr\u0103 - MHF Photography","isPartOf":{"@id":"https:\/\/mhf.ro\/mm\/#website"},"primaryImageOfPage":{"@id":"https:\/\/mhf.ro\/mm\/oficial-european-socat-de-muntii-de-gunoi-din-tara-noastra\/#primaryimage"},"image":{"@id":"https:\/\/mhf.ro\/mm\/oficial-european-socat-de-muntii-de-gunoi-din-tara-noastra\/#primaryimage"},"thumbnailUrl":"https:\/\/mhf.ro\/mm\/wp-content\/uploads\/2022\/04\/gunoi.jpeg","datePublished":"2022-04-22T06:08:08+00:00","breadcrumb":{"@id":"https:\/\/mhf.ro\/mm\/oficial-european-socat-de-muntii-de-gunoi-din-tara-noastra\/#breadcrumb"},"inLanguage":"ro-RO","potentialAction":[{"@type":"ReadAction","target":["https:\/\/mhf.ro\/mm\/oficial-european-socat-de-muntii-de-gunoi-din-tara-noastra\/"]}]},{"@type":"ImageObject","inLanguage":"ro-RO","@id":"https:\/\/mhf.ro\/mm\/oficial-european-socat-de-muntii-de-gunoi-din-tara-noastra\/#primaryimage","url":"https:\/\/mhf.ro\/mm\/wp-content\/uploads\/2022\/04\/gunoi.jpeg","contentUrl":"https:\/\/mhf.ro\/mm\/wp-content\/uploads\/2022\/04\/gunoi.jpeg","width":600,"height":450},{"@type":"BreadcrumbList","@id":"https:\/\/mhf.ro\/mm\/oficial-european-socat-de-muntii-de-gunoi-din-tara-noastra\/#breadcrumb","itemListElement":[{"@type":"ListItem","position":1,"name":"Prima pagin\u0103","item":"https:\/\/mhf.ro\/mm\/"},{"@type":"ListItem","position":2,"name":"Oficial european, \u0219ocat de mun\u021bii de gunoi din \u021bara noastr\u0103"}]},{"@type":"WebSite","@id":"https:\/\/mhf.ro\/mm\/#website","url":"https:\/\/mhf.ro\/mm\/","name":"MHF Photography \u2013 Blog de fotografie, natur\u0103 \u0219i tehnic\u0103 divers\u0103","description":"Aventur\u0103 \u00een fiecare cadru.","publisher":{"@id":"https:\/\/mhf.ro\/mm\/#\/schema\/person\/a3bebf7bdb4bf12f698aff73c7e46c21"},"potentialAction":[{"@type":"SearchAction","target":{"@type":"EntryPoint","urlTemplate":"https:\/\/mhf.ro\/mm\/?s={search_term_string}"},"query-input":{"@type":"PropertyValueSpecification","valueRequired":true,"valueName":"search_term_string"}}],"inLanguage":"ro-RO"},{"@type":["Person","Organization"],"@id":"https:\/\/mhf.ro\/mm\/#\/schema\/person\/a3bebf7bdb4bf12f698aff73c7e46c21","name":"Marius Marcu","image":{"@type":"ImageObject","inLanguage":"ro-RO","@id":"https:\/\/mhf.ro\/mm\/#\/schema\/person\/image\/","url":"https:\/\/mhf.ro\/mm\/wp-content\/uploads\/2025\/12\/cropped-logo_mhf_2.png","contentUrl":"https:\/\/mhf.ro\/mm\/wp-content\/uploads\/2025\/12\/cropped-logo_mhf_2.png","width":1096,"height":457,"caption":"Marius Marcu"},"logo":{"@id":"https:\/\/mhf.ro\/mm\/#\/schema\/person\/image\/"},"sameAs":["https:\/\/mhf.ro\/mm"],"url":"https:\/\/mhf.ro\/mm\/author\/mihai\/"}]}},"_links":{"self":[{"href":"https:\/\/mhf.ro\/mm\/wp-json\/wp\/v2\/posts\/7247","targetHints":{"allow":["GET"]}}],"collection":[{"href":"https:\/\/mhf.ro\/mm\/wp-json\/wp\/v2\/posts"}],"about":[{"href":"https:\/\/mhf.ro\/mm\/wp-json\/wp\/v2\/types\/post"}],"author":[{"embeddable":true,"href":"https:\/\/mhf.ro\/mm\/wp-json\/wp\/v2\/users\/1"}],"replies":[{"embeddable":true,"href":"https:\/\/mhf.ro\/mm\/wp-json\/wp\/v2\/comments?post=7247"}],"version-history":[{"count":1,"href":"https:\/\/mhf.ro\/mm\/wp-json\/wp\/v2\/posts\/7247\/revisions"}],"predecessor-version":[{"id":7249,"href":"https:\/\/mhf.ro\/mm\/wp-json\/wp\/v2\/posts\/7247\/revisions\/7249"}],"wp:featuredmedia":[{"embeddable":true,"href":"https:\/\/mhf.ro\/mm\/wp-json\/wp\/v2\/media\/7248"}],"wp:attachment":[{"href":"https:\/\/mhf.ro\/mm\/wp-json\/wp\/v2\/media?parent=7247"}],"wp:term":[{"taxonomy":"category","embeddable":true,"href":"https:\/\/mhf.ro\/mm\/wp-json\/wp\/v2\/categories?post=7247"},{"taxonomy":"post_tag","embeddable":true,"href":"https:\/\/mhf.ro\/mm\/wp-json\/wp\/v2\/tags?post=7247"}],"curies":[{"name":"wp","href":"https:\/\/api.w.org\/{rel}","templated":true}]}}