{"id":7374,"date":"2022-04-29T09:43:44","date_gmt":"2022-04-29T07:43:44","guid":{"rendered":"https:\/\/mhf.ro\/mm\/?p=7374"},"modified":"2022-04-29T09:43:46","modified_gmt":"2022-04-29T07:43:46","slug":"cati-bani-a-primit-romania-de-la-ue-pentru-refugiatii-ucraineni","status":"publish","type":"post","link":"https:\/\/mhf.ro\/mm\/cati-bani-a-primit-romania-de-la-ue-pentru-refugiatii-ucraineni\/","title":{"rendered":"C\u00e2\u021bi bani a primit Rom\u00e2nia de la UE pentru refugia\u021bii ucraineni"},"content":{"rendered":"<p>Comisia European\u0103 a anun\u021bat joi c\u0103 a pl\u0103tit statelor membre peste 3,5 miliarde de euro sub form\u0103 de pl\u0103\u021bi \u00een avans, pentru a le ajusta s\u0103 gestioneze sosirea refugia\u021bilor ucraineni pe teritoriul lor.<\/p>\n<p>Cele mai multe fonduri, 562 de milioane de euro, au fost pl\u0103tite Poloniei, deoarece aceast\u0103 \u021bar\u0103 a primit cei mai mul\u021bi refugia\u021bi ucraineni. Urmeaz\u0103 Italia cu 452 milioane de euro \u015fi Rom\u00e2nia cu 450 de milioane de euro.<\/p>\n<p>\u201eDeja \u00een \u021bara noastr\u0103 au trecut grani\u021ba peste 860.000 de cet\u0103\u021beni ucraineni. Peste 80.000 au decis s\u0103 r\u0103m\u00e2n\u0103 \u00een Rom\u00e2nia \u0219i am prezentat celor doi oficiali ucraineni faptul c\u0103 Rom\u00e2nia are deja 45 de \u0219coli \u00een limba ucrainean\u0103, are \u0219apte licee \u00een care de asemenea se pred\u0103 \u00een limba ucrainean\u0103.<\/p>\n<p>De asemenea, am precizat c\u0103 la nivelul Ministerului Educa\u021biei au fost luate m\u0103suri astfel \u00eenc\u00e2t copiii ucraineni s\u0103 poat\u0103 s\u0103 beneficieze de aceast\u0103 facilitate a derul\u0103rii orelor online, fiind asigurate tablete pentru ca ei s\u0103 poat\u0103 s\u0103 beneficieze mai u\u0219or de aceast\u0103 modalitate de continuare a cursurilor\u201d, a declarat premierul Nicolae Ciuc\u0103 dup\u0103 vizita la Kiev. (conf. Jurnalist.ro)<\/p>\n<h5 style=\"text-align: right;\"><a href=\"http:\/\/www.riz.ro\">Ancadramente si decora\u021biuni din polistiren<\/a><\/h5>\n","protected":false},"excerpt":{"rendered":"<p>Comisia European\u0103 a anun\u021bat joi c\u0103 a pl\u0103tit statelor membre peste 3,5 miliarde de euro sub form\u0103 de pl\u0103\u021bi \u00een<\/p>\n","protected":false},"author":1,"featured_media":7375,"comment_status":"open","ping_status":"open","sticky":false,"template":"","format":"standard","meta":{"colormag_page_container_layout":"default_layout","colormag_page_sidebar_layout":"default_layout","footnotes":""},"categories":[5],"tags":[],"class_list":["post-7374","post","type-post","status-publish","format-standard","has-post-thumbnail","hentry","category-locale"],"yoast_head":"<!-- This site is optimized with the Yoast SEO plugin v27.0 - https:\/\/yoast.com\/product\/yoast-seo-wordpress\/ -->\n<title>C\u00e2\u021bi bani a primit Rom\u00e2nia de la UE pentru refugia\u021bii ucraineni - MHF Photography<\/title>\n<meta name=\"description\" content=\"De asemenea, am precizat c\u0103 la nivelul Ministerului Educa\u021biei au fost luate m\u0103suri astfel \u00eenc\u00e2t copiii ucraineni s\u0103 poat\u0103 s\u0103 beneficieze\" \/>\n<meta name=\"robots\" content=\"index, follow, max-snippet:-1, max-image-preview:large, max-video-preview:-1\" \/>\n<link rel=\"canonical\" href=\"https:\/\/mhf.ro\/mm\/cati-bani-a-primit-romania-de-la-ue-pentru-refugiatii-ucraineni\/\" \/>\n<meta property=\"og:locale\" content=\"ro_RO\" \/>\n<meta property=\"og:type\" content=\"article\" \/>\n<meta property=\"og:title\" content=\"C\u00e2\u021bi bani a primit Rom\u00e2nia de la UE pentru refugia\u021bii ucraineni - MHF Photography\" \/>\n<meta property=\"og:description\" content=\"De asemenea, am precizat c\u0103 la nivelul Ministerului Educa\u021biei au fost luate m\u0103suri astfel \u00eenc\u00e2t copiii ucraineni s\u0103 poat\u0103 s\u0103 beneficieze\" \/>\n<meta property=\"og:url\" content=\"https:\/\/mhf.ro\/mm\/cati-bani-a-primit-romania-de-la-ue-pentru-refugiatii-ucraineni\/\" \/>\n<meta property=\"og:site_name\" content=\"MHF Photography\" \/>\n<meta property=\"article:published_time\" content=\"2022-04-29T07:43:44+00:00\" \/>\n<meta property=\"article:modified_time\" content=\"2022-04-29T07:43:46+00:00\" \/>\n<meta property=\"og:image\" content=\"https:\/\/mhf.ro\/mm\/wp-content\/uploads\/2022\/04\/euro-cash.jpg\" \/>\n\t<meta property=\"og:image:width\" content=\"1920\" \/>\n\t<meta property=\"og:image:height\" content=\"1195\" \/>\n\t<meta property=\"og:image:type\" content=\"image\/jpeg\" \/>\n<meta name=\"author\" content=\"Marius Marcu\" \/>\n<meta name=\"twitter:card\" content=\"summary_large_image\" \/>\n<meta name=\"twitter:label1\" content=\"Scris de\" \/>\n\t<meta name=\"twitter:data1\" content=\"Marius Marcu\" \/>\n\t<meta name=\"twitter:label2\" content=\"Timp estimat pentru citire\" \/>\n\t<meta name=\"twitter:data2\" content=\"1 minut\" \/>\n<script type=\"application\/ld+json\" class=\"yoast-schema-graph\">{\"@context\":\"https:\/\/schema.org\",\"@graph\":[{\"@type\":\"Article\",\"@id\":\"https:\/\/mhf.ro\/mm\/cati-bani-a-primit-romania-de-la-ue-pentru-refugiatii-ucraineni\/#article\",\"isPartOf\":{\"@id\":\"https:\/\/mhf.ro\/mm\/cati-bani-a-primit-romania-de-la-ue-pentru-refugiatii-ucraineni\/\"},\"author\":{\"name\":\"Marius Marcu\",\"@id\":\"https:\/\/mhf.ro\/mm\/#\/schema\/person\/a3bebf7bdb4bf12f698aff73c7e46c21\"},\"headline\":\"C\u00e2\u021bi bani a primit Rom\u00e2nia de la UE pentru refugia\u021bii ucraineni\",\"datePublished\":\"2022-04-29T07:43:44+00:00\",\"dateModified\":\"2022-04-29T07:43:46+00:00\",\"mainEntityOfPage\":{\"@id\":\"https:\/\/mhf.ro\/mm\/cati-bani-a-primit-romania-de-la-ue-pentru-refugiatii-ucraineni\/\"},\"wordCount\":212,\"commentCount\":0,\"publisher\":{\"@id\":\"https:\/\/mhf.ro\/mm\/#\/schema\/person\/a3bebf7bdb4bf12f698aff73c7e46c21\"},\"image\":{\"@id\":\"https:\/\/mhf.ro\/mm\/cati-bani-a-primit-romania-de-la-ue-pentru-refugiatii-ucraineni\/#primaryimage\"},\"thumbnailUrl\":\"https:\/\/mhf.ro\/mm\/wp-content\/uploads\/2022\/04\/euro-cash.jpg\",\"articleSection\":[\"Locale\"],\"inLanguage\":\"ro-RO\",\"potentialAction\":[{\"@type\":\"CommentAction\",\"name\":\"Comment\",\"target\":[\"https:\/\/mhf.ro\/mm\/cati-bani-a-primit-romania-de-la-ue-pentru-refugiatii-ucraineni\/#respond\"]}]},{\"@type\":\"WebPage\",\"@id\":\"https:\/\/mhf.ro\/mm\/cati-bani-a-primit-romania-de-la-ue-pentru-refugiatii-ucraineni\/\",\"url\":\"https:\/\/mhf.ro\/mm\/cati-bani-a-primit-romania-de-la-ue-pentru-refugiatii-ucraineni\/\",\"name\":\"C\u00e2\u021bi bani a primit Rom\u00e2nia de la UE pentru refugia\u021bii ucraineni - MHF Photography\",\"isPartOf\":{\"@id\":\"https:\/\/mhf.ro\/mm\/#website\"},\"primaryImageOfPage\":{\"@id\":\"https:\/\/mhf.ro\/mm\/cati-bani-a-primit-romania-de-la-ue-pentru-refugiatii-ucraineni\/#primaryimage\"},\"image\":{\"@id\":\"https:\/\/mhf.ro\/mm\/cati-bani-a-primit-romania-de-la-ue-pentru-refugiatii-ucraineni\/#primaryimage\"},\"thumbnailUrl\":\"https:\/\/mhf.ro\/mm\/wp-content\/uploads\/2022\/04\/euro-cash.jpg\",\"datePublished\":\"2022-04-29T07:43:44+00:00\",\"dateModified\":\"2022-04-29T07:43:46+00:00\",\"description\":\"De asemenea, am precizat c\u0103 la nivelul Ministerului Educa\u021biei au fost luate m\u0103suri astfel \u00eenc\u00e2t copiii ucraineni s\u0103 poat\u0103 s\u0103 beneficieze\",\"breadcrumb\":{\"@id\":\"https:\/\/mhf.ro\/mm\/cati-bani-a-primit-romania-de-la-ue-pentru-refugiatii-ucraineni\/#breadcrumb\"},\"inLanguage\":\"ro-RO\",\"potentialAction\":[{\"@type\":\"ReadAction\",\"target\":[\"https:\/\/mhf.ro\/mm\/cati-bani-a-primit-romania-de-la-ue-pentru-refugiatii-ucraineni\/\"]}]},{\"@type\":\"ImageObject\",\"inLanguage\":\"ro-RO\",\"@id\":\"https:\/\/mhf.ro\/mm\/cati-bani-a-primit-romania-de-la-ue-pentru-refugiatii-ucraineni\/#primaryimage\",\"url\":\"https:\/\/mhf.ro\/mm\/wp-content\/uploads\/2022\/04\/euro-cash.jpg\",\"contentUrl\":\"https:\/\/mhf.ro\/mm\/wp-content\/uploads\/2022\/04\/euro-cash.jpg\",\"width\":1920,\"height\":1195},{\"@type\":\"BreadcrumbList\",\"@id\":\"https:\/\/mhf.ro\/mm\/cati-bani-a-primit-romania-de-la-ue-pentru-refugiatii-ucraineni\/#breadcrumb\",\"itemListElement\":[{\"@type\":\"ListItem\",\"position\":1,\"name\":\"Prima pagin\u0103\",\"item\":\"https:\/\/mhf.ro\/mm\/\"},{\"@type\":\"ListItem\",\"position\":2,\"name\":\"C\u00e2\u021bi bani a primit Rom\u00e2nia de la UE pentru refugia\u021bii ucraineni\"}]},{\"@type\":\"WebSite\",\"@id\":\"https:\/\/mhf.ro\/mm\/#website\",\"url\":\"https:\/\/mhf.ro\/mm\/\",\"name\":\"MHF Photography \u2013 Blog de fotografie, natur\u0103 \u0219i tehnic\u0103 divers\u0103\",\"description\":\"Aventur\u0103 \u00een fiecare cadru.\",\"publisher\":{\"@id\":\"https:\/\/mhf.ro\/mm\/#\/schema\/person\/a3bebf7bdb4bf12f698aff73c7e46c21\"},\"potentialAction\":[{\"@type\":\"SearchAction\",\"target\":{\"@type\":\"EntryPoint\",\"urlTemplate\":\"https:\/\/mhf.ro\/mm\/?s={search_term_string}\"},\"query-input\":{\"@type\":\"PropertyValueSpecification\",\"valueRequired\":true,\"valueName\":\"search_term_string\"}}],\"inLanguage\":\"ro-RO\"},{\"@type\":[\"Person\",\"Organization\"],\"@id\":\"https:\/\/mhf.ro\/mm\/#\/schema\/person\/a3bebf7bdb4bf12f698aff73c7e46c21\",\"name\":\"Marius Marcu\",\"image\":{\"@type\":\"ImageObject\",\"inLanguage\":\"ro-RO\",\"@id\":\"https:\/\/mhf.ro\/mm\/#\/schema\/person\/image\/\",\"url\":\"https:\/\/mhf.ro\/mm\/wp-content\/uploads\/2025\/12\/cropped-logo_mhf_2.png\",\"contentUrl\":\"https:\/\/mhf.ro\/mm\/wp-content\/uploads\/2025\/12\/cropped-logo_mhf_2.png\",\"width\":1096,\"height\":457,\"caption\":\"Marius Marcu\"},\"logo\":{\"@id\":\"https:\/\/mhf.ro\/mm\/#\/schema\/person\/image\/\"},\"sameAs\":[\"https:\/\/mhf.ro\/mm\"],\"url\":\"https:\/\/mhf.ro\/mm\/author\/mihai\/\"}]}<\/script>\n<!-- \/ Yoast SEO plugin. -->","yoast_head_json":{"title":"C\u00e2\u021bi bani a primit Rom\u00e2nia de la UE pentru refugia\u021bii ucraineni - MHF Photography","description":"De asemenea, am precizat c\u0103 la nivelul Ministerului Educa\u021biei au fost luate m\u0103suri astfel \u00eenc\u00e2t copiii ucraineni s\u0103 poat\u0103 s\u0103 beneficieze","robots":{"index":"index","follow":"follow","max-snippet":"max-snippet:-1","max-image-preview":"max-image-preview:large","max-video-preview":"max-video-preview:-1"},"canonical":"https:\/\/mhf.ro\/mm\/cati-bani-a-primit-romania-de-la-ue-pentru-refugiatii-ucraineni\/","og_locale":"ro_RO","og_type":"article","og_title":"C\u00e2\u021bi bani a primit Rom\u00e2nia de la UE pentru refugia\u021bii ucraineni - MHF Photography","og_description":"De asemenea, am precizat c\u0103 la nivelul Ministerului Educa\u021biei au fost luate m\u0103suri astfel \u00eenc\u00e2t copiii ucraineni s\u0103 poat\u0103 s\u0103 beneficieze","og_url":"https:\/\/mhf.ro\/mm\/cati-bani-a-primit-romania-de-la-ue-pentru-refugiatii-ucraineni\/","og_site_name":"MHF Photography","article_published_time":"2022-04-29T07:43:44+00:00","article_modified_time":"2022-04-29T07:43:46+00:00","og_image":[{"width":1920,"height":1195,"url":"https:\/\/mhf.ro\/mm\/wp-content\/uploads\/2022\/04\/euro-cash.jpg","type":"image\/jpeg"}],"author":"Marius Marcu","twitter_card":"summary_large_image","twitter_misc":{"Scris de":"Marius Marcu","Timp estimat pentru citire":"1 minut"},"schema":{"@context":"https:\/\/schema.org","@graph":[{"@type":"Article","@id":"https:\/\/mhf.ro\/mm\/cati-bani-a-primit-romania-de-la-ue-pentru-refugiatii-ucraineni\/#article","isPartOf":{"@id":"https:\/\/mhf.ro\/mm\/cati-bani-a-primit-romania-de-la-ue-pentru-refugiatii-ucraineni\/"},"author":{"name":"Marius Marcu","@id":"https:\/\/mhf.ro\/mm\/#\/schema\/person\/a3bebf7bdb4bf12f698aff73c7e46c21"},"headline":"C\u00e2\u021bi bani a primit Rom\u00e2nia de la UE pentru refugia\u021bii ucraineni","datePublished":"2022-04-29T07:43:44+00:00","dateModified":"2022-04-29T07:43:46+00:00","mainEntityOfPage":{"@id":"https:\/\/mhf.ro\/mm\/cati-bani-a-primit-romania-de-la-ue-pentru-refugiatii-ucraineni\/"},"wordCount":212,"commentCount":0,"publisher":{"@id":"https:\/\/mhf.ro\/mm\/#\/schema\/person\/a3bebf7bdb4bf12f698aff73c7e46c21"},"image":{"@id":"https:\/\/mhf.ro\/mm\/cati-bani-a-primit-romania-de-la-ue-pentru-refugiatii-ucraineni\/#primaryimage"},"thumbnailUrl":"https:\/\/mhf.ro\/mm\/wp-content\/uploads\/2022\/04\/euro-cash.jpg","articleSection":["Locale"],"inLanguage":"ro-RO","potentialAction":[{"@type":"CommentAction","name":"Comment","target":["https:\/\/mhf.ro\/mm\/cati-bani-a-primit-romania-de-la-ue-pentru-refugiatii-ucraineni\/#respond"]}]},{"@type":"WebPage","@id":"https:\/\/mhf.ro\/mm\/cati-bani-a-primit-romania-de-la-ue-pentru-refugiatii-ucraineni\/","url":"https:\/\/mhf.ro\/mm\/cati-bani-a-primit-romania-de-la-ue-pentru-refugiatii-ucraineni\/","name":"C\u00e2\u021bi bani a primit Rom\u00e2nia de la UE pentru refugia\u021bii ucraineni - MHF Photography","isPartOf":{"@id":"https:\/\/mhf.ro\/mm\/#website"},"primaryImageOfPage":{"@id":"https:\/\/mhf.ro\/mm\/cati-bani-a-primit-romania-de-la-ue-pentru-refugiatii-ucraineni\/#primaryimage"},"image":{"@id":"https:\/\/mhf.ro\/mm\/cati-bani-a-primit-romania-de-la-ue-pentru-refugiatii-ucraineni\/#primaryimage"},"thumbnailUrl":"https:\/\/mhf.ro\/mm\/wp-content\/uploads\/2022\/04\/euro-cash.jpg","datePublished":"2022-04-29T07:43:44+00:00","dateModified":"2022-04-29T07:43:46+00:00","description":"De asemenea, am precizat c\u0103 la nivelul Ministerului Educa\u021biei au fost luate m\u0103suri astfel \u00eenc\u00e2t copiii ucraineni s\u0103 poat\u0103 s\u0103 beneficieze","breadcrumb":{"@id":"https:\/\/mhf.ro\/mm\/cati-bani-a-primit-romania-de-la-ue-pentru-refugiatii-ucraineni\/#breadcrumb"},"inLanguage":"ro-RO","potentialAction":[{"@type":"ReadAction","target":["https:\/\/mhf.ro\/mm\/cati-bani-a-primit-romania-de-la-ue-pentru-refugiatii-ucraineni\/"]}]},{"@type":"ImageObject","inLanguage":"ro-RO","@id":"https:\/\/mhf.ro\/mm\/cati-bani-a-primit-romania-de-la-ue-pentru-refugiatii-ucraineni\/#primaryimage","url":"https:\/\/mhf.ro\/mm\/wp-content\/uploads\/2022\/04\/euro-cash.jpg","contentUrl":"https:\/\/mhf.ro\/mm\/wp-content\/uploads\/2022\/04\/euro-cash.jpg","width":1920,"height":1195},{"@type":"BreadcrumbList","@id":"https:\/\/mhf.ro\/mm\/cati-bani-a-primit-romania-de-la-ue-pentru-refugiatii-ucraineni\/#breadcrumb","itemListElement":[{"@type":"ListItem","position":1,"name":"Prima pagin\u0103","item":"https:\/\/mhf.ro\/mm\/"},{"@type":"ListItem","position":2,"name":"C\u00e2\u021bi bani a primit Rom\u00e2nia de la UE pentru refugia\u021bii ucraineni"}]},{"@type":"WebSite","@id":"https:\/\/mhf.ro\/mm\/#website","url":"https:\/\/mhf.ro\/mm\/","name":"MHF Photography \u2013 Blog de fotografie, natur\u0103 \u0219i tehnic\u0103 divers\u0103","description":"Aventur\u0103 \u00een fiecare cadru.","publisher":{"@id":"https:\/\/mhf.ro\/mm\/#\/schema\/person\/a3bebf7bdb4bf12f698aff73c7e46c21"},"potentialAction":[{"@type":"SearchAction","target":{"@type":"EntryPoint","urlTemplate":"https:\/\/mhf.ro\/mm\/?s={search_term_string}"},"query-input":{"@type":"PropertyValueSpecification","valueRequired":true,"valueName":"search_term_string"}}],"inLanguage":"ro-RO"},{"@type":["Person","Organization"],"@id":"https:\/\/mhf.ro\/mm\/#\/schema\/person\/a3bebf7bdb4bf12f698aff73c7e46c21","name":"Marius Marcu","image":{"@type":"ImageObject","inLanguage":"ro-RO","@id":"https:\/\/mhf.ro\/mm\/#\/schema\/person\/image\/","url":"https:\/\/mhf.ro\/mm\/wp-content\/uploads\/2025\/12\/cropped-logo_mhf_2.png","contentUrl":"https:\/\/mhf.ro\/mm\/wp-content\/uploads\/2025\/12\/cropped-logo_mhf_2.png","width":1096,"height":457,"caption":"Marius Marcu"},"logo":{"@id":"https:\/\/mhf.ro\/mm\/#\/schema\/person\/image\/"},"sameAs":["https:\/\/mhf.ro\/mm"],"url":"https:\/\/mhf.ro\/mm\/author\/mihai\/"}]}},"_links":{"self":[{"href":"https:\/\/mhf.ro\/mm\/wp-json\/wp\/v2\/posts\/7374","targetHints":{"allow":["GET"]}}],"collection":[{"href":"https:\/\/mhf.ro\/mm\/wp-json\/wp\/v2\/posts"}],"about":[{"href":"https:\/\/mhf.ro\/mm\/wp-json\/wp\/v2\/types\/post"}],"author":[{"embeddable":true,"href":"https:\/\/mhf.ro\/mm\/wp-json\/wp\/v2\/users\/1"}],"replies":[{"embeddable":true,"href":"https:\/\/mhf.ro\/mm\/wp-json\/wp\/v2\/comments?post=7374"}],"version-history":[{"count":2,"href":"https:\/\/mhf.ro\/mm\/wp-json\/wp\/v2\/posts\/7374\/revisions"}],"predecessor-version":[{"id":7377,"href":"https:\/\/mhf.ro\/mm\/wp-json\/wp\/v2\/posts\/7374\/revisions\/7377"}],"wp:featuredmedia":[{"embeddable":true,"href":"https:\/\/mhf.ro\/mm\/wp-json\/wp\/v2\/media\/7375"}],"wp:attachment":[{"href":"https:\/\/mhf.ro\/mm\/wp-json\/wp\/v2\/media?parent=7374"}],"wp:term":[{"taxonomy":"category","embeddable":true,"href":"https:\/\/mhf.ro\/mm\/wp-json\/wp\/v2\/categories?post=7374"},{"taxonomy":"post_tag","embeddable":true,"href":"https:\/\/mhf.ro\/mm\/wp-json\/wp\/v2\/tags?post=7374"}],"curies":[{"name":"wp","href":"https:\/\/api.w.org\/{rel}","templated":true}]}}