{"id":7404,"date":"2022-05-02T14:34:02","date_gmt":"2022-05-02T12:34:02","guid":{"rendered":"https:\/\/mhf.ro\/mm\/?p=7404"},"modified":"2025-12-10T22:22:15","modified_gmt":"2025-12-10T20:22:15","slug":"o-musca-privita-de-aproape","status":"publish","type":"post","link":"https:\/\/mhf.ro\/mm\/o-musca-privita-de-aproape\/","title":{"rendered":"O musc\u0103 privit\u0103 de aproape."},"content":{"rendered":"\t\t<div data-elementor-type=\"wp-post\" data-elementor-id=\"7404\" class=\"elementor elementor-7404\">\n\t\t\t\t\t\t<section class=\"elementor-section elementor-top-section elementor-element elementor-element-41aebed elementor-section-boxed elementor-section-height-default elementor-section-height-default\" data-id=\"41aebed\" data-element_type=\"section\" data-e-type=\"section\">\n\t\t\t\t\t\t<div class=\"elementor-container elementor-column-gap-default\">\n\t\t\t\t\t<div class=\"elementor-column elementor-col-100 elementor-top-column elementor-element elementor-element-8aa8753\" data-id=\"8aa8753\" data-element_type=\"column\" data-e-type=\"column\">\n\t\t\t<div class=\"elementor-widget-wrap elementor-element-populated\">\n\t\t\t\t\t\t<div class=\"elementor-element elementor-element-9c331e2 elementor-widget elementor-widget-text-editor\" data-id=\"9c331e2\" data-element_type=\"widget\" data-e-type=\"widget\" data-widget_type=\"text-editor.default\">\n\t\t\t\t<div class=\"elementor-widget-container\">\n\t\t\t\t\t\t\t\t\t<p>Odat\u0103 cu venirea prim\u0103verii au \u00eenceput s\u0103 zboare \u0219i insectele. Mai am\u0103r\u00e2te deocamdat\u0103.<\/p>\t\t\t\t\t\t\t\t<\/div>\n\t\t\t\t<\/div>\n\t\t\t\t<div class=\"elementor-element elementor-element-be0cfad elementor-widget elementor-widget-video\" data-id=\"be0cfad\" data-element_type=\"widget\" data-e-type=\"widget\" data-settings=\"{&quot;video_type&quot;:&quot;hosted&quot;,&quot;controls&quot;:&quot;yes&quot;}\" data-widget_type=\"video.default\">\n\t\t\t\t<div class=\"elementor-widget-container\">\n\t\t\t\t\t\t\t<div class=\"e-hosted-video elementor-wrapper elementor-open-inline\">\n\t\t\t\t\t<video class=\"elementor-video\" src=\"https:\/\/mhf.ro\/mm\/wp-content\/uploads\/2022\/05\/Musca.mp4\" controls=\"\" preload=\"metadata\" controlsList=\"nodownload\"><\/video>\n\t\t\t\t<\/div>\n\t\t\t\t\t\t<\/div>\n\t\t\t\t<\/div>\n\t\t\t\t<div class=\"elementor-element elementor-element-f164e81 elementor-widget elementor-widget-heading\" data-id=\"f164e81\" data-element_type=\"widget\" data-e-type=\"widget\" data-widget_type=\"heading.default\">\n\t\t\t\t<div class=\"elementor-widget-container\">\n\t\t\t\t\t<h4 class=\"elementor-heading-title elementor-size-default\">S\u0103 privim o musc\u0103 de aproape.<\/h4>\t\t\t\t<\/div>\n\t\t\t\t<\/div>\n\t\t\t\t\t<\/div>\n\t\t<\/div>\n\t\t\t\t\t<\/div>\n\t\t<\/section>\n\t\t\t\t<section class=\"elementor-section elementor-top-section elementor-element elementor-element-91f714d elementor-section-boxed elementor-section-height-default elementor-section-height-default\" data-id=\"91f714d\" data-element_type=\"section\" data-e-type=\"section\">\n\t\t\t\t\t\t<div class=\"elementor-container elementor-column-gap-default\">\n\t\t\t\t\t<div class=\"elementor-column elementor-col-50 elementor-top-column elementor-element elementor-element-c43a7d9\" data-id=\"c43a7d9\" data-element_type=\"column\" data-e-type=\"column\">\n\t\t\t<div class=\"elementor-widget-wrap elementor-element-populated\">\n\t\t\t\t\t\t<div class=\"elementor-element elementor-element-0be3063 elementor-widget elementor-widget-image\" data-id=\"0be3063\" data-element_type=\"widget\" data-e-type=\"widget\" data-widget_type=\"image.default\">\n\t\t\t\t<div class=\"elementor-widget-container\">\n\t\t\t\t\t\t\t\t\t\t\t\t\t\t\t<img fetchpriority=\"high\" decoding=\"async\" width=\"800\" height=\"640\" src=\"https:\/\/mhf.ro\/mm\/wp-content\/uploads\/2022\/05\/Musca-3-1024x819.jpg\" class=\"attachment-large size-large wp-image-7411\" alt=\"\" srcset=\"https:\/\/mhf.ro\/mm\/wp-content\/uploads\/2022\/05\/Musca-3-1024x819.jpg 1024w, https:\/\/mhf.ro\/mm\/wp-content\/uploads\/2022\/05\/Musca-3-300x240.jpg 300w, https:\/\/mhf.ro\/mm\/wp-content\/uploads\/2022\/05\/Musca-3-768x614.jpg 768w, https:\/\/mhf.ro\/mm\/wp-content\/uploads\/2022\/05\/Musca-3.jpg 1280w\" sizes=\"(max-width: 800px) 100vw, 800px\" \/>\t\t\t\t\t\t\t\t\t\t\t\t\t\t\t<\/div>\n\t\t\t\t<\/div>\n\t\t\t\t\t<\/div>\n\t\t<\/div>\n\t\t\t\t<div class=\"elementor-column elementor-col-50 elementor-top-column elementor-element elementor-element-dd02471\" data-id=\"dd02471\" data-element_type=\"column\" data-e-type=\"column\">\n\t\t\t<div class=\"elementor-widget-wrap elementor-element-populated\">\n\t\t\t\t\t\t<div class=\"elementor-element elementor-element-6748940 elementor-widget elementor-widget-image\" data-id=\"6748940\" data-element_type=\"widget\" data-e-type=\"widget\" data-widget_type=\"image.default\">\n\t\t\t\t<div class=\"elementor-widget-container\">\n\t\t\t\t\t\t\t\t\t\t\t\t\t\t\t<img decoding=\"async\" width=\"800\" height=\"640\" src=\"https:\/\/mhf.ro\/mm\/wp-content\/uploads\/2022\/05\/Musca-2-1024x819.jpg\" class=\"attachment-large size-large wp-image-7412\" alt=\"\" srcset=\"https:\/\/mhf.ro\/mm\/wp-content\/uploads\/2022\/05\/Musca-2-1024x819.jpg 1024w, https:\/\/mhf.ro\/mm\/wp-content\/uploads\/2022\/05\/Musca-2-300x240.jpg 300w, https:\/\/mhf.ro\/mm\/wp-content\/uploads\/2022\/05\/Musca-2-768x614.jpg 768w, https:\/\/mhf.ro\/mm\/wp-content\/uploads\/2022\/05\/Musca-2.jpg 1280w\" sizes=\"(max-width: 800px) 100vw, 800px\" \/>\t\t\t\t\t\t\t\t\t\t\t\t\t\t\t<\/div>\n\t\t\t\t<\/div>\n\t\t\t\t\t<\/div>\n\t\t<\/div>\n\t\t\t\t\t<\/div>\n\t\t<\/section>\n\t\t\t\t<\/div>\n\t\t","protected":false},"excerpt":{"rendered":"<p>Odat\u0103 cu venirea prim\u0103verii au \u00eenceput s\u0103 zboare \u0219i insectele. Mai am\u0103r\u00e2te deocamdat\u0103. https:\/\/mhf.ro\/mm\/wp-content\/uploads\/2022\/05\/Musca.mp4 S\u0103 privim o musc\u0103 de aproape.<\/p>\n","protected":false},"author":1,"featured_media":7405,"comment_status":"open","ping_status":"open","sticky":false,"template":"","format":"standard","meta":{"colormag_page_container_layout":"default_layout","colormag_page_sidebar_layout":"default_layout","footnotes":""},"categories":[5,33],"tags":[],"class_list":["post-7404","post","type-post","status-publish","format-standard","has-post-thumbnail","hentry","category-locale","category-video"],"yoast_head":"<!-- This site is optimized with the Yoast SEO plugin v27.0 - https:\/\/yoast.com\/product\/yoast-seo-wordpress\/ -->\n<title>O musc\u0103 privit\u0103 de aproape. - MHF Photography<\/title>\n<meta name=\"description\" content=\"Venirea prim\u0103verii aduce \u0219i intensificarea activit\u0103\u021bii insectelor. La \u00eenceput de sezon insectele sunt mai slabe. S\u0103 privim o musc\u0103 la micro..\" \/>\n<meta name=\"robots\" content=\"index, follow, max-snippet:-1, max-image-preview:large, max-video-preview:-1\" \/>\n<link rel=\"canonical\" href=\"https:\/\/mhf.ro\/mm\/o-musca-privita-de-aproape\/\" \/>\n<meta property=\"og:locale\" content=\"ro_RO\" \/>\n<meta property=\"og:type\" content=\"article\" \/>\n<meta property=\"og:title\" content=\"O musc\u0103 privit\u0103 de aproape. - MHF Photography\" \/>\n<meta property=\"og:description\" content=\"Venirea prim\u0103verii aduce \u0219i intensificarea activit\u0103\u021bii insectelor. La \u00eenceput de sezon insectele sunt mai slabe. S\u0103 privim o musc\u0103 la micro..\" \/>\n<meta property=\"og:url\" content=\"https:\/\/mhf.ro\/mm\/o-musca-privita-de-aproape\/\" \/>\n<meta property=\"og:site_name\" content=\"MHF Photography\" \/>\n<meta property=\"article:published_time\" content=\"2022-05-02T12:34:02+00:00\" \/>\n<meta property=\"article:modified_time\" content=\"2025-12-10T20:22:15+00:00\" \/>\n<meta property=\"og:image\" content=\"https:\/\/mhf.ro\/mm\/wp-content\/uploads\/2022\/05\/Musca_1.jpg\" \/>\n\t<meta property=\"og:image:width\" content=\"1280\" \/>\n\t<meta property=\"og:image:height\" content=\"1024\" \/>\n\t<meta property=\"og:image:type\" content=\"image\/jpeg\" \/>\n<meta name=\"author\" content=\"Marius Marcu\" \/>\n<meta name=\"twitter:card\" content=\"summary_large_image\" \/>\n<meta name=\"twitter:label1\" content=\"Scris de\" \/>\n\t<meta name=\"twitter:data1\" content=\"Marius Marcu\" \/>\n\t<meta name=\"twitter:label2\" content=\"Timp estimat pentru citire\" \/>\n\t<meta name=\"twitter:data2\" content=\"1 minut\" \/>\n<script type=\"application\/ld+json\" class=\"yoast-schema-graph\">{\"@context\":\"https:\/\/schema.org\",\"@graph\":[{\"@type\":\"Article\",\"@id\":\"https:\/\/mhf.ro\/mm\/o-musca-privita-de-aproape\/#article\",\"isPartOf\":{\"@id\":\"https:\/\/mhf.ro\/mm\/o-musca-privita-de-aproape\/\"},\"author\":{\"name\":\"Marius Marcu\",\"@id\":\"https:\/\/mhf.ro\/mm\/#\/schema\/person\/a3bebf7bdb4bf12f698aff73c7e46c21\"},\"headline\":\"O musc\u0103 privit\u0103 de aproape.\",\"datePublished\":\"2022-05-02T12:34:02+00:00\",\"dateModified\":\"2025-12-10T20:22:15+00:00\",\"mainEntityOfPage\":{\"@id\":\"https:\/\/mhf.ro\/mm\/o-musca-privita-de-aproape\/\"},\"wordCount\":35,\"commentCount\":0,\"publisher\":{\"@id\":\"https:\/\/mhf.ro\/mm\/#\/schema\/person\/a3bebf7bdb4bf12f698aff73c7e46c21\"},\"image\":{\"@id\":\"https:\/\/mhf.ro\/mm\/o-musca-privita-de-aproape\/#primaryimage\"},\"thumbnailUrl\":\"https:\/\/mhf.ro\/mm\/wp-content\/uploads\/2022\/05\/Musca_1.jpg\",\"articleSection\":[\"Locale\",\"Video\"],\"inLanguage\":\"ro-RO\",\"potentialAction\":[{\"@type\":\"CommentAction\",\"name\":\"Comment\",\"target\":[\"https:\/\/mhf.ro\/mm\/o-musca-privita-de-aproape\/#respond\"]}]},{\"@type\":\"WebPage\",\"@id\":\"https:\/\/mhf.ro\/mm\/o-musca-privita-de-aproape\/\",\"url\":\"https:\/\/mhf.ro\/mm\/o-musca-privita-de-aproape\/\",\"name\":\"O musc\u0103 privit\u0103 de aproape. - MHF Photography\",\"isPartOf\":{\"@id\":\"https:\/\/mhf.ro\/mm\/#website\"},\"primaryImageOfPage\":{\"@id\":\"https:\/\/mhf.ro\/mm\/o-musca-privita-de-aproape\/#primaryimage\"},\"image\":{\"@id\":\"https:\/\/mhf.ro\/mm\/o-musca-privita-de-aproape\/#primaryimage\"},\"thumbnailUrl\":\"https:\/\/mhf.ro\/mm\/wp-content\/uploads\/2022\/05\/Musca_1.jpg\",\"datePublished\":\"2022-05-02T12:34:02+00:00\",\"dateModified\":\"2025-12-10T20:22:15+00:00\",\"description\":\"Venirea prim\u0103verii aduce \u0219i intensificarea activit\u0103\u021bii insectelor. La \u00eenceput de sezon insectele sunt mai slabe. S\u0103 privim o musc\u0103 la micro..\",\"breadcrumb\":{\"@id\":\"https:\/\/mhf.ro\/mm\/o-musca-privita-de-aproape\/#breadcrumb\"},\"inLanguage\":\"ro-RO\",\"potentialAction\":[{\"@type\":\"ReadAction\",\"target\":[\"https:\/\/mhf.ro\/mm\/o-musca-privita-de-aproape\/\"]}]},{\"@type\":\"ImageObject\",\"inLanguage\":\"ro-RO\",\"@id\":\"https:\/\/mhf.ro\/mm\/o-musca-privita-de-aproape\/#primaryimage\",\"url\":\"https:\/\/mhf.ro\/mm\/wp-content\/uploads\/2022\/05\/Musca_1.jpg\",\"contentUrl\":\"https:\/\/mhf.ro\/mm\/wp-content\/uploads\/2022\/05\/Musca_1.jpg\",\"width\":1280,\"height\":1024},{\"@type\":\"BreadcrumbList\",\"@id\":\"https:\/\/mhf.ro\/mm\/o-musca-privita-de-aproape\/#breadcrumb\",\"itemListElement\":[{\"@type\":\"ListItem\",\"position\":1,\"name\":\"Prima pagin\u0103\",\"item\":\"https:\/\/mhf.ro\/mm\/\"},{\"@type\":\"ListItem\",\"position\":2,\"name\":\"O musc\u0103 privit\u0103 de aproape.\"}]},{\"@type\":\"WebSite\",\"@id\":\"https:\/\/mhf.ro\/mm\/#website\",\"url\":\"https:\/\/mhf.ro\/mm\/\",\"name\":\"MHF Photography \u2013 Blog de fotografie, natur\u0103 \u0219i tehnic\u0103 divers\u0103\",\"description\":\"Aventur\u0103 \u00een fiecare cadru.\",\"publisher\":{\"@id\":\"https:\/\/mhf.ro\/mm\/#\/schema\/person\/a3bebf7bdb4bf12f698aff73c7e46c21\"},\"potentialAction\":[{\"@type\":\"SearchAction\",\"target\":{\"@type\":\"EntryPoint\",\"urlTemplate\":\"https:\/\/mhf.ro\/mm\/?s={search_term_string}\"},\"query-input\":{\"@type\":\"PropertyValueSpecification\",\"valueRequired\":true,\"valueName\":\"search_term_string\"}}],\"inLanguage\":\"ro-RO\"},{\"@type\":[\"Person\",\"Organization\"],\"@id\":\"https:\/\/mhf.ro\/mm\/#\/schema\/person\/a3bebf7bdb4bf12f698aff73c7e46c21\",\"name\":\"Marius Marcu\",\"image\":{\"@type\":\"ImageObject\",\"inLanguage\":\"ro-RO\",\"@id\":\"https:\/\/mhf.ro\/mm\/#\/schema\/person\/image\/\",\"url\":\"https:\/\/mhf.ro\/mm\/wp-content\/uploads\/2025\/12\/cropped-logo_mhf_2.png\",\"contentUrl\":\"https:\/\/mhf.ro\/mm\/wp-content\/uploads\/2025\/12\/cropped-logo_mhf_2.png\",\"width\":1096,\"height\":457,\"caption\":\"Marius Marcu\"},\"logo\":{\"@id\":\"https:\/\/mhf.ro\/mm\/#\/schema\/person\/image\/\"},\"sameAs\":[\"https:\/\/mhf.ro\/mm\"],\"url\":\"https:\/\/mhf.ro\/mm\/author\/mihai\/\"}]}<\/script>\n<!-- \/ Yoast SEO plugin. -->","yoast_head_json":{"title":"O musc\u0103 privit\u0103 de aproape. - MHF Photography","description":"Venirea prim\u0103verii aduce \u0219i intensificarea activit\u0103\u021bii insectelor. La \u00eenceput de sezon insectele sunt mai slabe. S\u0103 privim o musc\u0103 la micro..","robots":{"index":"index","follow":"follow","max-snippet":"max-snippet:-1","max-image-preview":"max-image-preview:large","max-video-preview":"max-video-preview:-1"},"canonical":"https:\/\/mhf.ro\/mm\/o-musca-privita-de-aproape\/","og_locale":"ro_RO","og_type":"article","og_title":"O musc\u0103 privit\u0103 de aproape. - MHF Photography","og_description":"Venirea prim\u0103verii aduce \u0219i intensificarea activit\u0103\u021bii insectelor. La \u00eenceput de sezon insectele sunt mai slabe. S\u0103 privim o musc\u0103 la micro..","og_url":"https:\/\/mhf.ro\/mm\/o-musca-privita-de-aproape\/","og_site_name":"MHF Photography","article_published_time":"2022-05-02T12:34:02+00:00","article_modified_time":"2025-12-10T20:22:15+00:00","og_image":[{"width":1280,"height":1024,"url":"https:\/\/mhf.ro\/mm\/wp-content\/uploads\/2022\/05\/Musca_1.jpg","type":"image\/jpeg"}],"author":"Marius Marcu","twitter_card":"summary_large_image","twitter_misc":{"Scris de":"Marius Marcu","Timp estimat pentru citire":"1 minut"},"schema":{"@context":"https:\/\/schema.org","@graph":[{"@type":"Article","@id":"https:\/\/mhf.ro\/mm\/o-musca-privita-de-aproape\/#article","isPartOf":{"@id":"https:\/\/mhf.ro\/mm\/o-musca-privita-de-aproape\/"},"author":{"name":"Marius Marcu","@id":"https:\/\/mhf.ro\/mm\/#\/schema\/person\/a3bebf7bdb4bf12f698aff73c7e46c21"},"headline":"O musc\u0103 privit\u0103 de aproape.","datePublished":"2022-05-02T12:34:02+00:00","dateModified":"2025-12-10T20:22:15+00:00","mainEntityOfPage":{"@id":"https:\/\/mhf.ro\/mm\/o-musca-privita-de-aproape\/"},"wordCount":35,"commentCount":0,"publisher":{"@id":"https:\/\/mhf.ro\/mm\/#\/schema\/person\/a3bebf7bdb4bf12f698aff73c7e46c21"},"image":{"@id":"https:\/\/mhf.ro\/mm\/o-musca-privita-de-aproape\/#primaryimage"},"thumbnailUrl":"https:\/\/mhf.ro\/mm\/wp-content\/uploads\/2022\/05\/Musca_1.jpg","articleSection":["Locale","Video"],"inLanguage":"ro-RO","potentialAction":[{"@type":"CommentAction","name":"Comment","target":["https:\/\/mhf.ro\/mm\/o-musca-privita-de-aproape\/#respond"]}]},{"@type":"WebPage","@id":"https:\/\/mhf.ro\/mm\/o-musca-privita-de-aproape\/","url":"https:\/\/mhf.ro\/mm\/o-musca-privita-de-aproape\/","name":"O musc\u0103 privit\u0103 de aproape. - MHF Photography","isPartOf":{"@id":"https:\/\/mhf.ro\/mm\/#website"},"primaryImageOfPage":{"@id":"https:\/\/mhf.ro\/mm\/o-musca-privita-de-aproape\/#primaryimage"},"image":{"@id":"https:\/\/mhf.ro\/mm\/o-musca-privita-de-aproape\/#primaryimage"},"thumbnailUrl":"https:\/\/mhf.ro\/mm\/wp-content\/uploads\/2022\/05\/Musca_1.jpg","datePublished":"2022-05-02T12:34:02+00:00","dateModified":"2025-12-10T20:22:15+00:00","description":"Venirea prim\u0103verii aduce \u0219i intensificarea activit\u0103\u021bii insectelor. La \u00eenceput de sezon insectele sunt mai slabe. S\u0103 privim o musc\u0103 la micro..","breadcrumb":{"@id":"https:\/\/mhf.ro\/mm\/o-musca-privita-de-aproape\/#breadcrumb"},"inLanguage":"ro-RO","potentialAction":[{"@type":"ReadAction","target":["https:\/\/mhf.ro\/mm\/o-musca-privita-de-aproape\/"]}]},{"@type":"ImageObject","inLanguage":"ro-RO","@id":"https:\/\/mhf.ro\/mm\/o-musca-privita-de-aproape\/#primaryimage","url":"https:\/\/mhf.ro\/mm\/wp-content\/uploads\/2022\/05\/Musca_1.jpg","contentUrl":"https:\/\/mhf.ro\/mm\/wp-content\/uploads\/2022\/05\/Musca_1.jpg","width":1280,"height":1024},{"@type":"BreadcrumbList","@id":"https:\/\/mhf.ro\/mm\/o-musca-privita-de-aproape\/#breadcrumb","itemListElement":[{"@type":"ListItem","position":1,"name":"Prima pagin\u0103","item":"https:\/\/mhf.ro\/mm\/"},{"@type":"ListItem","position":2,"name":"O musc\u0103 privit\u0103 de aproape."}]},{"@type":"WebSite","@id":"https:\/\/mhf.ro\/mm\/#website","url":"https:\/\/mhf.ro\/mm\/","name":"MHF Photography \u2013 Blog de fotografie, natur\u0103 \u0219i tehnic\u0103 divers\u0103","description":"Aventur\u0103 \u00een fiecare cadru.","publisher":{"@id":"https:\/\/mhf.ro\/mm\/#\/schema\/person\/a3bebf7bdb4bf12f698aff73c7e46c21"},"potentialAction":[{"@type":"SearchAction","target":{"@type":"EntryPoint","urlTemplate":"https:\/\/mhf.ro\/mm\/?s={search_term_string}"},"query-input":{"@type":"PropertyValueSpecification","valueRequired":true,"valueName":"search_term_string"}}],"inLanguage":"ro-RO"},{"@type":["Person","Organization"],"@id":"https:\/\/mhf.ro\/mm\/#\/schema\/person\/a3bebf7bdb4bf12f698aff73c7e46c21","name":"Marius Marcu","image":{"@type":"ImageObject","inLanguage":"ro-RO","@id":"https:\/\/mhf.ro\/mm\/#\/schema\/person\/image\/","url":"https:\/\/mhf.ro\/mm\/wp-content\/uploads\/2025\/12\/cropped-logo_mhf_2.png","contentUrl":"https:\/\/mhf.ro\/mm\/wp-content\/uploads\/2025\/12\/cropped-logo_mhf_2.png","width":1096,"height":457,"caption":"Marius Marcu"},"logo":{"@id":"https:\/\/mhf.ro\/mm\/#\/schema\/person\/image\/"},"sameAs":["https:\/\/mhf.ro\/mm"],"url":"https:\/\/mhf.ro\/mm\/author\/mihai\/"}]}},"_links":{"self":[{"href":"https:\/\/mhf.ro\/mm\/wp-json\/wp\/v2\/posts\/7404","targetHints":{"allow":["GET"]}}],"collection":[{"href":"https:\/\/mhf.ro\/mm\/wp-json\/wp\/v2\/posts"}],"about":[{"href":"https:\/\/mhf.ro\/mm\/wp-json\/wp\/v2\/types\/post"}],"author":[{"embeddable":true,"href":"https:\/\/mhf.ro\/mm\/wp-json\/wp\/v2\/users\/1"}],"replies":[{"embeddable":true,"href":"https:\/\/mhf.ro\/mm\/wp-json\/wp\/v2\/comments?post=7404"}],"version-history":[{"count":23,"href":"https:\/\/mhf.ro\/mm\/wp-json\/wp\/v2\/posts\/7404\/revisions"}],"predecessor-version":[{"id":9721,"href":"https:\/\/mhf.ro\/mm\/wp-json\/wp\/v2\/posts\/7404\/revisions\/9721"}],"wp:featuredmedia":[{"embeddable":true,"href":"https:\/\/mhf.ro\/mm\/wp-json\/wp\/v2\/media\/7405"}],"wp:attachment":[{"href":"https:\/\/mhf.ro\/mm\/wp-json\/wp\/v2\/media?parent=7404"}],"wp:term":[{"taxonomy":"category","embeddable":true,"href":"https:\/\/mhf.ro\/mm\/wp-json\/wp\/v2\/categories?post=7404"},{"taxonomy":"post_tag","embeddable":true,"href":"https:\/\/mhf.ro\/mm\/wp-json\/wp\/v2\/tags?post=7404"}],"curies":[{"name":"wp","href":"https:\/\/api.w.org\/{rel}","templated":true}]}}