{"id":7501,"date":"2022-05-09T07:15:10","date_gmt":"2022-05-09T05:15:10","guid":{"rendered":"https:\/\/mhf.ro\/mm\/?p=7501"},"modified":"2022-05-09T07:15:10","modified_gmt":"2022-05-09T05:15:10","slug":"toma-necredinciosul-sau-toma-curajosul","status":"publish","type":"post","link":"https:\/\/mhf.ro\/mm\/toma-necredinciosul-sau-toma-curajosul\/","title":{"rendered":"Toma \u201enecredinciosul\u201d sau Toma \u201ecurajosul\u201d?"},"content":{"rendered":"<div class=\"large-9 main columns\">\n<article id=\"node-66180\" class=\"node node-articol view-mode-full\">\n<div id=\"articol-sapou\">\n<div class=\"field field-name-field-sapou-articol field-type-text-long field-label-hidden field-wrapper\">\n<p>Sf\u00e2ntul Apostol Toma nu \u00ee\u0219i merit\u0103 numele de\u00a0\u201enecredinciosul\u201d. Ar fi mai bine s\u0103 \u00eel numim\u00a0\u201ecurajosul\u201d. A fost un om plin de curaj, c\u00e2nd a ie\u0219it din ascunz\u0103toare, cu pre\u021bul vie\u021bii. A fost curajos \u0219i \u00een vestirea Evangheliei \u00eentr-o parte de lume care \u00eenc\u0103 nu era foarte cunoscut\u0103 contemporaneit\u0103\u021bii sale \u2013 India. Poate c\u0103 a venit timpul s\u0103 zicem, ca \u00een sinaxarul malabarez:\u00a0\u201eO, Doamne, dac\u0103 a\u0219 fi \u0219i eu ca Toma curajosul\u2026!\u201d.<\/p>\n<\/div>\n<\/div>\n<div class=\"owl-articol\">\n<div id=\"owlcarousel_node_articol\" class=\"owlcarousel_node_articol owl-carousel owl-theme\">\n<div class=\"owl-wrapper-outer\">\n<div class=\"owl-wrapper\">\n<div class=\"owl-item\">\n<div class=\"item-0\"><a class=\"colorbox init-colorbox-processed cboxElement\" title=\"Foto: Oana Nechifor\" href=\"https:\/\/doxologia.ro\/sites\/default\/files\/styles\/media-articol-colorbox\/public\/articol\/2019\/04\/incredintarea_lui_toma.jpg?itok=I-MXYR7s\" rel=\"gallery-all\"><img fetchpriority=\"high\" decoding=\"async\" title=\"Foto: Oana Nechifor\" src=\"https:\/\/doxologia.ro\/sites\/default\/files\/styles\/articol\/public\/articol\/2019\/04\/incredintarea_lui_toma.jpg?itok=EdtuQsKE\" alt=\"Foto: Oana Nechifor\" width=\"915\" height=\"610\" \/><\/a><\/p>\n<div class=\"overtitle\">Foto: Oana Nechifor<\/div>\n<div class=\"total-number\"><\/div>\n<\/div>\n<\/div>\n<\/div>\n<\/div>\n<\/div>\n<\/div>\n<div class=\"body field\">\n<p>Fiecare dintre noi a c\u00e2ntat\u00a0<strong>\u201eHristos a \u00cenviat\u201d<\/strong> \u00een noaptea sf\u00e2nt\u0103. Ne-am umplut sufletele de lumin\u0103 \u0219i de bucurie apoi, cu lum\u00e2n\u0103rile \u00een m\u00e2ini \u0219i candele p\u00e2lp\u00e2ind \u00een suflete ne-am \u00eentors la ale noastre. Hristos cu ale Lui \u0219i noi cu ale noastre, din ce \u00een ce mai multe \u0219i mai \u00eempov\u0103r\u0103toare. Pe Hristos l-am l\u0103sat bine. Ultima dat\u0103 c\u00e2nd \u00cel pomenisem, \u00eenviase din mor\u021bi. Toat\u0103 lumea era fericit\u0103, El se \u00eent\u00e2lnise cu femeile \u0219i cu ucenicii, dintre care doar unul lipsea \u2013 Toma necredinciosul.<\/p>\n<p>De ce oare s-a \u00eencet\u0103\u021benit, mai ales \u00een limbajul uzual, formula acesta? C\u00e2nd vrei s\u0103 spui despre cineva c\u0103 este \u00eendoielnic, \u00eenc\u0103p\u0103\u021b\u00e2nat, c\u0103 nu se \u00eencrede u\u0219or \u00eentr-o teorie demonstrat\u0103 \u0219i c\u0103 \u00ee\u0219i calc\u0103 din cuv\u00e2ntul dat, ne vine imediat pe buze expresia: <strong>\u201eE\u0219ti Toma necredinciosul!\u201d<\/strong>.<\/p>\n<p>Astfel, Sf\u00e2ntul Apostol Toma a devenit un mic Iuda, un alt personaj negativ din paginile Sfintei Scripturi. Chiar a\u0219a o fi? Iar dac\u0103 este a\u0219a, oare de ce cultul liturgic \u00eei consacr\u0103 o Duminic\u0103 \u00een cursul fiec\u0103rui an bisericesc? Care este motivul pentru care Sf\u00e2nta Biseric\u0103 \u00ee\u0219i aminte\u0219te de Toma \u00een prima Duminic\u0103, dup\u0103 \u00cenvierea Domnului?<\/p>\n<p>Dac\u0103 deschidem paginile Sfintei Scripturi, dar \u0219i unele scrieri istorice ale lui Eusebiu de Cezareea \u0219i Tertulian, vom g\u0103si un tablou cu totul opus \u2013 Toma era unul din cei mai credincio\u0219i apostoli ai \u00cenvierii Domnului Iisus Hristos.<\/p>\n<p>\u00cen c\u0103r\u021bile Noului Testament, Sf\u00e2ntul este amintit de mai multe ori \u00een dialog cu Hristos \u0219i cu ceilal\u021bi ucenici. Dintre toate, cea mai conving\u0103toare, este interven\u021bia lui Toma \u00een contextul mor\u021bii \u0219i \u00eenvierii lui Laz\u0103r. Se punea problema ca Iisus s\u0103 se \u00eentoarc\u0103 din nou \u00een Iudeea, acolo unde fusese amenin\u021bat cu moartea. Ucenicii i-au atras aten\u0163ia lui Hristos asupra pericolului, dar El a r\u0103mas neclintit. Atunci Toma a zis: <strong>\u201eS\u0103 mergem \u015fi noi \u015fi s\u0103 murim \u00eempreun\u0103 cu El!\u201d<\/strong> (Ioan 11,16).<\/p>\n<p>A\u0219a a f\u0103cut. A fost martor la multele p\u0103timiri ale M\u00e2ntuitorului, L-a v\u0103zut sus pe Cruce \u0219i, cu siguran\u021b\u0103, \u00een dup\u0103 amiaza zilei de vineri, de departe, a privit dimpreun\u0103 cu femeile cum a fost pus \u00een morm\u00e2ntul cel rece. Apoi, to\u021bi s-au risipit \u0219i s-au ascuns, a\u0219a cum i-a g\u0103sit Domnul \u00een Duminica\u00a0 \u00cenvierii, <strong>\u201eascun\u0219i de frica iudeilor\u201d<\/strong>. Dintre to\u021bi 11, doar Toma lipsea! Unde s\u0103 fi fost?<\/p>\n<p>Un r\u0103spuns pertinent \u0219i vrednic de crezare ni-l d\u0103 Sinaxarul Bisericii Iacobite Siriene din Malabarul Indiei, \u00a0numit <em>Paremmakkal Varthamanappusthakam<\/em>. Cartea istoric\u0103 a Bisericii Siriene Iacobite din India prezint\u0103 o alt\u0103 fa\u021b\u0103 a apostolului care a cre\u0219tinat coastele vestice ale Indiei.<\/p>\n<p>Din ziua de vineri, apostolii nu mai \u0219tiau nimic despre ce se \u00eent\u00e2mplase cu dragul lor \u00cenv\u0103\u021b\u0103tor. Au stat ascun\u0219i, apostolii \u00eentr-o cas\u0103 \u0219i femeile, dimpreun\u0103 cu Maica Domnului, la casa lui Ioan Marcu. Nu \u0219tiau ce se va \u00eent\u00e2mpla cu ei, toat\u0103 n\u0103dejdea lor se risipise, fusese \u00eengropat\u0103. S\u00e2mb\u0103t\u0103 au stat la fel de ascun\u0219i. Duminic\u0103 noaptea, unul dintre ei nu mai avea stare. Voia s\u0103 \u0219tie ce s-a \u00eent\u00e2mplat la morm\u00e2nt\u2026 oare surorile or fi bine? \u00ce\u0219i muncea mintea Toma\u2026 Nu mai avea r\u0103bdare. Nu prea mai aveau nici ap\u0103, nici m\u00e2ncare \u0219i niciunul nu avea curaj s\u0103 mearg\u0103 s\u0103 cumpere. Nici m\u0103car Petru&#8230; To\u021bi erau dezn\u0103d\u0103jdui\u021bi \u0219i \u00eendoielnici asupra soartei lor, se sim\u021beau abandona\u021bi \u0219i ai nim\u0103nui.<\/p>\n<p>Toma a sfidat moartea \u0219i a ie\u0219it din ascunz\u0103toare cu pre\u021bul vie\u021bii, fiind con\u0219tient c\u0103 to\u021bi apostolii lui Iisus din Nazaret erau c\u0103uta\u021bi de farisei \u0219i de b\u0103tr\u00e2nii poporului. A mers spre morm\u00e2nt, dar a v\u0103zut paza \u0219i solda\u021bii \u0219i nu s-a apropiat. A f\u0103cut rost de cele ale gurii \u0219i, spre diminea\u021b\u0103, s-a \u00eendreptat spre ascunz\u0103toare, acolo unde i-a g\u0103sit pe fra\u021bi plini de speran\u021b\u0103 \u2013 Domnul \u00eenviase!<\/p>\n<p>Conform sursei siriene, Toma a crezut din primul moment, iar dialogul dintre el \u0219i ceilal\u021bi fra\u021bi nu denot\u0103 o \u00eendoial\u0103 asupra \u00eenvierii, ci asupra posibilit\u0103\u021bii ar\u0103t\u0103rii Domnului cu trupul p\u0103m\u00e2ntesc.<\/p>\n<p>Oricum am interpreta evenimentele, din toate reiese c\u0103 Sf\u00e2ntul Apostol Toma nu \u00ee\u0219i merit\u0103 numele de <strong>\u201enecredinciosul\u201d<\/strong>. Ar fi mai bine s\u0103 \u00eel numim <strong>\u201ecurajosul\u201d<\/strong>. A fost un om plin de curaj, c\u00e2nd a ie\u0219it din ascunz\u0103toare, cu pre\u021bul vie\u021bii. A fost curajos \u0219i \u00een vestirea Evangheliei \u00eentr-o parte de lume care \u00eenc\u0103 nu era foarte cunoscut\u0103 contemporaneit\u0103\u021bii sale \u2013 India.<\/p>\n<p><strong>\u201eS\u0103 mergem \u015fi noi \u015fi s\u0103 murim \u00eempreun\u0103 cu El\u201d<\/strong>a fost \u00eemplinit \u00eentru totul, Sf\u00e2ntul Toma primind moarte martiric\u0103 \u00een \u0163inutul \u00eendep\u0103rtat al Indiei, pe coasta Malabar, aproape de ora\u015ful care ast\u0103zi se cheam\u0103 Madras.<\/p>\n<p>De multe ori ne gr\u0103bim s\u0103-l acuz\u0103m pe Toma de necredin\u021b\u0103 \u0219i \u00eendoial\u0103. \u00cens\u0103, poate c\u0103 a venit timpul c\u0103 s\u0103 zicem ca \u0219i sinaxarul malabarez: <strong>\u201eO, Doamne, dac\u0103 a\u0219 fi \u0219i eu ca Toma curajosul\u2026!\u201d<\/strong>.(cf. doxologia.ro)<\/p>\n<p>&nbsp;<\/p>\n<\/div>\n<\/article>\n<\/div>\n","protected":false},"excerpt":{"rendered":"<p>Sf\u00e2ntul Apostol Toma nu \u00ee\u0219i merit\u0103 numele de\u00a0\u201enecredinciosul\u201d. Ar fi mai bine s\u0103 \u00eel numim\u00a0\u201ecurajosul\u201d. A fost un om plin<\/p>\n","protected":false},"author":4,"featured_media":6756,"comment_status":"open","ping_status":"open","sticky":false,"template":"","format":"standard","meta":{"colormag_page_container_layout":"default_layout","colormag_page_sidebar_layout":"default_layout","footnotes":""},"categories":[34],"tags":[],"class_list":["post-7501","post","type-post","status-publish","format-standard","has-post-thumbnail","hentry","category-religie"],"yoast_head":"<!-- This site is optimized with the Yoast SEO plugin v27.0 - https:\/\/yoast.com\/product\/yoast-seo-wordpress\/ -->\n<title>Toma \u201enecredinciosul\u201d sau Toma \u201ecurajosul\u201d? - MHF Photography<\/title>\n<meta name=\"robots\" content=\"index, follow, max-snippet:-1, max-image-preview:large, max-video-preview:-1\" \/>\n<link rel=\"canonical\" href=\"https:\/\/mhf.ro\/mm\/toma-necredinciosul-sau-toma-curajosul\/\" \/>\n<meta property=\"og:locale\" content=\"ro_RO\" \/>\n<meta property=\"og:type\" content=\"article\" \/>\n<meta property=\"og:title\" content=\"Toma \u201enecredinciosul\u201d sau Toma \u201ecurajosul\u201d? - MHF Photography\" \/>\n<meta property=\"og:description\" content=\"Sf\u00e2ntul Apostol Toma nu \u00ee\u0219i merit\u0103 numele de\u00a0\u201enecredinciosul\u201d. Ar fi mai bine s\u0103 \u00eel numim\u00a0\u201ecurajosul\u201d. A fost un om plin\" \/>\n<meta property=\"og:url\" content=\"https:\/\/mhf.ro\/mm\/toma-necredinciosul-sau-toma-curajosul\/\" \/>\n<meta property=\"og:site_name\" content=\"MHF Photography\" \/>\n<meta property=\"article:published_time\" content=\"2022-05-09T05:15:10+00:00\" \/>\n<meta property=\"og:image\" content=\"https:\/\/mhf.ro\/mm\/wp-content\/uploads\/2022\/03\/postul-pastelui-1.jpg\" \/>\n\t<meta property=\"og:image:width\" content=\"800\" \/>\n\t<meta property=\"og:image:height\" content=\"451\" \/>\n\t<meta property=\"og:image:type\" content=\"image\/jpeg\" \/>\n<meta name=\"author\" content=\"Preot paroh Horvat Petru\" \/>\n<meta name=\"twitter:card\" content=\"summary_large_image\" \/>\n<meta name=\"twitter:label1\" content=\"Scris de\" \/>\n\t<meta name=\"twitter:data1\" content=\"Preot paroh Horvat Petru\" \/>\n\t<meta name=\"twitter:label2\" content=\"Timp estimat pentru citire\" \/>\n\t<meta name=\"twitter:data2\" content=\"5 minute\" \/>\n<script type=\"application\/ld+json\" class=\"yoast-schema-graph\">{\"@context\":\"https:\/\/schema.org\",\"@graph\":[{\"@type\":\"Article\",\"@id\":\"https:\/\/mhf.ro\/mm\/toma-necredinciosul-sau-toma-curajosul\/#article\",\"isPartOf\":{\"@id\":\"https:\/\/mhf.ro\/mm\/toma-necredinciosul-sau-toma-curajosul\/\"},\"author\":{\"name\":\"Preot paroh Horvat Petru\",\"@id\":\"https:\/\/mhf.ro\/mm\/#\/schema\/person\/4c8c06c801b7b666e81ed44550086900\"},\"headline\":\"Toma \u201enecredinciosul\u201d sau Toma \u201ecurajosul\u201d?\",\"datePublished\":\"2022-05-09T05:15:10+00:00\",\"mainEntityOfPage\":{\"@id\":\"https:\/\/mhf.ro\/mm\/toma-necredinciosul-sau-toma-curajosul\/\"},\"wordCount\":964,\"commentCount\":0,\"publisher\":{\"@id\":\"https:\/\/mhf.ro\/mm\/#\/schema\/person\/a3bebf7bdb4bf12f698aff73c7e46c21\"},\"image\":{\"@id\":\"https:\/\/mhf.ro\/mm\/toma-necredinciosul-sau-toma-curajosul\/#primaryimage\"},\"thumbnailUrl\":\"https:\/\/mhf.ro\/mm\/wp-content\/uploads\/2022\/03\/postul-pastelui-1.jpg\",\"articleSection\":[\"Religie\"],\"inLanguage\":\"ro-RO\",\"potentialAction\":[{\"@type\":\"CommentAction\",\"name\":\"Comment\",\"target\":[\"https:\/\/mhf.ro\/mm\/toma-necredinciosul-sau-toma-curajosul\/#respond\"]}]},{\"@type\":\"WebPage\",\"@id\":\"https:\/\/mhf.ro\/mm\/toma-necredinciosul-sau-toma-curajosul\/\",\"url\":\"https:\/\/mhf.ro\/mm\/toma-necredinciosul-sau-toma-curajosul\/\",\"name\":\"Toma \u201enecredinciosul\u201d sau Toma \u201ecurajosul\u201d? - MHF Photography\",\"isPartOf\":{\"@id\":\"https:\/\/mhf.ro\/mm\/#website\"},\"primaryImageOfPage\":{\"@id\":\"https:\/\/mhf.ro\/mm\/toma-necredinciosul-sau-toma-curajosul\/#primaryimage\"},\"image\":{\"@id\":\"https:\/\/mhf.ro\/mm\/toma-necredinciosul-sau-toma-curajosul\/#primaryimage\"},\"thumbnailUrl\":\"https:\/\/mhf.ro\/mm\/wp-content\/uploads\/2022\/03\/postul-pastelui-1.jpg\",\"datePublished\":\"2022-05-09T05:15:10+00:00\",\"breadcrumb\":{\"@id\":\"https:\/\/mhf.ro\/mm\/toma-necredinciosul-sau-toma-curajosul\/#breadcrumb\"},\"inLanguage\":\"ro-RO\",\"potentialAction\":[{\"@type\":\"ReadAction\",\"target\":[\"https:\/\/mhf.ro\/mm\/toma-necredinciosul-sau-toma-curajosul\/\"]}]},{\"@type\":\"ImageObject\",\"inLanguage\":\"ro-RO\",\"@id\":\"https:\/\/mhf.ro\/mm\/toma-necredinciosul-sau-toma-curajosul\/#primaryimage\",\"url\":\"https:\/\/mhf.ro\/mm\/wp-content\/uploads\/2022\/03\/postul-pastelui-1.jpg\",\"contentUrl\":\"https:\/\/mhf.ro\/mm\/wp-content\/uploads\/2022\/03\/postul-pastelui-1.jpg\",\"width\":800,\"height\":451},{\"@type\":\"BreadcrumbList\",\"@id\":\"https:\/\/mhf.ro\/mm\/toma-necredinciosul-sau-toma-curajosul\/#breadcrumb\",\"itemListElement\":[{\"@type\":\"ListItem\",\"position\":1,\"name\":\"Prima pagin\u0103\",\"item\":\"https:\/\/mhf.ro\/mm\/\"},{\"@type\":\"ListItem\",\"position\":2,\"name\":\"Toma \u201enecredinciosul\u201d sau Toma \u201ecurajosul\u201d?\"}]},{\"@type\":\"WebSite\",\"@id\":\"https:\/\/mhf.ro\/mm\/#website\",\"url\":\"https:\/\/mhf.ro\/mm\/\",\"name\":\"MHF Photography \u2013 Blog de fotografie, natur\u0103 \u0219i tehnic\u0103 divers\u0103\",\"description\":\"Aventur\u0103 \u00een fiecare cadru.\",\"publisher\":{\"@id\":\"https:\/\/mhf.ro\/mm\/#\/schema\/person\/a3bebf7bdb4bf12f698aff73c7e46c21\"},\"potentialAction\":[{\"@type\":\"SearchAction\",\"target\":{\"@type\":\"EntryPoint\",\"urlTemplate\":\"https:\/\/mhf.ro\/mm\/?s={search_term_string}\"},\"query-input\":{\"@type\":\"PropertyValueSpecification\",\"valueRequired\":true,\"valueName\":\"search_term_string\"}}],\"inLanguage\":\"ro-RO\"},{\"@type\":[\"Person\",\"Organization\"],\"@id\":\"https:\/\/mhf.ro\/mm\/#\/schema\/person\/a3bebf7bdb4bf12f698aff73c7e46c21\",\"name\":\"Marius Marcu\",\"image\":{\"@type\":\"ImageObject\",\"inLanguage\":\"ro-RO\",\"@id\":\"https:\/\/mhf.ro\/mm\/#\/schema\/person\/image\/\",\"url\":\"https:\/\/mhf.ro\/mm\/wp-content\/uploads\/2025\/12\/cropped-logo_mhf_2.png\",\"contentUrl\":\"https:\/\/mhf.ro\/mm\/wp-content\/uploads\/2025\/12\/cropped-logo_mhf_2.png\",\"width\":1096,\"height\":457,\"caption\":\"Marius Marcu\"},\"logo\":{\"@id\":\"https:\/\/mhf.ro\/mm\/#\/schema\/person\/image\/\"},\"sameAs\":[\"https:\/\/mhf.ro\/mm\"]},{\"@type\":\"Person\",\"@id\":\"https:\/\/mhf.ro\/mm\/#\/schema\/person\/4c8c06c801b7b666e81ed44550086900\",\"name\":\"Preot paroh Horvat Petru\",\"image\":{\"@type\":\"ImageObject\",\"inLanguage\":\"ro-RO\",\"@id\":\"https:\/\/mhf.ro\/mm\/#\/schema\/person\/image\/\",\"url\":\"https:\/\/secure.gravatar.com\/avatar\/c2d2dcdf21c6f41aad486d71768c144cd6e23cb7b63bae9bd6fab542b26ad321?s=96&d=monsterid&r=g\",\"contentUrl\":\"https:\/\/secure.gravatar.com\/avatar\/c2d2dcdf21c6f41aad486d71768c144cd6e23cb7b63bae9bd6fab542b26ad321?s=96&d=monsterid&r=g\",\"caption\":\"Preot paroh Horvat Petru\"},\"sameAs\":[\"https:\/\/mhf.ro\/mm\"],\"url\":\"https:\/\/mhf.ro\/mm\/author\/petrica\/\"}]}<\/script>\n<!-- \/ Yoast SEO plugin. -->","yoast_head_json":{"title":"Toma \u201enecredinciosul\u201d sau Toma \u201ecurajosul\u201d? - MHF Photography","robots":{"index":"index","follow":"follow","max-snippet":"max-snippet:-1","max-image-preview":"max-image-preview:large","max-video-preview":"max-video-preview:-1"},"canonical":"https:\/\/mhf.ro\/mm\/toma-necredinciosul-sau-toma-curajosul\/","og_locale":"ro_RO","og_type":"article","og_title":"Toma \u201enecredinciosul\u201d sau Toma \u201ecurajosul\u201d? - MHF Photography","og_description":"Sf\u00e2ntul Apostol Toma nu \u00ee\u0219i merit\u0103 numele de\u00a0\u201enecredinciosul\u201d. Ar fi mai bine s\u0103 \u00eel numim\u00a0\u201ecurajosul\u201d. A fost un om plin","og_url":"https:\/\/mhf.ro\/mm\/toma-necredinciosul-sau-toma-curajosul\/","og_site_name":"MHF Photography","article_published_time":"2022-05-09T05:15:10+00:00","og_image":[{"width":800,"height":451,"url":"https:\/\/mhf.ro\/mm\/wp-content\/uploads\/2022\/03\/postul-pastelui-1.jpg","type":"image\/jpeg"}],"author":"Preot paroh Horvat Petru","twitter_card":"summary_large_image","twitter_misc":{"Scris de":"Preot paroh Horvat Petru","Timp estimat pentru citire":"5 minute"},"schema":{"@context":"https:\/\/schema.org","@graph":[{"@type":"Article","@id":"https:\/\/mhf.ro\/mm\/toma-necredinciosul-sau-toma-curajosul\/#article","isPartOf":{"@id":"https:\/\/mhf.ro\/mm\/toma-necredinciosul-sau-toma-curajosul\/"},"author":{"name":"Preot paroh Horvat Petru","@id":"https:\/\/mhf.ro\/mm\/#\/schema\/person\/4c8c06c801b7b666e81ed44550086900"},"headline":"Toma \u201enecredinciosul\u201d sau Toma \u201ecurajosul\u201d?","datePublished":"2022-05-09T05:15:10+00:00","mainEntityOfPage":{"@id":"https:\/\/mhf.ro\/mm\/toma-necredinciosul-sau-toma-curajosul\/"},"wordCount":964,"commentCount":0,"publisher":{"@id":"https:\/\/mhf.ro\/mm\/#\/schema\/person\/a3bebf7bdb4bf12f698aff73c7e46c21"},"image":{"@id":"https:\/\/mhf.ro\/mm\/toma-necredinciosul-sau-toma-curajosul\/#primaryimage"},"thumbnailUrl":"https:\/\/mhf.ro\/mm\/wp-content\/uploads\/2022\/03\/postul-pastelui-1.jpg","articleSection":["Religie"],"inLanguage":"ro-RO","potentialAction":[{"@type":"CommentAction","name":"Comment","target":["https:\/\/mhf.ro\/mm\/toma-necredinciosul-sau-toma-curajosul\/#respond"]}]},{"@type":"WebPage","@id":"https:\/\/mhf.ro\/mm\/toma-necredinciosul-sau-toma-curajosul\/","url":"https:\/\/mhf.ro\/mm\/toma-necredinciosul-sau-toma-curajosul\/","name":"Toma \u201enecredinciosul\u201d sau Toma \u201ecurajosul\u201d? - MHF Photography","isPartOf":{"@id":"https:\/\/mhf.ro\/mm\/#website"},"primaryImageOfPage":{"@id":"https:\/\/mhf.ro\/mm\/toma-necredinciosul-sau-toma-curajosul\/#primaryimage"},"image":{"@id":"https:\/\/mhf.ro\/mm\/toma-necredinciosul-sau-toma-curajosul\/#primaryimage"},"thumbnailUrl":"https:\/\/mhf.ro\/mm\/wp-content\/uploads\/2022\/03\/postul-pastelui-1.jpg","datePublished":"2022-05-09T05:15:10+00:00","breadcrumb":{"@id":"https:\/\/mhf.ro\/mm\/toma-necredinciosul-sau-toma-curajosul\/#breadcrumb"},"inLanguage":"ro-RO","potentialAction":[{"@type":"ReadAction","target":["https:\/\/mhf.ro\/mm\/toma-necredinciosul-sau-toma-curajosul\/"]}]},{"@type":"ImageObject","inLanguage":"ro-RO","@id":"https:\/\/mhf.ro\/mm\/toma-necredinciosul-sau-toma-curajosul\/#primaryimage","url":"https:\/\/mhf.ro\/mm\/wp-content\/uploads\/2022\/03\/postul-pastelui-1.jpg","contentUrl":"https:\/\/mhf.ro\/mm\/wp-content\/uploads\/2022\/03\/postul-pastelui-1.jpg","width":800,"height":451},{"@type":"BreadcrumbList","@id":"https:\/\/mhf.ro\/mm\/toma-necredinciosul-sau-toma-curajosul\/#breadcrumb","itemListElement":[{"@type":"ListItem","position":1,"name":"Prima pagin\u0103","item":"https:\/\/mhf.ro\/mm\/"},{"@type":"ListItem","position":2,"name":"Toma \u201enecredinciosul\u201d sau Toma \u201ecurajosul\u201d?"}]},{"@type":"WebSite","@id":"https:\/\/mhf.ro\/mm\/#website","url":"https:\/\/mhf.ro\/mm\/","name":"MHF Photography \u2013 Blog de fotografie, natur\u0103 \u0219i tehnic\u0103 divers\u0103","description":"Aventur\u0103 \u00een fiecare cadru.","publisher":{"@id":"https:\/\/mhf.ro\/mm\/#\/schema\/person\/a3bebf7bdb4bf12f698aff73c7e46c21"},"potentialAction":[{"@type":"SearchAction","target":{"@type":"EntryPoint","urlTemplate":"https:\/\/mhf.ro\/mm\/?s={search_term_string}"},"query-input":{"@type":"PropertyValueSpecification","valueRequired":true,"valueName":"search_term_string"}}],"inLanguage":"ro-RO"},{"@type":["Person","Organization"],"@id":"https:\/\/mhf.ro\/mm\/#\/schema\/person\/a3bebf7bdb4bf12f698aff73c7e46c21","name":"Marius Marcu","image":{"@type":"ImageObject","inLanguage":"ro-RO","@id":"https:\/\/mhf.ro\/mm\/#\/schema\/person\/image\/","url":"https:\/\/mhf.ro\/mm\/wp-content\/uploads\/2025\/12\/cropped-logo_mhf_2.png","contentUrl":"https:\/\/mhf.ro\/mm\/wp-content\/uploads\/2025\/12\/cropped-logo_mhf_2.png","width":1096,"height":457,"caption":"Marius Marcu"},"logo":{"@id":"https:\/\/mhf.ro\/mm\/#\/schema\/person\/image\/"},"sameAs":["https:\/\/mhf.ro\/mm"]},{"@type":"Person","@id":"https:\/\/mhf.ro\/mm\/#\/schema\/person\/4c8c06c801b7b666e81ed44550086900","name":"Preot paroh Horvat Petru","image":{"@type":"ImageObject","inLanguage":"ro-RO","@id":"https:\/\/mhf.ro\/mm\/#\/schema\/person\/image\/","url":"https:\/\/secure.gravatar.com\/avatar\/c2d2dcdf21c6f41aad486d71768c144cd6e23cb7b63bae9bd6fab542b26ad321?s=96&d=monsterid&r=g","contentUrl":"https:\/\/secure.gravatar.com\/avatar\/c2d2dcdf21c6f41aad486d71768c144cd6e23cb7b63bae9bd6fab542b26ad321?s=96&d=monsterid&r=g","caption":"Preot paroh Horvat Petru"},"sameAs":["https:\/\/mhf.ro\/mm"],"url":"https:\/\/mhf.ro\/mm\/author\/petrica\/"}]}},"_links":{"self":[{"href":"https:\/\/mhf.ro\/mm\/wp-json\/wp\/v2\/posts\/7501","targetHints":{"allow":["GET"]}}],"collection":[{"href":"https:\/\/mhf.ro\/mm\/wp-json\/wp\/v2\/posts"}],"about":[{"href":"https:\/\/mhf.ro\/mm\/wp-json\/wp\/v2\/types\/post"}],"author":[{"embeddable":true,"href":"https:\/\/mhf.ro\/mm\/wp-json\/wp\/v2\/users\/4"}],"replies":[{"embeddable":true,"href":"https:\/\/mhf.ro\/mm\/wp-json\/wp\/v2\/comments?post=7501"}],"version-history":[{"count":1,"href":"https:\/\/mhf.ro\/mm\/wp-json\/wp\/v2\/posts\/7501\/revisions"}],"predecessor-version":[{"id":7502,"href":"https:\/\/mhf.ro\/mm\/wp-json\/wp\/v2\/posts\/7501\/revisions\/7502"}],"wp:featuredmedia":[{"embeddable":true,"href":"https:\/\/mhf.ro\/mm\/wp-json\/wp\/v2\/media\/6756"}],"wp:attachment":[{"href":"https:\/\/mhf.ro\/mm\/wp-json\/wp\/v2\/media?parent=7501"}],"wp:term":[{"taxonomy":"category","embeddable":true,"href":"https:\/\/mhf.ro\/mm\/wp-json\/wp\/v2\/categories?post=7501"},{"taxonomy":"post_tag","embeddable":true,"href":"https:\/\/mhf.ro\/mm\/wp-json\/wp\/v2\/tags?post=7501"}],"curies":[{"name":"wp","href":"https:\/\/api.w.org\/{rel}","templated":true}]}}