{"id":7550,"date":"2022-05-14T10:15:55","date_gmt":"2022-05-14T08:15:55","guid":{"rendered":"https:\/\/mhf.ro\/mm\/?p=7550"},"modified":"2022-05-14T10:19:06","modified_gmt":"2022-05-14T08:19:06","slug":"romania-ne-zboara-pamantul-de-sub-picioare","status":"publish","type":"post","link":"https:\/\/mhf.ro\/mm\/romania-ne-zboara-pamantul-de-sub-picioare\/","title":{"rendered":"Rom\u00e2nia &#8211; ne zboar\u0103 p\u0103m\u00e2ntul de sub picioare?"},"content":{"rendered":"<h4>\u00a0 Guvern\u0103ri iresponsabile?<\/h4>\n<p>Direc\u021bia \u00een care se \u00eendreapt\u0103 Rom\u00e2nia nu mai poate fi schimbat\u0103 \u00een ciuda str\u0103daniillor celor care ne guverneaz\u0103. Guvernare dup\u0103 guvernare se perind\u0103 pe la palatul Victoria, fiecare mai competent\u0103 dec\u00e2t precedenta. Guvernare bazat\u0103 pe deficit bugetar, lupta pare orientat\u0103 spre a guverna cu un deficit bugetar c\u00e2t mai mare.<\/p>\n<h4>\u00a0 Ce \u00eenseamn\u0103 deficit bugetar?<\/h4>\n<p>Deficitul bugetar reprezint\u0103 cheltuiala suplimentar\u0103 f\u0103cut\u0103 peste posibilit\u0103\u021bile financiare curente, adic\u0103 bani suplimentari cheltuiti peste sumele existente. Cheltuim mai mul\u021bi bani dec\u00e2t avem. Ca s\u0103 putem cheltui ace\u0219ti bani trebuie s\u0103 ne \u00eemprumut\u0103m!!!<\/p>\n<h4>\u00a0 La ce s\u0103 ne a\u0219tept\u0103m?<\/h4>\n<p>Se pare c\u0103 am ajuns la fundul sacului, asta nu \u00eenseamn\u0103 c\u0103 nu se poate \u0219i mai r\u0103u.<\/p>\n<p>S-a ajuns la situa\u021bia \u00een care dob\u00e2nda cu care se \u00eemprumut\u0103 guvernan\u021bii \u00een numele tuturor s\u0103 fie de 8% \u0219i b\u0103ncile se cam codesc s\u0103 ne \u00eemprumute chiar \u0219i la aceste dobanzi.<\/p>\n<p>Foarte grav este faptul ca \u00eemprumuturile intr\u0103 \u00een consum \u0219i nu produc plus valoare.<\/p>\n<h4>\u00a0 Ce \u00eenseamn\u0103 dob\u00e2nd\u0103 de 8% ?<\/h4>\n<p>Dob\u00e2nda este forte mare, mai mare dec\u00e2t ne putem permite. Un credit cu dob\u00e2nd\u0103 de 8%, conduce la cheltuieli cu dob\u00e2nzile care fac ca \u00een zece ani s\u0103 se pl\u0103teasc\u0103 dublul sumei \u00eemprumutate!<\/p>\n<h4>\u00a0 Vine nota de plat\u0103 pentru bun\u0103 guvernare?<\/h4>\n<p>Chiar dac\u0103 guvernan\u021bii vor g\u0103si mereu scuze pentru situa\u021bia \u00een care ne afl\u0103m, nota de plata vine \u0219i ne preseaz\u0103 tot mai tare. Nu putem nega efectul negativ al pandemiei sau al r\u0103zboiului din Ucraina, dar proasta guvernare face pr\u0103p\u0103d!<\/p>\n<p>Popula\u021bia, deja sufer\u0103 la o rata a infla\u021biei de 10%. Cum crede\u021bi c\u0103 se va tr\u0103ii \u00een decembrie c\u00e2nd vom ajunge la 20% conform estim\u0103rilor?<\/p>\n<p style=\"text-align: right;\"><a href=\"http:\/\/Www.riz.ro\">Profile din polistiren<\/a><\/p>\n","protected":false},"excerpt":{"rendered":"<p>\u00a0 Guvern\u0103ri iresponsabile? Direc\u021bia \u00een care se \u00eendreapt\u0103 Rom\u00e2nia nu mai poate fi schimbat\u0103 \u00een ciuda str\u0103daniillor celor care ne<\/p>\n","protected":false},"author":1,"featured_media":5734,"comment_status":"open","ping_status":"open","sticky":false,"template":"","format":"standard","meta":{"colormag_page_container_layout":"default_layout","colormag_page_sidebar_layout":"default_layout","footnotes":""},"categories":[5],"tags":[],"class_list":["post-7550","post","type-post","status-publish","format-standard","has-post-thumbnail","hentry","category-locale"],"yoast_head":"<!-- This site is optimized with the Yoast SEO plugin v27.0 - https:\/\/yoast.com\/product\/yoast-seo-wordpress\/ -->\n<title>Rom\u00e2nia - ne zboar\u0103 p\u0103m\u00e2ntul de sub picioare? - MHF Photography<\/title>\n<meta name=\"description\" content=\"Chiar dac\u0103 guvernan\u021bii vor g\u0103si mereu scuze pentru situa\u021bia \u00een care ne afl\u0103m, nota de plata vine \u0219i ne preseaz\u0103 tot mai tare.\" \/>\n<meta name=\"robots\" content=\"index, follow, max-snippet:-1, max-image-preview:large, max-video-preview:-1\" \/>\n<link rel=\"canonical\" href=\"https:\/\/mhf.ro\/mm\/romania-ne-zboara-pamantul-de-sub-picioare\/\" \/>\n<meta property=\"og:locale\" content=\"ro_RO\" \/>\n<meta property=\"og:type\" content=\"article\" \/>\n<meta property=\"og:title\" content=\"Rom\u00e2nia - ne zboar\u0103 p\u0103m\u00e2ntul de sub picioare? - MHF Photography\" \/>\n<meta property=\"og:description\" content=\"Chiar dac\u0103 guvernan\u021bii vor g\u0103si mereu scuze pentru situa\u021bia \u00een care ne afl\u0103m, nota de plata vine \u0219i ne preseaz\u0103 tot mai tare.\" \/>\n<meta property=\"og:url\" content=\"https:\/\/mhf.ro\/mm\/romania-ne-zboara-pamantul-de-sub-picioare\/\" \/>\n<meta property=\"og:site_name\" content=\"MHF Photography\" \/>\n<meta property=\"article:published_time\" content=\"2022-05-14T08:15:55+00:00\" \/>\n<meta property=\"article:modified_time\" content=\"2022-05-14T08:19:06+00:00\" \/>\n<meta property=\"og:image\" content=\"https:\/\/mhf.ro\/mm\/wp-content\/uploads\/2021\/12\/curs3_4.jpg\" \/>\n\t<meta property=\"og:image:width\" content=\"1280\" \/>\n\t<meta property=\"og:image:height\" content=\"905\" \/>\n\t<meta property=\"og:image:type\" content=\"image\/jpeg\" \/>\n<meta name=\"author\" content=\"Marius Marcu\" \/>\n<meta name=\"twitter:card\" content=\"summary_large_image\" \/>\n<meta name=\"twitter:label1\" content=\"Scris de\" \/>\n\t<meta name=\"twitter:data1\" content=\"Marius Marcu\" \/>\n\t<meta name=\"twitter:label2\" content=\"Timp estimat pentru citire\" \/>\n\t<meta name=\"twitter:data2\" content=\"2 minute\" \/>\n<script type=\"application\/ld+json\" class=\"yoast-schema-graph\">{\"@context\":\"https:\/\/schema.org\",\"@graph\":[{\"@type\":\"Article\",\"@id\":\"https:\/\/mhf.ro\/mm\/romania-ne-zboara-pamantul-de-sub-picioare\/#article\",\"isPartOf\":{\"@id\":\"https:\/\/mhf.ro\/mm\/romania-ne-zboara-pamantul-de-sub-picioare\/\"},\"author\":{\"name\":\"Marius Marcu\",\"@id\":\"https:\/\/mhf.ro\/mm\/#\/schema\/person\/a3bebf7bdb4bf12f698aff73c7e46c21\"},\"headline\":\"Rom\u00e2nia &#8211; ne zboar\u0103 p\u0103m\u00e2ntul de sub picioare?\",\"datePublished\":\"2022-05-14T08:15:55+00:00\",\"dateModified\":\"2022-05-14T08:19:06+00:00\",\"mainEntityOfPage\":{\"@id\":\"https:\/\/mhf.ro\/mm\/romania-ne-zboara-pamantul-de-sub-picioare\/\"},\"wordCount\":315,\"commentCount\":0,\"publisher\":{\"@id\":\"https:\/\/mhf.ro\/mm\/#\/schema\/person\/a3bebf7bdb4bf12f698aff73c7e46c21\"},\"image\":{\"@id\":\"https:\/\/mhf.ro\/mm\/romania-ne-zboara-pamantul-de-sub-picioare\/#primaryimage\"},\"thumbnailUrl\":\"https:\/\/mhf.ro\/mm\/wp-content\/uploads\/2021\/12\/curs3_4.jpg\",\"articleSection\":[\"Locale\"],\"inLanguage\":\"ro-RO\",\"potentialAction\":[{\"@type\":\"CommentAction\",\"name\":\"Comment\",\"target\":[\"https:\/\/mhf.ro\/mm\/romania-ne-zboara-pamantul-de-sub-picioare\/#respond\"]}]},{\"@type\":\"WebPage\",\"@id\":\"https:\/\/mhf.ro\/mm\/romania-ne-zboara-pamantul-de-sub-picioare\/\",\"url\":\"https:\/\/mhf.ro\/mm\/romania-ne-zboara-pamantul-de-sub-picioare\/\",\"name\":\"Rom\u00e2nia - ne zboar\u0103 p\u0103m\u00e2ntul de sub picioare? - MHF Photography\",\"isPartOf\":{\"@id\":\"https:\/\/mhf.ro\/mm\/#website\"},\"primaryImageOfPage\":{\"@id\":\"https:\/\/mhf.ro\/mm\/romania-ne-zboara-pamantul-de-sub-picioare\/#primaryimage\"},\"image\":{\"@id\":\"https:\/\/mhf.ro\/mm\/romania-ne-zboara-pamantul-de-sub-picioare\/#primaryimage\"},\"thumbnailUrl\":\"https:\/\/mhf.ro\/mm\/wp-content\/uploads\/2021\/12\/curs3_4.jpg\",\"datePublished\":\"2022-05-14T08:15:55+00:00\",\"dateModified\":\"2022-05-14T08:19:06+00:00\",\"description\":\"Chiar dac\u0103 guvernan\u021bii vor g\u0103si mereu scuze pentru situa\u021bia \u00een care ne afl\u0103m, nota de plata vine \u0219i ne preseaz\u0103 tot mai tare.\",\"breadcrumb\":{\"@id\":\"https:\/\/mhf.ro\/mm\/romania-ne-zboara-pamantul-de-sub-picioare\/#breadcrumb\"},\"inLanguage\":\"ro-RO\",\"potentialAction\":[{\"@type\":\"ReadAction\",\"target\":[\"https:\/\/mhf.ro\/mm\/romania-ne-zboara-pamantul-de-sub-picioare\/\"]}]},{\"@type\":\"ImageObject\",\"inLanguage\":\"ro-RO\",\"@id\":\"https:\/\/mhf.ro\/mm\/romania-ne-zboara-pamantul-de-sub-picioare\/#primaryimage\",\"url\":\"https:\/\/mhf.ro\/mm\/wp-content\/uploads\/2021\/12\/curs3_4.jpg\",\"contentUrl\":\"https:\/\/mhf.ro\/mm\/wp-content\/uploads\/2021\/12\/curs3_4.jpg\",\"width\":1280,\"height\":905},{\"@type\":\"BreadcrumbList\",\"@id\":\"https:\/\/mhf.ro\/mm\/romania-ne-zboara-pamantul-de-sub-picioare\/#breadcrumb\",\"itemListElement\":[{\"@type\":\"ListItem\",\"position\":1,\"name\":\"Prima pagin\u0103\",\"item\":\"https:\/\/mhf.ro\/mm\/\"},{\"@type\":\"ListItem\",\"position\":2,\"name\":\"Rom\u00e2nia &#8211; ne zboar\u0103 p\u0103m\u00e2ntul de sub picioare?\"}]},{\"@type\":\"WebSite\",\"@id\":\"https:\/\/mhf.ro\/mm\/#website\",\"url\":\"https:\/\/mhf.ro\/mm\/\",\"name\":\"MHF Photography \u2013 Blog de fotografie, natur\u0103 \u0219i tehnic\u0103 divers\u0103\",\"description\":\"Aventur\u0103 \u00een fiecare cadru.\",\"publisher\":{\"@id\":\"https:\/\/mhf.ro\/mm\/#\/schema\/person\/a3bebf7bdb4bf12f698aff73c7e46c21\"},\"potentialAction\":[{\"@type\":\"SearchAction\",\"target\":{\"@type\":\"EntryPoint\",\"urlTemplate\":\"https:\/\/mhf.ro\/mm\/?s={search_term_string}\"},\"query-input\":{\"@type\":\"PropertyValueSpecification\",\"valueRequired\":true,\"valueName\":\"search_term_string\"}}],\"inLanguage\":\"ro-RO\"},{\"@type\":[\"Person\",\"Organization\"],\"@id\":\"https:\/\/mhf.ro\/mm\/#\/schema\/person\/a3bebf7bdb4bf12f698aff73c7e46c21\",\"name\":\"Marius Marcu\",\"image\":{\"@type\":\"ImageObject\",\"inLanguage\":\"ro-RO\",\"@id\":\"https:\/\/mhf.ro\/mm\/#\/schema\/person\/image\/\",\"url\":\"https:\/\/mhf.ro\/mm\/wp-content\/uploads\/2025\/12\/cropped-logo_mhf_2.png\",\"contentUrl\":\"https:\/\/mhf.ro\/mm\/wp-content\/uploads\/2025\/12\/cropped-logo_mhf_2.png\",\"width\":1096,\"height\":457,\"caption\":\"Marius Marcu\"},\"logo\":{\"@id\":\"https:\/\/mhf.ro\/mm\/#\/schema\/person\/image\/\"},\"sameAs\":[\"https:\/\/mhf.ro\/mm\"],\"url\":\"https:\/\/mhf.ro\/mm\/author\/mihai\/\"}]}<\/script>\n<!-- \/ Yoast SEO plugin. -->","yoast_head_json":{"title":"Rom\u00e2nia - ne zboar\u0103 p\u0103m\u00e2ntul de sub picioare? - MHF Photography","description":"Chiar dac\u0103 guvernan\u021bii vor g\u0103si mereu scuze pentru situa\u021bia \u00een care ne afl\u0103m, nota de plata vine \u0219i ne preseaz\u0103 tot mai tare.","robots":{"index":"index","follow":"follow","max-snippet":"max-snippet:-1","max-image-preview":"max-image-preview:large","max-video-preview":"max-video-preview:-1"},"canonical":"https:\/\/mhf.ro\/mm\/romania-ne-zboara-pamantul-de-sub-picioare\/","og_locale":"ro_RO","og_type":"article","og_title":"Rom\u00e2nia - ne zboar\u0103 p\u0103m\u00e2ntul de sub picioare? - MHF Photography","og_description":"Chiar dac\u0103 guvernan\u021bii vor g\u0103si mereu scuze pentru situa\u021bia \u00een care ne afl\u0103m, nota de plata vine \u0219i ne preseaz\u0103 tot mai tare.","og_url":"https:\/\/mhf.ro\/mm\/romania-ne-zboara-pamantul-de-sub-picioare\/","og_site_name":"MHF Photography","article_published_time":"2022-05-14T08:15:55+00:00","article_modified_time":"2022-05-14T08:19:06+00:00","og_image":[{"width":1280,"height":905,"url":"https:\/\/mhf.ro\/mm\/wp-content\/uploads\/2021\/12\/curs3_4.jpg","type":"image\/jpeg"}],"author":"Marius Marcu","twitter_card":"summary_large_image","twitter_misc":{"Scris de":"Marius Marcu","Timp estimat pentru citire":"2 minute"},"schema":{"@context":"https:\/\/schema.org","@graph":[{"@type":"Article","@id":"https:\/\/mhf.ro\/mm\/romania-ne-zboara-pamantul-de-sub-picioare\/#article","isPartOf":{"@id":"https:\/\/mhf.ro\/mm\/romania-ne-zboara-pamantul-de-sub-picioare\/"},"author":{"name":"Marius Marcu","@id":"https:\/\/mhf.ro\/mm\/#\/schema\/person\/a3bebf7bdb4bf12f698aff73c7e46c21"},"headline":"Rom\u00e2nia &#8211; ne zboar\u0103 p\u0103m\u00e2ntul de sub picioare?","datePublished":"2022-05-14T08:15:55+00:00","dateModified":"2022-05-14T08:19:06+00:00","mainEntityOfPage":{"@id":"https:\/\/mhf.ro\/mm\/romania-ne-zboara-pamantul-de-sub-picioare\/"},"wordCount":315,"commentCount":0,"publisher":{"@id":"https:\/\/mhf.ro\/mm\/#\/schema\/person\/a3bebf7bdb4bf12f698aff73c7e46c21"},"image":{"@id":"https:\/\/mhf.ro\/mm\/romania-ne-zboara-pamantul-de-sub-picioare\/#primaryimage"},"thumbnailUrl":"https:\/\/mhf.ro\/mm\/wp-content\/uploads\/2021\/12\/curs3_4.jpg","articleSection":["Locale"],"inLanguage":"ro-RO","potentialAction":[{"@type":"CommentAction","name":"Comment","target":["https:\/\/mhf.ro\/mm\/romania-ne-zboara-pamantul-de-sub-picioare\/#respond"]}]},{"@type":"WebPage","@id":"https:\/\/mhf.ro\/mm\/romania-ne-zboara-pamantul-de-sub-picioare\/","url":"https:\/\/mhf.ro\/mm\/romania-ne-zboara-pamantul-de-sub-picioare\/","name":"Rom\u00e2nia - ne zboar\u0103 p\u0103m\u00e2ntul de sub picioare? - MHF Photography","isPartOf":{"@id":"https:\/\/mhf.ro\/mm\/#website"},"primaryImageOfPage":{"@id":"https:\/\/mhf.ro\/mm\/romania-ne-zboara-pamantul-de-sub-picioare\/#primaryimage"},"image":{"@id":"https:\/\/mhf.ro\/mm\/romania-ne-zboara-pamantul-de-sub-picioare\/#primaryimage"},"thumbnailUrl":"https:\/\/mhf.ro\/mm\/wp-content\/uploads\/2021\/12\/curs3_4.jpg","datePublished":"2022-05-14T08:15:55+00:00","dateModified":"2022-05-14T08:19:06+00:00","description":"Chiar dac\u0103 guvernan\u021bii vor g\u0103si mereu scuze pentru situa\u021bia \u00een care ne afl\u0103m, nota de plata vine \u0219i ne preseaz\u0103 tot mai tare.","breadcrumb":{"@id":"https:\/\/mhf.ro\/mm\/romania-ne-zboara-pamantul-de-sub-picioare\/#breadcrumb"},"inLanguage":"ro-RO","potentialAction":[{"@type":"ReadAction","target":["https:\/\/mhf.ro\/mm\/romania-ne-zboara-pamantul-de-sub-picioare\/"]}]},{"@type":"ImageObject","inLanguage":"ro-RO","@id":"https:\/\/mhf.ro\/mm\/romania-ne-zboara-pamantul-de-sub-picioare\/#primaryimage","url":"https:\/\/mhf.ro\/mm\/wp-content\/uploads\/2021\/12\/curs3_4.jpg","contentUrl":"https:\/\/mhf.ro\/mm\/wp-content\/uploads\/2021\/12\/curs3_4.jpg","width":1280,"height":905},{"@type":"BreadcrumbList","@id":"https:\/\/mhf.ro\/mm\/romania-ne-zboara-pamantul-de-sub-picioare\/#breadcrumb","itemListElement":[{"@type":"ListItem","position":1,"name":"Prima pagin\u0103","item":"https:\/\/mhf.ro\/mm\/"},{"@type":"ListItem","position":2,"name":"Rom\u00e2nia &#8211; ne zboar\u0103 p\u0103m\u00e2ntul de sub picioare?"}]},{"@type":"WebSite","@id":"https:\/\/mhf.ro\/mm\/#website","url":"https:\/\/mhf.ro\/mm\/","name":"MHF Photography \u2013 Blog de fotografie, natur\u0103 \u0219i tehnic\u0103 divers\u0103","description":"Aventur\u0103 \u00een fiecare cadru.","publisher":{"@id":"https:\/\/mhf.ro\/mm\/#\/schema\/person\/a3bebf7bdb4bf12f698aff73c7e46c21"},"potentialAction":[{"@type":"SearchAction","target":{"@type":"EntryPoint","urlTemplate":"https:\/\/mhf.ro\/mm\/?s={search_term_string}"},"query-input":{"@type":"PropertyValueSpecification","valueRequired":true,"valueName":"search_term_string"}}],"inLanguage":"ro-RO"},{"@type":["Person","Organization"],"@id":"https:\/\/mhf.ro\/mm\/#\/schema\/person\/a3bebf7bdb4bf12f698aff73c7e46c21","name":"Marius Marcu","image":{"@type":"ImageObject","inLanguage":"ro-RO","@id":"https:\/\/mhf.ro\/mm\/#\/schema\/person\/image\/","url":"https:\/\/mhf.ro\/mm\/wp-content\/uploads\/2025\/12\/cropped-logo_mhf_2.png","contentUrl":"https:\/\/mhf.ro\/mm\/wp-content\/uploads\/2025\/12\/cropped-logo_mhf_2.png","width":1096,"height":457,"caption":"Marius Marcu"},"logo":{"@id":"https:\/\/mhf.ro\/mm\/#\/schema\/person\/image\/"},"sameAs":["https:\/\/mhf.ro\/mm"],"url":"https:\/\/mhf.ro\/mm\/author\/mihai\/"}]}},"_links":{"self":[{"href":"https:\/\/mhf.ro\/mm\/wp-json\/wp\/v2\/posts\/7550","targetHints":{"allow":["GET"]}}],"collection":[{"href":"https:\/\/mhf.ro\/mm\/wp-json\/wp\/v2\/posts"}],"about":[{"href":"https:\/\/mhf.ro\/mm\/wp-json\/wp\/v2\/types\/post"}],"author":[{"embeddable":true,"href":"https:\/\/mhf.ro\/mm\/wp-json\/wp\/v2\/users\/1"}],"replies":[{"embeddable":true,"href":"https:\/\/mhf.ro\/mm\/wp-json\/wp\/v2\/comments?post=7550"}],"version-history":[{"count":3,"href":"https:\/\/mhf.ro\/mm\/wp-json\/wp\/v2\/posts\/7550\/revisions"}],"predecessor-version":[{"id":7553,"href":"https:\/\/mhf.ro\/mm\/wp-json\/wp\/v2\/posts\/7550\/revisions\/7553"}],"wp:featuredmedia":[{"embeddable":true,"href":"https:\/\/mhf.ro\/mm\/wp-json\/wp\/v2\/media\/5734"}],"wp:attachment":[{"href":"https:\/\/mhf.ro\/mm\/wp-json\/wp\/v2\/media?parent=7550"}],"wp:term":[{"taxonomy":"category","embeddable":true,"href":"https:\/\/mhf.ro\/mm\/wp-json\/wp\/v2\/categories?post=7550"},{"taxonomy":"post_tag","embeddable":true,"href":"https:\/\/mhf.ro\/mm\/wp-json\/wp\/v2\/tags?post=7550"}],"curies":[{"name":"wp","href":"https:\/\/api.w.org\/{rel}","templated":true}]}}