{"id":7567,"date":"2022-05-15T12:44:39","date_gmt":"2022-05-15T10:44:39","guid":{"rendered":"https:\/\/mhf.ro\/mm\/?p=7567"},"modified":"2025-12-10T22:20:50","modified_gmt":"2025-12-10T20:20:50","slug":"crucea-lui-avram-iancu-privita-de-sus","status":"publish","type":"post","link":"https:\/\/mhf.ro\/mm\/crucea-lui-avram-iancu-privita-de-sus\/","title":{"rendered":"Crucea lui Avram Iancu &#8211; privit\u0103 de sus"},"content":{"rendered":"\t\t<div data-elementor-type=\"wp-post\" data-elementor-id=\"7567\" class=\"elementor elementor-7567\">\n\t\t\t\t\t\t<section class=\"elementor-section elementor-top-section elementor-element elementor-element-061c4e3 elementor-section-boxed elementor-section-height-default elementor-section-height-default\" data-id=\"061c4e3\" data-element_type=\"section\" data-e-type=\"section\">\n\t\t\t\t\t\t<div class=\"elementor-container elementor-column-gap-default\">\n\t\t\t\t\t<div class=\"elementor-column elementor-col-100 elementor-top-column elementor-element elementor-element-1022827\" data-id=\"1022827\" data-element_type=\"column\" data-e-type=\"column\">\n\t\t\t<div class=\"elementor-widget-wrap elementor-element-populated\">\n\t\t\t\t\t\t<div class=\"elementor-element elementor-element-5b5e3a5 elementor-widget elementor-widget-text-editor\" data-id=\"5b5e3a5\" data-element_type=\"widget\" data-e-type=\"widget\" data-widget_type=\"text-editor.default\">\n\t\t\t\t<div class=\"elementor-widget-container\">\n\t\t\t\t\t\t\t\t\t<p>Avram Iancu s-a n\u0103scut la 1824 \u00een Mun\u021bii Apuseni, \u00eentr-o familie de \u021b\u0103rani mo\u021bi \u00eenst\u0103ri\u021bi. Tat\u0103l lui Avram Iancu, Alisandru (1787-1855), a fost p\u0103durar, apoi jude domenial.\u00a0 Mama lui Avram Iancu a fost Maria Gligor. A avut un frate Ioan, n\u0103scut \u00een 1822.\u00a0 <\/p><p>Avram Iancu a fost un participant de seam\u0103 la revolu\u021bia de la 1848. A participat la Marea Adunare Na\u021bional\u0103 de la Blaj din 3 &#8211; 15 mai 1848.<\/p>\t\t\t\t\t\t\t\t<\/div>\n\t\t\t\t<\/div>\n\t\t\t\t\t<\/div>\n\t\t<\/div>\n\t\t\t\t\t<\/div>\n\t\t<\/section>\n\t\t\t\t<section class=\"elementor-section elementor-top-section elementor-element elementor-element-6741280 elementor-section-boxed elementor-section-height-default elementor-section-height-default\" data-id=\"6741280\" data-element_type=\"section\" data-e-type=\"section\">\n\t\t\t\t\t\t<div class=\"elementor-container elementor-column-gap-default\">\n\t\t\t\t\t<div class=\"elementor-column elementor-col-100 elementor-top-column elementor-element elementor-element-5c73310\" data-id=\"5c73310\" data-element_type=\"column\" data-e-type=\"column\">\n\t\t\t<div class=\"elementor-widget-wrap elementor-element-populated\">\n\t\t\t\t\t\t<div class=\"elementor-element elementor-element-69ee8d4 elementor-widget elementor-widget-video\" data-id=\"69ee8d4\" data-element_type=\"widget\" data-e-type=\"widget\" data-settings=\"{&quot;video_type&quot;:&quot;hosted&quot;,&quot;controls&quot;:&quot;yes&quot;}\" data-widget_type=\"video.default\">\n\t\t\t\t<div class=\"elementor-widget-container\">\n\t\t\t\t\t\t\t<div class=\"e-hosted-video elementor-wrapper elementor-open-inline\">\n\t\t\t\t\t<video class=\"elementor-video\" src=\"https:\/\/mhf.ro\/mm\/wp-content\/uploads\/2022\/05\/Crucea_AvI_3.mp4\" controls=\"\" preload=\"metadata\" controlsList=\"nodownload\"><\/video>\n\t\t\t\t<\/div>\n\t\t\t\t\t\t<\/div>\n\t\t\t\t<\/div>\n\t\t\t\t\t<\/div>\n\t\t<\/div>\n\t\t\t\t\t<\/div>\n\t\t<\/section>\n\t\t\t\t<section class=\"elementor-section elementor-top-section elementor-element elementor-element-47420e1 elementor-section-boxed elementor-section-height-default elementor-section-height-default\" data-id=\"47420e1\" data-element_type=\"section\" data-e-type=\"section\">\n\t\t\t\t\t\t<div class=\"elementor-container elementor-column-gap-default\">\n\t\t\t\t\t<div class=\"elementor-column elementor-col-100 elementor-top-column elementor-element elementor-element-2feda63\" data-id=\"2feda63\" data-element_type=\"column\" data-e-type=\"column\">\n\t\t\t<div class=\"elementor-widget-wrap elementor-element-populated\">\n\t\t\t\t\t\t<div class=\"elementor-element elementor-element-cc447b9 elementor-widget elementor-widget-heading\" data-id=\"cc447b9\" data-element_type=\"widget\" data-e-type=\"widget\" data-widget_type=\"heading.default\">\n\t\t\t\t<div class=\"elementor-widget-container\">\n\t\t\t\t\t<h4 class=\"elementor-heading-title elementor-size-default\">Monument \u00eenchinat lui Avram Iancu, Cr\u0103i\u0219orul Mun\u021bilor<\/h4>\t\t\t\t<\/div>\n\t\t\t\t<\/div>\n\t\t\t\t\t<\/div>\n\t\t<\/div>\n\t\t\t\t\t<\/div>\n\t\t<\/section>\n\t\t\t\t<section class=\"elementor-section elementor-top-section elementor-element elementor-element-6c613c3 elementor-section-boxed elementor-section-height-default elementor-section-height-default\" data-id=\"6c613c3\" data-element_type=\"section\" data-e-type=\"section\">\n\t\t\t\t\t\t<div class=\"elementor-container elementor-column-gap-default\">\n\t\t\t\t\t<div class=\"elementor-column elementor-col-100 elementor-top-column elementor-element elementor-element-755b13b\" data-id=\"755b13b\" data-element_type=\"column\" data-e-type=\"column\">\n\t\t\t<div class=\"elementor-widget-wrap elementor-element-populated\">\n\t\t\t\t\t\t<div class=\"elementor-element elementor-element-ebefde3 elementor-widget elementor-widget-text-editor\" data-id=\"ebefde3\" data-element_type=\"widget\" data-e-type=\"widget\" data-widget_type=\"text-editor.default\">\n\t\t\t\t<div class=\"elementor-widget-container\">\n\t\t\t\t\t\t\t\t\t<p style=\"text-align: right;\"><a href=\"http:\/\/www.riz.ro\">Profile \u0219i decora\u021biuni polistiren<\/a><\/p>\t\t\t\t\t\t\t\t<\/div>\n\t\t\t\t<\/div>\n\t\t\t\t\t<\/div>\n\t\t<\/div>\n\t\t\t\t\t<\/div>\n\t\t<\/section>\n\t\t\t\t<\/div>\n\t\t","protected":false},"excerpt":{"rendered":"<p>Avram Iancu s-a n\u0103scut la 1824 \u00een Mun\u021bii Apuseni, \u00eentr-o familie de \u021b\u0103rani mo\u021bi \u00eenst\u0103ri\u021bi. Tat\u0103l lui Avram Iancu, Alisandru<\/p>\n","protected":false},"author":1,"featured_media":7580,"comment_status":"open","ping_status":"open","sticky":false,"template":"","format":"standard","meta":{"colormag_page_container_layout":"default_layout","colormag_page_sidebar_layout":"default_layout","footnotes":""},"categories":[5,33],"tags":[],"class_list":["post-7567","post","type-post","status-publish","format-standard","has-post-thumbnail","hentry","category-locale","category-video"],"yoast_head":"<!-- This site is optimized with the Yoast SEO plugin v27.0 - https:\/\/yoast.com\/product\/yoast-seo-wordpress\/ -->\n<title>Crucea lui Avram Iancu - privit\u0103 de sus - MHF Photography<\/title>\n<meta name=\"description\" content=\"Avram Iancu s-a n\u0103scut la 1824 \u00een Mun\u021bii Apuseni, \u00eentr-o familie de \u021b\u0103rani mo\u021bi \u00eenst\u0103ri\u021bi. Tat\u0103l lui Avram Iancu, Alisandru (1787-1855)\" \/>\n<meta name=\"robots\" content=\"index, follow, max-snippet:-1, max-image-preview:large, max-video-preview:-1\" \/>\n<link rel=\"canonical\" href=\"https:\/\/mhf.ro\/mm\/crucea-lui-avram-iancu-privita-de-sus\/\" \/>\n<meta property=\"og:locale\" content=\"ro_RO\" \/>\n<meta property=\"og:type\" content=\"article\" \/>\n<meta property=\"og:title\" content=\"Crucea lui Avram Iancu - privit\u0103 de sus - MHF Photography\" \/>\n<meta property=\"og:description\" content=\"Avram Iancu s-a n\u0103scut la 1824 \u00een Mun\u021bii Apuseni, \u00eentr-o familie de \u021b\u0103rani mo\u021bi \u00eenst\u0103ri\u021bi. Tat\u0103l lui Avram Iancu, Alisandru (1787-1855)\" \/>\n<meta property=\"og:url\" content=\"https:\/\/mhf.ro\/mm\/crucea-lui-avram-iancu-privita-de-sus\/\" \/>\n<meta property=\"og:site_name\" content=\"MHF Photography\" \/>\n<meta property=\"article:published_time\" content=\"2022-05-15T10:44:39+00:00\" \/>\n<meta property=\"article:modified_time\" content=\"2025-12-10T20:20:50+00:00\" \/>\n<meta property=\"og:image\" content=\"https:\/\/mhf.ro\/mm\/wp-content\/uploads\/2022\/05\/Crucea_Avram_Inancu.jpg\" \/>\n\t<meta property=\"og:image:width\" content=\"1014\" \/>\n\t<meta property=\"og:image:height\" content=\"570\" \/>\n\t<meta property=\"og:image:type\" content=\"image\/jpeg\" \/>\n<meta name=\"author\" content=\"Marius Marcu\" \/>\n<meta name=\"twitter:card\" content=\"summary_large_image\" \/>\n<meta name=\"twitter:label1\" content=\"Scris de\" \/>\n\t<meta name=\"twitter:data1\" content=\"Marius Marcu\" \/>\n\t<meta name=\"twitter:label2\" content=\"Timp estimat pentru citire\" \/>\n\t<meta name=\"twitter:data2\" content=\"1 minut\" \/>\n<script type=\"application\/ld+json\" class=\"yoast-schema-graph\">{\"@context\":\"https:\/\/schema.org\",\"@graph\":[{\"@type\":\"Article\",\"@id\":\"https:\/\/mhf.ro\/mm\/crucea-lui-avram-iancu-privita-de-sus\/#article\",\"isPartOf\":{\"@id\":\"https:\/\/mhf.ro\/mm\/crucea-lui-avram-iancu-privita-de-sus\/\"},\"author\":{\"name\":\"Marius Marcu\",\"@id\":\"https:\/\/mhf.ro\/mm\/#\/schema\/person\/a3bebf7bdb4bf12f698aff73c7e46c21\"},\"headline\":\"Crucea lui Avram Iancu &#8211; privit\u0103 de sus\",\"datePublished\":\"2022-05-15T10:44:39+00:00\",\"dateModified\":\"2025-12-10T20:20:50+00:00\",\"mainEntityOfPage\":{\"@id\":\"https:\/\/mhf.ro\/mm\/crucea-lui-avram-iancu-privita-de-sus\/\"},\"wordCount\":107,\"commentCount\":0,\"publisher\":{\"@id\":\"https:\/\/mhf.ro\/mm\/#\/schema\/person\/a3bebf7bdb4bf12f698aff73c7e46c21\"},\"image\":{\"@id\":\"https:\/\/mhf.ro\/mm\/crucea-lui-avram-iancu-privita-de-sus\/#primaryimage\"},\"thumbnailUrl\":\"https:\/\/mhf.ro\/mm\/wp-content\/uploads\/2022\/05\/Crucea_Avram_Inancu.jpg\",\"articleSection\":[\"Locale\",\"Video\"],\"inLanguage\":\"ro-RO\",\"potentialAction\":[{\"@type\":\"CommentAction\",\"name\":\"Comment\",\"target\":[\"https:\/\/mhf.ro\/mm\/crucea-lui-avram-iancu-privita-de-sus\/#respond\"]}]},{\"@type\":\"WebPage\",\"@id\":\"https:\/\/mhf.ro\/mm\/crucea-lui-avram-iancu-privita-de-sus\/\",\"url\":\"https:\/\/mhf.ro\/mm\/crucea-lui-avram-iancu-privita-de-sus\/\",\"name\":\"Crucea lui Avram Iancu - privit\u0103 de sus - MHF Photography\",\"isPartOf\":{\"@id\":\"https:\/\/mhf.ro\/mm\/#website\"},\"primaryImageOfPage\":{\"@id\":\"https:\/\/mhf.ro\/mm\/crucea-lui-avram-iancu-privita-de-sus\/#primaryimage\"},\"image\":{\"@id\":\"https:\/\/mhf.ro\/mm\/crucea-lui-avram-iancu-privita-de-sus\/#primaryimage\"},\"thumbnailUrl\":\"https:\/\/mhf.ro\/mm\/wp-content\/uploads\/2022\/05\/Crucea_Avram_Inancu.jpg\",\"datePublished\":\"2022-05-15T10:44:39+00:00\",\"dateModified\":\"2025-12-10T20:20:50+00:00\",\"description\":\"Avram Iancu s-a n\u0103scut la 1824 \u00een Mun\u021bii Apuseni, \u00eentr-o familie de \u021b\u0103rani mo\u021bi \u00eenst\u0103ri\u021bi. Tat\u0103l lui Avram Iancu, Alisandru (1787-1855)\",\"breadcrumb\":{\"@id\":\"https:\/\/mhf.ro\/mm\/crucea-lui-avram-iancu-privita-de-sus\/#breadcrumb\"},\"inLanguage\":\"ro-RO\",\"potentialAction\":[{\"@type\":\"ReadAction\",\"target\":[\"https:\/\/mhf.ro\/mm\/crucea-lui-avram-iancu-privita-de-sus\/\"]}]},{\"@type\":\"ImageObject\",\"inLanguage\":\"ro-RO\",\"@id\":\"https:\/\/mhf.ro\/mm\/crucea-lui-avram-iancu-privita-de-sus\/#primaryimage\",\"url\":\"https:\/\/mhf.ro\/mm\/wp-content\/uploads\/2022\/05\/Crucea_Avram_Inancu.jpg\",\"contentUrl\":\"https:\/\/mhf.ro\/mm\/wp-content\/uploads\/2022\/05\/Crucea_Avram_Inancu.jpg\",\"width\":1014,\"height\":570,\"caption\":\"created by dji camera\"},{\"@type\":\"BreadcrumbList\",\"@id\":\"https:\/\/mhf.ro\/mm\/crucea-lui-avram-iancu-privita-de-sus\/#breadcrumb\",\"itemListElement\":[{\"@type\":\"ListItem\",\"position\":1,\"name\":\"Prima pagin\u0103\",\"item\":\"https:\/\/mhf.ro\/mm\/\"},{\"@type\":\"ListItem\",\"position\":2,\"name\":\"Crucea lui Avram Iancu &#8211; privit\u0103 de sus\"}]},{\"@type\":\"WebSite\",\"@id\":\"https:\/\/mhf.ro\/mm\/#website\",\"url\":\"https:\/\/mhf.ro\/mm\/\",\"name\":\"MHF Photography \u2013 Blog de fotografie, natur\u0103 \u0219i tehnic\u0103 divers\u0103\",\"description\":\"Aventur\u0103 \u00een fiecare cadru.\",\"publisher\":{\"@id\":\"https:\/\/mhf.ro\/mm\/#\/schema\/person\/a3bebf7bdb4bf12f698aff73c7e46c21\"},\"potentialAction\":[{\"@type\":\"SearchAction\",\"target\":{\"@type\":\"EntryPoint\",\"urlTemplate\":\"https:\/\/mhf.ro\/mm\/?s={search_term_string}\"},\"query-input\":{\"@type\":\"PropertyValueSpecification\",\"valueRequired\":true,\"valueName\":\"search_term_string\"}}],\"inLanguage\":\"ro-RO\"},{\"@type\":[\"Person\",\"Organization\"],\"@id\":\"https:\/\/mhf.ro\/mm\/#\/schema\/person\/a3bebf7bdb4bf12f698aff73c7e46c21\",\"name\":\"Marius Marcu\",\"image\":{\"@type\":\"ImageObject\",\"inLanguage\":\"ro-RO\",\"@id\":\"https:\/\/mhf.ro\/mm\/#\/schema\/person\/image\/\",\"url\":\"https:\/\/mhf.ro\/mm\/wp-content\/uploads\/2025\/12\/cropped-logo_mhf_2.png\",\"contentUrl\":\"https:\/\/mhf.ro\/mm\/wp-content\/uploads\/2025\/12\/cropped-logo_mhf_2.png\",\"width\":1096,\"height\":457,\"caption\":\"Marius Marcu\"},\"logo\":{\"@id\":\"https:\/\/mhf.ro\/mm\/#\/schema\/person\/image\/\"},\"sameAs\":[\"https:\/\/mhf.ro\/mm\"],\"url\":\"https:\/\/mhf.ro\/mm\/author\/mihai\/\"}]}<\/script>\n<!-- \/ Yoast SEO plugin. -->","yoast_head_json":{"title":"Crucea lui Avram Iancu - privit\u0103 de sus - MHF Photography","description":"Avram Iancu s-a n\u0103scut la 1824 \u00een Mun\u021bii Apuseni, \u00eentr-o familie de \u021b\u0103rani mo\u021bi \u00eenst\u0103ri\u021bi. Tat\u0103l lui Avram Iancu, Alisandru (1787-1855)","robots":{"index":"index","follow":"follow","max-snippet":"max-snippet:-1","max-image-preview":"max-image-preview:large","max-video-preview":"max-video-preview:-1"},"canonical":"https:\/\/mhf.ro\/mm\/crucea-lui-avram-iancu-privita-de-sus\/","og_locale":"ro_RO","og_type":"article","og_title":"Crucea lui Avram Iancu - privit\u0103 de sus - MHF Photography","og_description":"Avram Iancu s-a n\u0103scut la 1824 \u00een Mun\u021bii Apuseni, \u00eentr-o familie de \u021b\u0103rani mo\u021bi \u00eenst\u0103ri\u021bi. Tat\u0103l lui Avram Iancu, Alisandru (1787-1855)","og_url":"https:\/\/mhf.ro\/mm\/crucea-lui-avram-iancu-privita-de-sus\/","og_site_name":"MHF Photography","article_published_time":"2022-05-15T10:44:39+00:00","article_modified_time":"2025-12-10T20:20:50+00:00","og_image":[{"width":1014,"height":570,"url":"https:\/\/mhf.ro\/mm\/wp-content\/uploads\/2022\/05\/Crucea_Avram_Inancu.jpg","type":"image\/jpeg"}],"author":"Marius Marcu","twitter_card":"summary_large_image","twitter_misc":{"Scris de":"Marius Marcu","Timp estimat pentru citire":"1 minut"},"schema":{"@context":"https:\/\/schema.org","@graph":[{"@type":"Article","@id":"https:\/\/mhf.ro\/mm\/crucea-lui-avram-iancu-privita-de-sus\/#article","isPartOf":{"@id":"https:\/\/mhf.ro\/mm\/crucea-lui-avram-iancu-privita-de-sus\/"},"author":{"name":"Marius Marcu","@id":"https:\/\/mhf.ro\/mm\/#\/schema\/person\/a3bebf7bdb4bf12f698aff73c7e46c21"},"headline":"Crucea lui Avram Iancu &#8211; privit\u0103 de sus","datePublished":"2022-05-15T10:44:39+00:00","dateModified":"2025-12-10T20:20:50+00:00","mainEntityOfPage":{"@id":"https:\/\/mhf.ro\/mm\/crucea-lui-avram-iancu-privita-de-sus\/"},"wordCount":107,"commentCount":0,"publisher":{"@id":"https:\/\/mhf.ro\/mm\/#\/schema\/person\/a3bebf7bdb4bf12f698aff73c7e46c21"},"image":{"@id":"https:\/\/mhf.ro\/mm\/crucea-lui-avram-iancu-privita-de-sus\/#primaryimage"},"thumbnailUrl":"https:\/\/mhf.ro\/mm\/wp-content\/uploads\/2022\/05\/Crucea_Avram_Inancu.jpg","articleSection":["Locale","Video"],"inLanguage":"ro-RO","potentialAction":[{"@type":"CommentAction","name":"Comment","target":["https:\/\/mhf.ro\/mm\/crucea-lui-avram-iancu-privita-de-sus\/#respond"]}]},{"@type":"WebPage","@id":"https:\/\/mhf.ro\/mm\/crucea-lui-avram-iancu-privita-de-sus\/","url":"https:\/\/mhf.ro\/mm\/crucea-lui-avram-iancu-privita-de-sus\/","name":"Crucea lui Avram Iancu - privit\u0103 de sus - MHF Photography","isPartOf":{"@id":"https:\/\/mhf.ro\/mm\/#website"},"primaryImageOfPage":{"@id":"https:\/\/mhf.ro\/mm\/crucea-lui-avram-iancu-privita-de-sus\/#primaryimage"},"image":{"@id":"https:\/\/mhf.ro\/mm\/crucea-lui-avram-iancu-privita-de-sus\/#primaryimage"},"thumbnailUrl":"https:\/\/mhf.ro\/mm\/wp-content\/uploads\/2022\/05\/Crucea_Avram_Inancu.jpg","datePublished":"2022-05-15T10:44:39+00:00","dateModified":"2025-12-10T20:20:50+00:00","description":"Avram Iancu s-a n\u0103scut la 1824 \u00een Mun\u021bii Apuseni, \u00eentr-o familie de \u021b\u0103rani mo\u021bi \u00eenst\u0103ri\u021bi. Tat\u0103l lui Avram Iancu, Alisandru (1787-1855)","breadcrumb":{"@id":"https:\/\/mhf.ro\/mm\/crucea-lui-avram-iancu-privita-de-sus\/#breadcrumb"},"inLanguage":"ro-RO","potentialAction":[{"@type":"ReadAction","target":["https:\/\/mhf.ro\/mm\/crucea-lui-avram-iancu-privita-de-sus\/"]}]},{"@type":"ImageObject","inLanguage":"ro-RO","@id":"https:\/\/mhf.ro\/mm\/crucea-lui-avram-iancu-privita-de-sus\/#primaryimage","url":"https:\/\/mhf.ro\/mm\/wp-content\/uploads\/2022\/05\/Crucea_Avram_Inancu.jpg","contentUrl":"https:\/\/mhf.ro\/mm\/wp-content\/uploads\/2022\/05\/Crucea_Avram_Inancu.jpg","width":1014,"height":570,"caption":"created by dji camera"},{"@type":"BreadcrumbList","@id":"https:\/\/mhf.ro\/mm\/crucea-lui-avram-iancu-privita-de-sus\/#breadcrumb","itemListElement":[{"@type":"ListItem","position":1,"name":"Prima pagin\u0103","item":"https:\/\/mhf.ro\/mm\/"},{"@type":"ListItem","position":2,"name":"Crucea lui Avram Iancu &#8211; privit\u0103 de sus"}]},{"@type":"WebSite","@id":"https:\/\/mhf.ro\/mm\/#website","url":"https:\/\/mhf.ro\/mm\/","name":"MHF Photography \u2013 Blog de fotografie, natur\u0103 \u0219i tehnic\u0103 divers\u0103","description":"Aventur\u0103 \u00een fiecare cadru.","publisher":{"@id":"https:\/\/mhf.ro\/mm\/#\/schema\/person\/a3bebf7bdb4bf12f698aff73c7e46c21"},"potentialAction":[{"@type":"SearchAction","target":{"@type":"EntryPoint","urlTemplate":"https:\/\/mhf.ro\/mm\/?s={search_term_string}"},"query-input":{"@type":"PropertyValueSpecification","valueRequired":true,"valueName":"search_term_string"}}],"inLanguage":"ro-RO"},{"@type":["Person","Organization"],"@id":"https:\/\/mhf.ro\/mm\/#\/schema\/person\/a3bebf7bdb4bf12f698aff73c7e46c21","name":"Marius Marcu","image":{"@type":"ImageObject","inLanguage":"ro-RO","@id":"https:\/\/mhf.ro\/mm\/#\/schema\/person\/image\/","url":"https:\/\/mhf.ro\/mm\/wp-content\/uploads\/2025\/12\/cropped-logo_mhf_2.png","contentUrl":"https:\/\/mhf.ro\/mm\/wp-content\/uploads\/2025\/12\/cropped-logo_mhf_2.png","width":1096,"height":457,"caption":"Marius Marcu"},"logo":{"@id":"https:\/\/mhf.ro\/mm\/#\/schema\/person\/image\/"},"sameAs":["https:\/\/mhf.ro\/mm"],"url":"https:\/\/mhf.ro\/mm\/author\/mihai\/"}]}},"_links":{"self":[{"href":"https:\/\/mhf.ro\/mm\/wp-json\/wp\/v2\/posts\/7567","targetHints":{"allow":["GET"]}}],"collection":[{"href":"https:\/\/mhf.ro\/mm\/wp-json\/wp\/v2\/posts"}],"about":[{"href":"https:\/\/mhf.ro\/mm\/wp-json\/wp\/v2\/types\/post"}],"author":[{"embeddable":true,"href":"https:\/\/mhf.ro\/mm\/wp-json\/wp\/v2\/users\/1"}],"replies":[{"embeddable":true,"href":"https:\/\/mhf.ro\/mm\/wp-json\/wp\/v2\/comments?post=7567"}],"version-history":[{"count":14,"href":"https:\/\/mhf.ro\/mm\/wp-json\/wp\/v2\/posts\/7567\/revisions"}],"predecessor-version":[{"id":9718,"href":"https:\/\/mhf.ro\/mm\/wp-json\/wp\/v2\/posts\/7567\/revisions\/9718"}],"wp:featuredmedia":[{"embeddable":true,"href":"https:\/\/mhf.ro\/mm\/wp-json\/wp\/v2\/media\/7580"}],"wp:attachment":[{"href":"https:\/\/mhf.ro\/mm\/wp-json\/wp\/v2\/media?parent=7567"}],"wp:term":[{"taxonomy":"category","embeddable":true,"href":"https:\/\/mhf.ro\/mm\/wp-json\/wp\/v2\/categories?post=7567"},{"taxonomy":"post_tag","embeddable":true,"href":"https:\/\/mhf.ro\/mm\/wp-json\/wp\/v2\/tags?post=7567"}],"curies":[{"name":"wp","href":"https:\/\/api.w.org\/{rel}","templated":true}]}}