{"id":7665,"date":"2022-05-23T16:58:21","date_gmt":"2022-05-23T14:58:21","guid":{"rendered":"https:\/\/mhf.ro\/mm\/?p=7665"},"modified":"2022-05-21T17:08:34","modified_gmt":"2022-05-21T15:08:34","slug":"lasati-copiii-sa-vina-la-mine","status":"publish","type":"post","link":"https:\/\/mhf.ro\/mm\/lasati-copiii-sa-vina-la-mine\/","title":{"rendered":",,L\u0103sa\u021bi copiii s\u0103 vin\u0103 la Mine\u201d"},"content":{"rendered":"<p>Era \u00eentr-una din serile \u00een care Domnul Iisus, dup\u0103 o zi obositoare, \u00een care predicase ne\u00eencetat poporului \u0219i discutase cu fariseii \u0219i cu ucenicii S\u0103i, continua s\u0103 se afle \u00eenc\u0103 \u00een mijlocul lor. Atunci c\u00e2teva dintre mame au vrut s\u0103 \u00ee\u0219i aduc\u0103 pruncii la D\u00e2nsul, ca s\u0103 \u00eei binecuv\u00e2nteze. Ucenicii nu doreau \u00eens\u0103, s\u0103 tulbure lini\u0219tea Domnului \u0219i de aceea, nu le l\u0103sau s\u0103 se apropie. Atunci M\u00e2ntuitul a spus aceste cuvinte m\u00e2ng\u00e2ietoare: \u201eL\u0103sa\u021bi copiii s\u0103 vin\u0103 la Mine\u201d (Luca 18,16). Exact aceasta este cea mai mare datorie a p\u0103rin\u021bilor cre\u0219tini: s\u0103 \u00eei c\u0103l\u0103uzeasc\u0103 pe copiii lor c\u0103tre M\u00e2ntuitorul Hristos.<\/p>\n<p>Ve\u021bi \u00eentreba desigur, cum este posibil s\u0103 facem aceasta, de vreme ce M\u00e2ntuitorul nu mai predic\u0103 printre noi, ci S-a \u00cen\u0103l\u021bat la ceruri? \u00cemplinirea acestei misiuni sfinte se realizeaz\u0103 prin aducerea copiilor la biseric\u0103, unde intr\u0103 \u00een contact cu \u00eenv\u0103\u021b\u0103tura de credin\u021b\u0103 ortodox\u0103 \u0219i cu Sfintele Taine, unde \u00eenva\u021b\u0103 s\u0103 \u00eel iubeasc\u0103 pe Hristos \u0219i s\u0103 urmeze \u00eenv\u0103\u021b\u0103turilor Sale. Drumul care duce spre Hristos se \u00eentemeiaz\u0103 pe educa\u021bia bisericeasc\u0103 cre\u0219tin ortodox\u0103.<\/p>\n<p>Despre copilul Iisus, \u00een v\u00e2rst\u0103 de doisprezece ani, afl\u0103m c\u0103 mergea cu p\u0103rin\u021bii s\u0103i s\u0103 se \u00eenchine la templul din Ierusalim \u0219i c\u0103 le era supus. \u201e&#8230;sporea cu \u00een\u021belepciunea \u0219i cu v\u00e2rsta \u0219i cu harul la Dumnezeu \u0219i la oameni\u201d (Luca 2,52). Acesta este modelul pe care trebuie s\u0103 \u00eel urmeze fiecare copil. Pe acesta trebuie s\u0103 \u00eel imite.<\/p>\n<p>(dup\u0103 Irineu-episcop de Ecaterinburg, cf. doxologia.ro)<\/p>\n","protected":false},"excerpt":{"rendered":"<p>Era \u00eentr-una din serile \u00een care Domnul Iisus, dup\u0103 o zi obositoare, \u00een care predicase ne\u00eencetat poporului \u0219i discutase cu<\/p>\n","protected":false},"author":4,"featured_media":7172,"comment_status":"open","ping_status":"open","sticky":false,"template":"","format":"standard","meta":{"colormag_page_container_layout":"default_layout","colormag_page_sidebar_layout":"default_layout","footnotes":""},"categories":[34],"tags":[],"class_list":["post-7665","post","type-post","status-publish","format-standard","has-post-thumbnail","hentry","category-religie"],"yoast_head":"<!-- This site is optimized with the Yoast SEO plugin v27.0 - https:\/\/yoast.com\/product\/yoast-seo-wordpress\/ -->\n<title>,,L\u0103sa\u021bi copiii s\u0103 vin\u0103 la Mine\u201d - MHF Photography<\/title>\n<meta name=\"robots\" content=\"index, follow, max-snippet:-1, max-image-preview:large, max-video-preview:-1\" \/>\n<link rel=\"canonical\" href=\"https:\/\/mhf.ro\/mm\/lasati-copiii-sa-vina-la-mine\/\" \/>\n<meta property=\"og:locale\" content=\"ro_RO\" \/>\n<meta property=\"og:type\" content=\"article\" \/>\n<meta property=\"og:title\" content=\",,L\u0103sa\u021bi copiii s\u0103 vin\u0103 la Mine\u201d - MHF Photography\" \/>\n<meta property=\"og:description\" content=\"Era \u00eentr-una din serile \u00een care Domnul Iisus, dup\u0103 o zi obositoare, \u00een care predicase ne\u00eencetat poporului \u0219i discutase cu\" \/>\n<meta property=\"og:url\" content=\"https:\/\/mhf.ro\/mm\/lasati-copiii-sa-vina-la-mine\/\" \/>\n<meta property=\"og:site_name\" content=\"MHF Photography\" \/>\n<meta property=\"article:published_time\" content=\"2022-05-23T14:58:21+00:00\" \/>\n<meta property=\"og:image\" content=\"https:\/\/mhf.ro\/mm\/wp-content\/uploads\/2022\/04\/atelier-3.jpg\" \/>\n\t<meta property=\"og:image:width\" content=\"1200\" \/>\n\t<meta property=\"og:image:height\" content=\"1600\" \/>\n\t<meta property=\"og:image:type\" content=\"image\/jpeg\" \/>\n<meta name=\"author\" content=\"Preot paroh Horvat Petru\" \/>\n<meta name=\"twitter:card\" content=\"summary_large_image\" \/>\n<meta name=\"twitter:label1\" content=\"Scris de\" \/>\n\t<meta name=\"twitter:data1\" content=\"Preot paroh Horvat Petru\" \/>\n\t<meta name=\"twitter:label2\" content=\"Timp estimat pentru citire\" \/>\n\t<meta name=\"twitter:data2\" content=\"1 minut\" \/>\n<script type=\"application\/ld+json\" class=\"yoast-schema-graph\">{\"@context\":\"https:\/\/schema.org\",\"@graph\":[{\"@type\":\"Article\",\"@id\":\"https:\/\/mhf.ro\/mm\/lasati-copiii-sa-vina-la-mine\/#article\",\"isPartOf\":{\"@id\":\"https:\/\/mhf.ro\/mm\/lasati-copiii-sa-vina-la-mine\/\"},\"author\":{\"name\":\"Preot paroh Horvat Petru\",\"@id\":\"https:\/\/mhf.ro\/mm\/#\/schema\/person\/4c8c06c801b7b666e81ed44550086900\"},\"headline\":\",,L\u0103sa\u021bi copiii s\u0103 vin\u0103 la Mine\u201d\",\"datePublished\":\"2022-05-23T14:58:21+00:00\",\"mainEntityOfPage\":{\"@id\":\"https:\/\/mhf.ro\/mm\/lasati-copiii-sa-vina-la-mine\/\"},\"wordCount\":277,\"commentCount\":0,\"publisher\":{\"@id\":\"https:\/\/mhf.ro\/mm\/#\/schema\/person\/a3bebf7bdb4bf12f698aff73c7e46c21\"},\"image\":{\"@id\":\"https:\/\/mhf.ro\/mm\/lasati-copiii-sa-vina-la-mine\/#primaryimage\"},\"thumbnailUrl\":\"https:\/\/mhf.ro\/mm\/wp-content\/uploads\/2022\/04\/atelier-3.jpg\",\"articleSection\":[\"Religie\"],\"inLanguage\":\"ro-RO\",\"potentialAction\":[{\"@type\":\"CommentAction\",\"name\":\"Comment\",\"target\":[\"https:\/\/mhf.ro\/mm\/lasati-copiii-sa-vina-la-mine\/#respond\"]}]},{\"@type\":\"WebPage\",\"@id\":\"https:\/\/mhf.ro\/mm\/lasati-copiii-sa-vina-la-mine\/\",\"url\":\"https:\/\/mhf.ro\/mm\/lasati-copiii-sa-vina-la-mine\/\",\"name\":\",,L\u0103sa\u021bi copiii s\u0103 vin\u0103 la Mine\u201d - MHF Photography\",\"isPartOf\":{\"@id\":\"https:\/\/mhf.ro\/mm\/#website\"},\"primaryImageOfPage\":{\"@id\":\"https:\/\/mhf.ro\/mm\/lasati-copiii-sa-vina-la-mine\/#primaryimage\"},\"image\":{\"@id\":\"https:\/\/mhf.ro\/mm\/lasati-copiii-sa-vina-la-mine\/#primaryimage\"},\"thumbnailUrl\":\"https:\/\/mhf.ro\/mm\/wp-content\/uploads\/2022\/04\/atelier-3.jpg\",\"datePublished\":\"2022-05-23T14:58:21+00:00\",\"breadcrumb\":{\"@id\":\"https:\/\/mhf.ro\/mm\/lasati-copiii-sa-vina-la-mine\/#breadcrumb\"},\"inLanguage\":\"ro-RO\",\"potentialAction\":[{\"@type\":\"ReadAction\",\"target\":[\"https:\/\/mhf.ro\/mm\/lasati-copiii-sa-vina-la-mine\/\"]}]},{\"@type\":\"ImageObject\",\"inLanguage\":\"ro-RO\",\"@id\":\"https:\/\/mhf.ro\/mm\/lasati-copiii-sa-vina-la-mine\/#primaryimage\",\"url\":\"https:\/\/mhf.ro\/mm\/wp-content\/uploads\/2022\/04\/atelier-3.jpg\",\"contentUrl\":\"https:\/\/mhf.ro\/mm\/wp-content\/uploads\/2022\/04\/atelier-3.jpg\",\"width\":1200,\"height\":1600},{\"@type\":\"BreadcrumbList\",\"@id\":\"https:\/\/mhf.ro\/mm\/lasati-copiii-sa-vina-la-mine\/#breadcrumb\",\"itemListElement\":[{\"@type\":\"ListItem\",\"position\":1,\"name\":\"Prima pagin\u0103\",\"item\":\"https:\/\/mhf.ro\/mm\/\"},{\"@type\":\"ListItem\",\"position\":2,\"name\":\",,L\u0103sa\u021bi copiii s\u0103 vin\u0103 la Mine\u201d\"}]},{\"@type\":\"WebSite\",\"@id\":\"https:\/\/mhf.ro\/mm\/#website\",\"url\":\"https:\/\/mhf.ro\/mm\/\",\"name\":\"MHF Photography \u2013 Blog de fotografie, natur\u0103 \u0219i tehnic\u0103 divers\u0103\",\"description\":\"Aventur\u0103 \u00een fiecare cadru.\",\"publisher\":{\"@id\":\"https:\/\/mhf.ro\/mm\/#\/schema\/person\/a3bebf7bdb4bf12f698aff73c7e46c21\"},\"potentialAction\":[{\"@type\":\"SearchAction\",\"target\":{\"@type\":\"EntryPoint\",\"urlTemplate\":\"https:\/\/mhf.ro\/mm\/?s={search_term_string}\"},\"query-input\":{\"@type\":\"PropertyValueSpecification\",\"valueRequired\":true,\"valueName\":\"search_term_string\"}}],\"inLanguage\":\"ro-RO\"},{\"@type\":[\"Person\",\"Organization\"],\"@id\":\"https:\/\/mhf.ro\/mm\/#\/schema\/person\/a3bebf7bdb4bf12f698aff73c7e46c21\",\"name\":\"Marius Marcu\",\"image\":{\"@type\":\"ImageObject\",\"inLanguage\":\"ro-RO\",\"@id\":\"https:\/\/mhf.ro\/mm\/#\/schema\/person\/image\/\",\"url\":\"https:\/\/mhf.ro\/mm\/wp-content\/uploads\/2025\/12\/cropped-logo_mhf_2.png\",\"contentUrl\":\"https:\/\/mhf.ro\/mm\/wp-content\/uploads\/2025\/12\/cropped-logo_mhf_2.png\",\"width\":1096,\"height\":457,\"caption\":\"Marius Marcu\"},\"logo\":{\"@id\":\"https:\/\/mhf.ro\/mm\/#\/schema\/person\/image\/\"},\"sameAs\":[\"https:\/\/mhf.ro\/mm\"]},{\"@type\":\"Person\",\"@id\":\"https:\/\/mhf.ro\/mm\/#\/schema\/person\/4c8c06c801b7b666e81ed44550086900\",\"name\":\"Preot paroh Horvat Petru\",\"image\":{\"@type\":\"ImageObject\",\"inLanguage\":\"ro-RO\",\"@id\":\"https:\/\/mhf.ro\/mm\/#\/schema\/person\/image\/\",\"url\":\"https:\/\/secure.gravatar.com\/avatar\/c2d2dcdf21c6f41aad486d71768c144cd6e23cb7b63bae9bd6fab542b26ad321?s=96&d=monsterid&r=g\",\"contentUrl\":\"https:\/\/secure.gravatar.com\/avatar\/c2d2dcdf21c6f41aad486d71768c144cd6e23cb7b63bae9bd6fab542b26ad321?s=96&d=monsterid&r=g\",\"caption\":\"Preot paroh Horvat Petru\"},\"sameAs\":[\"https:\/\/mhf.ro\/mm\"],\"url\":\"https:\/\/mhf.ro\/mm\/author\/petrica\/\"}]}<\/script>\n<!-- \/ Yoast SEO plugin. -->","yoast_head_json":{"title":",,L\u0103sa\u021bi copiii s\u0103 vin\u0103 la Mine\u201d - MHF Photography","robots":{"index":"index","follow":"follow","max-snippet":"max-snippet:-1","max-image-preview":"max-image-preview:large","max-video-preview":"max-video-preview:-1"},"canonical":"https:\/\/mhf.ro\/mm\/lasati-copiii-sa-vina-la-mine\/","og_locale":"ro_RO","og_type":"article","og_title":",,L\u0103sa\u021bi copiii s\u0103 vin\u0103 la Mine\u201d - MHF Photography","og_description":"Era \u00eentr-una din serile \u00een care Domnul Iisus, dup\u0103 o zi obositoare, \u00een care predicase ne\u00eencetat poporului \u0219i discutase cu","og_url":"https:\/\/mhf.ro\/mm\/lasati-copiii-sa-vina-la-mine\/","og_site_name":"MHF Photography","article_published_time":"2022-05-23T14:58:21+00:00","og_image":[{"width":1200,"height":1600,"url":"https:\/\/mhf.ro\/mm\/wp-content\/uploads\/2022\/04\/atelier-3.jpg","type":"image\/jpeg"}],"author":"Preot paroh Horvat Petru","twitter_card":"summary_large_image","twitter_misc":{"Scris de":"Preot paroh Horvat Petru","Timp estimat pentru citire":"1 minut"},"schema":{"@context":"https:\/\/schema.org","@graph":[{"@type":"Article","@id":"https:\/\/mhf.ro\/mm\/lasati-copiii-sa-vina-la-mine\/#article","isPartOf":{"@id":"https:\/\/mhf.ro\/mm\/lasati-copiii-sa-vina-la-mine\/"},"author":{"name":"Preot paroh Horvat Petru","@id":"https:\/\/mhf.ro\/mm\/#\/schema\/person\/4c8c06c801b7b666e81ed44550086900"},"headline":",,L\u0103sa\u021bi copiii s\u0103 vin\u0103 la Mine\u201d","datePublished":"2022-05-23T14:58:21+00:00","mainEntityOfPage":{"@id":"https:\/\/mhf.ro\/mm\/lasati-copiii-sa-vina-la-mine\/"},"wordCount":277,"commentCount":0,"publisher":{"@id":"https:\/\/mhf.ro\/mm\/#\/schema\/person\/a3bebf7bdb4bf12f698aff73c7e46c21"},"image":{"@id":"https:\/\/mhf.ro\/mm\/lasati-copiii-sa-vina-la-mine\/#primaryimage"},"thumbnailUrl":"https:\/\/mhf.ro\/mm\/wp-content\/uploads\/2022\/04\/atelier-3.jpg","articleSection":["Religie"],"inLanguage":"ro-RO","potentialAction":[{"@type":"CommentAction","name":"Comment","target":["https:\/\/mhf.ro\/mm\/lasati-copiii-sa-vina-la-mine\/#respond"]}]},{"@type":"WebPage","@id":"https:\/\/mhf.ro\/mm\/lasati-copiii-sa-vina-la-mine\/","url":"https:\/\/mhf.ro\/mm\/lasati-copiii-sa-vina-la-mine\/","name":",,L\u0103sa\u021bi copiii s\u0103 vin\u0103 la Mine\u201d - MHF Photography","isPartOf":{"@id":"https:\/\/mhf.ro\/mm\/#website"},"primaryImageOfPage":{"@id":"https:\/\/mhf.ro\/mm\/lasati-copiii-sa-vina-la-mine\/#primaryimage"},"image":{"@id":"https:\/\/mhf.ro\/mm\/lasati-copiii-sa-vina-la-mine\/#primaryimage"},"thumbnailUrl":"https:\/\/mhf.ro\/mm\/wp-content\/uploads\/2022\/04\/atelier-3.jpg","datePublished":"2022-05-23T14:58:21+00:00","breadcrumb":{"@id":"https:\/\/mhf.ro\/mm\/lasati-copiii-sa-vina-la-mine\/#breadcrumb"},"inLanguage":"ro-RO","potentialAction":[{"@type":"ReadAction","target":["https:\/\/mhf.ro\/mm\/lasati-copiii-sa-vina-la-mine\/"]}]},{"@type":"ImageObject","inLanguage":"ro-RO","@id":"https:\/\/mhf.ro\/mm\/lasati-copiii-sa-vina-la-mine\/#primaryimage","url":"https:\/\/mhf.ro\/mm\/wp-content\/uploads\/2022\/04\/atelier-3.jpg","contentUrl":"https:\/\/mhf.ro\/mm\/wp-content\/uploads\/2022\/04\/atelier-3.jpg","width":1200,"height":1600},{"@type":"BreadcrumbList","@id":"https:\/\/mhf.ro\/mm\/lasati-copiii-sa-vina-la-mine\/#breadcrumb","itemListElement":[{"@type":"ListItem","position":1,"name":"Prima pagin\u0103","item":"https:\/\/mhf.ro\/mm\/"},{"@type":"ListItem","position":2,"name":",,L\u0103sa\u021bi copiii s\u0103 vin\u0103 la Mine\u201d"}]},{"@type":"WebSite","@id":"https:\/\/mhf.ro\/mm\/#website","url":"https:\/\/mhf.ro\/mm\/","name":"MHF Photography \u2013 Blog de fotografie, natur\u0103 \u0219i tehnic\u0103 divers\u0103","description":"Aventur\u0103 \u00een fiecare cadru.","publisher":{"@id":"https:\/\/mhf.ro\/mm\/#\/schema\/person\/a3bebf7bdb4bf12f698aff73c7e46c21"},"potentialAction":[{"@type":"SearchAction","target":{"@type":"EntryPoint","urlTemplate":"https:\/\/mhf.ro\/mm\/?s={search_term_string}"},"query-input":{"@type":"PropertyValueSpecification","valueRequired":true,"valueName":"search_term_string"}}],"inLanguage":"ro-RO"},{"@type":["Person","Organization"],"@id":"https:\/\/mhf.ro\/mm\/#\/schema\/person\/a3bebf7bdb4bf12f698aff73c7e46c21","name":"Marius Marcu","image":{"@type":"ImageObject","inLanguage":"ro-RO","@id":"https:\/\/mhf.ro\/mm\/#\/schema\/person\/image\/","url":"https:\/\/mhf.ro\/mm\/wp-content\/uploads\/2025\/12\/cropped-logo_mhf_2.png","contentUrl":"https:\/\/mhf.ro\/mm\/wp-content\/uploads\/2025\/12\/cropped-logo_mhf_2.png","width":1096,"height":457,"caption":"Marius Marcu"},"logo":{"@id":"https:\/\/mhf.ro\/mm\/#\/schema\/person\/image\/"},"sameAs":["https:\/\/mhf.ro\/mm"]},{"@type":"Person","@id":"https:\/\/mhf.ro\/mm\/#\/schema\/person\/4c8c06c801b7b666e81ed44550086900","name":"Preot paroh Horvat Petru","image":{"@type":"ImageObject","inLanguage":"ro-RO","@id":"https:\/\/mhf.ro\/mm\/#\/schema\/person\/image\/","url":"https:\/\/secure.gravatar.com\/avatar\/c2d2dcdf21c6f41aad486d71768c144cd6e23cb7b63bae9bd6fab542b26ad321?s=96&d=monsterid&r=g","contentUrl":"https:\/\/secure.gravatar.com\/avatar\/c2d2dcdf21c6f41aad486d71768c144cd6e23cb7b63bae9bd6fab542b26ad321?s=96&d=monsterid&r=g","caption":"Preot paroh Horvat Petru"},"sameAs":["https:\/\/mhf.ro\/mm"],"url":"https:\/\/mhf.ro\/mm\/author\/petrica\/"}]}},"_links":{"self":[{"href":"https:\/\/mhf.ro\/mm\/wp-json\/wp\/v2\/posts\/7665","targetHints":{"allow":["GET"]}}],"collection":[{"href":"https:\/\/mhf.ro\/mm\/wp-json\/wp\/v2\/posts"}],"about":[{"href":"https:\/\/mhf.ro\/mm\/wp-json\/wp\/v2\/types\/post"}],"author":[{"embeddable":true,"href":"https:\/\/mhf.ro\/mm\/wp-json\/wp\/v2\/users\/4"}],"replies":[{"embeddable":true,"href":"https:\/\/mhf.ro\/mm\/wp-json\/wp\/v2\/comments?post=7665"}],"version-history":[{"count":1,"href":"https:\/\/mhf.ro\/mm\/wp-json\/wp\/v2\/posts\/7665\/revisions"}],"predecessor-version":[{"id":7666,"href":"https:\/\/mhf.ro\/mm\/wp-json\/wp\/v2\/posts\/7665\/revisions\/7666"}],"wp:featuredmedia":[{"embeddable":true,"href":"https:\/\/mhf.ro\/mm\/wp-json\/wp\/v2\/media\/7172"}],"wp:attachment":[{"href":"https:\/\/mhf.ro\/mm\/wp-json\/wp\/v2\/media?parent=7665"}],"wp:term":[{"taxonomy":"category","embeddable":true,"href":"https:\/\/mhf.ro\/mm\/wp-json\/wp\/v2\/categories?post=7665"},{"taxonomy":"post_tag","embeddable":true,"href":"https:\/\/mhf.ro\/mm\/wp-json\/wp\/v2\/tags?post=7665"}],"curies":[{"name":"wp","href":"https:\/\/api.w.org\/{rel}","templated":true}]}}