{"id":7771,"date":"2022-06-04T22:30:04","date_gmt":"2022-06-04T20:30:04","guid":{"rendered":"https:\/\/mhf.ro\/mm\/?p=7771"},"modified":"2022-06-04T22:30:04","modified_gmt":"2022-06-04T20:30:04","slug":"sfintii-martiri-de-la-niculitel","status":"publish","type":"post","link":"https:\/\/mhf.ro\/mm\/sfintii-martiri-de-la-niculitel\/","title":{"rendered":"Sfintii Martiri de la Niculi\u021bel"},"content":{"rendered":"<div id=\"art-content\" class=\"art-content clearfix text-justify\">\n<div class=\"image left\"><a title=\"Sfintii Martiri de la Niculitel\" href=\"https:\/\/str.crestin-ortodox.ro\/foto\/1454\/145337_martirii_de_la_niculitel.jpg\" rel=\"lightbox[ABC]\"> <img decoding=\"async\" src=\"https:\/\/str.crestin-ortodox.ro\/foto\/1454\/145337_martirii_de_la_niculitel_w180.jpg\" alt=\"Sfintii Martiri de la Niculitel\" width=\"180\" \/><br \/>\n<\/a>Pe 4 iunie,\u00a0 Biserica Ortodoxa ii praznuieste pe <a title=\"Sfintii Martiri de la Niculitel\" href=\"http:\/\/Sfintii Mucenici Zotic, Atal, Camasie si Filip de la Niculitel\" target=\"_blank\" rel=\"noopener\">Sfintii Mucenici Zotic, Atal, Camasie si Filip de la Niculitel<\/a>, martirizati in secolul al IV-lea, cinstirea lor facandu-se in aceasta zi inca din vechime. Ei fac parte din cei 36 de mucenici care au patimit pentru Hristos pe pamantul tarii noastre, in vechea cetate Noviodunum, Isaccea de astazi, la sfarsitul veacului al III-lea si inceputul veacului al IV-lea.<\/div>\n<p>Sfintele trupuri ale celor patru mucenici au fost descoperite printr-o fericita intamplare in vara anului 1971 si sunt printre putinele moaste intregi din intreaga lume ortodoxa.<\/p>\n<p><iframe src=\"https:\/\/www.youtube.com\/embed\/A7OERE4lPEs\" width=\"450\" height=\"315\" frameborder=\"0\" allowfullscreen=\"allowfullscreen\" data-mce-fragment=\"1\"><\/iframe>Dupa ce Zotic, Atal, Camasie si Filip au fost martirizati in cetatea Noviodunum, crestinii le-au luat trupurile in taina si le-au depus intr-o cripta martiricon din Niculitel, unde se mai aflau si moastele altor sfinti mai vechi. Faptul in sine este deosebit de important. El dovedeste nu numai ca crestinismul propovaduit de Sfantul Andrei in teritoriul lupilor de la Istru fusese acceptat de timpuriu de catre locuitorii autohtoni ai acestei margini de lume, ci si ca fusese marturisit muceniceste. Lucru probat, iata, de grija crestinilor contemporani celor patru sfinti de a le depune trupurile martirizate alaturi de cele ale altor mucenici care il marturisisera pe Hristos, dupa unele pareri, cu aproximativ un secol mai inainte.<\/p>\n<p>Cercetarile arheologice desfasurate aici au scos la iveala vechiul mormant martiric, ridicat pentru adapostirea a doi sfinti ale caror nume nu s-au pastrat insa. Mormantul mai avea si o constructie anexa. In pamantul de sub cripta, arheologii au descoperit doua vase de ofranda si o placa de gresie cu inscriptia in limba greaca: &#8222;aici si acolo sangele martirilor&#8221;.<\/p>\n<p>Deasupra criptei a fost zidita ulterior o basilica din piatra in care s-a slujit mult timp dupa aceea. Razboaiele, pustiirile si inrobirile produse de neamurile navalitoare in drumul lor spre Roma Eterna au dus la caderea multor cetati de pe malurile fluviului, dar si la distrugerea zidurilor basilicii de la Niculitel, ce pastra sub pardoseala ei cripta cu nepretuitele odoare ale crestinismului primar.<\/p>\n<p>Descoperirea sfintelor moaste dupa o ploaie torentiala<\/p>\n<p>Numeroasele ploi torentiale care au cazut in vara anului 1971 la Niculitel au spalat o ulita dintr-o parte a satului, lasand sa se vada o misterioasa cupola de piatra. Localnicii au crezut ca este vorba despre un loc in care fusese ingropata o comoara. Cativa dintre ei s-au incumetat si au spart cupola, coborand in cripta un felinar. Cand au vazut ramasitele pamantesti, s-au speriat si au anuntat autoritatile. Cercetatorii sositi la fata locului au descoperit in cripta osemintele celor patru sfinti puse intr-un sicriu din lemn, iar pe unul dintre pereti, deasuprea sicriului, doua inscriptii grecesti scrise cu rosu in tencuiala: &#8222;Martirii lui Hristos&#8221; si &#8222;Martirii Zoticos, Atalos, Camasis, Filipos&#8221;. Fiecare inscriptie era protejata de cate o cruce cu monograma Mantuitorului Iisus Hristos.<\/p>\n<p>Despre vietile acestor sfinti nu se cunosc prea multe lucruri. Numele lor sunt trecute in martirologiile siriac si ieronimian, care le asaza pomenirea in ziua de 4 iunie, lucru pastrat de Biserica Ortodoxa pana astazi.<\/p>\n<p>Salvarea moastelor intr-o noapte de ianuarie<\/p>\n<p>Autoritatile vremii au incercat, ca si in alte cazuri similare (Adamclisi, spre exemplu), sa musamalizeze descoperirea si sa nu sufle o vorba despre sfinti. Din acest motiv, moastele au fost lasate pe loc pentru multa vreme, supuse intemperiilor, pretextandu-se ca ele trebuie cercetate de catre specialisti de la Bucuresti. In noaptea de 17 ianuarie 1973 insa, cu binecuvantarea fericitului intru adormire Antim Nica, arhiepiscopul Dunarii de Jos din acea perioada, Preasfintitul Gherasim Constanteanul pe atunci, actualmente Arhiepiscopul Ramnicului, impreuna cu parintele consilier Dumitru Capaciurea de la Macin au ridicat cu evlavie si curaj sfintele moaste, trecand peste toate ordinile Securitatii si ale celorlalte autoritati din zona, si le-au dus la Manastirea Cocos, unde au fost pregatite si apoi asezate spre venerare credinciosilor. Vestea s-a raspandit cu repeziciune, credinciosii au inceput sa vina cu sutele la sfintele moaste, zadarnicind astfel incercarile de a se face disparute sfintele relicve crestine.<\/p>\n<p>Din acea memorabila noapte si pana astazi, moastele Sfintilor Mucenici Zotic, Atal, Camasie si Filip se pastreaza intr-un baldachin de cires care poarta pe el zugravita icoana celor patru sfinti. Curajoasa recuperare a sfintelor moaste este eternizata intr-o fresca pictata in pronaosul bisericii vechi cu hramul &#8222;Sfantul Atanasie cel Mare din Niculitel&#8221;, in anul 1990, de catre pictorul Grigore Popescu.<\/p>\n<p>&#8222;Pastrarea acestor sfinte moaste in tainita pamantului mai bine de o mie de ani, ca si descoperirea lor in 1971 reprezinta, cu adevarat, un lucru dumnezeiesc si un dar nepretuit pe care Cerul l-a facut neamului nostru crestin din nastere si cinstitor al lui Dumnezeu &#8222;Cel minunat intru Sfintii Sai&#8221;&#8221;, arata intr-un interviu acordat ziarului nostru Preasfintitul Visarion, Episcopul Tulcii.<\/p>\n<p>O data pe an, sfintii se intorc in cripta martirica<\/p>\n<p>Importanta cu totul exceptionala a ansamblului paleocrestin de la Niculitel pentru istoria crestinismului romanesc, dar si pentru cel universal, a determinat Arhiepiscopia Dunarii de Jos sa ridice in anii a80 ai secolului trecut, in plina epoca ateista, un edificiu care protejeaza martiriconul si ruinele basilicii paleocrestine, in incinta caruia sunt expuse vestigiile gasite in acest loc sfant in timpul sapaturilor arheologice. Odata cu intronizarea Inalt Preasfintitului Teodosie ca Arhiepiscop al Tomisului, s-a instituit traditia ca, in fiecare an, in preziua praznuirii Sfintilor Mucenici Zotic, Atal, Camasie si Filip, dupa oficierea Sfintei Liturghii in biserica mare a Manastirii Cocos, sfintele moaste sa fie purtate in procesiune la Isaccea, apoi la martiriconul din Niculitel, unde se face priveghere toata noaptea. Apoi, sunt depuse exact in cripta in care au fost descoperite, unde raman pana a doua zi. Dupa incheierea praznicului, ele sunt purtate in mare cinste spre Manastirea Cocos, unde vor aduce bucurie si alinare vietuitorilor de aici si miilor de inchinatori care vin din intreaga tara, pana anul viitor cand vor fi din nou purtate, ca si acum mai bine de 16 secole, in respect si venerare, spre locurile in care au patimit si au fost inmormantati.<\/p>\n<p>La final sa spunem si noi in aceasta zi, asa cum ne indeamna episcopul locului, Preasfintitul Visarion: &#8222;Veniti toti credinciosii sa laudam pe Zotic, pe Atal, pe Camasie si pe Filip, Mucenicii lui Hristos, care au propovaduit adevarata credinta si au primit cununa cereasca!&#8221;.<\/p>\n<div class=\"_xbox\" align=\"center\">\n<div id=\"div-gpt-ad-1549632342766-0\" data-google-query-id=\"CNeZy57QlPgCFT_OEQgd5hsBMg\">\n<div id=\"google_ads_iframe_\/11453545\/Crestinortodox.ro-300x200_0__container__\"><\/div>\n<\/div>\n<\/div>\n<p>Dumitru MANOLACHE<\/p>\n<p>Sursa: ziarullumina.ro<\/p>\n<\/div>\n","protected":false},"excerpt":{"rendered":"<p>Pe 4 iunie,\u00a0 Biserica Ortodoxa ii praznuieste pe Sfintii Mucenici Zotic, Atal, Camasie si Filip de la Niculitel, martirizati in<\/p>\n","protected":false},"author":4,"featured_media":7772,"comment_status":"open","ping_status":"open","sticky":false,"template":"","format":"standard","meta":{"colormag_page_container_layout":"default_layout","colormag_page_sidebar_layout":"default_layout","footnotes":""},"categories":[34],"tags":[],"class_list":["post-7771","post","type-post","status-publish","format-standard","has-post-thumbnail","hentry","category-religie"],"yoast_head":"<!-- This site is optimized with the Yoast SEO plugin v27.0 - https:\/\/yoast.com\/product\/yoast-seo-wordpress\/ -->\n<title>Sfintii Martiri de la Niculi\u021bel - MHF Photography<\/title>\n<meta name=\"robots\" content=\"index, follow, max-snippet:-1, max-image-preview:large, max-video-preview:-1\" \/>\n<link rel=\"canonical\" href=\"https:\/\/mhf.ro\/mm\/sfintii-martiri-de-la-niculitel\/\" \/>\n<meta property=\"og:locale\" content=\"ro_RO\" \/>\n<meta property=\"og:type\" content=\"article\" \/>\n<meta property=\"og:title\" content=\"Sfintii Martiri de la Niculi\u021bel - MHF Photography\" \/>\n<meta property=\"og:description\" content=\"Pe 4 iunie,\u00a0 Biserica Ortodoxa ii praznuieste pe Sfintii Mucenici Zotic, Atal, Camasie si Filip de la Niculitel, martirizati in\" \/>\n<meta property=\"og:url\" content=\"https:\/\/mhf.ro\/mm\/sfintii-martiri-de-la-niculitel\/\" \/>\n<meta property=\"og:site_name\" content=\"MHF Photography\" \/>\n<meta property=\"article:published_time\" content=\"2022-06-04T20:30:04+00:00\" \/>\n<meta property=\"og:image\" content=\"https:\/\/mhf.ro\/mm\/wp-content\/uploads\/2022\/06\/niculitel.jpg\" \/>\n\t<meta property=\"og:image:width\" content=\"275\" \/>\n\t<meta property=\"og:image:height\" content=\"183\" \/>\n\t<meta property=\"og:image:type\" content=\"image\/jpeg\" \/>\n<meta name=\"author\" content=\"Preot paroh Horvat Petru\" \/>\n<meta name=\"twitter:card\" content=\"summary_large_image\" \/>\n<meta name=\"twitter:label1\" content=\"Scris de\" \/>\n\t<meta name=\"twitter:data1\" content=\"Preot paroh Horvat Petru\" \/>\n\t<meta name=\"twitter:label2\" content=\"Timp estimat pentru citire\" \/>\n\t<meta name=\"twitter:data2\" content=\"5 minute\" \/>\n<script type=\"application\/ld+json\" class=\"yoast-schema-graph\">{\"@context\":\"https:\/\/schema.org\",\"@graph\":[{\"@type\":\"Article\",\"@id\":\"https:\/\/mhf.ro\/mm\/sfintii-martiri-de-la-niculitel\/#article\",\"isPartOf\":{\"@id\":\"https:\/\/mhf.ro\/mm\/sfintii-martiri-de-la-niculitel\/\"},\"author\":{\"name\":\"Preot paroh Horvat Petru\",\"@id\":\"https:\/\/mhf.ro\/mm\/#\/schema\/person\/4c8c06c801b7b666e81ed44550086900\"},\"headline\":\"Sfintii Martiri de la Niculi\u021bel\",\"datePublished\":\"2022-06-04T20:30:04+00:00\",\"mainEntityOfPage\":{\"@id\":\"https:\/\/mhf.ro\/mm\/sfintii-martiri-de-la-niculitel\/\"},\"wordCount\":1019,\"commentCount\":0,\"publisher\":{\"@id\":\"https:\/\/mhf.ro\/mm\/#\/schema\/person\/a3bebf7bdb4bf12f698aff73c7e46c21\"},\"image\":{\"@id\":\"https:\/\/mhf.ro\/mm\/sfintii-martiri-de-la-niculitel\/#primaryimage\"},\"thumbnailUrl\":\"https:\/\/mhf.ro\/mm\/wp-content\/uploads\/2022\/06\/niculitel.jpg\",\"articleSection\":[\"Religie\"],\"inLanguage\":\"ro-RO\",\"potentialAction\":[{\"@type\":\"CommentAction\",\"name\":\"Comment\",\"target\":[\"https:\/\/mhf.ro\/mm\/sfintii-martiri-de-la-niculitel\/#respond\"]}]},{\"@type\":\"WebPage\",\"@id\":\"https:\/\/mhf.ro\/mm\/sfintii-martiri-de-la-niculitel\/\",\"url\":\"https:\/\/mhf.ro\/mm\/sfintii-martiri-de-la-niculitel\/\",\"name\":\"Sfintii Martiri de la Niculi\u021bel - MHF Photography\",\"isPartOf\":{\"@id\":\"https:\/\/mhf.ro\/mm\/#website\"},\"primaryImageOfPage\":{\"@id\":\"https:\/\/mhf.ro\/mm\/sfintii-martiri-de-la-niculitel\/#primaryimage\"},\"image\":{\"@id\":\"https:\/\/mhf.ro\/mm\/sfintii-martiri-de-la-niculitel\/#primaryimage\"},\"thumbnailUrl\":\"https:\/\/mhf.ro\/mm\/wp-content\/uploads\/2022\/06\/niculitel.jpg\",\"datePublished\":\"2022-06-04T20:30:04+00:00\",\"breadcrumb\":{\"@id\":\"https:\/\/mhf.ro\/mm\/sfintii-martiri-de-la-niculitel\/#breadcrumb\"},\"inLanguage\":\"ro-RO\",\"potentialAction\":[{\"@type\":\"ReadAction\",\"target\":[\"https:\/\/mhf.ro\/mm\/sfintii-martiri-de-la-niculitel\/\"]}]},{\"@type\":\"ImageObject\",\"inLanguage\":\"ro-RO\",\"@id\":\"https:\/\/mhf.ro\/mm\/sfintii-martiri-de-la-niculitel\/#primaryimage\",\"url\":\"https:\/\/mhf.ro\/mm\/wp-content\/uploads\/2022\/06\/niculitel.jpg\",\"contentUrl\":\"https:\/\/mhf.ro\/mm\/wp-content\/uploads\/2022\/06\/niculitel.jpg\",\"width\":275,\"height\":183},{\"@type\":\"BreadcrumbList\",\"@id\":\"https:\/\/mhf.ro\/mm\/sfintii-martiri-de-la-niculitel\/#breadcrumb\",\"itemListElement\":[{\"@type\":\"ListItem\",\"position\":1,\"name\":\"Prima pagin\u0103\",\"item\":\"https:\/\/mhf.ro\/mm\/\"},{\"@type\":\"ListItem\",\"position\":2,\"name\":\"Sfintii Martiri de la Niculi\u021bel\"}]},{\"@type\":\"WebSite\",\"@id\":\"https:\/\/mhf.ro\/mm\/#website\",\"url\":\"https:\/\/mhf.ro\/mm\/\",\"name\":\"MHF Photography \u2013 Blog de fotografie, natur\u0103 \u0219i tehnic\u0103 divers\u0103\",\"description\":\"Aventur\u0103 \u00een fiecare cadru.\",\"publisher\":{\"@id\":\"https:\/\/mhf.ro\/mm\/#\/schema\/person\/a3bebf7bdb4bf12f698aff73c7e46c21\"},\"potentialAction\":[{\"@type\":\"SearchAction\",\"target\":{\"@type\":\"EntryPoint\",\"urlTemplate\":\"https:\/\/mhf.ro\/mm\/?s={search_term_string}\"},\"query-input\":{\"@type\":\"PropertyValueSpecification\",\"valueRequired\":true,\"valueName\":\"search_term_string\"}}],\"inLanguage\":\"ro-RO\"},{\"@type\":[\"Person\",\"Organization\"],\"@id\":\"https:\/\/mhf.ro\/mm\/#\/schema\/person\/a3bebf7bdb4bf12f698aff73c7e46c21\",\"name\":\"Marius Marcu\",\"image\":{\"@type\":\"ImageObject\",\"inLanguage\":\"ro-RO\",\"@id\":\"https:\/\/mhf.ro\/mm\/#\/schema\/person\/image\/\",\"url\":\"https:\/\/mhf.ro\/mm\/wp-content\/uploads\/2025\/12\/cropped-logo_mhf_2.png\",\"contentUrl\":\"https:\/\/mhf.ro\/mm\/wp-content\/uploads\/2025\/12\/cropped-logo_mhf_2.png\",\"width\":1096,\"height\":457,\"caption\":\"Marius Marcu\"},\"logo\":{\"@id\":\"https:\/\/mhf.ro\/mm\/#\/schema\/person\/image\/\"},\"sameAs\":[\"https:\/\/mhf.ro\/mm\"]},{\"@type\":\"Person\",\"@id\":\"https:\/\/mhf.ro\/mm\/#\/schema\/person\/4c8c06c801b7b666e81ed44550086900\",\"name\":\"Preot paroh Horvat Petru\",\"image\":{\"@type\":\"ImageObject\",\"inLanguage\":\"ro-RO\",\"@id\":\"https:\/\/mhf.ro\/mm\/#\/schema\/person\/image\/\",\"url\":\"https:\/\/secure.gravatar.com\/avatar\/c2d2dcdf21c6f41aad486d71768c144cd6e23cb7b63bae9bd6fab542b26ad321?s=96&d=monsterid&r=g\",\"contentUrl\":\"https:\/\/secure.gravatar.com\/avatar\/c2d2dcdf21c6f41aad486d71768c144cd6e23cb7b63bae9bd6fab542b26ad321?s=96&d=monsterid&r=g\",\"caption\":\"Preot paroh Horvat Petru\"},\"sameAs\":[\"https:\/\/mhf.ro\/mm\"],\"url\":\"https:\/\/mhf.ro\/mm\/author\/petrica\/\"}]}<\/script>\n<!-- \/ Yoast SEO plugin. -->","yoast_head_json":{"title":"Sfintii Martiri de la Niculi\u021bel - MHF Photography","robots":{"index":"index","follow":"follow","max-snippet":"max-snippet:-1","max-image-preview":"max-image-preview:large","max-video-preview":"max-video-preview:-1"},"canonical":"https:\/\/mhf.ro\/mm\/sfintii-martiri-de-la-niculitel\/","og_locale":"ro_RO","og_type":"article","og_title":"Sfintii Martiri de la Niculi\u021bel - MHF Photography","og_description":"Pe 4 iunie,\u00a0 Biserica Ortodoxa ii praznuieste pe Sfintii Mucenici Zotic, Atal, Camasie si Filip de la Niculitel, martirizati in","og_url":"https:\/\/mhf.ro\/mm\/sfintii-martiri-de-la-niculitel\/","og_site_name":"MHF Photography","article_published_time":"2022-06-04T20:30:04+00:00","og_image":[{"width":275,"height":183,"url":"https:\/\/mhf.ro\/mm\/wp-content\/uploads\/2022\/06\/niculitel.jpg","type":"image\/jpeg"}],"author":"Preot paroh Horvat Petru","twitter_card":"summary_large_image","twitter_misc":{"Scris de":"Preot paroh Horvat Petru","Timp estimat pentru citire":"5 minute"},"schema":{"@context":"https:\/\/schema.org","@graph":[{"@type":"Article","@id":"https:\/\/mhf.ro\/mm\/sfintii-martiri-de-la-niculitel\/#article","isPartOf":{"@id":"https:\/\/mhf.ro\/mm\/sfintii-martiri-de-la-niculitel\/"},"author":{"name":"Preot paroh Horvat Petru","@id":"https:\/\/mhf.ro\/mm\/#\/schema\/person\/4c8c06c801b7b666e81ed44550086900"},"headline":"Sfintii Martiri de la Niculi\u021bel","datePublished":"2022-06-04T20:30:04+00:00","mainEntityOfPage":{"@id":"https:\/\/mhf.ro\/mm\/sfintii-martiri-de-la-niculitel\/"},"wordCount":1019,"commentCount":0,"publisher":{"@id":"https:\/\/mhf.ro\/mm\/#\/schema\/person\/a3bebf7bdb4bf12f698aff73c7e46c21"},"image":{"@id":"https:\/\/mhf.ro\/mm\/sfintii-martiri-de-la-niculitel\/#primaryimage"},"thumbnailUrl":"https:\/\/mhf.ro\/mm\/wp-content\/uploads\/2022\/06\/niculitel.jpg","articleSection":["Religie"],"inLanguage":"ro-RO","potentialAction":[{"@type":"CommentAction","name":"Comment","target":["https:\/\/mhf.ro\/mm\/sfintii-martiri-de-la-niculitel\/#respond"]}]},{"@type":"WebPage","@id":"https:\/\/mhf.ro\/mm\/sfintii-martiri-de-la-niculitel\/","url":"https:\/\/mhf.ro\/mm\/sfintii-martiri-de-la-niculitel\/","name":"Sfintii Martiri de la Niculi\u021bel - MHF Photography","isPartOf":{"@id":"https:\/\/mhf.ro\/mm\/#website"},"primaryImageOfPage":{"@id":"https:\/\/mhf.ro\/mm\/sfintii-martiri-de-la-niculitel\/#primaryimage"},"image":{"@id":"https:\/\/mhf.ro\/mm\/sfintii-martiri-de-la-niculitel\/#primaryimage"},"thumbnailUrl":"https:\/\/mhf.ro\/mm\/wp-content\/uploads\/2022\/06\/niculitel.jpg","datePublished":"2022-06-04T20:30:04+00:00","breadcrumb":{"@id":"https:\/\/mhf.ro\/mm\/sfintii-martiri-de-la-niculitel\/#breadcrumb"},"inLanguage":"ro-RO","potentialAction":[{"@type":"ReadAction","target":["https:\/\/mhf.ro\/mm\/sfintii-martiri-de-la-niculitel\/"]}]},{"@type":"ImageObject","inLanguage":"ro-RO","@id":"https:\/\/mhf.ro\/mm\/sfintii-martiri-de-la-niculitel\/#primaryimage","url":"https:\/\/mhf.ro\/mm\/wp-content\/uploads\/2022\/06\/niculitel.jpg","contentUrl":"https:\/\/mhf.ro\/mm\/wp-content\/uploads\/2022\/06\/niculitel.jpg","width":275,"height":183},{"@type":"BreadcrumbList","@id":"https:\/\/mhf.ro\/mm\/sfintii-martiri-de-la-niculitel\/#breadcrumb","itemListElement":[{"@type":"ListItem","position":1,"name":"Prima pagin\u0103","item":"https:\/\/mhf.ro\/mm\/"},{"@type":"ListItem","position":2,"name":"Sfintii Martiri de la Niculi\u021bel"}]},{"@type":"WebSite","@id":"https:\/\/mhf.ro\/mm\/#website","url":"https:\/\/mhf.ro\/mm\/","name":"MHF Photography \u2013 Blog de fotografie, natur\u0103 \u0219i tehnic\u0103 divers\u0103","description":"Aventur\u0103 \u00een fiecare cadru.","publisher":{"@id":"https:\/\/mhf.ro\/mm\/#\/schema\/person\/a3bebf7bdb4bf12f698aff73c7e46c21"},"potentialAction":[{"@type":"SearchAction","target":{"@type":"EntryPoint","urlTemplate":"https:\/\/mhf.ro\/mm\/?s={search_term_string}"},"query-input":{"@type":"PropertyValueSpecification","valueRequired":true,"valueName":"search_term_string"}}],"inLanguage":"ro-RO"},{"@type":["Person","Organization"],"@id":"https:\/\/mhf.ro\/mm\/#\/schema\/person\/a3bebf7bdb4bf12f698aff73c7e46c21","name":"Marius Marcu","image":{"@type":"ImageObject","inLanguage":"ro-RO","@id":"https:\/\/mhf.ro\/mm\/#\/schema\/person\/image\/","url":"https:\/\/mhf.ro\/mm\/wp-content\/uploads\/2025\/12\/cropped-logo_mhf_2.png","contentUrl":"https:\/\/mhf.ro\/mm\/wp-content\/uploads\/2025\/12\/cropped-logo_mhf_2.png","width":1096,"height":457,"caption":"Marius Marcu"},"logo":{"@id":"https:\/\/mhf.ro\/mm\/#\/schema\/person\/image\/"},"sameAs":["https:\/\/mhf.ro\/mm"]},{"@type":"Person","@id":"https:\/\/mhf.ro\/mm\/#\/schema\/person\/4c8c06c801b7b666e81ed44550086900","name":"Preot paroh Horvat Petru","image":{"@type":"ImageObject","inLanguage":"ro-RO","@id":"https:\/\/mhf.ro\/mm\/#\/schema\/person\/image\/","url":"https:\/\/secure.gravatar.com\/avatar\/c2d2dcdf21c6f41aad486d71768c144cd6e23cb7b63bae9bd6fab542b26ad321?s=96&d=monsterid&r=g","contentUrl":"https:\/\/secure.gravatar.com\/avatar\/c2d2dcdf21c6f41aad486d71768c144cd6e23cb7b63bae9bd6fab542b26ad321?s=96&d=monsterid&r=g","caption":"Preot paroh Horvat Petru"},"sameAs":["https:\/\/mhf.ro\/mm"],"url":"https:\/\/mhf.ro\/mm\/author\/petrica\/"}]}},"_links":{"self":[{"href":"https:\/\/mhf.ro\/mm\/wp-json\/wp\/v2\/posts\/7771","targetHints":{"allow":["GET"]}}],"collection":[{"href":"https:\/\/mhf.ro\/mm\/wp-json\/wp\/v2\/posts"}],"about":[{"href":"https:\/\/mhf.ro\/mm\/wp-json\/wp\/v2\/types\/post"}],"author":[{"embeddable":true,"href":"https:\/\/mhf.ro\/mm\/wp-json\/wp\/v2\/users\/4"}],"replies":[{"embeddable":true,"href":"https:\/\/mhf.ro\/mm\/wp-json\/wp\/v2\/comments?post=7771"}],"version-history":[{"count":1,"href":"https:\/\/mhf.ro\/mm\/wp-json\/wp\/v2\/posts\/7771\/revisions"}],"predecessor-version":[{"id":7773,"href":"https:\/\/mhf.ro\/mm\/wp-json\/wp\/v2\/posts\/7771\/revisions\/7773"}],"wp:featuredmedia":[{"embeddable":true,"href":"https:\/\/mhf.ro\/mm\/wp-json\/wp\/v2\/media\/7772"}],"wp:attachment":[{"href":"https:\/\/mhf.ro\/mm\/wp-json\/wp\/v2\/media?parent=7771"}],"wp:term":[{"taxonomy":"category","embeddable":true,"href":"https:\/\/mhf.ro\/mm\/wp-json\/wp\/v2\/categories?post=7771"},{"taxonomy":"post_tag","embeddable":true,"href":"https:\/\/mhf.ro\/mm\/wp-json\/wp\/v2\/tags?post=7771"}],"curies":[{"name":"wp","href":"https:\/\/api.w.org\/{rel}","templated":true}]}}