{"id":8305,"date":"2022-08-27T11:56:09","date_gmt":"2022-08-27T09:56:09","guid":{"rendered":"https:\/\/mhf.ro\/mm\/?p=8305"},"modified":"2022-08-27T11:56:09","modified_gmt":"2022-08-27T09:56:09","slug":"suveranitate","status":"publish","type":"post","link":"https:\/\/mhf.ro\/mm\/suveranitate\/","title":{"rendered":"Suveranitate ?"},"content":{"rendered":"<p>\u201eVocalii ap\u0103r\u0103tori mioritici ai suveranit\u0103\u0163ii na\u0163ionale sunt aceia\u0219i care se bat cu patriotismul \u00een piept prin pie\u021be publice, dar care nu sunt revolta\u021bi de ceea ce se \u00eent\u00e2mpl\u0103 \u00een Ucraina, un stat c\u0103ruia i-au fost \u00eenc\u0103lcate flagrant suveranitatea \u0219i integritatea teritoriale, un stat atacat militar de c\u0103tre armata Rusiei, o putere cu porniri expansioniste, ostil\u0103 inclusiv Rom\u00e2niei. Rom\u00e2niei cu fa\u0163a spre Occident.<br \/>\nAria suveranit\u0103\u0163ii le place la nebunie, dar numai c\u00e2ntat\u0103 pe partitur\u0103 anti-occidental\u0103.\u201d<\/p>\n<p>Autentica, s\u0103n\u0103toasa, aristocratica suveranitate, care include natural toate formele de libertate na\u021bional\u0103 derivate din ea, care ne face cu adev\u0103rat respectabili, este cea de natur\u0103 moral\u0103 \u0219i cultural\u0103, roditoare \u00een caractere, \u00een personalit\u0103\u021bi oneste, capabile s\u0103 guverneze fertil \u0219i eficient o \u021bar\u0103.<\/p>\n<p>O \u021bar\u0103 care, pre\u021buindu-\u0219i firesc trecutul, martirii, eroii \u0219i sfin\u021bii, r\u0103m\u00e2n\u00e2nd angajat\u0103 lucid, m\u0103car la nivelul \u0218colii, \u00een \u201econversa\u021bia nev\u0103zut\u0103\u201d cu marile lui spirite, combin\u00e2nd inteligent abilitatea de a reforma cu \u00eenclina\u021bia de a p\u0103stra \u201elucrurile permanente\u201d validate de istorie, va fi respectat\u0103 \u00een mod durabil \u0219i reflex \u00een orice context interna\u021bional.<\/p>\n<p>B\u0103lm\u0103jirea inept\u0103 \u0219i incontinent\u0103 despre suveranitate \u00een absen\u021ba unor valori \u0219i virtu\u021bi reale \u00eentrupate \u00een retorii ei \u201ecre\u0219tini\u201d, care \u00eenlocuiesc u\u0219or crucea cu girueta, fac dintr-o idee luminoas\u0103 caricatura ei \u00eentunecat\u0103, compromi\u021b\u00e2nd-o iremediabil.<\/p>\n<p>Ceea ce se \u00eent\u00e2mpl\u0103 \u0219i cu alte idei \u00eenalt conservatoare care \u00eencap doar pe m\u00e2inile, nu \u0219i \u00een min\u021bile, unor a\u0219a-zi\u0219i conservatori.<\/p>\n<p>Conservatorismul fiind exact negarea ideologiei. Fiind un fel rafinat de a privi ordinea social\u0103 civil\u0103. Una care include o ordine moral\u0103 de origine divin\u0103, la care societatea ar trebui \u00eenv\u0103\u021bat\u0103, nu dezv\u0103\u021bat\u0103 s\u0103 se conformeze.<br \/>\nCeea ce nu este posibil dec\u00e2t respect\u00e2nd o autoritate moral\u0103 etern\u0103 m\u0103rturisit\u0103 de\/ \u00een comunitatea eclezial\u0103, consolid\u00e2nd, nu submin\u00e2nd mai mult sau mai pu\u021bin subtil Educa\u021bia, privilegiind spiritul critic lucid, nu populismul liberticid.\u00a0 (Jeny Anca Popa)<\/p>\n<p>&nbsp;<\/p>\n<p style=\"text-align: right;\"><a href=\"https:\/\/riz.ro\/wp\/elegant-interior-and-design\/\">Ancadramente din polistiren extrudat<\/a><\/p>\n","protected":false},"excerpt":{"rendered":"<p>\u201eVocalii ap\u0103r\u0103tori mioritici ai suveranit\u0103\u0163ii na\u0163ionale sunt aceia\u0219i care se bat cu patriotismul \u00een piept prin pie\u021be publice, dar care<\/p>\n","protected":false},"author":1,"featured_media":8307,"comment_status":"open","ping_status":"open","sticky":false,"template":"","format":"standard","meta":{"colormag_page_container_layout":"default_layout","colormag_page_sidebar_layout":"default_layout","footnotes":""},"categories":[5],"tags":[],"class_list":["post-8305","post","type-post","status-publish","format-standard","has-post-thumbnail","hentry","category-locale"],"yoast_head":"<!-- This site is optimized with the Yoast SEO plugin v27.0 - https:\/\/yoast.com\/product\/yoast-seo-wordpress\/ -->\n<title>Suveranitate ? - MHF Photography<\/title>\n<meta name=\"description\" content=\"B\u0103lm\u0103jirea inept\u0103 \u0219i incontinent\u0103 despre suveranitate \u00een absen\u021ba unor valori \u0219i virtu\u021bi reale \u00eentrupate \u00een retorii ei \u201ecre\u0219tini\u201d, care ...\" \/>\n<meta name=\"robots\" content=\"index, follow, max-snippet:-1, max-image-preview:large, max-video-preview:-1\" \/>\n<link rel=\"canonical\" href=\"https:\/\/mhf.ro\/mm\/suveranitate\/\" \/>\n<meta property=\"og:locale\" content=\"ro_RO\" \/>\n<meta property=\"og:type\" content=\"article\" \/>\n<meta property=\"og:title\" content=\"Suveranitate ? - MHF Photography\" \/>\n<meta property=\"og:description\" content=\"B\u0103lm\u0103jirea inept\u0103 \u0219i incontinent\u0103 despre suveranitate \u00een absen\u021ba unor valori \u0219i virtu\u021bi reale \u00eentrupate \u00een retorii ei \u201ecre\u0219tini\u201d, care ...\" \/>\n<meta property=\"og:url\" content=\"https:\/\/mhf.ro\/mm\/suveranitate\/\" \/>\n<meta property=\"og:site_name\" content=\"MHF Photography\" \/>\n<meta property=\"article:published_time\" content=\"2022-08-27T09:56:09+00:00\" \/>\n<meta property=\"og:image\" content=\"https:\/\/mhf.ro\/mm\/wp-content\/uploads\/2022\/08\/Viitorul-incert.jpg\" \/>\n\t<meta property=\"og:image:width\" content=\"1280\" \/>\n\t<meta property=\"og:image:height\" content=\"850\" \/>\n\t<meta property=\"og:image:type\" content=\"image\/jpeg\" \/>\n<meta name=\"author\" content=\"Marius Marcu\" \/>\n<meta name=\"twitter:card\" content=\"summary_large_image\" \/>\n<meta name=\"twitter:label1\" content=\"Scris de\" \/>\n\t<meta name=\"twitter:data1\" content=\"Marius Marcu\" \/>\n\t<meta name=\"twitter:label2\" content=\"Timp estimat pentru citire\" \/>\n\t<meta name=\"twitter:data2\" content=\"2 minute\" \/>\n<script type=\"application\/ld+json\" class=\"yoast-schema-graph\">{\"@context\":\"https:\/\/schema.org\",\"@graph\":[{\"@type\":\"Article\",\"@id\":\"https:\/\/mhf.ro\/mm\/suveranitate\/#article\",\"isPartOf\":{\"@id\":\"https:\/\/mhf.ro\/mm\/suveranitate\/\"},\"author\":{\"name\":\"Marius Marcu\",\"@id\":\"https:\/\/mhf.ro\/mm\/#\/schema\/person\/a3bebf7bdb4bf12f698aff73c7e46c21\"},\"headline\":\"Suveranitate ?\",\"datePublished\":\"2022-08-27T09:56:09+00:00\",\"mainEntityOfPage\":{\"@id\":\"https:\/\/mhf.ro\/mm\/suveranitate\/\"},\"wordCount\":355,\"commentCount\":0,\"publisher\":{\"@id\":\"https:\/\/mhf.ro\/mm\/#\/schema\/person\/a3bebf7bdb4bf12f698aff73c7e46c21\"},\"image\":{\"@id\":\"https:\/\/mhf.ro\/mm\/suveranitate\/#primaryimage\"},\"thumbnailUrl\":\"https:\/\/mhf.ro\/mm\/wp-content\/uploads\/2022\/08\/Viitorul-incert.jpg\",\"articleSection\":[\"Locale\"],\"inLanguage\":\"ro-RO\",\"potentialAction\":[{\"@type\":\"CommentAction\",\"name\":\"Comment\",\"target\":[\"https:\/\/mhf.ro\/mm\/suveranitate\/#respond\"]}]},{\"@type\":\"WebPage\",\"@id\":\"https:\/\/mhf.ro\/mm\/suveranitate\/\",\"url\":\"https:\/\/mhf.ro\/mm\/suveranitate\/\",\"name\":\"Suveranitate ? - MHF Photography\",\"isPartOf\":{\"@id\":\"https:\/\/mhf.ro\/mm\/#website\"},\"primaryImageOfPage\":{\"@id\":\"https:\/\/mhf.ro\/mm\/suveranitate\/#primaryimage\"},\"image\":{\"@id\":\"https:\/\/mhf.ro\/mm\/suveranitate\/#primaryimage\"},\"thumbnailUrl\":\"https:\/\/mhf.ro\/mm\/wp-content\/uploads\/2022\/08\/Viitorul-incert.jpg\",\"datePublished\":\"2022-08-27T09:56:09+00:00\",\"description\":\"B\u0103lm\u0103jirea inept\u0103 \u0219i incontinent\u0103 despre suveranitate \u00een absen\u021ba unor valori \u0219i virtu\u021bi reale \u00eentrupate \u00een retorii ei \u201ecre\u0219tini\u201d, care ...\",\"breadcrumb\":{\"@id\":\"https:\/\/mhf.ro\/mm\/suveranitate\/#breadcrumb\"},\"inLanguage\":\"ro-RO\",\"potentialAction\":[{\"@type\":\"ReadAction\",\"target\":[\"https:\/\/mhf.ro\/mm\/suveranitate\/\"]}]},{\"@type\":\"ImageObject\",\"inLanguage\":\"ro-RO\",\"@id\":\"https:\/\/mhf.ro\/mm\/suveranitate\/#primaryimage\",\"url\":\"https:\/\/mhf.ro\/mm\/wp-content\/uploads\/2022\/08\/Viitorul-incert.jpg\",\"contentUrl\":\"https:\/\/mhf.ro\/mm\/wp-content\/uploads\/2022\/08\/Viitorul-incert.jpg\",\"width\":1280,\"height\":850},{\"@type\":\"BreadcrumbList\",\"@id\":\"https:\/\/mhf.ro\/mm\/suveranitate\/#breadcrumb\",\"itemListElement\":[{\"@type\":\"ListItem\",\"position\":1,\"name\":\"Prima pagin\u0103\",\"item\":\"https:\/\/mhf.ro\/mm\/\"},{\"@type\":\"ListItem\",\"position\":2,\"name\":\"Suveranitate ?\"}]},{\"@type\":\"WebSite\",\"@id\":\"https:\/\/mhf.ro\/mm\/#website\",\"url\":\"https:\/\/mhf.ro\/mm\/\",\"name\":\"MHF Photography \u2013 Blog de fotografie, natur\u0103 \u0219i tehnic\u0103 divers\u0103\",\"description\":\"Aventur\u0103 \u00een fiecare cadru.\",\"publisher\":{\"@id\":\"https:\/\/mhf.ro\/mm\/#\/schema\/person\/a3bebf7bdb4bf12f698aff73c7e46c21\"},\"potentialAction\":[{\"@type\":\"SearchAction\",\"target\":{\"@type\":\"EntryPoint\",\"urlTemplate\":\"https:\/\/mhf.ro\/mm\/?s={search_term_string}\"},\"query-input\":{\"@type\":\"PropertyValueSpecification\",\"valueRequired\":true,\"valueName\":\"search_term_string\"}}],\"inLanguage\":\"ro-RO\"},{\"@type\":[\"Person\",\"Organization\"],\"@id\":\"https:\/\/mhf.ro\/mm\/#\/schema\/person\/a3bebf7bdb4bf12f698aff73c7e46c21\",\"name\":\"Marius Marcu\",\"image\":{\"@type\":\"ImageObject\",\"inLanguage\":\"ro-RO\",\"@id\":\"https:\/\/mhf.ro\/mm\/#\/schema\/person\/image\/\",\"url\":\"https:\/\/mhf.ro\/mm\/wp-content\/uploads\/2025\/12\/cropped-logo_mhf_2.png\",\"contentUrl\":\"https:\/\/mhf.ro\/mm\/wp-content\/uploads\/2025\/12\/cropped-logo_mhf_2.png\",\"width\":1096,\"height\":457,\"caption\":\"Marius Marcu\"},\"logo\":{\"@id\":\"https:\/\/mhf.ro\/mm\/#\/schema\/person\/image\/\"},\"sameAs\":[\"https:\/\/mhf.ro\/mm\"],\"url\":\"https:\/\/mhf.ro\/mm\/author\/mihai\/\"}]}<\/script>\n<!-- \/ Yoast SEO plugin. -->","yoast_head_json":{"title":"Suveranitate ? - MHF Photography","description":"B\u0103lm\u0103jirea inept\u0103 \u0219i incontinent\u0103 despre suveranitate \u00een absen\u021ba unor valori \u0219i virtu\u021bi reale \u00eentrupate \u00een retorii ei \u201ecre\u0219tini\u201d, care ...","robots":{"index":"index","follow":"follow","max-snippet":"max-snippet:-1","max-image-preview":"max-image-preview:large","max-video-preview":"max-video-preview:-1"},"canonical":"https:\/\/mhf.ro\/mm\/suveranitate\/","og_locale":"ro_RO","og_type":"article","og_title":"Suveranitate ? - MHF Photography","og_description":"B\u0103lm\u0103jirea inept\u0103 \u0219i incontinent\u0103 despre suveranitate \u00een absen\u021ba unor valori \u0219i virtu\u021bi reale \u00eentrupate \u00een retorii ei \u201ecre\u0219tini\u201d, care ...","og_url":"https:\/\/mhf.ro\/mm\/suveranitate\/","og_site_name":"MHF Photography","article_published_time":"2022-08-27T09:56:09+00:00","og_image":[{"width":1280,"height":850,"url":"https:\/\/mhf.ro\/mm\/wp-content\/uploads\/2022\/08\/Viitorul-incert.jpg","type":"image\/jpeg"}],"author":"Marius Marcu","twitter_card":"summary_large_image","twitter_misc":{"Scris de":"Marius Marcu","Timp estimat pentru citire":"2 minute"},"schema":{"@context":"https:\/\/schema.org","@graph":[{"@type":"Article","@id":"https:\/\/mhf.ro\/mm\/suveranitate\/#article","isPartOf":{"@id":"https:\/\/mhf.ro\/mm\/suveranitate\/"},"author":{"name":"Marius Marcu","@id":"https:\/\/mhf.ro\/mm\/#\/schema\/person\/a3bebf7bdb4bf12f698aff73c7e46c21"},"headline":"Suveranitate ?","datePublished":"2022-08-27T09:56:09+00:00","mainEntityOfPage":{"@id":"https:\/\/mhf.ro\/mm\/suveranitate\/"},"wordCount":355,"commentCount":0,"publisher":{"@id":"https:\/\/mhf.ro\/mm\/#\/schema\/person\/a3bebf7bdb4bf12f698aff73c7e46c21"},"image":{"@id":"https:\/\/mhf.ro\/mm\/suveranitate\/#primaryimage"},"thumbnailUrl":"https:\/\/mhf.ro\/mm\/wp-content\/uploads\/2022\/08\/Viitorul-incert.jpg","articleSection":["Locale"],"inLanguage":"ro-RO","potentialAction":[{"@type":"CommentAction","name":"Comment","target":["https:\/\/mhf.ro\/mm\/suveranitate\/#respond"]}]},{"@type":"WebPage","@id":"https:\/\/mhf.ro\/mm\/suveranitate\/","url":"https:\/\/mhf.ro\/mm\/suveranitate\/","name":"Suveranitate ? - MHF Photography","isPartOf":{"@id":"https:\/\/mhf.ro\/mm\/#website"},"primaryImageOfPage":{"@id":"https:\/\/mhf.ro\/mm\/suveranitate\/#primaryimage"},"image":{"@id":"https:\/\/mhf.ro\/mm\/suveranitate\/#primaryimage"},"thumbnailUrl":"https:\/\/mhf.ro\/mm\/wp-content\/uploads\/2022\/08\/Viitorul-incert.jpg","datePublished":"2022-08-27T09:56:09+00:00","description":"B\u0103lm\u0103jirea inept\u0103 \u0219i incontinent\u0103 despre suveranitate \u00een absen\u021ba unor valori \u0219i virtu\u021bi reale \u00eentrupate \u00een retorii ei \u201ecre\u0219tini\u201d, care ...","breadcrumb":{"@id":"https:\/\/mhf.ro\/mm\/suveranitate\/#breadcrumb"},"inLanguage":"ro-RO","potentialAction":[{"@type":"ReadAction","target":["https:\/\/mhf.ro\/mm\/suveranitate\/"]}]},{"@type":"ImageObject","inLanguage":"ro-RO","@id":"https:\/\/mhf.ro\/mm\/suveranitate\/#primaryimage","url":"https:\/\/mhf.ro\/mm\/wp-content\/uploads\/2022\/08\/Viitorul-incert.jpg","contentUrl":"https:\/\/mhf.ro\/mm\/wp-content\/uploads\/2022\/08\/Viitorul-incert.jpg","width":1280,"height":850},{"@type":"BreadcrumbList","@id":"https:\/\/mhf.ro\/mm\/suveranitate\/#breadcrumb","itemListElement":[{"@type":"ListItem","position":1,"name":"Prima pagin\u0103","item":"https:\/\/mhf.ro\/mm\/"},{"@type":"ListItem","position":2,"name":"Suveranitate ?"}]},{"@type":"WebSite","@id":"https:\/\/mhf.ro\/mm\/#website","url":"https:\/\/mhf.ro\/mm\/","name":"MHF Photography \u2013 Blog de fotografie, natur\u0103 \u0219i tehnic\u0103 divers\u0103","description":"Aventur\u0103 \u00een fiecare cadru.","publisher":{"@id":"https:\/\/mhf.ro\/mm\/#\/schema\/person\/a3bebf7bdb4bf12f698aff73c7e46c21"},"potentialAction":[{"@type":"SearchAction","target":{"@type":"EntryPoint","urlTemplate":"https:\/\/mhf.ro\/mm\/?s={search_term_string}"},"query-input":{"@type":"PropertyValueSpecification","valueRequired":true,"valueName":"search_term_string"}}],"inLanguage":"ro-RO"},{"@type":["Person","Organization"],"@id":"https:\/\/mhf.ro\/mm\/#\/schema\/person\/a3bebf7bdb4bf12f698aff73c7e46c21","name":"Marius Marcu","image":{"@type":"ImageObject","inLanguage":"ro-RO","@id":"https:\/\/mhf.ro\/mm\/#\/schema\/person\/image\/","url":"https:\/\/mhf.ro\/mm\/wp-content\/uploads\/2025\/12\/cropped-logo_mhf_2.png","contentUrl":"https:\/\/mhf.ro\/mm\/wp-content\/uploads\/2025\/12\/cropped-logo_mhf_2.png","width":1096,"height":457,"caption":"Marius Marcu"},"logo":{"@id":"https:\/\/mhf.ro\/mm\/#\/schema\/person\/image\/"},"sameAs":["https:\/\/mhf.ro\/mm"],"url":"https:\/\/mhf.ro\/mm\/author\/mihai\/"}]}},"_links":{"self":[{"href":"https:\/\/mhf.ro\/mm\/wp-json\/wp\/v2\/posts\/8305","targetHints":{"allow":["GET"]}}],"collection":[{"href":"https:\/\/mhf.ro\/mm\/wp-json\/wp\/v2\/posts"}],"about":[{"href":"https:\/\/mhf.ro\/mm\/wp-json\/wp\/v2\/types\/post"}],"author":[{"embeddable":true,"href":"https:\/\/mhf.ro\/mm\/wp-json\/wp\/v2\/users\/1"}],"replies":[{"embeddable":true,"href":"https:\/\/mhf.ro\/mm\/wp-json\/wp\/v2\/comments?post=8305"}],"version-history":[{"count":2,"href":"https:\/\/mhf.ro\/mm\/wp-json\/wp\/v2\/posts\/8305\/revisions"}],"predecessor-version":[{"id":8308,"href":"https:\/\/mhf.ro\/mm\/wp-json\/wp\/v2\/posts\/8305\/revisions\/8308"}],"wp:featuredmedia":[{"embeddable":true,"href":"https:\/\/mhf.ro\/mm\/wp-json\/wp\/v2\/media\/8307"}],"wp:attachment":[{"href":"https:\/\/mhf.ro\/mm\/wp-json\/wp\/v2\/media?parent=8305"}],"wp:term":[{"taxonomy":"category","embeddable":true,"href":"https:\/\/mhf.ro\/mm\/wp-json\/wp\/v2\/categories?post=8305"},{"taxonomy":"post_tag","embeddable":true,"href":"https:\/\/mhf.ro\/mm\/wp-json\/wp\/v2\/tags?post=8305"}],"curies":[{"name":"wp","href":"https:\/\/api.w.org\/{rel}","templated":true}]}}