{"id":8346,"date":"2022-08-31T17:41:26","date_gmt":"2022-08-31T15:41:26","guid":{"rendered":"https:\/\/mhf.ro\/mm\/?p=8346"},"modified":"2022-08-31T17:41:26","modified_gmt":"2022-08-31T15:41:26","slug":"ziua-limbii-noastre","status":"publish","type":"post","link":"https:\/\/mhf.ro\/mm\/ziua-limbii-noastre\/","title":{"rendered":"Ziua limbii noastre"},"content":{"rendered":"<p>Limba matern\u0103 este, desigur, \u201ecasa fiin\u021bei\u201d fiec\u0103ruia dintre noi. \u00cen care ad\u0103postim tot ce avem mai de pre\u021b. \u00cen care ne rug\u0103m.<\/p>\n<p>Ca orice cas\u0103, ea trebuie construit\u0103 cu grij\u0103, pe st\u00e2nc\u0103, nu pe nisip. Apoi trebuie \u00eengrijit\u0103 \u0219i, de jur \u00eemprejur, gr\u0103din\u0103rit\u0103. De preferin\u021b\u0103, cu pasiune pentru detalii. Ca s\u0103 ne putem bucura deplin de fiin\u021barea noastr\u0103 \u00een ea, de atmosfera ospitalit\u0103\u021bii acelui \u201eacas\u0103\u201d dup\u0103 care t\u00e2njim (in)con\u0219tient mereu.<\/p>\n<p>C\u00e2nd nu te sim\u021bi confortabil \u00een propria ta \u201ecas\u0103\u201d, e foarte probabil s\u0103 nici nu ai una adev\u0103rat\u0103, ci doar s\u0103 \u021bi se par\u0103 c\u0103 \u0219tii s\u0103 vorbe\u0219ti sau s\u0103 scrii. Dar chiar \u0219i a\u0219a, r\u0103m\u00e2ne bucuria de a putea \u00eencepe oric\u00e2nd s\u0103 construie\u0219ti o \u201ecas\u0103\u201d pentru ceea ce sim\u021bi \u0219i dore\u0219ti s\u0103 \u00eemp\u0103rt\u0103\u0219e\u0219ti.<\/p>\n<p>\u0218i \u00eencepi prin a citi c\u0103r\u021bi, acele c\u0103r\u021bi care te construiesc, care ridic\u0103 \u00een tine \u201ecitadela\u201d de care to\u021bi avem nevoie pentru a fi ocroti\u021bi. \u0218i \u00eencet, din carte \u00een carte, ajungem s\u0103 urc\u0103m p\u00e2n\u0103 pe treapta de pe care putem admira t\u0103r\u00e2mul miraculos al propriei noastre limbi. Despre care, apoi, vom \u0219i putea povesti altora. Chiar dac\u0103 nu ne vor crede.<\/p>\n<p>De ce e important s\u0103 vorbim corect, mai ales c\u00e2nd avem datoria s\u0103 o facem \u00een public?<\/p>\n<p>\u201eEsen\u0163ialul este s\u0103 nume\u015fti corect lucrurile. Dac\u0103 denumirile nu s\u00eent corecte, cuvintele nu se mai potrivesc. Dac\u0103 cuvintele nu se mai potrivesc, treburile statului merg prost. Dac\u0103 treburile statului merg prost, nici riturile \u015fi muzica nu mai pot \u00eenflori. Dac\u0103 riturile \u015fi muzica nu mai pot \u00eenflori, judec\u0103\u0163ile \u015fi pedepsele \u00eenceteaz\u0103 s\u0103 mai fie drepte. Dac\u0103 judec\u0103\u0163ile \u015fi pedepsele \u00eenceteaz\u0103 s\u0103 mai fie drepte, poporul nu mai \u015ftie cum trebuie s\u0103 se poarte\u201c.<\/p>\n","protected":false},"excerpt":{"rendered":"<p>Limba matern\u0103 este, desigur, \u201ecasa fiin\u021bei\u201d fiec\u0103ruia dintre noi. \u00cen care ad\u0103postim tot ce avem mai de pre\u021b. \u00cen care<\/p>\n","protected":false},"author":1,"featured_media":8347,"comment_status":"open","ping_status":"open","sticky":false,"template":"","format":"standard","meta":{"colormag_page_container_layout":"default_layout","colormag_page_sidebar_layout":"default_layout","footnotes":""},"categories":[5],"tags":[],"class_list":["post-8346","post","type-post","status-publish","format-standard","has-post-thumbnail","hentry","category-locale"],"yoast_head":"<!-- This site is optimized with the Yoast SEO plugin v27.0 - https:\/\/yoast.com\/product\/yoast-seo-wordpress\/ -->\n<title>Ziua limbii noastre - MHF Photography<\/title>\n<meta name=\"robots\" content=\"index, follow, max-snippet:-1, max-image-preview:large, max-video-preview:-1\" \/>\n<link rel=\"canonical\" href=\"https:\/\/mhf.ro\/mm\/ziua-limbii-noastre\/\" \/>\n<meta property=\"og:locale\" content=\"ro_RO\" \/>\n<meta property=\"og:type\" content=\"article\" \/>\n<meta property=\"og:title\" content=\"Ziua limbii noastre - MHF Photography\" \/>\n<meta property=\"og:description\" content=\"Limba matern\u0103 este, desigur, \u201ecasa fiin\u021bei\u201d fiec\u0103ruia dintre noi. \u00cen care ad\u0103postim tot ce avem mai de pre\u021b. \u00cen care\" \/>\n<meta property=\"og:url\" content=\"https:\/\/mhf.ro\/mm\/ziua-limbii-noastre\/\" \/>\n<meta property=\"og:site_name\" content=\"MHF Photography\" \/>\n<meta property=\"article:published_time\" content=\"2022-08-31T15:41:26+00:00\" \/>\n<meta property=\"og:image\" content=\"https:\/\/mhf.ro\/mm\/wp-content\/uploads\/2022\/08\/transilvania-5632013_1280.jpg\" \/>\n\t<meta property=\"og:image:width\" content=\"1280\" \/>\n\t<meta property=\"og:image:height\" content=\"720\" \/>\n\t<meta property=\"og:image:type\" content=\"image\/jpeg\" \/>\n<meta name=\"author\" content=\"Marius Marcu\" \/>\n<meta name=\"twitter:card\" content=\"summary_large_image\" \/>\n<meta name=\"twitter:label1\" content=\"Scris de\" \/>\n\t<meta name=\"twitter:data1\" content=\"Marius Marcu\" \/>\n\t<meta name=\"twitter:label2\" content=\"Timp estimat pentru citire\" \/>\n\t<meta name=\"twitter:data2\" content=\"2 minute\" \/>\n<script type=\"application\/ld+json\" class=\"yoast-schema-graph\">{\"@context\":\"https:\/\/schema.org\",\"@graph\":[{\"@type\":\"Article\",\"@id\":\"https:\/\/mhf.ro\/mm\/ziua-limbii-noastre\/#article\",\"isPartOf\":{\"@id\":\"https:\/\/mhf.ro\/mm\/ziua-limbii-noastre\/\"},\"author\":{\"name\":\"Marius Marcu\",\"@id\":\"https:\/\/mhf.ro\/mm\/#\/schema\/person\/a3bebf7bdb4bf12f698aff73c7e46c21\"},\"headline\":\"Ziua limbii noastre\",\"datePublished\":\"2022-08-31T15:41:26+00:00\",\"mainEntityOfPage\":{\"@id\":\"https:\/\/mhf.ro\/mm\/ziua-limbii-noastre\/\"},\"wordCount\":321,\"commentCount\":0,\"publisher\":{\"@id\":\"https:\/\/mhf.ro\/mm\/#\/schema\/person\/a3bebf7bdb4bf12f698aff73c7e46c21\"},\"image\":{\"@id\":\"https:\/\/mhf.ro\/mm\/ziua-limbii-noastre\/#primaryimage\"},\"thumbnailUrl\":\"https:\/\/mhf.ro\/mm\/wp-content\/uploads\/2022\/08\/transilvania-5632013_1280.jpg\",\"articleSection\":[\"Locale\"],\"inLanguage\":\"ro-RO\",\"potentialAction\":[{\"@type\":\"CommentAction\",\"name\":\"Comment\",\"target\":[\"https:\/\/mhf.ro\/mm\/ziua-limbii-noastre\/#respond\"]}]},{\"@type\":\"WebPage\",\"@id\":\"https:\/\/mhf.ro\/mm\/ziua-limbii-noastre\/\",\"url\":\"https:\/\/mhf.ro\/mm\/ziua-limbii-noastre\/\",\"name\":\"Ziua limbii noastre - MHF Photography\",\"isPartOf\":{\"@id\":\"https:\/\/mhf.ro\/mm\/#website\"},\"primaryImageOfPage\":{\"@id\":\"https:\/\/mhf.ro\/mm\/ziua-limbii-noastre\/#primaryimage\"},\"image\":{\"@id\":\"https:\/\/mhf.ro\/mm\/ziua-limbii-noastre\/#primaryimage\"},\"thumbnailUrl\":\"https:\/\/mhf.ro\/mm\/wp-content\/uploads\/2022\/08\/transilvania-5632013_1280.jpg\",\"datePublished\":\"2022-08-31T15:41:26+00:00\",\"breadcrumb\":{\"@id\":\"https:\/\/mhf.ro\/mm\/ziua-limbii-noastre\/#breadcrumb\"},\"inLanguage\":\"ro-RO\",\"potentialAction\":[{\"@type\":\"ReadAction\",\"target\":[\"https:\/\/mhf.ro\/mm\/ziua-limbii-noastre\/\"]}]},{\"@type\":\"ImageObject\",\"inLanguage\":\"ro-RO\",\"@id\":\"https:\/\/mhf.ro\/mm\/ziua-limbii-noastre\/#primaryimage\",\"url\":\"https:\/\/mhf.ro\/mm\/wp-content\/uploads\/2022\/08\/transilvania-5632013_1280.jpg\",\"contentUrl\":\"https:\/\/mhf.ro\/mm\/wp-content\/uploads\/2022\/08\/transilvania-5632013_1280.jpg\",\"width\":1280,\"height\":720},{\"@type\":\"BreadcrumbList\",\"@id\":\"https:\/\/mhf.ro\/mm\/ziua-limbii-noastre\/#breadcrumb\",\"itemListElement\":[{\"@type\":\"ListItem\",\"position\":1,\"name\":\"Prima pagin\u0103\",\"item\":\"https:\/\/mhf.ro\/mm\/\"},{\"@type\":\"ListItem\",\"position\":2,\"name\":\"Ziua limbii noastre\"}]},{\"@type\":\"WebSite\",\"@id\":\"https:\/\/mhf.ro\/mm\/#website\",\"url\":\"https:\/\/mhf.ro\/mm\/\",\"name\":\"MHF Photography \u2013 Blog de fotografie, natur\u0103 \u0219i tehnic\u0103 divers\u0103\",\"description\":\"Aventur\u0103 \u00een fiecare cadru.\",\"publisher\":{\"@id\":\"https:\/\/mhf.ro\/mm\/#\/schema\/person\/a3bebf7bdb4bf12f698aff73c7e46c21\"},\"potentialAction\":[{\"@type\":\"SearchAction\",\"target\":{\"@type\":\"EntryPoint\",\"urlTemplate\":\"https:\/\/mhf.ro\/mm\/?s={search_term_string}\"},\"query-input\":{\"@type\":\"PropertyValueSpecification\",\"valueRequired\":true,\"valueName\":\"search_term_string\"}}],\"inLanguage\":\"ro-RO\"},{\"@type\":[\"Person\",\"Organization\"],\"@id\":\"https:\/\/mhf.ro\/mm\/#\/schema\/person\/a3bebf7bdb4bf12f698aff73c7e46c21\",\"name\":\"Marius Marcu\",\"image\":{\"@type\":\"ImageObject\",\"inLanguage\":\"ro-RO\",\"@id\":\"https:\/\/mhf.ro\/mm\/#\/schema\/person\/image\/\",\"url\":\"https:\/\/mhf.ro\/mm\/wp-content\/uploads\/2025\/12\/cropped-logo_mhf_2.png\",\"contentUrl\":\"https:\/\/mhf.ro\/mm\/wp-content\/uploads\/2025\/12\/cropped-logo_mhf_2.png\",\"width\":1096,\"height\":457,\"caption\":\"Marius Marcu\"},\"logo\":{\"@id\":\"https:\/\/mhf.ro\/mm\/#\/schema\/person\/image\/\"},\"sameAs\":[\"https:\/\/mhf.ro\/mm\"],\"url\":\"https:\/\/mhf.ro\/mm\/author\/mihai\/\"}]}<\/script>\n<!-- \/ Yoast SEO plugin. -->","yoast_head_json":{"title":"Ziua limbii noastre - MHF Photography","robots":{"index":"index","follow":"follow","max-snippet":"max-snippet:-1","max-image-preview":"max-image-preview:large","max-video-preview":"max-video-preview:-1"},"canonical":"https:\/\/mhf.ro\/mm\/ziua-limbii-noastre\/","og_locale":"ro_RO","og_type":"article","og_title":"Ziua limbii noastre - MHF Photography","og_description":"Limba matern\u0103 este, desigur, \u201ecasa fiin\u021bei\u201d fiec\u0103ruia dintre noi. \u00cen care ad\u0103postim tot ce avem mai de pre\u021b. \u00cen care","og_url":"https:\/\/mhf.ro\/mm\/ziua-limbii-noastre\/","og_site_name":"MHF Photography","article_published_time":"2022-08-31T15:41:26+00:00","og_image":[{"width":1280,"height":720,"url":"https:\/\/mhf.ro\/mm\/wp-content\/uploads\/2022\/08\/transilvania-5632013_1280.jpg","type":"image\/jpeg"}],"author":"Marius Marcu","twitter_card":"summary_large_image","twitter_misc":{"Scris de":"Marius Marcu","Timp estimat pentru citire":"2 minute"},"schema":{"@context":"https:\/\/schema.org","@graph":[{"@type":"Article","@id":"https:\/\/mhf.ro\/mm\/ziua-limbii-noastre\/#article","isPartOf":{"@id":"https:\/\/mhf.ro\/mm\/ziua-limbii-noastre\/"},"author":{"name":"Marius Marcu","@id":"https:\/\/mhf.ro\/mm\/#\/schema\/person\/a3bebf7bdb4bf12f698aff73c7e46c21"},"headline":"Ziua limbii noastre","datePublished":"2022-08-31T15:41:26+00:00","mainEntityOfPage":{"@id":"https:\/\/mhf.ro\/mm\/ziua-limbii-noastre\/"},"wordCount":321,"commentCount":0,"publisher":{"@id":"https:\/\/mhf.ro\/mm\/#\/schema\/person\/a3bebf7bdb4bf12f698aff73c7e46c21"},"image":{"@id":"https:\/\/mhf.ro\/mm\/ziua-limbii-noastre\/#primaryimage"},"thumbnailUrl":"https:\/\/mhf.ro\/mm\/wp-content\/uploads\/2022\/08\/transilvania-5632013_1280.jpg","articleSection":["Locale"],"inLanguage":"ro-RO","potentialAction":[{"@type":"CommentAction","name":"Comment","target":["https:\/\/mhf.ro\/mm\/ziua-limbii-noastre\/#respond"]}]},{"@type":"WebPage","@id":"https:\/\/mhf.ro\/mm\/ziua-limbii-noastre\/","url":"https:\/\/mhf.ro\/mm\/ziua-limbii-noastre\/","name":"Ziua limbii noastre - MHF Photography","isPartOf":{"@id":"https:\/\/mhf.ro\/mm\/#website"},"primaryImageOfPage":{"@id":"https:\/\/mhf.ro\/mm\/ziua-limbii-noastre\/#primaryimage"},"image":{"@id":"https:\/\/mhf.ro\/mm\/ziua-limbii-noastre\/#primaryimage"},"thumbnailUrl":"https:\/\/mhf.ro\/mm\/wp-content\/uploads\/2022\/08\/transilvania-5632013_1280.jpg","datePublished":"2022-08-31T15:41:26+00:00","breadcrumb":{"@id":"https:\/\/mhf.ro\/mm\/ziua-limbii-noastre\/#breadcrumb"},"inLanguage":"ro-RO","potentialAction":[{"@type":"ReadAction","target":["https:\/\/mhf.ro\/mm\/ziua-limbii-noastre\/"]}]},{"@type":"ImageObject","inLanguage":"ro-RO","@id":"https:\/\/mhf.ro\/mm\/ziua-limbii-noastre\/#primaryimage","url":"https:\/\/mhf.ro\/mm\/wp-content\/uploads\/2022\/08\/transilvania-5632013_1280.jpg","contentUrl":"https:\/\/mhf.ro\/mm\/wp-content\/uploads\/2022\/08\/transilvania-5632013_1280.jpg","width":1280,"height":720},{"@type":"BreadcrumbList","@id":"https:\/\/mhf.ro\/mm\/ziua-limbii-noastre\/#breadcrumb","itemListElement":[{"@type":"ListItem","position":1,"name":"Prima pagin\u0103","item":"https:\/\/mhf.ro\/mm\/"},{"@type":"ListItem","position":2,"name":"Ziua limbii noastre"}]},{"@type":"WebSite","@id":"https:\/\/mhf.ro\/mm\/#website","url":"https:\/\/mhf.ro\/mm\/","name":"MHF Photography \u2013 Blog de fotografie, natur\u0103 \u0219i tehnic\u0103 divers\u0103","description":"Aventur\u0103 \u00een fiecare cadru.","publisher":{"@id":"https:\/\/mhf.ro\/mm\/#\/schema\/person\/a3bebf7bdb4bf12f698aff73c7e46c21"},"potentialAction":[{"@type":"SearchAction","target":{"@type":"EntryPoint","urlTemplate":"https:\/\/mhf.ro\/mm\/?s={search_term_string}"},"query-input":{"@type":"PropertyValueSpecification","valueRequired":true,"valueName":"search_term_string"}}],"inLanguage":"ro-RO"},{"@type":["Person","Organization"],"@id":"https:\/\/mhf.ro\/mm\/#\/schema\/person\/a3bebf7bdb4bf12f698aff73c7e46c21","name":"Marius Marcu","image":{"@type":"ImageObject","inLanguage":"ro-RO","@id":"https:\/\/mhf.ro\/mm\/#\/schema\/person\/image\/","url":"https:\/\/mhf.ro\/mm\/wp-content\/uploads\/2025\/12\/cropped-logo_mhf_2.png","contentUrl":"https:\/\/mhf.ro\/mm\/wp-content\/uploads\/2025\/12\/cropped-logo_mhf_2.png","width":1096,"height":457,"caption":"Marius Marcu"},"logo":{"@id":"https:\/\/mhf.ro\/mm\/#\/schema\/person\/image\/"},"sameAs":["https:\/\/mhf.ro\/mm"],"url":"https:\/\/mhf.ro\/mm\/author\/mihai\/"}]}},"_links":{"self":[{"href":"https:\/\/mhf.ro\/mm\/wp-json\/wp\/v2\/posts\/8346","targetHints":{"allow":["GET"]}}],"collection":[{"href":"https:\/\/mhf.ro\/mm\/wp-json\/wp\/v2\/posts"}],"about":[{"href":"https:\/\/mhf.ro\/mm\/wp-json\/wp\/v2\/types\/post"}],"author":[{"embeddable":true,"href":"https:\/\/mhf.ro\/mm\/wp-json\/wp\/v2\/users\/1"}],"replies":[{"embeddable":true,"href":"https:\/\/mhf.ro\/mm\/wp-json\/wp\/v2\/comments?post=8346"}],"version-history":[{"count":1,"href":"https:\/\/mhf.ro\/mm\/wp-json\/wp\/v2\/posts\/8346\/revisions"}],"predecessor-version":[{"id":8348,"href":"https:\/\/mhf.ro\/mm\/wp-json\/wp\/v2\/posts\/8346\/revisions\/8348"}],"wp:featuredmedia":[{"embeddable":true,"href":"https:\/\/mhf.ro\/mm\/wp-json\/wp\/v2\/media\/8347"}],"wp:attachment":[{"href":"https:\/\/mhf.ro\/mm\/wp-json\/wp\/v2\/media?parent=8346"}],"wp:term":[{"taxonomy":"category","embeddable":true,"href":"https:\/\/mhf.ro\/mm\/wp-json\/wp\/v2\/categories?post=8346"},{"taxonomy":"post_tag","embeddable":true,"href":"https:\/\/mhf.ro\/mm\/wp-json\/wp\/v2\/tags?post=8346"}],"curies":[{"name":"wp","href":"https:\/\/api.w.org\/{rel}","templated":true}]}}