{"id":8412,"date":"2022-09-08T18:15:02","date_gmt":"2022-09-08T16:15:02","guid":{"rendered":"https:\/\/mhf.ro\/mm\/?p=8412"},"modified":"2022-09-08T18:15:02","modified_gmt":"2022-09-08T16:15:02","slug":"8-septembrie","status":"publish","type":"post","link":"https:\/\/mhf.ro\/mm\/8-septembrie\/","title":{"rendered":"8 septembrie"},"content":{"rendered":"<p>Ziua de 8 septembrie este s\u0103rb\u0103toarea Ne\u0219terea Maicii Domnului.<\/p>\n<p>Din punct de vedere istoric, s\u0103rb\u0103toarea s-a fixat cu prilejul sfin\u021birii unei biserici la Ierusalim de c\u0103tre \u00cemp\u0103r\u0103teas\u0103 Eudoxia, la \u00eenceputul secolului al V-lea, \u00eentre anii 431-451, deci \u00eentre cele dou\u0103 sinoade ecumenice, de la Efes \u0219i Calcedon, care au dezb\u0103tut \u0219i clarificat problema mariologic\u0103. Tradi\u021bia spune c\u0103 loca\u0219ul s-a ridicat pe locul casei Sfin\u021bilor Ioachim \u0219i Ana, deci acolo unde s-a n\u0103scut Maria, Prunca. \u00cen Apus, praznicul Na\u0219terii Maicii Domnului a fost introdus mai t\u00e2rziu, pe timpul Papei Sergiu I (687-701). La \u00eenceput s\u0103rb\u0103toarea se \u021binea cu prec\u0103dere \u00een Ierusalim, dar dup\u0103 secolul al V-lea celebrarea s-a generalizat \u00een tot R\u0103s\u0103ritul. De remarcat e faptul c\u0103 s\u0103rb\u0103toarea Na\u0219terii Fecioarei Maria o reg\u0103sim \u0219i \u00een calendarul cop\u021bilor egipteni, pe 9 mai, dar \u0219i la iacobi\u021bii sirieni. Prezen\u021ba celebr\u0103rii ei \u00een Biserica copt\u0103 arat\u0103 faptul c\u0103 la Ierusalim cre\u0219tinii o \u021bineau \u00eenainte de Sinodul al IV-lea, c\u0103ci se \u0219tie c\u0103 dup\u0103 momentul Calcedon eterodoc\u0219ii cop\u021bi nu au mai \u00eemprumutat nimic de la Biserica Ortodox\u0103.<\/p>\n<p>\u00cen leg\u0103tur\u0103 cu originea slujbei, \u00een secolul al VI-lea, Sf\u00e2ntul Roman Melodul a compus condacul \u0219i icosul praznicului, c\u00e2nt\u0103ri folosite p\u00e2n\u0103 ast\u0103zi \u00een cult de c\u0103tre Biserica R\u0103s\u0103ritean\u0103. Probabil c\u0103 ambii autori au preluat informa\u021bii din lucr\u0103rile Fericitului Ieronim sau chiar din unele scrieri apocrife. C\u00e2nt\u0103rile s\u0103rb\u0103torii au fost \u00eembog\u0103\u021bite cu dou\u0103 canoane alc\u0103tuite, dou\u0103 secole mai t\u00e2rziu, de Ioan Damaschin \u0219i Andrei Criteanul. Compuse \u00een plin\u0103 perioad\u0103 iconoclast\u0103, c\u00e2nd \u0219i cultul Fecioarei Maria ajunsese sub semnul \u00eendoielii, ele se constituie \u00eentr-o puternic\u0103 m\u0103rturie a evlaviei fa\u021b\u0103 de Maica Domnului.<\/p>\n","protected":false},"excerpt":{"rendered":"<p>Ziua de 8 septembrie este s\u0103rb\u0103toarea Ne\u0219terea Maicii Domnului. Din punct de vedere istoric, s\u0103rb\u0103toarea s-a fixat cu prilejul sfin\u021birii<\/p>\n","protected":false},"author":4,"featured_media":8413,"comment_status":"open","ping_status":"open","sticky":false,"template":"","format":"standard","meta":{"colormag_page_container_layout":"default_layout","colormag_page_sidebar_layout":"default_layout","footnotes":""},"categories":[5,34],"tags":[],"class_list":["post-8412","post","type-post","status-publish","format-standard","has-post-thumbnail","hentry","category-locale","category-religie"],"yoast_head":"<!-- This site is optimized with the Yoast SEO plugin v27.0 - https:\/\/yoast.com\/product\/yoast-seo-wordpress\/ -->\n<title>8 septembrie - MHF Photography<\/title>\n<meta name=\"robots\" content=\"index, follow, max-snippet:-1, max-image-preview:large, max-video-preview:-1\" \/>\n<link rel=\"canonical\" href=\"https:\/\/mhf.ro\/mm\/8-septembrie\/\" \/>\n<meta property=\"og:locale\" content=\"ro_RO\" \/>\n<meta property=\"og:type\" content=\"article\" \/>\n<meta property=\"og:title\" content=\"8 septembrie - MHF Photography\" \/>\n<meta property=\"og:description\" content=\"Ziua de 8 septembrie este s\u0103rb\u0103toarea Ne\u0219terea Maicii Domnului. Din punct de vedere istoric, s\u0103rb\u0103toarea s-a fixat cu prilejul sfin\u021birii\" \/>\n<meta property=\"og:url\" content=\"https:\/\/mhf.ro\/mm\/8-septembrie\/\" \/>\n<meta property=\"og:site_name\" content=\"MHF Photography\" \/>\n<meta property=\"article:published_time\" content=\"2022-09-08T16:15:02+00:00\" \/>\n<meta property=\"og:image\" content=\"https:\/\/mhf.ro\/mm\/wp-content\/uploads\/2022\/09\/8-sept.jpg\" \/>\n\t<meta property=\"og:image:width\" content=\"223\" \/>\n\t<meta property=\"og:image:height\" content=\"226\" \/>\n\t<meta property=\"og:image:type\" content=\"image\/jpeg\" \/>\n<meta name=\"author\" content=\"Preot paroh Horvat Petru\" \/>\n<meta name=\"twitter:card\" content=\"summary_large_image\" \/>\n<meta name=\"twitter:label1\" content=\"Scris de\" \/>\n\t<meta name=\"twitter:data1\" content=\"Preot paroh Horvat Petru\" \/>\n\t<meta name=\"twitter:label2\" content=\"Timp estimat pentru citire\" \/>\n\t<meta name=\"twitter:data2\" content=\"2 minute\" \/>\n<script type=\"application\/ld+json\" class=\"yoast-schema-graph\">{\"@context\":\"https:\/\/schema.org\",\"@graph\":[{\"@type\":\"Article\",\"@id\":\"https:\/\/mhf.ro\/mm\/8-septembrie\/#article\",\"isPartOf\":{\"@id\":\"https:\/\/mhf.ro\/mm\/8-septembrie\/\"},\"author\":{\"name\":\"Preot paroh Horvat Petru\",\"@id\":\"https:\/\/mhf.ro\/mm\/#\/schema\/person\/4c8c06c801b7b666e81ed44550086900\"},\"headline\":\"8 septembrie\",\"datePublished\":\"2022-09-08T16:15:02+00:00\",\"mainEntityOfPage\":{\"@id\":\"https:\/\/mhf.ro\/mm\/8-septembrie\/\"},\"wordCount\":314,\"commentCount\":0,\"publisher\":{\"@id\":\"https:\/\/mhf.ro\/mm\/#\/schema\/person\/a3bebf7bdb4bf12f698aff73c7e46c21\"},\"image\":{\"@id\":\"https:\/\/mhf.ro\/mm\/8-septembrie\/#primaryimage\"},\"thumbnailUrl\":\"https:\/\/mhf.ro\/mm\/wp-content\/uploads\/2022\/09\/8-sept.jpg\",\"articleSection\":[\"Locale\",\"Religie\"],\"inLanguage\":\"ro-RO\",\"potentialAction\":[{\"@type\":\"CommentAction\",\"name\":\"Comment\",\"target\":[\"https:\/\/mhf.ro\/mm\/8-septembrie\/#respond\"]}]},{\"@type\":\"WebPage\",\"@id\":\"https:\/\/mhf.ro\/mm\/8-septembrie\/\",\"url\":\"https:\/\/mhf.ro\/mm\/8-septembrie\/\",\"name\":\"8 septembrie - MHF Photography\",\"isPartOf\":{\"@id\":\"https:\/\/mhf.ro\/mm\/#website\"},\"primaryImageOfPage\":{\"@id\":\"https:\/\/mhf.ro\/mm\/8-septembrie\/#primaryimage\"},\"image\":{\"@id\":\"https:\/\/mhf.ro\/mm\/8-septembrie\/#primaryimage\"},\"thumbnailUrl\":\"https:\/\/mhf.ro\/mm\/wp-content\/uploads\/2022\/09\/8-sept.jpg\",\"datePublished\":\"2022-09-08T16:15:02+00:00\",\"breadcrumb\":{\"@id\":\"https:\/\/mhf.ro\/mm\/8-septembrie\/#breadcrumb\"},\"inLanguage\":\"ro-RO\",\"potentialAction\":[{\"@type\":\"ReadAction\",\"target\":[\"https:\/\/mhf.ro\/mm\/8-septembrie\/\"]}]},{\"@type\":\"ImageObject\",\"inLanguage\":\"ro-RO\",\"@id\":\"https:\/\/mhf.ro\/mm\/8-septembrie\/#primaryimage\",\"url\":\"https:\/\/mhf.ro\/mm\/wp-content\/uploads\/2022\/09\/8-sept.jpg\",\"contentUrl\":\"https:\/\/mhf.ro\/mm\/wp-content\/uploads\/2022\/09\/8-sept.jpg\",\"width\":223,\"height\":226},{\"@type\":\"BreadcrumbList\",\"@id\":\"https:\/\/mhf.ro\/mm\/8-septembrie\/#breadcrumb\",\"itemListElement\":[{\"@type\":\"ListItem\",\"position\":1,\"name\":\"Prima pagin\u0103\",\"item\":\"https:\/\/mhf.ro\/mm\/\"},{\"@type\":\"ListItem\",\"position\":2,\"name\":\"8 septembrie\"}]},{\"@type\":\"WebSite\",\"@id\":\"https:\/\/mhf.ro\/mm\/#website\",\"url\":\"https:\/\/mhf.ro\/mm\/\",\"name\":\"MHF Photography \u2013 Blog de fotografie, natur\u0103 \u0219i tehnic\u0103 divers\u0103\",\"description\":\"Aventur\u0103 \u00een fiecare cadru.\",\"publisher\":{\"@id\":\"https:\/\/mhf.ro\/mm\/#\/schema\/person\/a3bebf7bdb4bf12f698aff73c7e46c21\"},\"potentialAction\":[{\"@type\":\"SearchAction\",\"target\":{\"@type\":\"EntryPoint\",\"urlTemplate\":\"https:\/\/mhf.ro\/mm\/?s={search_term_string}\"},\"query-input\":{\"@type\":\"PropertyValueSpecification\",\"valueRequired\":true,\"valueName\":\"search_term_string\"}}],\"inLanguage\":\"ro-RO\"},{\"@type\":[\"Person\",\"Organization\"],\"@id\":\"https:\/\/mhf.ro\/mm\/#\/schema\/person\/a3bebf7bdb4bf12f698aff73c7e46c21\",\"name\":\"Marius Marcu\",\"image\":{\"@type\":\"ImageObject\",\"inLanguage\":\"ro-RO\",\"@id\":\"https:\/\/mhf.ro\/mm\/#\/schema\/person\/image\/\",\"url\":\"https:\/\/mhf.ro\/mm\/wp-content\/uploads\/2025\/12\/cropped-logo_mhf_2.png\",\"contentUrl\":\"https:\/\/mhf.ro\/mm\/wp-content\/uploads\/2025\/12\/cropped-logo_mhf_2.png\",\"width\":1096,\"height\":457,\"caption\":\"Marius Marcu\"},\"logo\":{\"@id\":\"https:\/\/mhf.ro\/mm\/#\/schema\/person\/image\/\"},\"sameAs\":[\"https:\/\/mhf.ro\/mm\"]},{\"@type\":\"Person\",\"@id\":\"https:\/\/mhf.ro\/mm\/#\/schema\/person\/4c8c06c801b7b666e81ed44550086900\",\"name\":\"Preot paroh Horvat Petru\",\"image\":{\"@type\":\"ImageObject\",\"inLanguage\":\"ro-RO\",\"@id\":\"https:\/\/mhf.ro\/mm\/#\/schema\/person\/image\/\",\"url\":\"https:\/\/secure.gravatar.com\/avatar\/c2d2dcdf21c6f41aad486d71768c144cd6e23cb7b63bae9bd6fab542b26ad321?s=96&d=monsterid&r=g\",\"contentUrl\":\"https:\/\/secure.gravatar.com\/avatar\/c2d2dcdf21c6f41aad486d71768c144cd6e23cb7b63bae9bd6fab542b26ad321?s=96&d=monsterid&r=g\",\"caption\":\"Preot paroh Horvat Petru\"},\"sameAs\":[\"https:\/\/mhf.ro\/mm\"],\"url\":\"https:\/\/mhf.ro\/mm\/author\/petrica\/\"}]}<\/script>\n<!-- \/ Yoast SEO plugin. -->","yoast_head_json":{"title":"8 septembrie - MHF Photography","robots":{"index":"index","follow":"follow","max-snippet":"max-snippet:-1","max-image-preview":"max-image-preview:large","max-video-preview":"max-video-preview:-1"},"canonical":"https:\/\/mhf.ro\/mm\/8-septembrie\/","og_locale":"ro_RO","og_type":"article","og_title":"8 septembrie - MHF Photography","og_description":"Ziua de 8 septembrie este s\u0103rb\u0103toarea Ne\u0219terea Maicii Domnului. Din punct de vedere istoric, s\u0103rb\u0103toarea s-a fixat cu prilejul sfin\u021birii","og_url":"https:\/\/mhf.ro\/mm\/8-septembrie\/","og_site_name":"MHF Photography","article_published_time":"2022-09-08T16:15:02+00:00","og_image":[{"width":223,"height":226,"url":"https:\/\/mhf.ro\/mm\/wp-content\/uploads\/2022\/09\/8-sept.jpg","type":"image\/jpeg"}],"author":"Preot paroh Horvat Petru","twitter_card":"summary_large_image","twitter_misc":{"Scris de":"Preot paroh Horvat Petru","Timp estimat pentru citire":"2 minute"},"schema":{"@context":"https:\/\/schema.org","@graph":[{"@type":"Article","@id":"https:\/\/mhf.ro\/mm\/8-septembrie\/#article","isPartOf":{"@id":"https:\/\/mhf.ro\/mm\/8-septembrie\/"},"author":{"name":"Preot paroh Horvat Petru","@id":"https:\/\/mhf.ro\/mm\/#\/schema\/person\/4c8c06c801b7b666e81ed44550086900"},"headline":"8 septembrie","datePublished":"2022-09-08T16:15:02+00:00","mainEntityOfPage":{"@id":"https:\/\/mhf.ro\/mm\/8-septembrie\/"},"wordCount":314,"commentCount":0,"publisher":{"@id":"https:\/\/mhf.ro\/mm\/#\/schema\/person\/a3bebf7bdb4bf12f698aff73c7e46c21"},"image":{"@id":"https:\/\/mhf.ro\/mm\/8-septembrie\/#primaryimage"},"thumbnailUrl":"https:\/\/mhf.ro\/mm\/wp-content\/uploads\/2022\/09\/8-sept.jpg","articleSection":["Locale","Religie"],"inLanguage":"ro-RO","potentialAction":[{"@type":"CommentAction","name":"Comment","target":["https:\/\/mhf.ro\/mm\/8-septembrie\/#respond"]}]},{"@type":"WebPage","@id":"https:\/\/mhf.ro\/mm\/8-septembrie\/","url":"https:\/\/mhf.ro\/mm\/8-septembrie\/","name":"8 septembrie - MHF Photography","isPartOf":{"@id":"https:\/\/mhf.ro\/mm\/#website"},"primaryImageOfPage":{"@id":"https:\/\/mhf.ro\/mm\/8-septembrie\/#primaryimage"},"image":{"@id":"https:\/\/mhf.ro\/mm\/8-septembrie\/#primaryimage"},"thumbnailUrl":"https:\/\/mhf.ro\/mm\/wp-content\/uploads\/2022\/09\/8-sept.jpg","datePublished":"2022-09-08T16:15:02+00:00","breadcrumb":{"@id":"https:\/\/mhf.ro\/mm\/8-septembrie\/#breadcrumb"},"inLanguage":"ro-RO","potentialAction":[{"@type":"ReadAction","target":["https:\/\/mhf.ro\/mm\/8-septembrie\/"]}]},{"@type":"ImageObject","inLanguage":"ro-RO","@id":"https:\/\/mhf.ro\/mm\/8-septembrie\/#primaryimage","url":"https:\/\/mhf.ro\/mm\/wp-content\/uploads\/2022\/09\/8-sept.jpg","contentUrl":"https:\/\/mhf.ro\/mm\/wp-content\/uploads\/2022\/09\/8-sept.jpg","width":223,"height":226},{"@type":"BreadcrumbList","@id":"https:\/\/mhf.ro\/mm\/8-septembrie\/#breadcrumb","itemListElement":[{"@type":"ListItem","position":1,"name":"Prima pagin\u0103","item":"https:\/\/mhf.ro\/mm\/"},{"@type":"ListItem","position":2,"name":"8 septembrie"}]},{"@type":"WebSite","@id":"https:\/\/mhf.ro\/mm\/#website","url":"https:\/\/mhf.ro\/mm\/","name":"MHF Photography \u2013 Blog de fotografie, natur\u0103 \u0219i tehnic\u0103 divers\u0103","description":"Aventur\u0103 \u00een fiecare cadru.","publisher":{"@id":"https:\/\/mhf.ro\/mm\/#\/schema\/person\/a3bebf7bdb4bf12f698aff73c7e46c21"},"potentialAction":[{"@type":"SearchAction","target":{"@type":"EntryPoint","urlTemplate":"https:\/\/mhf.ro\/mm\/?s={search_term_string}"},"query-input":{"@type":"PropertyValueSpecification","valueRequired":true,"valueName":"search_term_string"}}],"inLanguage":"ro-RO"},{"@type":["Person","Organization"],"@id":"https:\/\/mhf.ro\/mm\/#\/schema\/person\/a3bebf7bdb4bf12f698aff73c7e46c21","name":"Marius Marcu","image":{"@type":"ImageObject","inLanguage":"ro-RO","@id":"https:\/\/mhf.ro\/mm\/#\/schema\/person\/image\/","url":"https:\/\/mhf.ro\/mm\/wp-content\/uploads\/2025\/12\/cropped-logo_mhf_2.png","contentUrl":"https:\/\/mhf.ro\/mm\/wp-content\/uploads\/2025\/12\/cropped-logo_mhf_2.png","width":1096,"height":457,"caption":"Marius Marcu"},"logo":{"@id":"https:\/\/mhf.ro\/mm\/#\/schema\/person\/image\/"},"sameAs":["https:\/\/mhf.ro\/mm"]},{"@type":"Person","@id":"https:\/\/mhf.ro\/mm\/#\/schema\/person\/4c8c06c801b7b666e81ed44550086900","name":"Preot paroh Horvat Petru","image":{"@type":"ImageObject","inLanguage":"ro-RO","@id":"https:\/\/mhf.ro\/mm\/#\/schema\/person\/image\/","url":"https:\/\/secure.gravatar.com\/avatar\/c2d2dcdf21c6f41aad486d71768c144cd6e23cb7b63bae9bd6fab542b26ad321?s=96&d=monsterid&r=g","contentUrl":"https:\/\/secure.gravatar.com\/avatar\/c2d2dcdf21c6f41aad486d71768c144cd6e23cb7b63bae9bd6fab542b26ad321?s=96&d=monsterid&r=g","caption":"Preot paroh Horvat Petru"},"sameAs":["https:\/\/mhf.ro\/mm"],"url":"https:\/\/mhf.ro\/mm\/author\/petrica\/"}]}},"_links":{"self":[{"href":"https:\/\/mhf.ro\/mm\/wp-json\/wp\/v2\/posts\/8412","targetHints":{"allow":["GET"]}}],"collection":[{"href":"https:\/\/mhf.ro\/mm\/wp-json\/wp\/v2\/posts"}],"about":[{"href":"https:\/\/mhf.ro\/mm\/wp-json\/wp\/v2\/types\/post"}],"author":[{"embeddable":true,"href":"https:\/\/mhf.ro\/mm\/wp-json\/wp\/v2\/users\/4"}],"replies":[{"embeddable":true,"href":"https:\/\/mhf.ro\/mm\/wp-json\/wp\/v2\/comments?post=8412"}],"version-history":[{"count":1,"href":"https:\/\/mhf.ro\/mm\/wp-json\/wp\/v2\/posts\/8412\/revisions"}],"predecessor-version":[{"id":8414,"href":"https:\/\/mhf.ro\/mm\/wp-json\/wp\/v2\/posts\/8412\/revisions\/8414"}],"wp:featuredmedia":[{"embeddable":true,"href":"https:\/\/mhf.ro\/mm\/wp-json\/wp\/v2\/media\/8413"}],"wp:attachment":[{"href":"https:\/\/mhf.ro\/mm\/wp-json\/wp\/v2\/media?parent=8412"}],"wp:term":[{"taxonomy":"category","embeddable":true,"href":"https:\/\/mhf.ro\/mm\/wp-json\/wp\/v2\/categories?post=8412"},{"taxonomy":"post_tag","embeddable":true,"href":"https:\/\/mhf.ro\/mm\/wp-json\/wp\/v2\/tags?post=8412"}],"curies":[{"name":"wp","href":"https:\/\/api.w.org\/{rel}","templated":true}]}}