{"id":8415,"date":"2022-09-10T09:26:42","date_gmt":"2022-09-10T07:26:42","guid":{"rendered":"https:\/\/mhf.ro\/mm\/?p=8415"},"modified":"2022-09-08T19:49:08","modified_gmt":"2022-09-08T17:49:08","slug":"duminica-inaintea-inaltarii-sfintei-cruci-lecturi-biblice","status":"publish","type":"post","link":"https:\/\/mhf.ro\/mm\/duminica-inaintea-inaltarii-sfintei-cruci-lecturi-biblice\/","title":{"rendered":"Duminica \u00eenaintea \u00een\u0103l\u021b\u0103rii Sfintei Cruci. Lecturi biblice"},"content":{"rendered":"<p>Ev. Ioan 3, 13-17<\/p>\n<div class=\"large-9 main columns\">\n<div id=\"taxonomie_rugaciuni\" class=\"clearfix\">\n<article id=\"node-25757\" class=\"node node-evanghelie view-mode-full\">\n<div class=\"body field\">\n<p class=\"rtejustify\">Zis-a Domnul: Nimeni nu s-a suit la Cer\u00a0dec\u00e2t Cel ce S-a cobor\u00e2t din Cer, Fiul Omului, Care este \u00een Cer. \u0218i, dup\u0103 cum Moise a \u00een\u0103l\u021bat \u0219arpele \u00een pustie, a\u0219a trebuie s\u0103 Se \u00eenal\u021be Fiul Omului, ca tot cel ce crede \u00een El s\u0103 nu piar\u0103, ci s\u0103 aib\u0103 via\u021b\u0103 ve\u0219nic\u0103. Pentru c\u0103\u00a0Dumnezeu a\u0219a a iubit lumea, \u00eenc\u00e2t pe Fiul S\u0103u Cel Unul-N\u0103scut L-a dat, ca oricine crede \u00een El\u00a0s\u0103 nu piar\u0103, ci s\u0103 aib\u0103 via\u021b\u0103 ve\u0219nic\u0103. Fiindc\u0103 n-a trimis Dumnezeu pe Fiul S\u0103u \u00een lume ca s\u0103 judece lumea, ci ca s\u0103 se m\u00e2ntuiasc\u0103 prin El\u00a0lumea.<\/p>\n<div class=\"region-title-page\">\n<h1 id=\"page-title\" class=\"title\">Galateni 6, 11-18<\/h1>\n<\/div>\n<div class=\"large-9 main columns\">\n<div id=\"taxonomie_rugaciuni\" class=\"clearfix\">\n<article id=\"node-25642\" class=\"node node-evanghelie view-mode-full\">\n<div class=\"body field\">\n<p class=\"rtejustify\">Fra\u021bilor, vede\u021bi cu ce fel de litere v-am scris eu, cu m\u00e2na mea. C\u00e2\u021bi vor s\u0103 plac\u0103 \u00een trup, aceia v\u0103 silesc s\u0103 v\u0103 t\u0103ia\u021bi \u00eemprejur, numai ca s\u0103 nu fie prigoni\u021bi pentru crucea lui Hristos, c\u0103ci nici ei singuri, cei ce se taie \u00eemprejur, nu p\u0103zesc Legea, ci voiesc s\u0103 v\u0103 t\u0103ia\u021bi voi \u00eemprejur, ca s\u0103 se laude ei \u00een trupul vostru. Iar mie s\u0103 nu-mi fie a m\u0103 l\u0103uda, dec\u00e2t numai \u00een crucea Domnului nostru Iisus Hristos\u00a0prin care lumea este r\u0103stignit\u0103 pentru mine, \u0219i eu pentru lume! C\u0103, \u00een Hristos Iisus, nici t\u0103ierea \u00eemprejur nu este ceva, nici net\u0103ierea \u00eemprejur, ci f\u0103ptura cea nou\u0103. \u0218i, c\u00e2\u021bi vor umbla dup\u0103 dreptarul acesta, pace \u0219i mil\u0103 asupra lor \u0219i asupra Israelului lui Dumnezeu! De acum \u00eenainte, nimeni s\u0103 nu-mi mai fac\u0103 sup\u0103rare, c\u0103\u00a0eu port, \u00een trupul meu, semnele Domnului Iisus. Harul Domnului nostru Iisus Hristos s\u0103 fie cu duhul vostru, fra\u021bilor! Amin.<\/p>\n<\/div>\n<\/article>\n<\/div>\n<\/div>\n<\/div>\n<\/article>\n<\/div>\n<\/div>\n","protected":false},"excerpt":{"rendered":"<p>Ev. Ioan 3, 13-17 Zis-a Domnul: Nimeni nu s-a suit la Cer\u00a0dec\u00e2t Cel ce S-a cobor\u00e2t din Cer, Fiul Omului,<\/p>\n","protected":false},"author":4,"featured_media":8416,"comment_status":"open","ping_status":"open","sticky":false,"template":"","format":"standard","meta":{"colormag_page_container_layout":"default_layout","colormag_page_sidebar_layout":"default_layout","footnotes":""},"categories":[34],"tags":[],"class_list":["post-8415","post","type-post","status-publish","format-standard","has-post-thumbnail","hentry","category-religie"],"yoast_head":"<!-- This site is optimized with the Yoast SEO plugin v27.0 - https:\/\/yoast.com\/product\/yoast-seo-wordpress\/ -->\n<title>Duminica \u00eenaintea \u00een\u0103l\u021b\u0103rii Sfintei Cruci. Lecturi biblice - MHF Photography<\/title>\n<meta name=\"robots\" content=\"index, follow, max-snippet:-1, max-image-preview:large, max-video-preview:-1\" \/>\n<link rel=\"canonical\" href=\"https:\/\/mhf.ro\/mm\/duminica-inaintea-inaltarii-sfintei-cruci-lecturi-biblice\/\" \/>\n<meta property=\"og:locale\" content=\"ro_RO\" \/>\n<meta property=\"og:type\" content=\"article\" \/>\n<meta property=\"og:title\" content=\"Duminica \u00eenaintea \u00een\u0103l\u021b\u0103rii Sfintei Cruci. Lecturi biblice - MHF Photography\" \/>\n<meta property=\"og:description\" content=\"Ev. Ioan 3, 13-17 Zis-a Domnul: Nimeni nu s-a suit la Cer\u00a0dec\u00e2t Cel ce S-a cobor\u00e2t din Cer, Fiul Omului,\" \/>\n<meta property=\"og:url\" content=\"https:\/\/mhf.ro\/mm\/duminica-inaintea-inaltarii-sfintei-cruci-lecturi-biblice\/\" \/>\n<meta property=\"og:site_name\" content=\"MHF Photography\" \/>\n<meta property=\"article:published_time\" content=\"2022-09-10T07:26:42+00:00\" \/>\n<meta property=\"og:image\" content=\"https:\/\/mhf.ro\/mm\/wp-content\/uploads\/2022\/09\/sf-cruce.jpg\" \/>\n\t<meta property=\"og:image:width\" content=\"260\" \/>\n\t<meta property=\"og:image:height\" content=\"194\" \/>\n\t<meta property=\"og:image:type\" content=\"image\/jpeg\" \/>\n<meta name=\"author\" content=\"Preot paroh Horvat Petru\" \/>\n<meta name=\"twitter:card\" content=\"summary_large_image\" \/>\n<meta name=\"twitter:label1\" content=\"Scris de\" \/>\n\t<meta name=\"twitter:data1\" content=\"Preot paroh Horvat Petru\" \/>\n\t<meta name=\"twitter:label2\" content=\"Timp estimat pentru citire\" \/>\n\t<meta name=\"twitter:data2\" content=\"2 minute\" \/>\n<script type=\"application\/ld+json\" class=\"yoast-schema-graph\">{\"@context\":\"https:\/\/schema.org\",\"@graph\":[{\"@type\":\"Article\",\"@id\":\"https:\/\/mhf.ro\/mm\/duminica-inaintea-inaltarii-sfintei-cruci-lecturi-biblice\/#article\",\"isPartOf\":{\"@id\":\"https:\/\/mhf.ro\/mm\/duminica-inaintea-inaltarii-sfintei-cruci-lecturi-biblice\/\"},\"author\":{\"name\":\"Preot paroh Horvat Petru\",\"@id\":\"https:\/\/mhf.ro\/mm\/#\/schema\/person\/4c8c06c801b7b666e81ed44550086900\"},\"headline\":\"Duminica \u00eenaintea \u00een\u0103l\u021b\u0103rii Sfintei Cruci. Lecturi biblice\",\"datePublished\":\"2022-09-10T07:26:42+00:00\",\"mainEntityOfPage\":{\"@id\":\"https:\/\/mhf.ro\/mm\/duminica-inaintea-inaltarii-sfintei-cruci-lecturi-biblice\/\"},\"wordCount\":303,\"commentCount\":0,\"publisher\":{\"@id\":\"https:\/\/mhf.ro\/mm\/#\/schema\/person\/a3bebf7bdb4bf12f698aff73c7e46c21\"},\"image\":{\"@id\":\"https:\/\/mhf.ro\/mm\/duminica-inaintea-inaltarii-sfintei-cruci-lecturi-biblice\/#primaryimage\"},\"thumbnailUrl\":\"https:\/\/mhf.ro\/mm\/wp-content\/uploads\/2022\/09\/sf-cruce.jpg\",\"articleSection\":[\"Religie\"],\"inLanguage\":\"ro-RO\",\"potentialAction\":[{\"@type\":\"CommentAction\",\"name\":\"Comment\",\"target\":[\"https:\/\/mhf.ro\/mm\/duminica-inaintea-inaltarii-sfintei-cruci-lecturi-biblice\/#respond\"]}]},{\"@type\":\"WebPage\",\"@id\":\"https:\/\/mhf.ro\/mm\/duminica-inaintea-inaltarii-sfintei-cruci-lecturi-biblice\/\",\"url\":\"https:\/\/mhf.ro\/mm\/duminica-inaintea-inaltarii-sfintei-cruci-lecturi-biblice\/\",\"name\":\"Duminica \u00eenaintea \u00een\u0103l\u021b\u0103rii Sfintei Cruci. Lecturi biblice - MHF Photography\",\"isPartOf\":{\"@id\":\"https:\/\/mhf.ro\/mm\/#website\"},\"primaryImageOfPage\":{\"@id\":\"https:\/\/mhf.ro\/mm\/duminica-inaintea-inaltarii-sfintei-cruci-lecturi-biblice\/#primaryimage\"},\"image\":{\"@id\":\"https:\/\/mhf.ro\/mm\/duminica-inaintea-inaltarii-sfintei-cruci-lecturi-biblice\/#primaryimage\"},\"thumbnailUrl\":\"https:\/\/mhf.ro\/mm\/wp-content\/uploads\/2022\/09\/sf-cruce.jpg\",\"datePublished\":\"2022-09-10T07:26:42+00:00\",\"breadcrumb\":{\"@id\":\"https:\/\/mhf.ro\/mm\/duminica-inaintea-inaltarii-sfintei-cruci-lecturi-biblice\/#breadcrumb\"},\"inLanguage\":\"ro-RO\",\"potentialAction\":[{\"@type\":\"ReadAction\",\"target\":[\"https:\/\/mhf.ro\/mm\/duminica-inaintea-inaltarii-sfintei-cruci-lecturi-biblice\/\"]}]},{\"@type\":\"ImageObject\",\"inLanguage\":\"ro-RO\",\"@id\":\"https:\/\/mhf.ro\/mm\/duminica-inaintea-inaltarii-sfintei-cruci-lecturi-biblice\/#primaryimage\",\"url\":\"https:\/\/mhf.ro\/mm\/wp-content\/uploads\/2022\/09\/sf-cruce.jpg\",\"contentUrl\":\"https:\/\/mhf.ro\/mm\/wp-content\/uploads\/2022\/09\/sf-cruce.jpg\",\"width\":260,\"height\":194},{\"@type\":\"BreadcrumbList\",\"@id\":\"https:\/\/mhf.ro\/mm\/duminica-inaintea-inaltarii-sfintei-cruci-lecturi-biblice\/#breadcrumb\",\"itemListElement\":[{\"@type\":\"ListItem\",\"position\":1,\"name\":\"Prima pagin\u0103\",\"item\":\"https:\/\/mhf.ro\/mm\/\"},{\"@type\":\"ListItem\",\"position\":2,\"name\":\"Duminica \u00eenaintea \u00een\u0103l\u021b\u0103rii Sfintei Cruci. Lecturi biblice\"}]},{\"@type\":\"WebSite\",\"@id\":\"https:\/\/mhf.ro\/mm\/#website\",\"url\":\"https:\/\/mhf.ro\/mm\/\",\"name\":\"MHF Photography \u2013 Blog de fotografie, natur\u0103 \u0219i tehnic\u0103 divers\u0103\",\"description\":\"Aventur\u0103 \u00een fiecare cadru.\",\"publisher\":{\"@id\":\"https:\/\/mhf.ro\/mm\/#\/schema\/person\/a3bebf7bdb4bf12f698aff73c7e46c21\"},\"potentialAction\":[{\"@type\":\"SearchAction\",\"target\":{\"@type\":\"EntryPoint\",\"urlTemplate\":\"https:\/\/mhf.ro\/mm\/?s={search_term_string}\"},\"query-input\":{\"@type\":\"PropertyValueSpecification\",\"valueRequired\":true,\"valueName\":\"search_term_string\"}}],\"inLanguage\":\"ro-RO\"},{\"@type\":[\"Person\",\"Organization\"],\"@id\":\"https:\/\/mhf.ro\/mm\/#\/schema\/person\/a3bebf7bdb4bf12f698aff73c7e46c21\",\"name\":\"Marius Marcu\",\"image\":{\"@type\":\"ImageObject\",\"inLanguage\":\"ro-RO\",\"@id\":\"https:\/\/mhf.ro\/mm\/#\/schema\/person\/image\/\",\"url\":\"https:\/\/mhf.ro\/mm\/wp-content\/uploads\/2025\/12\/cropped-logo_mhf_2.png\",\"contentUrl\":\"https:\/\/mhf.ro\/mm\/wp-content\/uploads\/2025\/12\/cropped-logo_mhf_2.png\",\"width\":1096,\"height\":457,\"caption\":\"Marius Marcu\"},\"logo\":{\"@id\":\"https:\/\/mhf.ro\/mm\/#\/schema\/person\/image\/\"},\"sameAs\":[\"https:\/\/mhf.ro\/mm\"]},{\"@type\":\"Person\",\"@id\":\"https:\/\/mhf.ro\/mm\/#\/schema\/person\/4c8c06c801b7b666e81ed44550086900\",\"name\":\"Preot paroh Horvat Petru\",\"image\":{\"@type\":\"ImageObject\",\"inLanguage\":\"ro-RO\",\"@id\":\"https:\/\/mhf.ro\/mm\/#\/schema\/person\/image\/\",\"url\":\"https:\/\/secure.gravatar.com\/avatar\/c2d2dcdf21c6f41aad486d71768c144cd6e23cb7b63bae9bd6fab542b26ad321?s=96&d=monsterid&r=g\",\"contentUrl\":\"https:\/\/secure.gravatar.com\/avatar\/c2d2dcdf21c6f41aad486d71768c144cd6e23cb7b63bae9bd6fab542b26ad321?s=96&d=monsterid&r=g\",\"caption\":\"Preot paroh Horvat Petru\"},\"sameAs\":[\"https:\/\/mhf.ro\/mm\"],\"url\":\"https:\/\/mhf.ro\/mm\/author\/petrica\/\"}]}<\/script>\n<!-- \/ Yoast SEO plugin. -->","yoast_head_json":{"title":"Duminica \u00eenaintea \u00een\u0103l\u021b\u0103rii Sfintei Cruci. Lecturi biblice - MHF Photography","robots":{"index":"index","follow":"follow","max-snippet":"max-snippet:-1","max-image-preview":"max-image-preview:large","max-video-preview":"max-video-preview:-1"},"canonical":"https:\/\/mhf.ro\/mm\/duminica-inaintea-inaltarii-sfintei-cruci-lecturi-biblice\/","og_locale":"ro_RO","og_type":"article","og_title":"Duminica \u00eenaintea \u00een\u0103l\u021b\u0103rii Sfintei Cruci. Lecturi biblice - MHF Photography","og_description":"Ev. Ioan 3, 13-17 Zis-a Domnul: Nimeni nu s-a suit la Cer\u00a0dec\u00e2t Cel ce S-a cobor\u00e2t din Cer, Fiul Omului,","og_url":"https:\/\/mhf.ro\/mm\/duminica-inaintea-inaltarii-sfintei-cruci-lecturi-biblice\/","og_site_name":"MHF Photography","article_published_time":"2022-09-10T07:26:42+00:00","og_image":[{"width":260,"height":194,"url":"https:\/\/mhf.ro\/mm\/wp-content\/uploads\/2022\/09\/sf-cruce.jpg","type":"image\/jpeg"}],"author":"Preot paroh Horvat Petru","twitter_card":"summary_large_image","twitter_misc":{"Scris de":"Preot paroh Horvat Petru","Timp estimat pentru citire":"2 minute"},"schema":{"@context":"https:\/\/schema.org","@graph":[{"@type":"Article","@id":"https:\/\/mhf.ro\/mm\/duminica-inaintea-inaltarii-sfintei-cruci-lecturi-biblice\/#article","isPartOf":{"@id":"https:\/\/mhf.ro\/mm\/duminica-inaintea-inaltarii-sfintei-cruci-lecturi-biblice\/"},"author":{"name":"Preot paroh Horvat Petru","@id":"https:\/\/mhf.ro\/mm\/#\/schema\/person\/4c8c06c801b7b666e81ed44550086900"},"headline":"Duminica \u00eenaintea \u00een\u0103l\u021b\u0103rii Sfintei Cruci. Lecturi biblice","datePublished":"2022-09-10T07:26:42+00:00","mainEntityOfPage":{"@id":"https:\/\/mhf.ro\/mm\/duminica-inaintea-inaltarii-sfintei-cruci-lecturi-biblice\/"},"wordCount":303,"commentCount":0,"publisher":{"@id":"https:\/\/mhf.ro\/mm\/#\/schema\/person\/a3bebf7bdb4bf12f698aff73c7e46c21"},"image":{"@id":"https:\/\/mhf.ro\/mm\/duminica-inaintea-inaltarii-sfintei-cruci-lecturi-biblice\/#primaryimage"},"thumbnailUrl":"https:\/\/mhf.ro\/mm\/wp-content\/uploads\/2022\/09\/sf-cruce.jpg","articleSection":["Religie"],"inLanguage":"ro-RO","potentialAction":[{"@type":"CommentAction","name":"Comment","target":["https:\/\/mhf.ro\/mm\/duminica-inaintea-inaltarii-sfintei-cruci-lecturi-biblice\/#respond"]}]},{"@type":"WebPage","@id":"https:\/\/mhf.ro\/mm\/duminica-inaintea-inaltarii-sfintei-cruci-lecturi-biblice\/","url":"https:\/\/mhf.ro\/mm\/duminica-inaintea-inaltarii-sfintei-cruci-lecturi-biblice\/","name":"Duminica \u00eenaintea \u00een\u0103l\u021b\u0103rii Sfintei Cruci. Lecturi biblice - MHF Photography","isPartOf":{"@id":"https:\/\/mhf.ro\/mm\/#website"},"primaryImageOfPage":{"@id":"https:\/\/mhf.ro\/mm\/duminica-inaintea-inaltarii-sfintei-cruci-lecturi-biblice\/#primaryimage"},"image":{"@id":"https:\/\/mhf.ro\/mm\/duminica-inaintea-inaltarii-sfintei-cruci-lecturi-biblice\/#primaryimage"},"thumbnailUrl":"https:\/\/mhf.ro\/mm\/wp-content\/uploads\/2022\/09\/sf-cruce.jpg","datePublished":"2022-09-10T07:26:42+00:00","breadcrumb":{"@id":"https:\/\/mhf.ro\/mm\/duminica-inaintea-inaltarii-sfintei-cruci-lecturi-biblice\/#breadcrumb"},"inLanguage":"ro-RO","potentialAction":[{"@type":"ReadAction","target":["https:\/\/mhf.ro\/mm\/duminica-inaintea-inaltarii-sfintei-cruci-lecturi-biblice\/"]}]},{"@type":"ImageObject","inLanguage":"ro-RO","@id":"https:\/\/mhf.ro\/mm\/duminica-inaintea-inaltarii-sfintei-cruci-lecturi-biblice\/#primaryimage","url":"https:\/\/mhf.ro\/mm\/wp-content\/uploads\/2022\/09\/sf-cruce.jpg","contentUrl":"https:\/\/mhf.ro\/mm\/wp-content\/uploads\/2022\/09\/sf-cruce.jpg","width":260,"height":194},{"@type":"BreadcrumbList","@id":"https:\/\/mhf.ro\/mm\/duminica-inaintea-inaltarii-sfintei-cruci-lecturi-biblice\/#breadcrumb","itemListElement":[{"@type":"ListItem","position":1,"name":"Prima pagin\u0103","item":"https:\/\/mhf.ro\/mm\/"},{"@type":"ListItem","position":2,"name":"Duminica \u00eenaintea \u00een\u0103l\u021b\u0103rii Sfintei Cruci. Lecturi biblice"}]},{"@type":"WebSite","@id":"https:\/\/mhf.ro\/mm\/#website","url":"https:\/\/mhf.ro\/mm\/","name":"MHF Photography \u2013 Blog de fotografie, natur\u0103 \u0219i tehnic\u0103 divers\u0103","description":"Aventur\u0103 \u00een fiecare cadru.","publisher":{"@id":"https:\/\/mhf.ro\/mm\/#\/schema\/person\/a3bebf7bdb4bf12f698aff73c7e46c21"},"potentialAction":[{"@type":"SearchAction","target":{"@type":"EntryPoint","urlTemplate":"https:\/\/mhf.ro\/mm\/?s={search_term_string}"},"query-input":{"@type":"PropertyValueSpecification","valueRequired":true,"valueName":"search_term_string"}}],"inLanguage":"ro-RO"},{"@type":["Person","Organization"],"@id":"https:\/\/mhf.ro\/mm\/#\/schema\/person\/a3bebf7bdb4bf12f698aff73c7e46c21","name":"Marius Marcu","image":{"@type":"ImageObject","inLanguage":"ro-RO","@id":"https:\/\/mhf.ro\/mm\/#\/schema\/person\/image\/","url":"https:\/\/mhf.ro\/mm\/wp-content\/uploads\/2025\/12\/cropped-logo_mhf_2.png","contentUrl":"https:\/\/mhf.ro\/mm\/wp-content\/uploads\/2025\/12\/cropped-logo_mhf_2.png","width":1096,"height":457,"caption":"Marius Marcu"},"logo":{"@id":"https:\/\/mhf.ro\/mm\/#\/schema\/person\/image\/"},"sameAs":["https:\/\/mhf.ro\/mm"]},{"@type":"Person","@id":"https:\/\/mhf.ro\/mm\/#\/schema\/person\/4c8c06c801b7b666e81ed44550086900","name":"Preot paroh Horvat Petru","image":{"@type":"ImageObject","inLanguage":"ro-RO","@id":"https:\/\/mhf.ro\/mm\/#\/schema\/person\/image\/","url":"https:\/\/secure.gravatar.com\/avatar\/c2d2dcdf21c6f41aad486d71768c144cd6e23cb7b63bae9bd6fab542b26ad321?s=96&d=monsterid&r=g","contentUrl":"https:\/\/secure.gravatar.com\/avatar\/c2d2dcdf21c6f41aad486d71768c144cd6e23cb7b63bae9bd6fab542b26ad321?s=96&d=monsterid&r=g","caption":"Preot paroh Horvat Petru"},"sameAs":["https:\/\/mhf.ro\/mm"],"url":"https:\/\/mhf.ro\/mm\/author\/petrica\/"}]}},"_links":{"self":[{"href":"https:\/\/mhf.ro\/mm\/wp-json\/wp\/v2\/posts\/8415","targetHints":{"allow":["GET"]}}],"collection":[{"href":"https:\/\/mhf.ro\/mm\/wp-json\/wp\/v2\/posts"}],"about":[{"href":"https:\/\/mhf.ro\/mm\/wp-json\/wp\/v2\/types\/post"}],"author":[{"embeddable":true,"href":"https:\/\/mhf.ro\/mm\/wp-json\/wp\/v2\/users\/4"}],"replies":[{"embeddable":true,"href":"https:\/\/mhf.ro\/mm\/wp-json\/wp\/v2\/comments?post=8415"}],"version-history":[{"count":1,"href":"https:\/\/mhf.ro\/mm\/wp-json\/wp\/v2\/posts\/8415\/revisions"}],"predecessor-version":[{"id":8417,"href":"https:\/\/mhf.ro\/mm\/wp-json\/wp\/v2\/posts\/8415\/revisions\/8417"}],"wp:featuredmedia":[{"embeddable":true,"href":"https:\/\/mhf.ro\/mm\/wp-json\/wp\/v2\/media\/8416"}],"wp:attachment":[{"href":"https:\/\/mhf.ro\/mm\/wp-json\/wp\/v2\/media?parent=8415"}],"wp:term":[{"taxonomy":"category","embeddable":true,"href":"https:\/\/mhf.ro\/mm\/wp-json\/wp\/v2\/categories?post=8415"},{"taxonomy":"post_tag","embeddable":true,"href":"https:\/\/mhf.ro\/mm\/wp-json\/wp\/v2\/tags?post=8415"}],"curies":[{"name":"wp","href":"https:\/\/api.w.org\/{rel}","templated":true}]}}