{"id":8461,"date":"2022-09-15T07:24:27","date_gmt":"2022-09-15T05:24:27","guid":{"rendered":"https:\/\/mhf.ro\/mm\/?p=8461"},"modified":"2022-09-15T07:24:27","modified_gmt":"2022-09-15T05:24:27","slug":"14-septembrie-ziua-crucii","status":"publish","type":"post","link":"https:\/\/mhf.ro\/mm\/14-septembrie-ziua-crucii\/","title":{"rendered":"14 septembrie-ziua Crucii"},"content":{"rendered":"<p>&nbsp;<\/p>\n<p>Sf\u00e2nta \u015fi cinstita Cruce pe care o s\u0103rb\u0103torim este de fapt lemnul Crucii pe care Domnul Hristos a fost r\u0103stignit pentru m\u00e2ntuirea noastr\u0103. Precum se \u015ftie, cinstirea Sfintei Cruci \u00eencepe din timpul Apostolilor.<\/p>\n<p>Sf\u00e2ntul Apostol Pavel scria galatenilor, vorbind despre taina Crucii: \u201e<em>Iar mie, s\u0103 nu-mi fie a m\u0103 l\u0103uda dec\u00e2t numai \u00een Crucea Domnului nostru Iisus Hristos,<\/em>\u00a0prin care lumea este r\u0103stignit\u0103 pentru mine \u015fi eu pentru lume\u201d (<em>Galateni<\/em>\u00a06, 14). Iar, \u00een alt\u0103 parte, tot el spune: \u201e<em>Cuv\u00e2ntul Crucii, pentru cei ce pier este nebunie, iar pentru noi, cei ce ne m\u00e2ntuim, este puterea lui Dumnezeu<\/em>\u201d (<em>1 Corinteni<\/em>\u00a01, 18).<\/p>\n<p>Cu aceast\u0103 cinstire fa\u0163\u0103 de taina Crucii au str\u0103b\u0103tut cre\u015ftinii tot timpul prigoanelor, trei sute de ani, p\u00e2n\u0103 \u00een vremea c\u00e2nd a ajuns \u00eemp\u0103rat la Roma Constantin cel Mare (306-337). Vremea marelui \u00eemp\u0103rat, la r\u00e2ndul ei, a fost pentru cre\u015ftin\u0103tate ca o adev\u0103rat\u0103 na\u015ftere din nou a evlaviei fa\u0163\u0103 de Sf\u00e2nta Cruce, mo\u015ftenit\u0103 de la Apostoli.<\/p>\n<p>Mai \u00eent\u00e2i \u00eemp\u0103ratul Constantin \u00eensu\u015fi s-a cre\u015ftinat, printr-un semn ceresc, ca \u015fi Sf\u00e2ntul Apostol Pavel pe drumul Damascului, \u015fi anume prin ar\u0103tarea, \u00een amiaza zilei, pe cer, a semnului Sfintei Cruci, alc\u0103tuit\u0103 din stele \u015fi cu \u00eendemnul din stele alc\u0103tuit: \u201ePrin acest semn vei \u00eenvinge!\u201d.<\/p>\n<p>Se \u015ftie c\u0103, ajuns singur st\u0103p\u00e2nitor peste toat\u0103 \u00eemp\u0103r\u0103\u0163ia romanilor, marele Constantin a trimis pe maica sa, Sf\u00e2nta Elena, \u00een \u0162ara Sf\u00e2nt\u0103, spre cercetarea \u015fi \u00eennoirea Sfintelor Locuri \u015fi spre c\u0103utarea lemnului Crucii Domnului.<\/p>\n<p>Deci, pe c\u00e2nd se s\u0103pa p\u0103m\u00e2ntul pentru temeliile marii biserici a \u00cenvierii Domnului, prin dumnezeiasca purtare de grij\u0103 s-au aflat, nu departe de Sf\u00e2ntul Morm\u00e2nt, trei cruci, adic\u0103 Crucea lui Hristos \u015fi cele dou\u0103 cruci pe care au p\u0103timit t\u00e2lharii.<\/p>\n<p>\u015ei nu numai crucile, ci \u015fi piroanele le-au aflat.<\/p>\n<p>\u015ei a fost descoperirea aceasta a Crucii Domnului ca o zguduire a \u00eentregii cre\u015ftin\u0103t\u0103\u0163i \u015fi, de atunci, a \u00eenceput a se pr\u0103znui \u00een fiecare an \u00cen\u0103l\u0163area Cinstitei Cruci, la 14 septembrie.<\/p>\n<p>Per\u015fii au cucerit Ierusalimul \u00een anul 614 \u015fi l-au jefuit, lu\u00e2nd \u00eentre alte odoare de pre\u0163 \u015fi lemnul Sfintei Cruci \u015fi duc\u00e2ndu-l \u00een capitala lor, la Ctesifon. Dar \u00eemp\u0103ratul Heraclie a trecut la lupt\u0103 \u015fi a \u00eenvins pe per\u0219i aduc\u00e2nd\u00a0\u00eenapoi, la Ierusalim, lemnul Crucii, care a fost \u00eencredin\u0163at, \u00een anul 629, Sf\u00e2ntului Zaharia, patriarhul \u0162\u0103rii Sfinte. \u00cen anul 633, \u00eemp\u0103ratul Heraclie a mutat cea mai mare parte din lemnul Crucii, de la Ierusalim, \u00een capitala sa, Constantinopol.<\/p>\n<p>Dar de atunci, la \u00cen\u0103l\u0163area Sfintei Cruci, la 14 septembrie, se pr\u0103znuie\u015fte \u015fi aceast\u0103 biruin\u0163\u0103 a Crucii Domnului asupra per\u015filor. \u00cen afar\u0103 de acest praznic, Biserica Ortodox\u0103 cinste\u015fte, de \u00eenc\u0103 trei ori pe an, Sf\u00e2nta Cruce: \u00een\u00a0<em>a treia duminic\u0103 din Postul Mare, la 7 mai \u015fi la 1 august<\/em>.<\/p>\n<p>Din mult\u0103 evlavie, lemnul Sfintei Cruci a fost \u00eemp\u0103r\u0163it \u00een p\u0103rticele mici \u015fi trimis la diferite biserici. Dar, ca \u201eputere a lui Dumnezeu\u201d, Crucea Domnului r\u0103m\u00e2ne una \u015fi p\u0103streaz\u0103 \u00een lume taina \u015fi lucrarea ei, vie \u015fi \u00eentreag\u0103.<\/p>\n<p>Ea r\u0103m\u00e2ne \u00een veci cel mai sf\u00e2nt Altar al celei mai \u00eenalte Jertfe: dumnezeiasca Jertf\u0103 a R\u0103scump\u0103r\u0103rii lumii \u00eentregi \u015fi a noastr\u0103, a tuturor, o dat\u0103 pentru totdeauna. Acestei Cruci prin care se arat\u0103 \u201eputerea lui Dumnezeu\u201d ne \u00eenchin\u0103m spun\u00e2nd: \u201e<em>Crucii Tale ne \u00eenchin\u0103m, St\u0103p\u00e2ne, \u015fi sf\u00e2nt\u0103 \u00cenvierea Ta o l\u0103ud\u0103m \u015fi o sl\u0103vim<\/em>\u201d. Amin.<\/p>\n<p>Spre deosebire de alte s\u0103rb\u0103tori \u0219i praznice,\u00a0<strong>\u00cen\u0103l\u0163area Sfintei Cruci<\/strong> este cinstit\u0103 prin post, \u00een orice zi a s\u0103pt\u0103m\u00e2nii ar c\u0103dea.<\/p>\n","protected":false},"excerpt":{"rendered":"<p>&nbsp; Sf\u00e2nta \u015fi cinstita Cruce pe care o s\u0103rb\u0103torim este de fapt lemnul Crucii pe care Domnul Hristos a fost<\/p>\n","protected":false},"author":4,"featured_media":8462,"comment_status":"open","ping_status":"open","sticky":false,"template":"","format":"standard","meta":{"colormag_page_container_layout":"default_layout","colormag_page_sidebar_layout":"default_layout","footnotes":""},"categories":[34],"tags":[],"class_list":["post-8461","post","type-post","status-publish","format-standard","has-post-thumbnail","hentry","category-religie"],"yoast_head":"<!-- This site is optimized with the Yoast SEO plugin v27.0 - https:\/\/yoast.com\/product\/yoast-seo-wordpress\/ -->\n<title>14 septembrie-ziua Crucii - MHF Photography<\/title>\n<meta name=\"robots\" content=\"index, follow, max-snippet:-1, max-image-preview:large, max-video-preview:-1\" \/>\n<link rel=\"canonical\" href=\"https:\/\/mhf.ro\/mm\/14-septembrie-ziua-crucii\/\" \/>\n<meta property=\"og:locale\" content=\"ro_RO\" \/>\n<meta property=\"og:type\" content=\"article\" \/>\n<meta property=\"og:title\" content=\"14 septembrie-ziua Crucii - MHF Photography\" \/>\n<meta property=\"og:description\" content=\"&nbsp; Sf\u00e2nta \u015fi cinstita Cruce pe care o s\u0103rb\u0103torim este de fapt lemnul Crucii pe care Domnul Hristos a fost\" \/>\n<meta property=\"og:url\" content=\"https:\/\/mhf.ro\/mm\/14-septembrie-ziua-crucii\/\" \/>\n<meta property=\"og:site_name\" content=\"MHF Photography\" \/>\n<meta property=\"article:published_time\" content=\"2022-09-15T05:24:27+00:00\" \/>\n<meta property=\"og:image\" content=\"https:\/\/mhf.ro\/mm\/wp-content\/uploads\/2022\/09\/inaltarea-sf-cruci.jpg\" \/>\n\t<meta property=\"og:image:width\" content=\"262\" \/>\n\t<meta property=\"og:image:height\" content=\"193\" \/>\n\t<meta property=\"og:image:type\" content=\"image\/jpeg\" \/>\n<meta name=\"author\" content=\"Preot paroh Horvat Petru\" \/>\n<meta name=\"twitter:card\" content=\"summary_large_image\" \/>\n<meta name=\"twitter:label1\" content=\"Scris de\" \/>\n\t<meta name=\"twitter:data1\" content=\"Preot paroh Horvat Petru\" \/>\n\t<meta name=\"twitter:label2\" content=\"Timp estimat pentru citire\" \/>\n\t<meta name=\"twitter:data2\" content=\"4 minute\" \/>\n<script type=\"application\/ld+json\" class=\"yoast-schema-graph\">{\"@context\":\"https:\/\/schema.org\",\"@graph\":[{\"@type\":\"Article\",\"@id\":\"https:\/\/mhf.ro\/mm\/14-septembrie-ziua-crucii\/#article\",\"isPartOf\":{\"@id\":\"https:\/\/mhf.ro\/mm\/14-septembrie-ziua-crucii\/\"},\"author\":{\"name\":\"Preot paroh Horvat Petru\",\"@id\":\"https:\/\/mhf.ro\/mm\/#\/schema\/person\/4c8c06c801b7b666e81ed44550086900\"},\"headline\":\"14 septembrie-ziua Crucii\",\"datePublished\":\"2022-09-15T05:24:27+00:00\",\"mainEntityOfPage\":{\"@id\":\"https:\/\/mhf.ro\/mm\/14-septembrie-ziua-crucii\/\"},\"wordCount\":649,\"commentCount\":0,\"publisher\":{\"@id\":\"https:\/\/mhf.ro\/mm\/#\/schema\/person\/a3bebf7bdb4bf12f698aff73c7e46c21\"},\"image\":{\"@id\":\"https:\/\/mhf.ro\/mm\/14-septembrie-ziua-crucii\/#primaryimage\"},\"thumbnailUrl\":\"https:\/\/mhf.ro\/mm\/wp-content\/uploads\/2022\/09\/inaltarea-sf-cruci.jpg\",\"articleSection\":[\"Religie\"],\"inLanguage\":\"ro-RO\",\"potentialAction\":[{\"@type\":\"CommentAction\",\"name\":\"Comment\",\"target\":[\"https:\/\/mhf.ro\/mm\/14-septembrie-ziua-crucii\/#respond\"]}]},{\"@type\":\"WebPage\",\"@id\":\"https:\/\/mhf.ro\/mm\/14-septembrie-ziua-crucii\/\",\"url\":\"https:\/\/mhf.ro\/mm\/14-septembrie-ziua-crucii\/\",\"name\":\"14 septembrie-ziua Crucii - MHF Photography\",\"isPartOf\":{\"@id\":\"https:\/\/mhf.ro\/mm\/#website\"},\"primaryImageOfPage\":{\"@id\":\"https:\/\/mhf.ro\/mm\/14-septembrie-ziua-crucii\/#primaryimage\"},\"image\":{\"@id\":\"https:\/\/mhf.ro\/mm\/14-septembrie-ziua-crucii\/#primaryimage\"},\"thumbnailUrl\":\"https:\/\/mhf.ro\/mm\/wp-content\/uploads\/2022\/09\/inaltarea-sf-cruci.jpg\",\"datePublished\":\"2022-09-15T05:24:27+00:00\",\"breadcrumb\":{\"@id\":\"https:\/\/mhf.ro\/mm\/14-septembrie-ziua-crucii\/#breadcrumb\"},\"inLanguage\":\"ro-RO\",\"potentialAction\":[{\"@type\":\"ReadAction\",\"target\":[\"https:\/\/mhf.ro\/mm\/14-septembrie-ziua-crucii\/\"]}]},{\"@type\":\"ImageObject\",\"inLanguage\":\"ro-RO\",\"@id\":\"https:\/\/mhf.ro\/mm\/14-septembrie-ziua-crucii\/#primaryimage\",\"url\":\"https:\/\/mhf.ro\/mm\/wp-content\/uploads\/2022\/09\/inaltarea-sf-cruci.jpg\",\"contentUrl\":\"https:\/\/mhf.ro\/mm\/wp-content\/uploads\/2022\/09\/inaltarea-sf-cruci.jpg\",\"width\":262,\"height\":193},{\"@type\":\"BreadcrumbList\",\"@id\":\"https:\/\/mhf.ro\/mm\/14-septembrie-ziua-crucii\/#breadcrumb\",\"itemListElement\":[{\"@type\":\"ListItem\",\"position\":1,\"name\":\"Prima pagin\u0103\",\"item\":\"https:\/\/mhf.ro\/mm\/\"},{\"@type\":\"ListItem\",\"position\":2,\"name\":\"14 septembrie-ziua Crucii\"}]},{\"@type\":\"WebSite\",\"@id\":\"https:\/\/mhf.ro\/mm\/#website\",\"url\":\"https:\/\/mhf.ro\/mm\/\",\"name\":\"MHF Photography \u2013 Blog de fotografie, natur\u0103 \u0219i tehnic\u0103 divers\u0103\",\"description\":\"Aventur\u0103 \u00een fiecare cadru.\",\"publisher\":{\"@id\":\"https:\/\/mhf.ro\/mm\/#\/schema\/person\/a3bebf7bdb4bf12f698aff73c7e46c21\"},\"potentialAction\":[{\"@type\":\"SearchAction\",\"target\":{\"@type\":\"EntryPoint\",\"urlTemplate\":\"https:\/\/mhf.ro\/mm\/?s={search_term_string}\"},\"query-input\":{\"@type\":\"PropertyValueSpecification\",\"valueRequired\":true,\"valueName\":\"search_term_string\"}}],\"inLanguage\":\"ro-RO\"},{\"@type\":[\"Person\",\"Organization\"],\"@id\":\"https:\/\/mhf.ro\/mm\/#\/schema\/person\/a3bebf7bdb4bf12f698aff73c7e46c21\",\"name\":\"Marius Marcu\",\"image\":{\"@type\":\"ImageObject\",\"inLanguage\":\"ro-RO\",\"@id\":\"https:\/\/mhf.ro\/mm\/#\/schema\/person\/image\/\",\"url\":\"https:\/\/mhf.ro\/mm\/wp-content\/uploads\/2025\/12\/cropped-logo_mhf_2.png\",\"contentUrl\":\"https:\/\/mhf.ro\/mm\/wp-content\/uploads\/2025\/12\/cropped-logo_mhf_2.png\",\"width\":1096,\"height\":457,\"caption\":\"Marius Marcu\"},\"logo\":{\"@id\":\"https:\/\/mhf.ro\/mm\/#\/schema\/person\/image\/\"},\"sameAs\":[\"https:\/\/mhf.ro\/mm\"]},{\"@type\":\"Person\",\"@id\":\"https:\/\/mhf.ro\/mm\/#\/schema\/person\/4c8c06c801b7b666e81ed44550086900\",\"name\":\"Preot paroh Horvat Petru\",\"image\":{\"@type\":\"ImageObject\",\"inLanguage\":\"ro-RO\",\"@id\":\"https:\/\/mhf.ro\/mm\/#\/schema\/person\/image\/\",\"url\":\"https:\/\/secure.gravatar.com\/avatar\/c2d2dcdf21c6f41aad486d71768c144cd6e23cb7b63bae9bd6fab542b26ad321?s=96&d=monsterid&r=g\",\"contentUrl\":\"https:\/\/secure.gravatar.com\/avatar\/c2d2dcdf21c6f41aad486d71768c144cd6e23cb7b63bae9bd6fab542b26ad321?s=96&d=monsterid&r=g\",\"caption\":\"Preot paroh Horvat Petru\"},\"sameAs\":[\"https:\/\/mhf.ro\/mm\"],\"url\":\"https:\/\/mhf.ro\/mm\/author\/petrica\/\"}]}<\/script>\n<!-- \/ Yoast SEO plugin. -->","yoast_head_json":{"title":"14 septembrie-ziua Crucii - MHF Photography","robots":{"index":"index","follow":"follow","max-snippet":"max-snippet:-1","max-image-preview":"max-image-preview:large","max-video-preview":"max-video-preview:-1"},"canonical":"https:\/\/mhf.ro\/mm\/14-septembrie-ziua-crucii\/","og_locale":"ro_RO","og_type":"article","og_title":"14 septembrie-ziua Crucii - MHF Photography","og_description":"&nbsp; Sf\u00e2nta \u015fi cinstita Cruce pe care o s\u0103rb\u0103torim este de fapt lemnul Crucii pe care Domnul Hristos a fost","og_url":"https:\/\/mhf.ro\/mm\/14-septembrie-ziua-crucii\/","og_site_name":"MHF Photography","article_published_time":"2022-09-15T05:24:27+00:00","og_image":[{"width":262,"height":193,"url":"https:\/\/mhf.ro\/mm\/wp-content\/uploads\/2022\/09\/inaltarea-sf-cruci.jpg","type":"image\/jpeg"}],"author":"Preot paroh Horvat Petru","twitter_card":"summary_large_image","twitter_misc":{"Scris de":"Preot paroh Horvat Petru","Timp estimat pentru citire":"4 minute"},"schema":{"@context":"https:\/\/schema.org","@graph":[{"@type":"Article","@id":"https:\/\/mhf.ro\/mm\/14-septembrie-ziua-crucii\/#article","isPartOf":{"@id":"https:\/\/mhf.ro\/mm\/14-septembrie-ziua-crucii\/"},"author":{"name":"Preot paroh Horvat Petru","@id":"https:\/\/mhf.ro\/mm\/#\/schema\/person\/4c8c06c801b7b666e81ed44550086900"},"headline":"14 septembrie-ziua Crucii","datePublished":"2022-09-15T05:24:27+00:00","mainEntityOfPage":{"@id":"https:\/\/mhf.ro\/mm\/14-septembrie-ziua-crucii\/"},"wordCount":649,"commentCount":0,"publisher":{"@id":"https:\/\/mhf.ro\/mm\/#\/schema\/person\/a3bebf7bdb4bf12f698aff73c7e46c21"},"image":{"@id":"https:\/\/mhf.ro\/mm\/14-septembrie-ziua-crucii\/#primaryimage"},"thumbnailUrl":"https:\/\/mhf.ro\/mm\/wp-content\/uploads\/2022\/09\/inaltarea-sf-cruci.jpg","articleSection":["Religie"],"inLanguage":"ro-RO","potentialAction":[{"@type":"CommentAction","name":"Comment","target":["https:\/\/mhf.ro\/mm\/14-septembrie-ziua-crucii\/#respond"]}]},{"@type":"WebPage","@id":"https:\/\/mhf.ro\/mm\/14-septembrie-ziua-crucii\/","url":"https:\/\/mhf.ro\/mm\/14-septembrie-ziua-crucii\/","name":"14 septembrie-ziua Crucii - MHF Photography","isPartOf":{"@id":"https:\/\/mhf.ro\/mm\/#website"},"primaryImageOfPage":{"@id":"https:\/\/mhf.ro\/mm\/14-septembrie-ziua-crucii\/#primaryimage"},"image":{"@id":"https:\/\/mhf.ro\/mm\/14-septembrie-ziua-crucii\/#primaryimage"},"thumbnailUrl":"https:\/\/mhf.ro\/mm\/wp-content\/uploads\/2022\/09\/inaltarea-sf-cruci.jpg","datePublished":"2022-09-15T05:24:27+00:00","breadcrumb":{"@id":"https:\/\/mhf.ro\/mm\/14-septembrie-ziua-crucii\/#breadcrumb"},"inLanguage":"ro-RO","potentialAction":[{"@type":"ReadAction","target":["https:\/\/mhf.ro\/mm\/14-septembrie-ziua-crucii\/"]}]},{"@type":"ImageObject","inLanguage":"ro-RO","@id":"https:\/\/mhf.ro\/mm\/14-septembrie-ziua-crucii\/#primaryimage","url":"https:\/\/mhf.ro\/mm\/wp-content\/uploads\/2022\/09\/inaltarea-sf-cruci.jpg","contentUrl":"https:\/\/mhf.ro\/mm\/wp-content\/uploads\/2022\/09\/inaltarea-sf-cruci.jpg","width":262,"height":193},{"@type":"BreadcrumbList","@id":"https:\/\/mhf.ro\/mm\/14-septembrie-ziua-crucii\/#breadcrumb","itemListElement":[{"@type":"ListItem","position":1,"name":"Prima pagin\u0103","item":"https:\/\/mhf.ro\/mm\/"},{"@type":"ListItem","position":2,"name":"14 septembrie-ziua Crucii"}]},{"@type":"WebSite","@id":"https:\/\/mhf.ro\/mm\/#website","url":"https:\/\/mhf.ro\/mm\/","name":"MHF Photography \u2013 Blog de fotografie, natur\u0103 \u0219i tehnic\u0103 divers\u0103","description":"Aventur\u0103 \u00een fiecare cadru.","publisher":{"@id":"https:\/\/mhf.ro\/mm\/#\/schema\/person\/a3bebf7bdb4bf12f698aff73c7e46c21"},"potentialAction":[{"@type":"SearchAction","target":{"@type":"EntryPoint","urlTemplate":"https:\/\/mhf.ro\/mm\/?s={search_term_string}"},"query-input":{"@type":"PropertyValueSpecification","valueRequired":true,"valueName":"search_term_string"}}],"inLanguage":"ro-RO"},{"@type":["Person","Organization"],"@id":"https:\/\/mhf.ro\/mm\/#\/schema\/person\/a3bebf7bdb4bf12f698aff73c7e46c21","name":"Marius Marcu","image":{"@type":"ImageObject","inLanguage":"ro-RO","@id":"https:\/\/mhf.ro\/mm\/#\/schema\/person\/image\/","url":"https:\/\/mhf.ro\/mm\/wp-content\/uploads\/2025\/12\/cropped-logo_mhf_2.png","contentUrl":"https:\/\/mhf.ro\/mm\/wp-content\/uploads\/2025\/12\/cropped-logo_mhf_2.png","width":1096,"height":457,"caption":"Marius Marcu"},"logo":{"@id":"https:\/\/mhf.ro\/mm\/#\/schema\/person\/image\/"},"sameAs":["https:\/\/mhf.ro\/mm"]},{"@type":"Person","@id":"https:\/\/mhf.ro\/mm\/#\/schema\/person\/4c8c06c801b7b666e81ed44550086900","name":"Preot paroh Horvat Petru","image":{"@type":"ImageObject","inLanguage":"ro-RO","@id":"https:\/\/mhf.ro\/mm\/#\/schema\/person\/image\/","url":"https:\/\/secure.gravatar.com\/avatar\/c2d2dcdf21c6f41aad486d71768c144cd6e23cb7b63bae9bd6fab542b26ad321?s=96&d=monsterid&r=g","contentUrl":"https:\/\/secure.gravatar.com\/avatar\/c2d2dcdf21c6f41aad486d71768c144cd6e23cb7b63bae9bd6fab542b26ad321?s=96&d=monsterid&r=g","caption":"Preot paroh Horvat Petru"},"sameAs":["https:\/\/mhf.ro\/mm"],"url":"https:\/\/mhf.ro\/mm\/author\/petrica\/"}]}},"_links":{"self":[{"href":"https:\/\/mhf.ro\/mm\/wp-json\/wp\/v2\/posts\/8461","targetHints":{"allow":["GET"]}}],"collection":[{"href":"https:\/\/mhf.ro\/mm\/wp-json\/wp\/v2\/posts"}],"about":[{"href":"https:\/\/mhf.ro\/mm\/wp-json\/wp\/v2\/types\/post"}],"author":[{"embeddable":true,"href":"https:\/\/mhf.ro\/mm\/wp-json\/wp\/v2\/users\/4"}],"replies":[{"embeddable":true,"href":"https:\/\/mhf.ro\/mm\/wp-json\/wp\/v2\/comments?post=8461"}],"version-history":[{"count":1,"href":"https:\/\/mhf.ro\/mm\/wp-json\/wp\/v2\/posts\/8461\/revisions"}],"predecessor-version":[{"id":8463,"href":"https:\/\/mhf.ro\/mm\/wp-json\/wp\/v2\/posts\/8461\/revisions\/8463"}],"wp:featuredmedia":[{"embeddable":true,"href":"https:\/\/mhf.ro\/mm\/wp-json\/wp\/v2\/media\/8462"}],"wp:attachment":[{"href":"https:\/\/mhf.ro\/mm\/wp-json\/wp\/v2\/media?parent=8461"}],"wp:term":[{"taxonomy":"category","embeddable":true,"href":"https:\/\/mhf.ro\/mm\/wp-json\/wp\/v2\/categories?post=8461"},{"taxonomy":"post_tag","embeddable":true,"href":"https:\/\/mhf.ro\/mm\/wp-json\/wp\/v2\/tags?post=8461"}],"curies":[{"name":"wp","href":"https:\/\/api.w.org\/{rel}","templated":true}]}}