{"id":8528,"date":"2023-01-26T08:20:35","date_gmt":"2023-01-26T06:20:35","guid":{"rendered":"https:\/\/mhf.ro\/mm\/?p=8528"},"modified":"2023-01-26T08:20:35","modified_gmt":"2023-01-26T06:20:35","slug":"albinele-si-ursii","status":"publish","type":"post","link":"https:\/\/mhf.ro\/mm\/albinele-si-ursii\/","title":{"rendered":"Albinele si ursii"},"content":{"rendered":"<p>Dup\u0103 scurta hibernare,<br \/>\nur\u015fii, c\u0103ut\u00e2nd m\u00e2ncare,<br \/>\nau pornit spre o stupin\u0103<br \/>\ndintr-o zon\u0103 subalpin\u0103,<br \/>\ndar, \u00een stupi, s\u0103 vezi durere,<br \/>\nnu era un gram de miere.<br \/>\nCei b\u0103tr\u00e2ni, cu influen\u0163\u0103,<br \/>\nau \u0163inut sfat de urgen\u0163\u0103<br \/>\n\u015fi-adun\u00e2nd, apoi, tot natul,<br \/>\nau citit comunicatul.<br \/>\n\u2013 Azi s-a hot\u0103r\u00e2t, \u00een plen,<br \/>\nca, din lips\u0103 de polen,<br \/>\nalbinele lucr\u0103toare<br \/>\ns\u0103 plece peste hotare,<br \/>\ns\u0103 munceasc\u0103 la str\u0103ini,<br \/>\nca s-avem fagurii plini.<br \/>\n\u2013 Am \u015fi eu o \u00eentrebare:<br \/>\nDac\u0103 nu-i polenizare,<br \/>\nnu se rupe lan\u0163ul trofic?,<br \/>\ncoment\u0103 un urs distrofic,<br \/>\n\u00eenc\u00e2t, la noi, prin livezi,<br \/>\nnici un fruct n-o s\u0103 mai vezi\u2026<br \/>\n\u2013 Mare pagub\u0103-n ciuperci!<br \/>\nAzi livezile sunt\u2026 terci<br \/>\n\u015fi nu-i chip de revenire.<br \/>\n\u015eti\u0163i voi\u2026 Greaua mo\u015ftenire!,<br \/>\n\u00eei r\u0103spunse Ursul Brun,<br \/>\nsprijinit de un gorun.<br \/>\nFructe, cu un mic efort,<br \/>\no s-aducem din import,<br \/>\ns-avem pentru fiecare.<br \/>\n\u2013 Stai jos! Alt\u0103 \u00eentrebare!<\/p>\n<p>\u2013 Dar cu tr\u00e2ntorii din stup<br \/>\nce-o s\u0103 facem, c\u0103ci la zdup<br \/>\nnu-i putem b\u0103ga pe to\u0163i<br \/>\nEi, \u00een primul r\u00e2nd, nu-s ho\u0163i,<br \/>\nca s\u0103 fie pedepsi\u0163i,<br \/>\nplus c\u0103 trebuie hr\u0103ni\u0163i<br \/>\n\u015fi-ngriji\u0163i cum se cuvine,<br \/>\niar din mierea de albine<br \/>\nce-mi revine, natural,<br \/>\nnu cedez nici un pocal.<br \/>\n\u2013 Martinel, nu fi cretin!,<br \/>\ni-a zis Ursul Carpatin<br \/>\ncelui care, din prostie,<br \/>\namintea de pu\u015fc\u0103rie.<br \/>\nNu-i \u00eenchidem nic\u0103ieri,<br \/>\n\u00eei lu\u0103m consilieri<br \/>\nsau \u00eei angaj\u0103m, b\u0103iete,<br \/>\ntr\u00e2ntori-\u015fefi, la cabinete!<br \/>\nLa a\u015fa vorbe cu t\u00e2lc,<br \/>\nursule\u0163ul t\u0103cu m\u00e2lc<br \/>\n\u015fi, de\u015fi nu avea \u015fcoal\u0103,<br \/>\na desprins \u015fi o moral\u0103:<br \/>\nC\u00e2nd mul\u0163imea te voteaz\u0103<br \/>\n\u015fi de\u0163ii toata puterea,<br \/>\nnici macar nu mai conteaz\u0103<br \/>\ncum si cine face mierea.<\/p>\n","protected":false},"excerpt":{"rendered":"<p>Dup\u0103 scurta hibernare, ur\u015fii, c\u0103ut\u00e2nd m\u00e2ncare, au pornit spre o stupin\u0103 dintr-o zon\u0103 subalpin\u0103, dar, \u00een stupi, s\u0103 vezi durere,<\/p>\n","protected":false},"author":4,"featured_media":6289,"comment_status":"open","ping_status":"open","sticky":false,"template":"","format":"standard","meta":{"colormag_page_container_layout":"default_layout","colormag_page_sidebar_layout":"default_layout","footnotes":""},"categories":[5],"tags":[],"class_list":["post-8528","post","type-post","status-publish","format-standard","has-post-thumbnail","hentry","category-locale"],"yoast_head":"<!-- This site is optimized with the Yoast SEO plugin v27.0 - https:\/\/yoast.com\/product\/yoast-seo-wordpress\/ -->\n<title>Albinele si ursii - MHF Photography<\/title>\n<meta name=\"robots\" content=\"index, follow, max-snippet:-1, max-image-preview:large, max-video-preview:-1\" \/>\n<link rel=\"canonical\" href=\"https:\/\/mhf.ro\/mm\/albinele-si-ursii\/\" \/>\n<meta property=\"og:locale\" content=\"ro_RO\" \/>\n<meta property=\"og:type\" content=\"article\" \/>\n<meta property=\"og:title\" content=\"Albinele si ursii - MHF Photography\" \/>\n<meta property=\"og:description\" content=\"Dup\u0103 scurta hibernare, ur\u015fii, c\u0103ut\u00e2nd m\u00e2ncare, au pornit spre o stupin\u0103 dintr-o zon\u0103 subalpin\u0103, dar, \u00een stupi, s\u0103 vezi durere,\" \/>\n<meta property=\"og:url\" content=\"https:\/\/mhf.ro\/mm\/albinele-si-ursii\/\" \/>\n<meta property=\"og:site_name\" content=\"MHF Photography\" \/>\n<meta property=\"article:published_time\" content=\"2023-01-26T06:20:35+00:00\" \/>\n<meta property=\"og:image\" content=\"https:\/\/mhf.ro\/mm\/wp-content\/uploads\/2022\/02\/tata_si_fiu.jpg\" \/>\n\t<meta property=\"og:image:width\" content=\"1280\" \/>\n\t<meta property=\"og:image:height\" content=\"755\" \/>\n\t<meta property=\"og:image:type\" content=\"image\/jpeg\" \/>\n<meta name=\"author\" content=\"Preot paroh Horvat Petru\" \/>\n<meta name=\"twitter:card\" content=\"summary_large_image\" \/>\n<meta name=\"twitter:label1\" content=\"Scris de\" \/>\n\t<meta name=\"twitter:data1\" content=\"Preot paroh Horvat Petru\" \/>\n\t<meta name=\"twitter:label2\" content=\"Timp estimat pentru citire\" \/>\n\t<meta name=\"twitter:data2\" content=\"2 minute\" \/>\n<script type=\"application\/ld+json\" class=\"yoast-schema-graph\">{\"@context\":\"https:\/\/schema.org\",\"@graph\":[{\"@type\":\"Article\",\"@id\":\"https:\/\/mhf.ro\/mm\/albinele-si-ursii\/#article\",\"isPartOf\":{\"@id\":\"https:\/\/mhf.ro\/mm\/albinele-si-ursii\/\"},\"author\":{\"name\":\"Preot paroh Horvat Petru\",\"@id\":\"https:\/\/mhf.ro\/mm\/#\/schema\/person\/4c8c06c801b7b666e81ed44550086900\"},\"headline\":\"Albinele si ursii\",\"datePublished\":\"2023-01-26T06:20:35+00:00\",\"mainEntityOfPage\":{\"@id\":\"https:\/\/mhf.ro\/mm\/albinele-si-ursii\/\"},\"wordCount\":293,\"commentCount\":1,\"publisher\":{\"@id\":\"https:\/\/mhf.ro\/mm\/#\/schema\/person\/a3bebf7bdb4bf12f698aff73c7e46c21\"},\"image\":{\"@id\":\"https:\/\/mhf.ro\/mm\/albinele-si-ursii\/#primaryimage\"},\"thumbnailUrl\":\"https:\/\/mhf.ro\/mm\/wp-content\/uploads\/2022\/02\/tata_si_fiu.jpg\",\"articleSection\":[\"Locale\"],\"inLanguage\":\"ro-RO\",\"potentialAction\":[{\"@type\":\"CommentAction\",\"name\":\"Comment\",\"target\":[\"https:\/\/mhf.ro\/mm\/albinele-si-ursii\/#respond\"]}]},{\"@type\":\"WebPage\",\"@id\":\"https:\/\/mhf.ro\/mm\/albinele-si-ursii\/\",\"url\":\"https:\/\/mhf.ro\/mm\/albinele-si-ursii\/\",\"name\":\"Albinele si ursii - MHF Photography\",\"isPartOf\":{\"@id\":\"https:\/\/mhf.ro\/mm\/#website\"},\"primaryImageOfPage\":{\"@id\":\"https:\/\/mhf.ro\/mm\/albinele-si-ursii\/#primaryimage\"},\"image\":{\"@id\":\"https:\/\/mhf.ro\/mm\/albinele-si-ursii\/#primaryimage\"},\"thumbnailUrl\":\"https:\/\/mhf.ro\/mm\/wp-content\/uploads\/2022\/02\/tata_si_fiu.jpg\",\"datePublished\":\"2023-01-26T06:20:35+00:00\",\"breadcrumb\":{\"@id\":\"https:\/\/mhf.ro\/mm\/albinele-si-ursii\/#breadcrumb\"},\"inLanguage\":\"ro-RO\",\"potentialAction\":[{\"@type\":\"ReadAction\",\"target\":[\"https:\/\/mhf.ro\/mm\/albinele-si-ursii\/\"]}]},{\"@type\":\"ImageObject\",\"inLanguage\":\"ro-RO\",\"@id\":\"https:\/\/mhf.ro\/mm\/albinele-si-ursii\/#primaryimage\",\"url\":\"https:\/\/mhf.ro\/mm\/wp-content\/uploads\/2022\/02\/tata_si_fiu.jpg\",\"contentUrl\":\"https:\/\/mhf.ro\/mm\/wp-content\/uploads\/2022\/02\/tata_si_fiu.jpg\",\"width\":1280,\"height\":755},{\"@type\":\"BreadcrumbList\",\"@id\":\"https:\/\/mhf.ro\/mm\/albinele-si-ursii\/#breadcrumb\",\"itemListElement\":[{\"@type\":\"ListItem\",\"position\":1,\"name\":\"Prima pagin\u0103\",\"item\":\"https:\/\/mhf.ro\/mm\/\"},{\"@type\":\"ListItem\",\"position\":2,\"name\":\"Albinele si ursii\"}]},{\"@type\":\"WebSite\",\"@id\":\"https:\/\/mhf.ro\/mm\/#website\",\"url\":\"https:\/\/mhf.ro\/mm\/\",\"name\":\"MHF Photography \u2013 Blog de fotografie, natur\u0103 \u0219i tehnic\u0103 divers\u0103\",\"description\":\"Aventur\u0103 \u00een fiecare cadru.\",\"publisher\":{\"@id\":\"https:\/\/mhf.ro\/mm\/#\/schema\/person\/a3bebf7bdb4bf12f698aff73c7e46c21\"},\"potentialAction\":[{\"@type\":\"SearchAction\",\"target\":{\"@type\":\"EntryPoint\",\"urlTemplate\":\"https:\/\/mhf.ro\/mm\/?s={search_term_string}\"},\"query-input\":{\"@type\":\"PropertyValueSpecification\",\"valueRequired\":true,\"valueName\":\"search_term_string\"}}],\"inLanguage\":\"ro-RO\"},{\"@type\":[\"Person\",\"Organization\"],\"@id\":\"https:\/\/mhf.ro\/mm\/#\/schema\/person\/a3bebf7bdb4bf12f698aff73c7e46c21\",\"name\":\"Marius Marcu\",\"image\":{\"@type\":\"ImageObject\",\"inLanguage\":\"ro-RO\",\"@id\":\"https:\/\/mhf.ro\/mm\/#\/schema\/person\/image\/\",\"url\":\"https:\/\/mhf.ro\/mm\/wp-content\/uploads\/2025\/12\/cropped-logo_mhf_2.png\",\"contentUrl\":\"https:\/\/mhf.ro\/mm\/wp-content\/uploads\/2025\/12\/cropped-logo_mhf_2.png\",\"width\":1096,\"height\":457,\"caption\":\"Marius Marcu\"},\"logo\":{\"@id\":\"https:\/\/mhf.ro\/mm\/#\/schema\/person\/image\/\"},\"sameAs\":[\"https:\/\/mhf.ro\/mm\"]},{\"@type\":\"Person\",\"@id\":\"https:\/\/mhf.ro\/mm\/#\/schema\/person\/4c8c06c801b7b666e81ed44550086900\",\"name\":\"Preot paroh Horvat Petru\",\"image\":{\"@type\":\"ImageObject\",\"inLanguage\":\"ro-RO\",\"@id\":\"https:\/\/mhf.ro\/mm\/#\/schema\/person\/image\/\",\"url\":\"https:\/\/secure.gravatar.com\/avatar\/c2d2dcdf21c6f41aad486d71768c144cd6e23cb7b63bae9bd6fab542b26ad321?s=96&d=monsterid&r=g\",\"contentUrl\":\"https:\/\/secure.gravatar.com\/avatar\/c2d2dcdf21c6f41aad486d71768c144cd6e23cb7b63bae9bd6fab542b26ad321?s=96&d=monsterid&r=g\",\"caption\":\"Preot paroh Horvat Petru\"},\"sameAs\":[\"https:\/\/mhf.ro\/mm\"],\"url\":\"https:\/\/mhf.ro\/mm\/author\/petrica\/\"}]}<\/script>\n<!-- \/ Yoast SEO plugin. -->","yoast_head_json":{"title":"Albinele si ursii - MHF Photography","robots":{"index":"index","follow":"follow","max-snippet":"max-snippet:-1","max-image-preview":"max-image-preview:large","max-video-preview":"max-video-preview:-1"},"canonical":"https:\/\/mhf.ro\/mm\/albinele-si-ursii\/","og_locale":"ro_RO","og_type":"article","og_title":"Albinele si ursii - MHF Photography","og_description":"Dup\u0103 scurta hibernare, ur\u015fii, c\u0103ut\u00e2nd m\u00e2ncare, au pornit spre o stupin\u0103 dintr-o zon\u0103 subalpin\u0103, dar, \u00een stupi, s\u0103 vezi durere,","og_url":"https:\/\/mhf.ro\/mm\/albinele-si-ursii\/","og_site_name":"MHF Photography","article_published_time":"2023-01-26T06:20:35+00:00","og_image":[{"width":1280,"height":755,"url":"https:\/\/mhf.ro\/mm\/wp-content\/uploads\/2022\/02\/tata_si_fiu.jpg","type":"image\/jpeg"}],"author":"Preot paroh Horvat Petru","twitter_card":"summary_large_image","twitter_misc":{"Scris de":"Preot paroh Horvat Petru","Timp estimat pentru citire":"2 minute"},"schema":{"@context":"https:\/\/schema.org","@graph":[{"@type":"Article","@id":"https:\/\/mhf.ro\/mm\/albinele-si-ursii\/#article","isPartOf":{"@id":"https:\/\/mhf.ro\/mm\/albinele-si-ursii\/"},"author":{"name":"Preot paroh Horvat Petru","@id":"https:\/\/mhf.ro\/mm\/#\/schema\/person\/4c8c06c801b7b666e81ed44550086900"},"headline":"Albinele si ursii","datePublished":"2023-01-26T06:20:35+00:00","mainEntityOfPage":{"@id":"https:\/\/mhf.ro\/mm\/albinele-si-ursii\/"},"wordCount":293,"commentCount":1,"publisher":{"@id":"https:\/\/mhf.ro\/mm\/#\/schema\/person\/a3bebf7bdb4bf12f698aff73c7e46c21"},"image":{"@id":"https:\/\/mhf.ro\/mm\/albinele-si-ursii\/#primaryimage"},"thumbnailUrl":"https:\/\/mhf.ro\/mm\/wp-content\/uploads\/2022\/02\/tata_si_fiu.jpg","articleSection":["Locale"],"inLanguage":"ro-RO","potentialAction":[{"@type":"CommentAction","name":"Comment","target":["https:\/\/mhf.ro\/mm\/albinele-si-ursii\/#respond"]}]},{"@type":"WebPage","@id":"https:\/\/mhf.ro\/mm\/albinele-si-ursii\/","url":"https:\/\/mhf.ro\/mm\/albinele-si-ursii\/","name":"Albinele si ursii - MHF Photography","isPartOf":{"@id":"https:\/\/mhf.ro\/mm\/#website"},"primaryImageOfPage":{"@id":"https:\/\/mhf.ro\/mm\/albinele-si-ursii\/#primaryimage"},"image":{"@id":"https:\/\/mhf.ro\/mm\/albinele-si-ursii\/#primaryimage"},"thumbnailUrl":"https:\/\/mhf.ro\/mm\/wp-content\/uploads\/2022\/02\/tata_si_fiu.jpg","datePublished":"2023-01-26T06:20:35+00:00","breadcrumb":{"@id":"https:\/\/mhf.ro\/mm\/albinele-si-ursii\/#breadcrumb"},"inLanguage":"ro-RO","potentialAction":[{"@type":"ReadAction","target":["https:\/\/mhf.ro\/mm\/albinele-si-ursii\/"]}]},{"@type":"ImageObject","inLanguage":"ro-RO","@id":"https:\/\/mhf.ro\/mm\/albinele-si-ursii\/#primaryimage","url":"https:\/\/mhf.ro\/mm\/wp-content\/uploads\/2022\/02\/tata_si_fiu.jpg","contentUrl":"https:\/\/mhf.ro\/mm\/wp-content\/uploads\/2022\/02\/tata_si_fiu.jpg","width":1280,"height":755},{"@type":"BreadcrumbList","@id":"https:\/\/mhf.ro\/mm\/albinele-si-ursii\/#breadcrumb","itemListElement":[{"@type":"ListItem","position":1,"name":"Prima pagin\u0103","item":"https:\/\/mhf.ro\/mm\/"},{"@type":"ListItem","position":2,"name":"Albinele si ursii"}]},{"@type":"WebSite","@id":"https:\/\/mhf.ro\/mm\/#website","url":"https:\/\/mhf.ro\/mm\/","name":"MHF Photography \u2013 Blog de fotografie, natur\u0103 \u0219i tehnic\u0103 divers\u0103","description":"Aventur\u0103 \u00een fiecare cadru.","publisher":{"@id":"https:\/\/mhf.ro\/mm\/#\/schema\/person\/a3bebf7bdb4bf12f698aff73c7e46c21"},"potentialAction":[{"@type":"SearchAction","target":{"@type":"EntryPoint","urlTemplate":"https:\/\/mhf.ro\/mm\/?s={search_term_string}"},"query-input":{"@type":"PropertyValueSpecification","valueRequired":true,"valueName":"search_term_string"}}],"inLanguage":"ro-RO"},{"@type":["Person","Organization"],"@id":"https:\/\/mhf.ro\/mm\/#\/schema\/person\/a3bebf7bdb4bf12f698aff73c7e46c21","name":"Marius Marcu","image":{"@type":"ImageObject","inLanguage":"ro-RO","@id":"https:\/\/mhf.ro\/mm\/#\/schema\/person\/image\/","url":"https:\/\/mhf.ro\/mm\/wp-content\/uploads\/2025\/12\/cropped-logo_mhf_2.png","contentUrl":"https:\/\/mhf.ro\/mm\/wp-content\/uploads\/2025\/12\/cropped-logo_mhf_2.png","width":1096,"height":457,"caption":"Marius Marcu"},"logo":{"@id":"https:\/\/mhf.ro\/mm\/#\/schema\/person\/image\/"},"sameAs":["https:\/\/mhf.ro\/mm"]},{"@type":"Person","@id":"https:\/\/mhf.ro\/mm\/#\/schema\/person\/4c8c06c801b7b666e81ed44550086900","name":"Preot paroh Horvat Petru","image":{"@type":"ImageObject","inLanguage":"ro-RO","@id":"https:\/\/mhf.ro\/mm\/#\/schema\/person\/image\/","url":"https:\/\/secure.gravatar.com\/avatar\/c2d2dcdf21c6f41aad486d71768c144cd6e23cb7b63bae9bd6fab542b26ad321?s=96&d=monsterid&r=g","contentUrl":"https:\/\/secure.gravatar.com\/avatar\/c2d2dcdf21c6f41aad486d71768c144cd6e23cb7b63bae9bd6fab542b26ad321?s=96&d=monsterid&r=g","caption":"Preot paroh Horvat Petru"},"sameAs":["https:\/\/mhf.ro\/mm"],"url":"https:\/\/mhf.ro\/mm\/author\/petrica\/"}]}},"_links":{"self":[{"href":"https:\/\/mhf.ro\/mm\/wp-json\/wp\/v2\/posts\/8528","targetHints":{"allow":["GET"]}}],"collection":[{"href":"https:\/\/mhf.ro\/mm\/wp-json\/wp\/v2\/posts"}],"about":[{"href":"https:\/\/mhf.ro\/mm\/wp-json\/wp\/v2\/types\/post"}],"author":[{"embeddable":true,"href":"https:\/\/mhf.ro\/mm\/wp-json\/wp\/v2\/users\/4"}],"replies":[{"embeddable":true,"href":"https:\/\/mhf.ro\/mm\/wp-json\/wp\/v2\/comments?post=8528"}],"version-history":[{"count":1,"href":"https:\/\/mhf.ro\/mm\/wp-json\/wp\/v2\/posts\/8528\/revisions"}],"predecessor-version":[{"id":8529,"href":"https:\/\/mhf.ro\/mm\/wp-json\/wp\/v2\/posts\/8528\/revisions\/8529"}],"wp:featuredmedia":[{"embeddable":true,"href":"https:\/\/mhf.ro\/mm\/wp-json\/wp\/v2\/media\/6289"}],"wp:attachment":[{"href":"https:\/\/mhf.ro\/mm\/wp-json\/wp\/v2\/media?parent=8528"}],"wp:term":[{"taxonomy":"category","embeddable":true,"href":"https:\/\/mhf.ro\/mm\/wp-json\/wp\/v2\/categories?post=8528"},{"taxonomy":"post_tag","embeddable":true,"href":"https:\/\/mhf.ro\/mm\/wp-json\/wp\/v2\/tags?post=8528"}],"curies":[{"name":"wp","href":"https:\/\/api.w.org\/{rel}","templated":true}]}}