{"id":8552,"date":"2023-01-29T08:56:05","date_gmt":"2023-01-29T06:56:05","guid":{"rendered":"https:\/\/mhf.ro\/mm\/?p=8552"},"modified":"2023-01-28T20:19:58","modified_gmt":"2023-01-28T18:19:58","slug":"cananeeanca","status":"publish","type":"post","link":"https:\/\/mhf.ro\/mm\/cananeeanca\/","title":{"rendered":"Cananeeanca"},"content":{"rendered":"<p><strong>Ev.: <em>Matei 15, 21-28<\/em><\/strong><\/p>\n<p><em>\u00cen vremea aceea a venit \u00adIisus \u00een p\u0103r\u021bile Tirului \u0219i ale Sidonului. \u0218i, iat\u0103, o femeie cananeeanc\u0103, din acele \u021binuturi, ie\u0219ind striga, \u00adzic\u00e2nd: Miluie\u0219te-m\u0103, Doamne, Fiul lui David! \u00adFiica mea este r\u0103u chinuit\u0103 de diavol. Iisus \u00eens\u0103 nu i-a r\u0103spuns nici un cuv\u00e2nt; \u0219i, apropiindu-se, ucenicii Lui \u00cel rugau, zic\u00e2nd: D\u0103-i \u00addrumul, c\u0103 strig\u0103 \u00een urma noastr\u0103. Iar El, r\u0103spunz\u00e2nd, a zis: Nu sunt trimis dec\u00e2t c\u0103tre oile cele pierdute ale casei lui Israel. Iar ea, venind, s-a \u00eenchinat Lui, zic\u00e2nd: Doamne, \u00adajut\u0103-m\u0103! El \u00eens\u0103, r\u0103spunz\u00e2nd, i-a zis: Nu este bine s\u0103 iei p\u00e2inea copiilor \u0219i s-o arunci c\u00e2inilor. Dar ea a zis: Da, Doamne, dar \u0219i c\u00e2inii m\u0103n\u00e2nc\u0103 din f\u0103r\u00e2miturile ce cad de la masa st\u0103p\u00e2nilor lor. Atunci, \u00adr\u0103spunz\u00e2nd, Iisus i-a zis:\u00a0O, femeie, mare este cre\u00addin\u021ba ta; fie \u021bie dup\u0103 cum voie\u0219ti! \u0218i s-a t\u0103m\u0103duit \u00adfiica ei din ceasul acela.<\/em><\/p>\n<p>Dac\u0103 evreii nu aveau nici un amestec cu samarinenii care aveau la mare cinste cele cinci c\u0103r\u021bi ale lui Moise \u0219i care le erau oarecum \u201efra\u021bi \u00advitregi\u201d, cu at\u00e2t mai mult nu aveau nici un amestec cu p\u0103g\u00e2nii. \u00cens\u0103 cu aceast\u0103 ie\u0219ire a Domnului \u201e\u00een calea p\u0103g\u00e2nilor\u201d, se punea \u00een fa\u021ba ucenicilor o tem\u0103 grea, care cu anevoie va fi fost rezolvat\u0103 \u0219i \u00eencheiat\u0103 la Sinodul Apostolic din Ierusalim, \u0219i anume, universalitatea m\u00e2ntuirii, faptul c\u0103 prin \u00centruparea Domnului harul lui Dumnezeu \u00eembr\u0103\u021bi\u0219eaz\u0103 \u0219i alte popoare \u0219i neamuri.<\/p>\n<p><strong>Cananeeanca m\u0103rturise\u015fte c\u0103 Iisus este Mesia<\/strong><\/p>\n<p>\u0218i iat\u0103 c\u0103 o femeie cananeeanc\u0103 din acele \u021binuturi \u00cel \u00eent\u00e2mpin\u0103 strig\u00e2nd cu inima zdrobit\u0103 de durere<em>.<\/em> Faptul c\u0103 M\u00e2ntuitorul Iisus Hristos era descendent din se\u00admin\u021bia regal\u0103 a lui David nu era un lucru \u00eendeob\u0219te cunoscut \u0219i cu at\u00e2t mai pu\u021bin recunoscut \u00een acea vreme. \u0218i totu\u0219i, femeia aceasta p\u0103g\u00e2n\u0103 m\u0103rturise\u0219te, asemenea orbului din Ierihon, cre\u00addin\u021ba c\u0103 Iisus cel c\u0103ruia i se adreseaz\u0103 este Mesia, iar strig\u0103tul ei se face ecoul profe\u021biilor mesianice.<\/p>\n<p>\u00cens\u0103 un lucru cu totul surprinz\u0103tor se petrece. Domnul \u0219i M\u00e2ntuitorul nostru Iisus Hristos, care s-a ar\u0103tat mereu mi\u0219cat de sufe\u00adrin\u021ba oamenilor, care a vindecat \u201etoat\u0103 boala \u0219i neputin\u021ba din popor\u201d, uneori f\u0103r\u0103 a fi rugat, r\u0103m\u00e2ne indiferent \u00een fa\u021ba unui strig\u0103t izvor\u00e2t din durere \u0219i disperare, le spune ucenicilor care intervin pentru izb\u0103virea femeii: \u201eNu sunt trimis dec\u00e2t pentru oile cele pierdute ale casei lui Israel\u201d, \u00een timp ce cananeencei care nu \u00eenceta s\u0103 strige dup\u0103 ajutor \u00eei arunc\u0103 aceste cuvinte grele: \u201eNu este bine s\u0103 iei p\u00e2inea copiilor \u015fi s-o arunci c\u00e2inilor\u201d. F\u0103r\u0103 \u00eendoial\u0103 c\u0103 Domnul sintetiza \u00een aceste cuvinte tot dispre\u021bul cona\u021bionalilor s\u0103i fa\u021b\u0103 de \u201eneamuri\u201d, prelu\u00e2nd limbajul lor superior \u0219i exclusivist. \u00cens\u0103 aceast\u0103 purtare ilogic\u0103 \u0219i aparent insensibil\u0103 avea un singur scop, \u0219i anume, de a pune \u00een antitez\u0103 orgoliul \u0219i preten\u021bia de superioritate a poporului ales cu realitatea credin\u021bei smerite pe care o avea o femeie p\u0103g\u00e2n\u0103 \u0219i pe care Domnul o cuno\u0219tea (<em>Da, Doamne, <\/em>ajunge s\u0103 spun\u0103 femeia cu smerenie, curaj \u0219i \u00een\u021belepciune, <em>dar \u0219i c\u00e2inii m\u0103n\u00e2nc\u0103 din f\u0103r\u00e2miturile care cad de la masa st\u0103p\u00e2nilor lor).<\/em><\/p>\n<p>\u201eO femeie, mare este credin\u021ba ta &#8211; r\u0103spunde Domnul -, fie \u021bie dup\u0103 cum voie\u0219ti.\u201d Aceast\u0103 excla\u00adma\u021bie &#8211; <em>O, femeie! &#8211; <\/em>este unic\u0103 \u00een Evanghelii, dup\u0103 cum unic\u0103 este \u0219i aceast\u0103 adresare, \u201efie \u021bie dup\u0103 cum voie\u0219ti\u201d. Iat\u0103 cum Cuv\u00e2ntul lui Dumnezeu se manifest\u0103 ca la Crea\u021bie, venind cu tot noianul de putere de fiin\u021b\u0103 d\u0103t\u0103toare, care s\u0103 \u00eenso\u021beasc\u0103 voin\u021ba femeii, ar\u0103t\u00e2ndu-ne \u00een ce fel voin\u021ba omului poate fi sus\u021binut\u0103 de cuv\u00e2ntul Domnului. Este uimitor acest drum al credin\u021bei pe care-l parcurge femeia cananeeanc\u0103, smerenia cu care \u00ee\u0219i accept\u0103 \u0219i \u00ee\u0219i dep\u0103\u0219e\u0219te condi\u021bia, rug\u0103ciunea st\u0103ruitoare pe care nu a descurajat-o nici t\u0103cerea, nici ignorarea, nici insulta.<\/p>\n<p><strong>\u00centreaga fire\u00a0\u00eenconjur\u0103toare\u00a0ne \u00eenva\u021b\u0103 st\u0103ruin\u021ba<\/strong><\/p>\n<p>\u00cen acest sens, Sf\u00e2ntul Nicolae Velimirovici ne sf\u0103tuie\u0219te s\u0103 lu\u0103m aminte la faptul c\u0103 \u00eentreaga fire \u00eenconjur\u0103toare ne \u00eenva\u021b\u0103 st\u0103\u00adruin\u021ba. \u0218i orice dezastru ar aduce natura sau omul asupra plantelor sau animalelor, ele ne vor uimi \u00eentotdeauna prin perseveren\u021ba cu care duc la bun sf\u00e2r\u0219it sarcina pe care le-a dat-o Dumnezeu.<\/p>\n<p>Nu \u00een ultimul r\u00e2nd, pericopa evanghelic\u0103 despre femeia cananeeanc\u0103 ne arat\u0103 valoarea unic\u0103 a fiec\u0103rei f\u0103pturi umane, prin crearea sa de Dumnezeu, acel \u201echip al slavei lui Dumnezeu\u201d, r\u0103mas \u00een noi \u00een ciuda c\u0103derilor noastre. \u201eChipul slavei Tale sunt, de\u0219i port ranele p\u0103catelor\u201d (slujba \u00ad\u00cenmorm\u00e2nt\u0103rii). Faptul c\u0103 Dumnezeu nu are pe nimeni de pierdut, c\u0103 pot exista suflete nobile \u0219i pre\u021bioase \u00een fa\u021ba lui Dumnezeu din toate neamurile este o lec\u021bie pe care M\u00e2ntuitorul a dat-o \u201ene\u00adpri\u00adcepu\u021bilor\u201d ucenici \u0219i pe care ne-o d\u0103 \u0219i nou\u0103, p\u00e2n\u0103 la sf\u00e2r\u0219itul veacurilor. Iat\u0103 cheia \u00een care trebuie s\u0103 \u00een\u021belegem acest lung examen al credin\u021bei, smereniei \u0219i st\u0103ruin\u021bei duhovnice\u0219ti la care \u00adeste supus\u0103 cananeeanca.<\/p>\n","protected":false},"excerpt":{"rendered":"<p>Ev.: Matei 15, 21-28 \u00cen vremea aceea a venit \u00adIisus \u00een p\u0103r\u021bile Tirului \u0219i ale Sidonului. \u0218i, iat\u0103, o femeie<\/p>\n","protected":false},"author":4,"featured_media":8553,"comment_status":"open","ping_status":"open","sticky":false,"template":"","format":"standard","meta":{"colormag_page_container_layout":"default_layout","colormag_page_sidebar_layout":"default_layout","footnotes":""},"categories":[34],"tags":[],"class_list":["post-8552","post","type-post","status-publish","format-standard","has-post-thumbnail","hentry","category-religie"],"yoast_head":"<!-- This site is optimized with the Yoast SEO plugin v27.0 - https:\/\/yoast.com\/product\/yoast-seo-wordpress\/ -->\n<title>Cananeeanca - MHF Photography<\/title>\n<meta name=\"robots\" content=\"index, follow, max-snippet:-1, max-image-preview:large, max-video-preview:-1\" \/>\n<link rel=\"canonical\" href=\"https:\/\/mhf.ro\/mm\/cananeeanca\/\" \/>\n<meta property=\"og:locale\" content=\"ro_RO\" \/>\n<meta property=\"og:type\" content=\"article\" \/>\n<meta property=\"og:title\" content=\"Cananeeanca - MHF Photography\" \/>\n<meta property=\"og:description\" content=\"Ev.: Matei 15, 21-28 \u00cen vremea aceea a venit \u00adIisus \u00een p\u0103r\u021bile Tirului \u0219i ale Sidonului. \u0218i, iat\u0103, o femeie\" \/>\n<meta property=\"og:url\" content=\"https:\/\/mhf.ro\/mm\/cananeeanca\/\" \/>\n<meta property=\"og:site_name\" content=\"MHF Photography\" \/>\n<meta property=\"article:published_time\" content=\"2023-01-29T06:56:05+00:00\" \/>\n<meta property=\"og:image\" content=\"https:\/\/mhf.ro\/mm\/wp-content\/uploads\/2023\/01\/femeia-cananeeanca-sau-examenul-credintei-202540.jpg\" \/>\n\t<meta property=\"og:image:width\" content=\"1000\" \/>\n\t<meta property=\"og:image:height\" content=\"697\" \/>\n\t<meta property=\"og:image:type\" content=\"image\/jpeg\" \/>\n<meta name=\"author\" content=\"Preot paroh Horvat Petru\" \/>\n<meta name=\"twitter:card\" content=\"summary_large_image\" \/>\n<meta name=\"twitter:label1\" content=\"Scris de\" \/>\n\t<meta name=\"twitter:data1\" content=\"Preot paroh Horvat Petru\" \/>\n\t<meta name=\"twitter:label2\" content=\"Timp estimat pentru citire\" \/>\n\t<meta name=\"twitter:data2\" content=\"5 minute\" \/>\n<script type=\"application\/ld+json\" class=\"yoast-schema-graph\">{\"@context\":\"https:\/\/schema.org\",\"@graph\":[{\"@type\":\"Article\",\"@id\":\"https:\/\/mhf.ro\/mm\/cananeeanca\/#article\",\"isPartOf\":{\"@id\":\"https:\/\/mhf.ro\/mm\/cananeeanca\/\"},\"author\":{\"name\":\"Preot paroh Horvat Petru\",\"@id\":\"https:\/\/mhf.ro\/mm\/#\/schema\/person\/4c8c06c801b7b666e81ed44550086900\"},\"headline\":\"Cananeeanca\",\"datePublished\":\"2023-01-29T06:56:05+00:00\",\"mainEntityOfPage\":{\"@id\":\"https:\/\/mhf.ro\/mm\/cananeeanca\/\"},\"wordCount\":930,\"commentCount\":0,\"publisher\":{\"@id\":\"https:\/\/mhf.ro\/mm\/#\/schema\/person\/a3bebf7bdb4bf12f698aff73c7e46c21\"},\"image\":{\"@id\":\"https:\/\/mhf.ro\/mm\/cananeeanca\/#primaryimage\"},\"thumbnailUrl\":\"https:\/\/mhf.ro\/mm\/wp-content\/uploads\/2023\/01\/femeia-cananeeanca-sau-examenul-credintei-202540.jpg\",\"articleSection\":[\"Religie\"],\"inLanguage\":\"ro-RO\",\"potentialAction\":[{\"@type\":\"CommentAction\",\"name\":\"Comment\",\"target\":[\"https:\/\/mhf.ro\/mm\/cananeeanca\/#respond\"]}]},{\"@type\":\"WebPage\",\"@id\":\"https:\/\/mhf.ro\/mm\/cananeeanca\/\",\"url\":\"https:\/\/mhf.ro\/mm\/cananeeanca\/\",\"name\":\"Cananeeanca - MHF Photography\",\"isPartOf\":{\"@id\":\"https:\/\/mhf.ro\/mm\/#website\"},\"primaryImageOfPage\":{\"@id\":\"https:\/\/mhf.ro\/mm\/cananeeanca\/#primaryimage\"},\"image\":{\"@id\":\"https:\/\/mhf.ro\/mm\/cananeeanca\/#primaryimage\"},\"thumbnailUrl\":\"https:\/\/mhf.ro\/mm\/wp-content\/uploads\/2023\/01\/femeia-cananeeanca-sau-examenul-credintei-202540.jpg\",\"datePublished\":\"2023-01-29T06:56:05+00:00\",\"breadcrumb\":{\"@id\":\"https:\/\/mhf.ro\/mm\/cananeeanca\/#breadcrumb\"},\"inLanguage\":\"ro-RO\",\"potentialAction\":[{\"@type\":\"ReadAction\",\"target\":[\"https:\/\/mhf.ro\/mm\/cananeeanca\/\"]}]},{\"@type\":\"ImageObject\",\"inLanguage\":\"ro-RO\",\"@id\":\"https:\/\/mhf.ro\/mm\/cananeeanca\/#primaryimage\",\"url\":\"https:\/\/mhf.ro\/mm\/wp-content\/uploads\/2023\/01\/femeia-cananeeanca-sau-examenul-credintei-202540.jpg\",\"contentUrl\":\"https:\/\/mhf.ro\/mm\/wp-content\/uploads\/2023\/01\/femeia-cananeeanca-sau-examenul-credintei-202540.jpg\",\"width\":1000,\"height\":697},{\"@type\":\"BreadcrumbList\",\"@id\":\"https:\/\/mhf.ro\/mm\/cananeeanca\/#breadcrumb\",\"itemListElement\":[{\"@type\":\"ListItem\",\"position\":1,\"name\":\"Prima pagin\u0103\",\"item\":\"https:\/\/mhf.ro\/mm\/\"},{\"@type\":\"ListItem\",\"position\":2,\"name\":\"Cananeeanca\"}]},{\"@type\":\"WebSite\",\"@id\":\"https:\/\/mhf.ro\/mm\/#website\",\"url\":\"https:\/\/mhf.ro\/mm\/\",\"name\":\"MHF Photography \u2013 Blog de fotografie, natur\u0103 \u0219i tehnic\u0103 divers\u0103\",\"description\":\"Aventur\u0103 \u00een fiecare cadru.\",\"publisher\":{\"@id\":\"https:\/\/mhf.ro\/mm\/#\/schema\/person\/a3bebf7bdb4bf12f698aff73c7e46c21\"},\"potentialAction\":[{\"@type\":\"SearchAction\",\"target\":{\"@type\":\"EntryPoint\",\"urlTemplate\":\"https:\/\/mhf.ro\/mm\/?s={search_term_string}\"},\"query-input\":{\"@type\":\"PropertyValueSpecification\",\"valueRequired\":true,\"valueName\":\"search_term_string\"}}],\"inLanguage\":\"ro-RO\"},{\"@type\":[\"Person\",\"Organization\"],\"@id\":\"https:\/\/mhf.ro\/mm\/#\/schema\/person\/a3bebf7bdb4bf12f698aff73c7e46c21\",\"name\":\"Marius Marcu\",\"image\":{\"@type\":\"ImageObject\",\"inLanguage\":\"ro-RO\",\"@id\":\"https:\/\/mhf.ro\/mm\/#\/schema\/person\/image\/\",\"url\":\"https:\/\/mhf.ro\/mm\/wp-content\/uploads\/2025\/12\/cropped-logo_mhf_2.png\",\"contentUrl\":\"https:\/\/mhf.ro\/mm\/wp-content\/uploads\/2025\/12\/cropped-logo_mhf_2.png\",\"width\":1096,\"height\":457,\"caption\":\"Marius Marcu\"},\"logo\":{\"@id\":\"https:\/\/mhf.ro\/mm\/#\/schema\/person\/image\/\"},\"sameAs\":[\"https:\/\/mhf.ro\/mm\"]},{\"@type\":\"Person\",\"@id\":\"https:\/\/mhf.ro\/mm\/#\/schema\/person\/4c8c06c801b7b666e81ed44550086900\",\"name\":\"Preot paroh Horvat Petru\",\"image\":{\"@type\":\"ImageObject\",\"inLanguage\":\"ro-RO\",\"@id\":\"https:\/\/mhf.ro\/mm\/#\/schema\/person\/image\/\",\"url\":\"https:\/\/secure.gravatar.com\/avatar\/c2d2dcdf21c6f41aad486d71768c144cd6e23cb7b63bae9bd6fab542b26ad321?s=96&d=monsterid&r=g\",\"contentUrl\":\"https:\/\/secure.gravatar.com\/avatar\/c2d2dcdf21c6f41aad486d71768c144cd6e23cb7b63bae9bd6fab542b26ad321?s=96&d=monsterid&r=g\",\"caption\":\"Preot paroh Horvat Petru\"},\"sameAs\":[\"https:\/\/mhf.ro\/mm\"],\"url\":\"https:\/\/mhf.ro\/mm\/author\/petrica\/\"}]}<\/script>\n<!-- \/ Yoast SEO plugin. -->","yoast_head_json":{"title":"Cananeeanca - MHF Photography","robots":{"index":"index","follow":"follow","max-snippet":"max-snippet:-1","max-image-preview":"max-image-preview:large","max-video-preview":"max-video-preview:-1"},"canonical":"https:\/\/mhf.ro\/mm\/cananeeanca\/","og_locale":"ro_RO","og_type":"article","og_title":"Cananeeanca - MHF Photography","og_description":"Ev.: Matei 15, 21-28 \u00cen vremea aceea a venit \u00adIisus \u00een p\u0103r\u021bile Tirului \u0219i ale Sidonului. \u0218i, iat\u0103, o femeie","og_url":"https:\/\/mhf.ro\/mm\/cananeeanca\/","og_site_name":"MHF Photography","article_published_time":"2023-01-29T06:56:05+00:00","og_image":[{"width":1000,"height":697,"url":"https:\/\/mhf.ro\/mm\/wp-content\/uploads\/2023\/01\/femeia-cananeeanca-sau-examenul-credintei-202540.jpg","type":"image\/jpeg"}],"author":"Preot paroh Horvat Petru","twitter_card":"summary_large_image","twitter_misc":{"Scris de":"Preot paroh Horvat Petru","Timp estimat pentru citire":"5 minute"},"schema":{"@context":"https:\/\/schema.org","@graph":[{"@type":"Article","@id":"https:\/\/mhf.ro\/mm\/cananeeanca\/#article","isPartOf":{"@id":"https:\/\/mhf.ro\/mm\/cananeeanca\/"},"author":{"name":"Preot paroh Horvat Petru","@id":"https:\/\/mhf.ro\/mm\/#\/schema\/person\/4c8c06c801b7b666e81ed44550086900"},"headline":"Cananeeanca","datePublished":"2023-01-29T06:56:05+00:00","mainEntityOfPage":{"@id":"https:\/\/mhf.ro\/mm\/cananeeanca\/"},"wordCount":930,"commentCount":0,"publisher":{"@id":"https:\/\/mhf.ro\/mm\/#\/schema\/person\/a3bebf7bdb4bf12f698aff73c7e46c21"},"image":{"@id":"https:\/\/mhf.ro\/mm\/cananeeanca\/#primaryimage"},"thumbnailUrl":"https:\/\/mhf.ro\/mm\/wp-content\/uploads\/2023\/01\/femeia-cananeeanca-sau-examenul-credintei-202540.jpg","articleSection":["Religie"],"inLanguage":"ro-RO","potentialAction":[{"@type":"CommentAction","name":"Comment","target":["https:\/\/mhf.ro\/mm\/cananeeanca\/#respond"]}]},{"@type":"WebPage","@id":"https:\/\/mhf.ro\/mm\/cananeeanca\/","url":"https:\/\/mhf.ro\/mm\/cananeeanca\/","name":"Cananeeanca - MHF Photography","isPartOf":{"@id":"https:\/\/mhf.ro\/mm\/#website"},"primaryImageOfPage":{"@id":"https:\/\/mhf.ro\/mm\/cananeeanca\/#primaryimage"},"image":{"@id":"https:\/\/mhf.ro\/mm\/cananeeanca\/#primaryimage"},"thumbnailUrl":"https:\/\/mhf.ro\/mm\/wp-content\/uploads\/2023\/01\/femeia-cananeeanca-sau-examenul-credintei-202540.jpg","datePublished":"2023-01-29T06:56:05+00:00","breadcrumb":{"@id":"https:\/\/mhf.ro\/mm\/cananeeanca\/#breadcrumb"},"inLanguage":"ro-RO","potentialAction":[{"@type":"ReadAction","target":["https:\/\/mhf.ro\/mm\/cananeeanca\/"]}]},{"@type":"ImageObject","inLanguage":"ro-RO","@id":"https:\/\/mhf.ro\/mm\/cananeeanca\/#primaryimage","url":"https:\/\/mhf.ro\/mm\/wp-content\/uploads\/2023\/01\/femeia-cananeeanca-sau-examenul-credintei-202540.jpg","contentUrl":"https:\/\/mhf.ro\/mm\/wp-content\/uploads\/2023\/01\/femeia-cananeeanca-sau-examenul-credintei-202540.jpg","width":1000,"height":697},{"@type":"BreadcrumbList","@id":"https:\/\/mhf.ro\/mm\/cananeeanca\/#breadcrumb","itemListElement":[{"@type":"ListItem","position":1,"name":"Prima pagin\u0103","item":"https:\/\/mhf.ro\/mm\/"},{"@type":"ListItem","position":2,"name":"Cananeeanca"}]},{"@type":"WebSite","@id":"https:\/\/mhf.ro\/mm\/#website","url":"https:\/\/mhf.ro\/mm\/","name":"MHF Photography \u2013 Blog de fotografie, natur\u0103 \u0219i tehnic\u0103 divers\u0103","description":"Aventur\u0103 \u00een fiecare cadru.","publisher":{"@id":"https:\/\/mhf.ro\/mm\/#\/schema\/person\/a3bebf7bdb4bf12f698aff73c7e46c21"},"potentialAction":[{"@type":"SearchAction","target":{"@type":"EntryPoint","urlTemplate":"https:\/\/mhf.ro\/mm\/?s={search_term_string}"},"query-input":{"@type":"PropertyValueSpecification","valueRequired":true,"valueName":"search_term_string"}}],"inLanguage":"ro-RO"},{"@type":["Person","Organization"],"@id":"https:\/\/mhf.ro\/mm\/#\/schema\/person\/a3bebf7bdb4bf12f698aff73c7e46c21","name":"Marius Marcu","image":{"@type":"ImageObject","inLanguage":"ro-RO","@id":"https:\/\/mhf.ro\/mm\/#\/schema\/person\/image\/","url":"https:\/\/mhf.ro\/mm\/wp-content\/uploads\/2025\/12\/cropped-logo_mhf_2.png","contentUrl":"https:\/\/mhf.ro\/mm\/wp-content\/uploads\/2025\/12\/cropped-logo_mhf_2.png","width":1096,"height":457,"caption":"Marius Marcu"},"logo":{"@id":"https:\/\/mhf.ro\/mm\/#\/schema\/person\/image\/"},"sameAs":["https:\/\/mhf.ro\/mm"]},{"@type":"Person","@id":"https:\/\/mhf.ro\/mm\/#\/schema\/person\/4c8c06c801b7b666e81ed44550086900","name":"Preot paroh Horvat Petru","image":{"@type":"ImageObject","inLanguage":"ro-RO","@id":"https:\/\/mhf.ro\/mm\/#\/schema\/person\/image\/","url":"https:\/\/secure.gravatar.com\/avatar\/c2d2dcdf21c6f41aad486d71768c144cd6e23cb7b63bae9bd6fab542b26ad321?s=96&d=monsterid&r=g","contentUrl":"https:\/\/secure.gravatar.com\/avatar\/c2d2dcdf21c6f41aad486d71768c144cd6e23cb7b63bae9bd6fab542b26ad321?s=96&d=monsterid&r=g","caption":"Preot paroh Horvat Petru"},"sameAs":["https:\/\/mhf.ro\/mm"],"url":"https:\/\/mhf.ro\/mm\/author\/petrica\/"}]}},"_links":{"self":[{"href":"https:\/\/mhf.ro\/mm\/wp-json\/wp\/v2\/posts\/8552","targetHints":{"allow":["GET"]}}],"collection":[{"href":"https:\/\/mhf.ro\/mm\/wp-json\/wp\/v2\/posts"}],"about":[{"href":"https:\/\/mhf.ro\/mm\/wp-json\/wp\/v2\/types\/post"}],"author":[{"embeddable":true,"href":"https:\/\/mhf.ro\/mm\/wp-json\/wp\/v2\/users\/4"}],"replies":[{"embeddable":true,"href":"https:\/\/mhf.ro\/mm\/wp-json\/wp\/v2\/comments?post=8552"}],"version-history":[{"count":1,"href":"https:\/\/mhf.ro\/mm\/wp-json\/wp\/v2\/posts\/8552\/revisions"}],"predecessor-version":[{"id":8554,"href":"https:\/\/mhf.ro\/mm\/wp-json\/wp\/v2\/posts\/8552\/revisions\/8554"}],"wp:featuredmedia":[{"embeddable":true,"href":"https:\/\/mhf.ro\/mm\/wp-json\/wp\/v2\/media\/8553"}],"wp:attachment":[{"href":"https:\/\/mhf.ro\/mm\/wp-json\/wp\/v2\/media?parent=8552"}],"wp:term":[{"taxonomy":"category","embeddable":true,"href":"https:\/\/mhf.ro\/mm\/wp-json\/wp\/v2\/categories?post=8552"},{"taxonomy":"post_tag","embeddable":true,"href":"https:\/\/mhf.ro\/mm\/wp-json\/wp\/v2\/tags?post=8552"}],"curies":[{"name":"wp","href":"https:\/\/api.w.org\/{rel}","templated":true}]}}