{"id":8571,"date":"2023-02-01T10:55:17","date_gmt":"2023-02-01T08:55:17","guid":{"rendered":"https:\/\/mhf.ro\/mm\/?p=8571"},"modified":"2023-01-30T16:00:09","modified_gmt":"2023-01-30T14:00:09","slug":"umilitor-povestea-cu-co2-ul","status":"publish","type":"post","link":"https:\/\/mhf.ro\/mm\/umilitor-povestea-cu-co2-ul\/","title":{"rendered":"UMILITOR : povestea cu CO2-ul"},"content":{"rendered":"<div>\n<div dir=\"ltr\"><span style=\"font-size: large;\">Este ingrozitor cum sunt promovati &#8222;luptatorii&#8221; care &#8222;se ingrijesc&#8221; de influienta produsa de bioxidul de carbon asupra poluarii&#8230;de catre activitatile umane&#8230;si nu numai!!&#8230;..Falsuri grosoloane bazate pe &#8230;..necunoastere!!&#8230;<\/span><\/div>\n<\/div>\n<div id=\"yiv3597107907m_-4469929120073713665m_6351745436313743809m_1091529342577905809m_3978684285309875539ydp23e92f3yiv9756671842ydp514db839yiv4939441798m_2133243839637035176m_-6220794058427072978m_3278513139536340305m_-9123785295894561766ydp5c9ff0e7yahoo_quoted_1775819298\">\n<div>\n<div>\n<div id=\"yiv3597107907m_-4469929120073713665m_6351745436313743809m_1091529342577905809m_3978684285309875539ydp23e92f3yiv9756671842ydp514db839yiv4939441798m_2133243839637035176m_-6220794058427072978m_3278513139536340305m_-9123785295894561766ydp5c9ff0e7yiv9994517067\">\n<div>\n<div>\n<div>\n<div>\n<div>\n<p><span style=\"color: #000000;\"><b>Tem\u0103 de medita\u021bie<\/b><\/span><\/p>\n<\/div>\n<blockquote>\n<div>\n<div id=\"yiv3597107907m_-4469929120073713665m_6351745436313743809m_1091529342577905809m_3978684285309875539ydp23e92f3yiv9756671842ydp514db839yiv4939441798m_2133243839637035176m_-6220794058427072978m_3278513139536340305m_-9123785295894561766ydp5c9ff0e7yiv9994517067m_2848317690192412408yiv3340828398\">\n<div>\n<div>\n<div>\n<div>\n<div>\n<div>\n<div>\n<div>\n<div>\n<div>\n<div>\n<p><span style=\"color: #000000;\"><b> \u00a0<\/b><\/span><\/p>\n<\/div>\n<\/div>\n<div>\n<div id=\"yiv3597107907m_-4469929120073713665m_6351745436313743809m_1091529342577905809m_3978684285309875539ydp23e92f3yiv9756671842ydp514db839yiv4939441798m_2133243839637035176m_-6220794058427072978m_3278513139536340305m_-9123785295894561766ydp5c9ff0e7yiv9994517067m_2848317690192412408yiv3340828398m_-2315976138819628809m_-4372494602326788274m_-2357591122295672538ydp38610e8cyiv9062276024\">\n<div>\n<div>\n<div>\n<div>\n<p><span style=\"color: #000000;\">Exist\u0103 o gr\u0103mad\u0103 care nu \u0219tiu.<\/span><\/p>\n<\/div>\n<div>\n<p><span style=\"color: #000000;\">=======================<\/span><\/p>\n<\/div>\n<div>\n<div id=\"yiv3597107907m_-4469929120073713665m_6351745436313743809m_1091529342577905809m_3978684285309875539ydp23e92f3yiv9756671842ydp514db839yiv4939441798m_2133243839637035176m_-6220794058427072978m_3278513139536340305m_-9123785295894561766ydp5c9ff0e7yiv9994517067m_2848317690192412408yiv3340828398m_-2315976138819628809m_-4372494602326788274m_-2357591122295672538ydp38610e8cyiv9062276024ydpb0c760a7yiv2194961690\">\n<div>\n<div>\n<div>\n<div>\n<p><span style=\"color: #000000;\">Robert Imberger &#8211; Universitatea Technic\u0103 din Aachen (Fizic\u0103 Nuclear\u0103 \u0219i Termohidraulic\u0103<span class=\"yiv3597107907gmail_default\">)<\/span>:\u00a0<\/span><\/p>\n<\/div>\n<div>\n<p><span style=\"color: #000000;\"> \u00a0<\/span><\/p>\n<\/div>\n<div>\n<p><span style=\"color: #000000;\">Duminica trecut\u0103 am fost la o pia\u021b\u0103 s\u0103pt\u0103m\u00e2nal\u0103 local\u0103. A existat un stand al Partidului Verzilor pe tema \u201eProtec\u021bia climei\u201d. Am fost abordat de un membru al Partidului Verde ca un \u201etrec\u0103tor\u201d oarecare, despre problema CO2 din lumea noastr\u0103.\u00a0<\/span><\/p>\n<\/div>\n<div>\n<p><span style=\"color: #000000;\">M-am g\u00e2ndit &#8211; \u00een sinea mea: tocmai ai ajuns la persoana potrivit\u0103.\ud83e\udd23\ud83e\udd73<\/span><\/p>\n<\/div>\n<div>\n<p><span style=\"color: #000000;\">\u00centrebarea mea c\u0103tre reprezentantul climatului (aproximativ 28-30 de ani v\u00e2rst\u0103): \u201eC\u00e2t de mare este con\u021binutul de CO2 \u00een aer ???\u201d<\/span><\/p>\n<\/div>\n<div>\n<p><span style=\"color: #000000;\">R\u0103spunsul lui: \u201eMare. Foarte mare. Spre foarte, foarte mare !!!&#8221;<\/span><\/p>\n<\/div>\n<div>\n<p><span style=\"color: #000000;\">Eu: \u201eC\u00e2t de mare ? Ce procent ?\u201d<\/span><\/p>\n<\/div>\n<div>\n<p><span style=\"color: #000000;\">El: \u201eNu \u0219tiu!\u201d<\/span><\/p>\n<\/div>\n<div>\n<p><span style=\"color: #000000;\">Aha, credeam, un adev\u0103rat cunosc\u0103tor !\ud83d\ude01<\/span><\/p>\n<\/div>\n<div>\n<p><span style=\"color: #000000;\">A\u0219a c\u0103 am tot \u00eentrebat: \u201eCe mai este \u00een aer?\u201d<\/span><\/p>\n<\/div>\n<div>\n<p><span style=\"color: #000000;\">El: &#8222;Oxigen !&#8221;<\/span><\/p>\n<\/div>\n<div>\n<p><span style=\"color: #000000;\">Eu: \u201eCorect ! \u015ei ce procent ?&#8221;<\/span><\/p>\n<\/div>\n<div>\n<p><span style=\"color: #000000;\">El: \u201eNu \u0219tiu !\u201d<\/span><\/p>\n<\/div>\n<div>\n<p><span style=\"color: #000000;\"> \u00a0<\/span><\/p>\n<\/div>\n<div>\n<p><span style=\"color: #000000;\">I-am explicat c\u0103 probabil este \u00een jur de 21%. I s-a p\u0103rut plauzibil.\ud83e\udd14\u00a0<\/span><\/p>\n<\/div>\n<div>\n<p><span style=\"color: #000000;\"> \u00a0<\/span><\/p>\n<\/div>\n<div>\n<p><span style=\"color: #000000;\">Continui: &#8222;Ce alte gaze mai sunt \u00een aer ?&#8221;<\/span><\/p>\n<\/div>\n<div>\n<p><span style=\"color: #000000;\">Cl\u0103tinare din cap&#8230; ridicare din umeri..<\/span><\/p>\n<\/div>\n<div>\n<p><span style=\"color: #000000;\">Eu: \u201eGaze nobile: Argon, Xenon, Neon, Krypton&#8230; Ai auzit vreodat\u0103? Dar ele reprezint\u0103 doar pu\u021bin sub un procent \u00een total.\u201d<\/span><\/p>\n<\/div>\n<div>\n<p><span style=\"color: #000000;\">Uimire g\u00e2nditoare&#8230; Am repetat ultima \u00eentrebare. Din nou (acum enervat) ridic\u0103 din umeri \u0219i d\u0103 ochii peste cap&#8230;<\/span><\/p>\n<\/div>\n<div>\n<p><span style=\"color: #000000;\">Eu: &#8222;Ai auzit vreodat\u0103 de azot ?&#8221;<\/span><\/p>\n<\/div>\n<div>\n<p><span style=\"color: #000000;\">El: \u201eOh, da, corect&#8230; azot. Da, avem \u0219i asta \u00een aer.\u201d<\/span><\/p>\n<\/div>\n<div>\n<p><span style=\"color: #000000;\">Eu: &#8222;\u0218i ? C\u00e2te procente ?&#8221;\u00a0<\/span><\/p>\n<\/div>\n<div>\n<p><span style=\"color: #000000;\">Ridic\u0103 din umeri din nou. Am sim\u021bit c\u0103 s-a s\u0103turat de mine. Dar nu m-am dat b\u0103tut \u015fi i-am explicat c\u0103 era cam 78%.\u00a0<\/span><\/p>\n<\/div>\n<div>\n<p><span style=\"color: #000000;\">Flyer-ele de propagand\u0103 pe care le \u021binea \u00een m\u00e2na st\u00e2ng\u0103 se scufundau din ce \u00een ce mai jos.<\/span><\/p>\n<\/div>\n<div>\n<p><span style=\"color: #000000;\"> \u00a0<\/span><\/p>\n<\/div>\n<div>\n<p><span style=\"color: #000000;\">El, dup\u0103 o aritmetic\u0103 mental\u0103 rapid\u0103 (a sim\u021bit undeva pe la 60%):<\/span><\/p>\n<\/div>\n<div>\n<p><span style=\"color: #000000;\">\u201eAsta nu se poate, nu te cred, c\u0103 atunci nu ar mai r\u0103m\u00e2ne nimic pentru CO2-ul de LA PARTIDUL VERDE \u015eI NU PREA MAI R\u0102M\u00c2NE NIMIC PENTRU PROPAGANDA DE SALVAT CLIMA !\u201d<\/span><\/p>\n<\/div>\n<div>\n<p><span style=\"color: #000000;\">Eu: \u201eExact. Ai dreptate. Cel pu\u021bin aproape&#8230; Pentru c\u0103 exist\u0103 doar 0,038% CO2 \u00een aerul pe care \u00eel respir\u0103m!<\/span><\/p>\n<\/div>\n<div>\n<p><span style=\"color: #000000;\"> \u00a0<\/span><\/p>\n<\/div>\n<div>\n<p><span style=\"color: #000000;\">Pur \u0219i simplu nu m-a crezut \u0219i m-a p\u0103r\u0103sit.<\/span><\/p>\n<\/div>\n<div>\n<p><span style=\"color: #000000;\">&#8211;&#8211;&#8211;&#8211;&#8211;&#8211;-\u00a0<\/span><\/p>\n<\/div>\n<div>\n<p><span style=\"color: #000000;\">Dac\u0103 dori\u021bi s\u0103 calcula\u021bi mai departe:<\/span><\/p>\n<\/div>\n<div>\n<p><span style=\"color: #000000;\">Avem 0,038% CO2 \u00een aer. Natura \u00eens\u0103\u0219i produce aproximativ 96% din aceasta.\u00a0<\/span><\/p>\n<\/div>\n<div>\n<p><span style=\"color: #000000;\">Restul, adic\u0103 4%, fiin\u021ba uman\u0103.\u00a0<\/span><\/p>\n<\/div>\n<div>\n<p><span style=\"color: #000000;\">Adic\u0103 4% din 0,038%, adic\u0103 0,00152%. Ponderea Germaniei \u00een aceasta este de 3,1%. Astfel, Germania influen\u021beaz\u0103 cu 0,0004712% producerea de CO2 \u00een aer !<\/span><\/p>\n<\/div>\n<div>\n<p><span style=\"color: #000000;\">________________<\/span><\/p>\n<\/div>\n<div>\n<p><span style=\"color: #000000;\">\u0218i apropo &#8211; dac\u0103 nu a\u021bi \u00een\u021beles \u00eenc\u0103 &#8211; CO2 este elementul de cre\u0219tere pentru natura noastr\u0103. Serele, de exemplu, sunt alimentate suplimentar cu CO2, pentru cre\u0219terea rapid\u0103 \u015fi abundend\u0103 a plantelor.\u00a0<\/span><\/p>\n<\/div>\n<div><\/div>\n<\/div>\n<\/div>\n<\/div>\n<\/div>\n<\/div>\n<\/div>\n<\/div>\n<\/div>\n<\/div>\n<\/div>\n<\/div>\n<\/div>\n<\/div>\n<\/div>\n<\/div>\n<\/div>\n<\/div>\n<\/div>\n<\/div>\n<\/div>\n<\/div>\n<\/blockquote>\n<\/div>\n<\/div>\n<p><span style=\"color: #000000;\"><b>POVESTEA CU CO2-ul ESTE DOAR O POVESTE FOARTE PROAST\u0102 DE ADORMIT COPIII.<\/b><\/span><\/p>\n<\/div>\n<\/div>\n<\/div>\n<\/div>\n<\/div>\n<\/div>\n","protected":false},"excerpt":{"rendered":"<p>Este ingrozitor cum sunt promovati &#8222;luptatorii&#8221; care &#8222;se ingrijesc&#8221; de influienta produsa de bioxidul de carbon asupra poluarii&#8230;de catre activitatile<\/p>\n","protected":false},"author":4,"featured_media":6882,"comment_status":"open","ping_status":"open","sticky":false,"template":"","format":"standard","meta":{"colormag_page_container_layout":"default_layout","colormag_page_sidebar_layout":"default_layout","footnotes":""},"categories":[7],"tags":[],"class_list":["post-8571","post","type-post","status-publish","format-standard","has-post-thumbnail","hentry","category-nat"],"yoast_head":"<!-- This site is optimized with the Yoast SEO plugin v27.0 - https:\/\/yoast.com\/product\/yoast-seo-wordpress\/ -->\n<title>UMILITOR : povestea cu CO2-ul - MHF Photography<\/title>\n<meta name=\"robots\" content=\"index, follow, max-snippet:-1, max-image-preview:large, max-video-preview:-1\" \/>\n<link rel=\"canonical\" href=\"https:\/\/mhf.ro\/mm\/umilitor-povestea-cu-co2-ul\/\" \/>\n<meta property=\"og:locale\" content=\"ro_RO\" \/>\n<meta property=\"og:type\" content=\"article\" \/>\n<meta property=\"og:title\" content=\"UMILITOR : povestea cu CO2-ul - MHF Photography\" \/>\n<meta property=\"og:description\" content=\"Este ingrozitor cum sunt promovati &#8222;luptatorii&#8221; care &#8222;se ingrijesc&#8221; de influienta produsa de bioxidul de carbon asupra poluarii&#8230;de catre activitatile\" \/>\n<meta property=\"og:url\" content=\"https:\/\/mhf.ro\/mm\/umilitor-povestea-cu-co2-ul\/\" \/>\n<meta property=\"og:site_name\" content=\"MHF Photography\" \/>\n<meta property=\"article:published_time\" content=\"2023-02-01T08:55:17+00:00\" \/>\n<meta property=\"og:image\" content=\"https:\/\/mhf.ro\/mm\/wp-content\/uploads\/2022\/03\/masini-1.jpg\" \/>\n\t<meta property=\"og:image:width\" content=\"1000\" \/>\n\t<meta property=\"og:image:height\" content=\"573\" \/>\n\t<meta property=\"og:image:type\" content=\"image\/jpeg\" \/>\n<meta name=\"author\" content=\"Preot paroh Horvat Petru\" \/>\n<meta name=\"twitter:card\" content=\"summary_large_image\" \/>\n<meta name=\"twitter:label1\" content=\"Scris de\" \/>\n\t<meta name=\"twitter:data1\" content=\"Preot paroh Horvat Petru\" \/>\n\t<meta name=\"twitter:label2\" content=\"Timp estimat pentru citire\" \/>\n\t<meta name=\"twitter:data2\" content=\"3 minute\" \/>\n<script type=\"application\/ld+json\" class=\"yoast-schema-graph\">{\"@context\":\"https:\/\/schema.org\",\"@graph\":[{\"@type\":\"Article\",\"@id\":\"https:\/\/mhf.ro\/mm\/umilitor-povestea-cu-co2-ul\/#article\",\"isPartOf\":{\"@id\":\"https:\/\/mhf.ro\/mm\/umilitor-povestea-cu-co2-ul\/\"},\"author\":{\"name\":\"Preot paroh Horvat Petru\",\"@id\":\"https:\/\/mhf.ro\/mm\/#\/schema\/person\/4c8c06c801b7b666e81ed44550086900\"},\"headline\":\"UMILITOR : povestea cu CO2-ul\",\"datePublished\":\"2023-02-01T08:55:17+00:00\",\"mainEntityOfPage\":{\"@id\":\"https:\/\/mhf.ro\/mm\/umilitor-povestea-cu-co2-ul\/\"},\"wordCount\":493,\"commentCount\":0,\"publisher\":{\"@id\":\"https:\/\/mhf.ro\/mm\/#\/schema\/person\/a3bebf7bdb4bf12f698aff73c7e46c21\"},\"image\":{\"@id\":\"https:\/\/mhf.ro\/mm\/umilitor-povestea-cu-co2-ul\/#primaryimage\"},\"thumbnailUrl\":\"https:\/\/mhf.ro\/mm\/wp-content\/uploads\/2022\/03\/masini-1.jpg\",\"articleSection\":[\"Natura\"],\"inLanguage\":\"ro-RO\",\"potentialAction\":[{\"@type\":\"CommentAction\",\"name\":\"Comment\",\"target\":[\"https:\/\/mhf.ro\/mm\/umilitor-povestea-cu-co2-ul\/#respond\"]}]},{\"@type\":\"WebPage\",\"@id\":\"https:\/\/mhf.ro\/mm\/umilitor-povestea-cu-co2-ul\/\",\"url\":\"https:\/\/mhf.ro\/mm\/umilitor-povestea-cu-co2-ul\/\",\"name\":\"UMILITOR : povestea cu CO2-ul - MHF Photography\",\"isPartOf\":{\"@id\":\"https:\/\/mhf.ro\/mm\/#website\"},\"primaryImageOfPage\":{\"@id\":\"https:\/\/mhf.ro\/mm\/umilitor-povestea-cu-co2-ul\/#primaryimage\"},\"image\":{\"@id\":\"https:\/\/mhf.ro\/mm\/umilitor-povestea-cu-co2-ul\/#primaryimage\"},\"thumbnailUrl\":\"https:\/\/mhf.ro\/mm\/wp-content\/uploads\/2022\/03\/masini-1.jpg\",\"datePublished\":\"2023-02-01T08:55:17+00:00\",\"breadcrumb\":{\"@id\":\"https:\/\/mhf.ro\/mm\/umilitor-povestea-cu-co2-ul\/#breadcrumb\"},\"inLanguage\":\"ro-RO\",\"potentialAction\":[{\"@type\":\"ReadAction\",\"target\":[\"https:\/\/mhf.ro\/mm\/umilitor-povestea-cu-co2-ul\/\"]}]},{\"@type\":\"ImageObject\",\"inLanguage\":\"ro-RO\",\"@id\":\"https:\/\/mhf.ro\/mm\/umilitor-povestea-cu-co2-ul\/#primaryimage\",\"url\":\"https:\/\/mhf.ro\/mm\/wp-content\/uploads\/2022\/03\/masini-1.jpg\",\"contentUrl\":\"https:\/\/mhf.ro\/mm\/wp-content\/uploads\/2022\/03\/masini-1.jpg\",\"width\":1000,\"height\":573},{\"@type\":\"BreadcrumbList\",\"@id\":\"https:\/\/mhf.ro\/mm\/umilitor-povestea-cu-co2-ul\/#breadcrumb\",\"itemListElement\":[{\"@type\":\"ListItem\",\"position\":1,\"name\":\"Prima pagin\u0103\",\"item\":\"https:\/\/mhf.ro\/mm\/\"},{\"@type\":\"ListItem\",\"position\":2,\"name\":\"UMILITOR : povestea cu CO2-ul\"}]},{\"@type\":\"WebSite\",\"@id\":\"https:\/\/mhf.ro\/mm\/#website\",\"url\":\"https:\/\/mhf.ro\/mm\/\",\"name\":\"MHF Photography \u2013 Blog de fotografie, natur\u0103 \u0219i tehnic\u0103 divers\u0103\",\"description\":\"Aventur\u0103 \u00een fiecare cadru.\",\"publisher\":{\"@id\":\"https:\/\/mhf.ro\/mm\/#\/schema\/person\/a3bebf7bdb4bf12f698aff73c7e46c21\"},\"potentialAction\":[{\"@type\":\"SearchAction\",\"target\":{\"@type\":\"EntryPoint\",\"urlTemplate\":\"https:\/\/mhf.ro\/mm\/?s={search_term_string}\"},\"query-input\":{\"@type\":\"PropertyValueSpecification\",\"valueRequired\":true,\"valueName\":\"search_term_string\"}}],\"inLanguage\":\"ro-RO\"},{\"@type\":[\"Person\",\"Organization\"],\"@id\":\"https:\/\/mhf.ro\/mm\/#\/schema\/person\/a3bebf7bdb4bf12f698aff73c7e46c21\",\"name\":\"Marius Marcu\",\"image\":{\"@type\":\"ImageObject\",\"inLanguage\":\"ro-RO\",\"@id\":\"https:\/\/mhf.ro\/mm\/#\/schema\/person\/image\/\",\"url\":\"https:\/\/mhf.ro\/mm\/wp-content\/uploads\/2025\/12\/cropped-logo_mhf_2.png\",\"contentUrl\":\"https:\/\/mhf.ro\/mm\/wp-content\/uploads\/2025\/12\/cropped-logo_mhf_2.png\",\"width\":1096,\"height\":457,\"caption\":\"Marius Marcu\"},\"logo\":{\"@id\":\"https:\/\/mhf.ro\/mm\/#\/schema\/person\/image\/\"},\"sameAs\":[\"https:\/\/mhf.ro\/mm\"]},{\"@type\":\"Person\",\"@id\":\"https:\/\/mhf.ro\/mm\/#\/schema\/person\/4c8c06c801b7b666e81ed44550086900\",\"name\":\"Preot paroh Horvat Petru\",\"image\":{\"@type\":\"ImageObject\",\"inLanguage\":\"ro-RO\",\"@id\":\"https:\/\/mhf.ro\/mm\/#\/schema\/person\/image\/\",\"url\":\"https:\/\/secure.gravatar.com\/avatar\/c2d2dcdf21c6f41aad486d71768c144cd6e23cb7b63bae9bd6fab542b26ad321?s=96&d=monsterid&r=g\",\"contentUrl\":\"https:\/\/secure.gravatar.com\/avatar\/c2d2dcdf21c6f41aad486d71768c144cd6e23cb7b63bae9bd6fab542b26ad321?s=96&d=monsterid&r=g\",\"caption\":\"Preot paroh Horvat Petru\"},\"sameAs\":[\"https:\/\/mhf.ro\/mm\"],\"url\":\"https:\/\/mhf.ro\/mm\/author\/petrica\/\"}]}<\/script>\n<!-- \/ Yoast SEO plugin. -->","yoast_head_json":{"title":"UMILITOR : povestea cu CO2-ul - MHF Photography","robots":{"index":"index","follow":"follow","max-snippet":"max-snippet:-1","max-image-preview":"max-image-preview:large","max-video-preview":"max-video-preview:-1"},"canonical":"https:\/\/mhf.ro\/mm\/umilitor-povestea-cu-co2-ul\/","og_locale":"ro_RO","og_type":"article","og_title":"UMILITOR : povestea cu CO2-ul - MHF Photography","og_description":"Este ingrozitor cum sunt promovati &#8222;luptatorii&#8221; care &#8222;se ingrijesc&#8221; de influienta produsa de bioxidul de carbon asupra poluarii&#8230;de catre activitatile","og_url":"https:\/\/mhf.ro\/mm\/umilitor-povestea-cu-co2-ul\/","og_site_name":"MHF Photography","article_published_time":"2023-02-01T08:55:17+00:00","og_image":[{"width":1000,"height":573,"url":"https:\/\/mhf.ro\/mm\/wp-content\/uploads\/2022\/03\/masini-1.jpg","type":"image\/jpeg"}],"author":"Preot paroh Horvat Petru","twitter_card":"summary_large_image","twitter_misc":{"Scris de":"Preot paroh Horvat Petru","Timp estimat pentru citire":"3 minute"},"schema":{"@context":"https:\/\/schema.org","@graph":[{"@type":"Article","@id":"https:\/\/mhf.ro\/mm\/umilitor-povestea-cu-co2-ul\/#article","isPartOf":{"@id":"https:\/\/mhf.ro\/mm\/umilitor-povestea-cu-co2-ul\/"},"author":{"name":"Preot paroh Horvat Petru","@id":"https:\/\/mhf.ro\/mm\/#\/schema\/person\/4c8c06c801b7b666e81ed44550086900"},"headline":"UMILITOR : povestea cu CO2-ul","datePublished":"2023-02-01T08:55:17+00:00","mainEntityOfPage":{"@id":"https:\/\/mhf.ro\/mm\/umilitor-povestea-cu-co2-ul\/"},"wordCount":493,"commentCount":0,"publisher":{"@id":"https:\/\/mhf.ro\/mm\/#\/schema\/person\/a3bebf7bdb4bf12f698aff73c7e46c21"},"image":{"@id":"https:\/\/mhf.ro\/mm\/umilitor-povestea-cu-co2-ul\/#primaryimage"},"thumbnailUrl":"https:\/\/mhf.ro\/mm\/wp-content\/uploads\/2022\/03\/masini-1.jpg","articleSection":["Natura"],"inLanguage":"ro-RO","potentialAction":[{"@type":"CommentAction","name":"Comment","target":["https:\/\/mhf.ro\/mm\/umilitor-povestea-cu-co2-ul\/#respond"]}]},{"@type":"WebPage","@id":"https:\/\/mhf.ro\/mm\/umilitor-povestea-cu-co2-ul\/","url":"https:\/\/mhf.ro\/mm\/umilitor-povestea-cu-co2-ul\/","name":"UMILITOR : povestea cu CO2-ul - MHF Photography","isPartOf":{"@id":"https:\/\/mhf.ro\/mm\/#website"},"primaryImageOfPage":{"@id":"https:\/\/mhf.ro\/mm\/umilitor-povestea-cu-co2-ul\/#primaryimage"},"image":{"@id":"https:\/\/mhf.ro\/mm\/umilitor-povestea-cu-co2-ul\/#primaryimage"},"thumbnailUrl":"https:\/\/mhf.ro\/mm\/wp-content\/uploads\/2022\/03\/masini-1.jpg","datePublished":"2023-02-01T08:55:17+00:00","breadcrumb":{"@id":"https:\/\/mhf.ro\/mm\/umilitor-povestea-cu-co2-ul\/#breadcrumb"},"inLanguage":"ro-RO","potentialAction":[{"@type":"ReadAction","target":["https:\/\/mhf.ro\/mm\/umilitor-povestea-cu-co2-ul\/"]}]},{"@type":"ImageObject","inLanguage":"ro-RO","@id":"https:\/\/mhf.ro\/mm\/umilitor-povestea-cu-co2-ul\/#primaryimage","url":"https:\/\/mhf.ro\/mm\/wp-content\/uploads\/2022\/03\/masini-1.jpg","contentUrl":"https:\/\/mhf.ro\/mm\/wp-content\/uploads\/2022\/03\/masini-1.jpg","width":1000,"height":573},{"@type":"BreadcrumbList","@id":"https:\/\/mhf.ro\/mm\/umilitor-povestea-cu-co2-ul\/#breadcrumb","itemListElement":[{"@type":"ListItem","position":1,"name":"Prima pagin\u0103","item":"https:\/\/mhf.ro\/mm\/"},{"@type":"ListItem","position":2,"name":"UMILITOR : povestea cu CO2-ul"}]},{"@type":"WebSite","@id":"https:\/\/mhf.ro\/mm\/#website","url":"https:\/\/mhf.ro\/mm\/","name":"MHF Photography \u2013 Blog de fotografie, natur\u0103 \u0219i tehnic\u0103 divers\u0103","description":"Aventur\u0103 \u00een fiecare cadru.","publisher":{"@id":"https:\/\/mhf.ro\/mm\/#\/schema\/person\/a3bebf7bdb4bf12f698aff73c7e46c21"},"potentialAction":[{"@type":"SearchAction","target":{"@type":"EntryPoint","urlTemplate":"https:\/\/mhf.ro\/mm\/?s={search_term_string}"},"query-input":{"@type":"PropertyValueSpecification","valueRequired":true,"valueName":"search_term_string"}}],"inLanguage":"ro-RO"},{"@type":["Person","Organization"],"@id":"https:\/\/mhf.ro\/mm\/#\/schema\/person\/a3bebf7bdb4bf12f698aff73c7e46c21","name":"Marius Marcu","image":{"@type":"ImageObject","inLanguage":"ro-RO","@id":"https:\/\/mhf.ro\/mm\/#\/schema\/person\/image\/","url":"https:\/\/mhf.ro\/mm\/wp-content\/uploads\/2025\/12\/cropped-logo_mhf_2.png","contentUrl":"https:\/\/mhf.ro\/mm\/wp-content\/uploads\/2025\/12\/cropped-logo_mhf_2.png","width":1096,"height":457,"caption":"Marius Marcu"},"logo":{"@id":"https:\/\/mhf.ro\/mm\/#\/schema\/person\/image\/"},"sameAs":["https:\/\/mhf.ro\/mm"]},{"@type":"Person","@id":"https:\/\/mhf.ro\/mm\/#\/schema\/person\/4c8c06c801b7b666e81ed44550086900","name":"Preot paroh Horvat Petru","image":{"@type":"ImageObject","inLanguage":"ro-RO","@id":"https:\/\/mhf.ro\/mm\/#\/schema\/person\/image\/","url":"https:\/\/secure.gravatar.com\/avatar\/c2d2dcdf21c6f41aad486d71768c144cd6e23cb7b63bae9bd6fab542b26ad321?s=96&d=monsterid&r=g","contentUrl":"https:\/\/secure.gravatar.com\/avatar\/c2d2dcdf21c6f41aad486d71768c144cd6e23cb7b63bae9bd6fab542b26ad321?s=96&d=monsterid&r=g","caption":"Preot paroh Horvat Petru"},"sameAs":["https:\/\/mhf.ro\/mm"],"url":"https:\/\/mhf.ro\/mm\/author\/petrica\/"}]}},"_links":{"self":[{"href":"https:\/\/mhf.ro\/mm\/wp-json\/wp\/v2\/posts\/8571","targetHints":{"allow":["GET"]}}],"collection":[{"href":"https:\/\/mhf.ro\/mm\/wp-json\/wp\/v2\/posts"}],"about":[{"href":"https:\/\/mhf.ro\/mm\/wp-json\/wp\/v2\/types\/post"}],"author":[{"embeddable":true,"href":"https:\/\/mhf.ro\/mm\/wp-json\/wp\/v2\/users\/4"}],"replies":[{"embeddable":true,"href":"https:\/\/mhf.ro\/mm\/wp-json\/wp\/v2\/comments?post=8571"}],"version-history":[{"count":1,"href":"https:\/\/mhf.ro\/mm\/wp-json\/wp\/v2\/posts\/8571\/revisions"}],"predecessor-version":[{"id":8572,"href":"https:\/\/mhf.ro\/mm\/wp-json\/wp\/v2\/posts\/8571\/revisions\/8572"}],"wp:featuredmedia":[{"embeddable":true,"href":"https:\/\/mhf.ro\/mm\/wp-json\/wp\/v2\/media\/6882"}],"wp:attachment":[{"href":"https:\/\/mhf.ro\/mm\/wp-json\/wp\/v2\/media?parent=8571"}],"wp:term":[{"taxonomy":"category","embeddable":true,"href":"https:\/\/mhf.ro\/mm\/wp-json\/wp\/v2\/categories?post=8571"},{"taxonomy":"post_tag","embeddable":true,"href":"https:\/\/mhf.ro\/mm\/wp-json\/wp\/v2\/tags?post=8571"}],"curies":[{"name":"wp","href":"https:\/\/api.w.org\/{rel}","templated":true}]}}