{"id":8594,"date":"2023-02-02T10:34:39","date_gmt":"2023-02-02T08:34:39","guid":{"rendered":"https:\/\/mhf.ro\/mm\/?p=8594"},"modified":"2023-02-02T13:37:17","modified_gmt":"2023-02-02T11:37:17","slug":"patru-spitale-regionale","status":"publish","type":"post","link":"https:\/\/mhf.ro\/mm\/patru-spitale-regionale\/","title":{"rendered":"Patru spitale regionale!"},"content":{"rendered":"<h5>Putem construi spitale regionale?<\/h5>\n<p>\u00cen ultima vreme, pe aproape toate posturile na\u021bionale de televiziune se vehiculeaz\u0103 ideea conform c\u0103reia OMV Petrom ar trebui s\u0103 pl\u0103teasc\u0103 taxa de solidaritate. Valoarea taxei de solidaritate se ridic\u0103 la 1 miliard de euro, sum\u0103 echivalent\u0103 cu construc\u021bia a patru spitale regionale.<\/p>\n<p>Nu vreau s\u0103 dezbat acum dac\u0103 ar trebui s\u0103 pl\u0103teasc\u0103 taxa sau nu. Ceea ce vreau s\u0103 aduc \u00een discu\u021bie este urm\u0103torul aspect, dac\u0103 OMV va pl\u0103ti taxa de solidaritate ce crede\u021bi c\u0103 se va \u00eent\u00e2mpla cu banii? Oare crede\u021bi c\u0103 vom beneficia de patru spitale regionale? S\u0103 nu uit\u0103m de c\u00e2te ori am primit promisiuni ferme c\u0103 se vor construi spitale regionale. Deja suntem obi\u0219nui\u021bi ca la fiecare ciclul electoral, mai ales \u00een campanie, s\u0103 ne fie f\u0103cute promisiuni de\u0219arte. To\u021bi \u0219tim, chiar dac\u0103 nu vrem s\u0103 recunoa\u0219tem, c\u00e2te spitale au fost construite \u00een ultimii 30 de ani.<\/p>\n<p>Tare \u00eemi este fric\u0103, c\u0103 respectiva tax\u0103, dac\u0103 va fi pl\u0103tit\u0103, va ajunge \u00een aceea\u0219i pr\u0103pastie \u00een care \u0219i-au pierdut urma cele peste 100 de miliarde de euro \u00eemprumutate p\u00e2n\u0103 \u00een prezent de guvernele \u021b\u0103rii noastre. Realizarea unor obiective na\u021bionale, presupune competen\u021b\u0103 \u0219i profesionalism, \u00eensu\u0219iri greu de g\u0103sit la cei care ne conduc.<\/p>\n<p>Este foarte u\u0219or s\u0103 te ia gura pe dinainte, c\u0103 apoi s\u0103 nu po\u021bi realiza ceea ce ai promis, ba mai mult, s\u0103 te faci c\u0103 plou\u0103 \u0219i s\u0103 promi\u021bi alte \u0219i alte lucruri pe care nu le po\u021bi realiza, \u00een speran\u021ba c\u0103 cei care te ascult\u0103 vor uita promisiunile tale anterioare. S\u0103 p\u0103str\u0103m vie \u00een minte minciuna non\u0219alant\u0103 &#8222;\u00een 30 de zile suntem obliga\u021bi s\u0103 desfiin\u021b\u0103m pensiile speciale&#8221;, promisiune care a adus multe voturi.<\/p>\n<h5>Oare putem \u0219i ar fi bine s\u0103 sanc\u021bion\u0103m aceste promisiuni de\u0219arte?<\/h5>\n","protected":false},"excerpt":{"rendered":"<p>Putem construi spitale regionale? \u00cen ultima vreme, pe aproape toate posturile na\u021bionale de televiziune se vehiculeaz\u0103 ideea conform c\u0103reia OMV<\/p>\n","protected":false},"author":1,"featured_media":8595,"comment_status":"open","ping_status":"open","sticky":false,"template":"","format":"standard","meta":{"colormag_page_container_layout":"default_layout","colormag_page_sidebar_layout":"default_layout","footnotes":""},"categories":[5],"tags":[],"class_list":["post-8594","post","type-post","status-publish","format-standard","has-post-thumbnail","hentry","category-locale"],"yoast_head":"<!-- This site is optimized with the Yoast SEO plugin v27.0 - https:\/\/yoast.com\/product\/yoast-seo-wordpress\/ -->\n<title>Patru spitale regionale! - MHF Photography<\/title>\n<meta name=\"robots\" content=\"index, follow, max-snippet:-1, max-image-preview:large, max-video-preview:-1\" \/>\n<link rel=\"canonical\" href=\"https:\/\/mhf.ro\/mm\/patru-spitale-regionale\/\" \/>\n<meta property=\"og:locale\" content=\"ro_RO\" \/>\n<meta property=\"og:type\" content=\"article\" \/>\n<meta property=\"og:title\" content=\"Patru spitale regionale! - MHF Photography\" \/>\n<meta property=\"og:description\" content=\"Putem construi spitale regionale? \u00cen ultima vreme, pe aproape toate posturile na\u021bionale de televiziune se vehiculeaz\u0103 ideea conform c\u0103reia OMV\" \/>\n<meta property=\"og:url\" content=\"https:\/\/mhf.ro\/mm\/patru-spitale-regionale\/\" \/>\n<meta property=\"og:site_name\" content=\"MHF Photography\" \/>\n<meta property=\"article:published_time\" content=\"2023-02-02T08:34:39+00:00\" \/>\n<meta property=\"article:modified_time\" content=\"2023-02-02T11:37:17+00:00\" \/>\n<meta property=\"og:image\" content=\"https:\/\/mhf.ro\/mm\/wp-content\/uploads\/2023\/02\/spital-reg.jpg\" \/>\n\t<meta property=\"og:image:width\" content=\"1280\" \/>\n\t<meta property=\"og:image:height\" content=\"848\" \/>\n\t<meta property=\"og:image:type\" content=\"image\/jpeg\" \/>\n<meta name=\"author\" content=\"Marius Marcu\" \/>\n<meta name=\"twitter:card\" content=\"summary_large_image\" \/>\n<meta name=\"twitter:label1\" content=\"Scris de\" \/>\n\t<meta name=\"twitter:data1\" content=\"Marius Marcu\" \/>\n\t<meta name=\"twitter:label2\" content=\"Timp estimat pentru citire\" \/>\n\t<meta name=\"twitter:data2\" content=\"2 minute\" \/>\n<script type=\"application\/ld+json\" class=\"yoast-schema-graph\">{\"@context\":\"https:\/\/schema.org\",\"@graph\":[{\"@type\":\"Article\",\"@id\":\"https:\/\/mhf.ro\/mm\/patru-spitale-regionale\/#article\",\"isPartOf\":{\"@id\":\"https:\/\/mhf.ro\/mm\/patru-spitale-regionale\/\"},\"author\":{\"name\":\"Marius Marcu\",\"@id\":\"https:\/\/mhf.ro\/mm\/#\/schema\/person\/a3bebf7bdb4bf12f698aff73c7e46c21\"},\"headline\":\"Patru spitale regionale!\",\"datePublished\":\"2023-02-02T08:34:39+00:00\",\"dateModified\":\"2023-02-02T11:37:17+00:00\",\"mainEntityOfPage\":{\"@id\":\"https:\/\/mhf.ro\/mm\/patru-spitale-regionale\/\"},\"wordCount\":324,\"commentCount\":0,\"publisher\":{\"@id\":\"https:\/\/mhf.ro\/mm\/#\/schema\/person\/a3bebf7bdb4bf12f698aff73c7e46c21\"},\"image\":{\"@id\":\"https:\/\/mhf.ro\/mm\/patru-spitale-regionale\/#primaryimage\"},\"thumbnailUrl\":\"https:\/\/mhf.ro\/mm\/wp-content\/uploads\/2023\/02\/spital-reg.jpg\",\"articleSection\":[\"Locale\"],\"inLanguage\":\"ro-RO\",\"potentialAction\":[{\"@type\":\"CommentAction\",\"name\":\"Comment\",\"target\":[\"https:\/\/mhf.ro\/mm\/patru-spitale-regionale\/#respond\"]}]},{\"@type\":\"WebPage\",\"@id\":\"https:\/\/mhf.ro\/mm\/patru-spitale-regionale\/\",\"url\":\"https:\/\/mhf.ro\/mm\/patru-spitale-regionale\/\",\"name\":\"Patru spitale regionale! - MHF Photography\",\"isPartOf\":{\"@id\":\"https:\/\/mhf.ro\/mm\/#website\"},\"primaryImageOfPage\":{\"@id\":\"https:\/\/mhf.ro\/mm\/patru-spitale-regionale\/#primaryimage\"},\"image\":{\"@id\":\"https:\/\/mhf.ro\/mm\/patru-spitale-regionale\/#primaryimage\"},\"thumbnailUrl\":\"https:\/\/mhf.ro\/mm\/wp-content\/uploads\/2023\/02\/spital-reg.jpg\",\"datePublished\":\"2023-02-02T08:34:39+00:00\",\"dateModified\":\"2023-02-02T11:37:17+00:00\",\"breadcrumb\":{\"@id\":\"https:\/\/mhf.ro\/mm\/patru-spitale-regionale\/#breadcrumb\"},\"inLanguage\":\"ro-RO\",\"potentialAction\":[{\"@type\":\"ReadAction\",\"target\":[\"https:\/\/mhf.ro\/mm\/patru-spitale-regionale\/\"]}]},{\"@type\":\"ImageObject\",\"inLanguage\":\"ro-RO\",\"@id\":\"https:\/\/mhf.ro\/mm\/patru-spitale-regionale\/#primaryimage\",\"url\":\"https:\/\/mhf.ro\/mm\/wp-content\/uploads\/2023\/02\/spital-reg.jpg\",\"contentUrl\":\"https:\/\/mhf.ro\/mm\/wp-content\/uploads\/2023\/02\/spital-reg.jpg\",\"width\":1280,\"height\":848},{\"@type\":\"BreadcrumbList\",\"@id\":\"https:\/\/mhf.ro\/mm\/patru-spitale-regionale\/#breadcrumb\",\"itemListElement\":[{\"@type\":\"ListItem\",\"position\":1,\"name\":\"Prima pagin\u0103\",\"item\":\"https:\/\/mhf.ro\/mm\/\"},{\"@type\":\"ListItem\",\"position\":2,\"name\":\"Patru spitale regionale!\"}]},{\"@type\":\"WebSite\",\"@id\":\"https:\/\/mhf.ro\/mm\/#website\",\"url\":\"https:\/\/mhf.ro\/mm\/\",\"name\":\"MHF Photography \u2013 Blog de fotografie, natur\u0103 \u0219i tehnic\u0103 divers\u0103\",\"description\":\"Aventur\u0103 \u00een fiecare cadru.\",\"publisher\":{\"@id\":\"https:\/\/mhf.ro\/mm\/#\/schema\/person\/a3bebf7bdb4bf12f698aff73c7e46c21\"},\"potentialAction\":[{\"@type\":\"SearchAction\",\"target\":{\"@type\":\"EntryPoint\",\"urlTemplate\":\"https:\/\/mhf.ro\/mm\/?s={search_term_string}\"},\"query-input\":{\"@type\":\"PropertyValueSpecification\",\"valueRequired\":true,\"valueName\":\"search_term_string\"}}],\"inLanguage\":\"ro-RO\"},{\"@type\":[\"Person\",\"Organization\"],\"@id\":\"https:\/\/mhf.ro\/mm\/#\/schema\/person\/a3bebf7bdb4bf12f698aff73c7e46c21\",\"name\":\"Marius Marcu\",\"image\":{\"@type\":\"ImageObject\",\"inLanguage\":\"ro-RO\",\"@id\":\"https:\/\/mhf.ro\/mm\/#\/schema\/person\/image\/\",\"url\":\"https:\/\/mhf.ro\/mm\/wp-content\/uploads\/2025\/12\/cropped-logo_mhf_2.png\",\"contentUrl\":\"https:\/\/mhf.ro\/mm\/wp-content\/uploads\/2025\/12\/cropped-logo_mhf_2.png\",\"width\":1096,\"height\":457,\"caption\":\"Marius Marcu\"},\"logo\":{\"@id\":\"https:\/\/mhf.ro\/mm\/#\/schema\/person\/image\/\"},\"sameAs\":[\"https:\/\/mhf.ro\/mm\"],\"url\":\"https:\/\/mhf.ro\/mm\/author\/mihai\/\"}]}<\/script>\n<!-- \/ Yoast SEO plugin. -->","yoast_head_json":{"title":"Patru spitale regionale! - MHF Photography","robots":{"index":"index","follow":"follow","max-snippet":"max-snippet:-1","max-image-preview":"max-image-preview:large","max-video-preview":"max-video-preview:-1"},"canonical":"https:\/\/mhf.ro\/mm\/patru-spitale-regionale\/","og_locale":"ro_RO","og_type":"article","og_title":"Patru spitale regionale! - MHF Photography","og_description":"Putem construi spitale regionale? \u00cen ultima vreme, pe aproape toate posturile na\u021bionale de televiziune se vehiculeaz\u0103 ideea conform c\u0103reia OMV","og_url":"https:\/\/mhf.ro\/mm\/patru-spitale-regionale\/","og_site_name":"MHF Photography","article_published_time":"2023-02-02T08:34:39+00:00","article_modified_time":"2023-02-02T11:37:17+00:00","og_image":[{"width":1280,"height":848,"url":"https:\/\/mhf.ro\/mm\/wp-content\/uploads\/2023\/02\/spital-reg.jpg","type":"image\/jpeg"}],"author":"Marius Marcu","twitter_card":"summary_large_image","twitter_misc":{"Scris de":"Marius Marcu","Timp estimat pentru citire":"2 minute"},"schema":{"@context":"https:\/\/schema.org","@graph":[{"@type":"Article","@id":"https:\/\/mhf.ro\/mm\/patru-spitale-regionale\/#article","isPartOf":{"@id":"https:\/\/mhf.ro\/mm\/patru-spitale-regionale\/"},"author":{"name":"Marius Marcu","@id":"https:\/\/mhf.ro\/mm\/#\/schema\/person\/a3bebf7bdb4bf12f698aff73c7e46c21"},"headline":"Patru spitale regionale!","datePublished":"2023-02-02T08:34:39+00:00","dateModified":"2023-02-02T11:37:17+00:00","mainEntityOfPage":{"@id":"https:\/\/mhf.ro\/mm\/patru-spitale-regionale\/"},"wordCount":324,"commentCount":0,"publisher":{"@id":"https:\/\/mhf.ro\/mm\/#\/schema\/person\/a3bebf7bdb4bf12f698aff73c7e46c21"},"image":{"@id":"https:\/\/mhf.ro\/mm\/patru-spitale-regionale\/#primaryimage"},"thumbnailUrl":"https:\/\/mhf.ro\/mm\/wp-content\/uploads\/2023\/02\/spital-reg.jpg","articleSection":["Locale"],"inLanguage":"ro-RO","potentialAction":[{"@type":"CommentAction","name":"Comment","target":["https:\/\/mhf.ro\/mm\/patru-spitale-regionale\/#respond"]}]},{"@type":"WebPage","@id":"https:\/\/mhf.ro\/mm\/patru-spitale-regionale\/","url":"https:\/\/mhf.ro\/mm\/patru-spitale-regionale\/","name":"Patru spitale regionale! - MHF Photography","isPartOf":{"@id":"https:\/\/mhf.ro\/mm\/#website"},"primaryImageOfPage":{"@id":"https:\/\/mhf.ro\/mm\/patru-spitale-regionale\/#primaryimage"},"image":{"@id":"https:\/\/mhf.ro\/mm\/patru-spitale-regionale\/#primaryimage"},"thumbnailUrl":"https:\/\/mhf.ro\/mm\/wp-content\/uploads\/2023\/02\/spital-reg.jpg","datePublished":"2023-02-02T08:34:39+00:00","dateModified":"2023-02-02T11:37:17+00:00","breadcrumb":{"@id":"https:\/\/mhf.ro\/mm\/patru-spitale-regionale\/#breadcrumb"},"inLanguage":"ro-RO","potentialAction":[{"@type":"ReadAction","target":["https:\/\/mhf.ro\/mm\/patru-spitale-regionale\/"]}]},{"@type":"ImageObject","inLanguage":"ro-RO","@id":"https:\/\/mhf.ro\/mm\/patru-spitale-regionale\/#primaryimage","url":"https:\/\/mhf.ro\/mm\/wp-content\/uploads\/2023\/02\/spital-reg.jpg","contentUrl":"https:\/\/mhf.ro\/mm\/wp-content\/uploads\/2023\/02\/spital-reg.jpg","width":1280,"height":848},{"@type":"BreadcrumbList","@id":"https:\/\/mhf.ro\/mm\/patru-spitale-regionale\/#breadcrumb","itemListElement":[{"@type":"ListItem","position":1,"name":"Prima pagin\u0103","item":"https:\/\/mhf.ro\/mm\/"},{"@type":"ListItem","position":2,"name":"Patru spitale regionale!"}]},{"@type":"WebSite","@id":"https:\/\/mhf.ro\/mm\/#website","url":"https:\/\/mhf.ro\/mm\/","name":"MHF Photography \u2013 Blog de fotografie, natur\u0103 \u0219i tehnic\u0103 divers\u0103","description":"Aventur\u0103 \u00een fiecare cadru.","publisher":{"@id":"https:\/\/mhf.ro\/mm\/#\/schema\/person\/a3bebf7bdb4bf12f698aff73c7e46c21"},"potentialAction":[{"@type":"SearchAction","target":{"@type":"EntryPoint","urlTemplate":"https:\/\/mhf.ro\/mm\/?s={search_term_string}"},"query-input":{"@type":"PropertyValueSpecification","valueRequired":true,"valueName":"search_term_string"}}],"inLanguage":"ro-RO"},{"@type":["Person","Organization"],"@id":"https:\/\/mhf.ro\/mm\/#\/schema\/person\/a3bebf7bdb4bf12f698aff73c7e46c21","name":"Marius Marcu","image":{"@type":"ImageObject","inLanguage":"ro-RO","@id":"https:\/\/mhf.ro\/mm\/#\/schema\/person\/image\/","url":"https:\/\/mhf.ro\/mm\/wp-content\/uploads\/2025\/12\/cropped-logo_mhf_2.png","contentUrl":"https:\/\/mhf.ro\/mm\/wp-content\/uploads\/2025\/12\/cropped-logo_mhf_2.png","width":1096,"height":457,"caption":"Marius Marcu"},"logo":{"@id":"https:\/\/mhf.ro\/mm\/#\/schema\/person\/image\/"},"sameAs":["https:\/\/mhf.ro\/mm"],"url":"https:\/\/mhf.ro\/mm\/author\/mihai\/"}]}},"_links":{"self":[{"href":"https:\/\/mhf.ro\/mm\/wp-json\/wp\/v2\/posts\/8594","targetHints":{"allow":["GET"]}}],"collection":[{"href":"https:\/\/mhf.ro\/mm\/wp-json\/wp\/v2\/posts"}],"about":[{"href":"https:\/\/mhf.ro\/mm\/wp-json\/wp\/v2\/types\/post"}],"author":[{"embeddable":true,"href":"https:\/\/mhf.ro\/mm\/wp-json\/wp\/v2\/users\/1"}],"replies":[{"embeddable":true,"href":"https:\/\/mhf.ro\/mm\/wp-json\/wp\/v2\/comments?post=8594"}],"version-history":[{"count":3,"href":"https:\/\/mhf.ro\/mm\/wp-json\/wp\/v2\/posts\/8594\/revisions"}],"predecessor-version":[{"id":8600,"href":"https:\/\/mhf.ro\/mm\/wp-json\/wp\/v2\/posts\/8594\/revisions\/8600"}],"wp:featuredmedia":[{"embeddable":true,"href":"https:\/\/mhf.ro\/mm\/wp-json\/wp\/v2\/media\/8595"}],"wp:attachment":[{"href":"https:\/\/mhf.ro\/mm\/wp-json\/wp\/v2\/media?parent=8594"}],"wp:term":[{"taxonomy":"category","embeddable":true,"href":"https:\/\/mhf.ro\/mm\/wp-json\/wp\/v2\/categories?post=8594"},{"taxonomy":"post_tag","embeddable":true,"href":"https:\/\/mhf.ro\/mm\/wp-json\/wp\/v2\/tags?post=8594"}],"curies":[{"name":"wp","href":"https:\/\/api.w.org\/{rel}","templated":true}]}}