{"id":8788,"date":"2023-03-05T08:19:29","date_gmt":"2023-03-05T06:19:29","guid":{"rendered":"https:\/\/mhf.ro\/mm\/?p=8788"},"modified":"2023-03-04T20:46:57","modified_gmt":"2023-03-04T18:46:57","slug":"evanghelia-duminicii-intai-din-post-comentarii-patristice","status":"publish","type":"post","link":"https:\/\/mhf.ro\/mm\/evanghelia-duminicii-intai-din-post-comentarii-patristice\/","title":{"rendered":"Evanghelia Duminicii \u00eent\u00e2i din Post \u2013 Comentarii Patristice"},"content":{"rendered":"<p>(In. 1, 46) <em>\u015ei i-a zis Natanael: Din Nazaret poate fi ceva bun? Filip i-a zis: Vino \u015fi vezi. <\/em><\/p>\n<p>Natanael este de acord c\u0103 se a\u015fteapt\u0103 ca mari lucruri s\u0103 apar\u0103 din Nazaret. Este, cred, clar c\u0103 nu a luat Nazaretul ca pe o garan\u0163ie a ceea ce c\u0103uta, aduc\u00e2nd \u00eempreun\u0103 cunoa\u015fterea de la Moise \u015fi de la Profe\u0163i, ca unul care era \u00eendr\u0103gostit de \u00eenv\u0103\u0163\u0103tur\u0103, ci c\u00e2\u015ftig\u0103 o rapid\u0103 \u00een\u0163elegere: <em>vino \u015fi vezi<\/em>.<\/p>\n<p>Filip spune: <em>Vederea va fi suficient\u0103 pentru credin\u0163\u0103.<\/em> Tot ceea ce ai nevoie este s\u0103 vorbe\u015fti cu El, \u015fi vei fi total gata s\u0103 m\u0103rturise\u015fti f\u0103r\u0103 ezitare c\u0103 El este \u00eentr-adev\u0103r Unul Cel a\u015fteptat. Dar trebuie s\u0103 credem c\u0103 era un har dumnezeiesc \u015fi negr\u0103it rev\u0103rs\u00e2ndu-se din cuvintele M\u00e2ntuitorului nostru care atr\u0103gea sufletele ascult\u0103torilor. C\u0103ci, dac\u0103 cuv\u00e2ntul lui e mare \u00eentru putere, este \u015fi eficace \u00een convingere.<\/p>\n<p>(Sf\u00e2ntul Chiril al Alexandriei, <em>Comentariu la Evanghelia dup\u0103 Ioan 2.1<\/em>, traducere pentru Doxologia.ro de Iosif Agaton).<\/p>\n<p>(In. 1, 47) <em>Iisus a v\u0103zut pe Natanael venind c\u0103tre El \u015fi a zis despre el: Iat\u0103, cu adev\u0103rat, israelit \u00een care nu este vicle\u015fug. <\/em><\/p>\n<p>Iisus \u00eel laud\u0103 \u015fi \u00eel aprob\u0103 pe omul care spune: <em>Poate ceva bun s\u0103 ias\u0103 din Nazaret<\/em>? \u015ei totu\u015fi n-ar fi trebuit mai degrab\u0103 s\u0103 g\u0103seasc\u0103 gre\u015feal\u0103 \u00een el? Sigur c\u0103 nu.<\/p>\n<p>C\u0103ci cuvintele nu sunt ale unui necredincios sau ale unuia care merit\u0103 ru\u015fine, ci laud\u0103. Cum po\u0163i spune aceasta? Pentru c\u0103 Natanael a luat \u00een considerare scrierile profe\u0163ilor mai mult dec\u00e2t Filip. C\u0103ci el a auzit din Scripturi c\u0103 Hristos trebuie s\u0103 vin\u0103 din Betleem, din satul din care a fost David. Credin\u0163a era r\u0103sp\u00e2ndit\u0103 printre iudei, \u015fi profetul a proclamat-o din vechime (Mt. 2, 6; Mih. 5, 2)\u2026 \u015ei atunci, c\u00e2nd a auzit c\u0103 Iisus este din Nazaret, el era nelini\u015ftit \u015fi \u00eendoielnic, v\u0103z\u00e2nd c\u0103 m\u0103rturia lui Filip era \u00een discordan\u0163\u0103 cu predic\u0163ia proorocului.<\/p>\n<p>(Sf\u00e2ntul Ioan Gur\u0103 de Aur, <em>Omilii la Evanghelia dup\u0103 Ioan 20.1<\/em>, traducere pentru Doxologia.ro de Iosif Agaton).<\/p>\n<p>(In. 1, 47) <em>Iisus a v\u0103zut pe Natanael venind c\u0103tre El \u015fi a zis despre el: Iat\u0103, cu adev\u0103rat, israelit \u00een care nu este vicle\u015fug. <\/em><\/p>\n<p>Chiar dac\u0103 profetul a spus c\u0103 un Conduc\u0103tor \u015fi un Prin\u0163 se va ridica din Betleem (Mih. 5, 2), Natanael a auzit c\u0103 Iisus era din Nazaret, \u015fi acest lucru nu era scris nic\u0103ieri \u00een Scripturi. Deci, c\u00e2nd l-a v\u0103zut Domnul, El (Iisus) a dat m\u0103rturie pentru d\u00e2nsul, pentru c\u0103 el nu era ca scribii care lucrau cu \u00een\u015fel\u0103ciune \u00een rela\u0163ie cu Scripturile, \u00eencerc\u00e2nd s\u0103 fac\u0103 interpret\u0103rile s\u0103 urmeze dorin\u0163ei lor. El spune: <em>Acesta este un scrib (\u00eenv\u0103\u0163\u0103tor) \u00een care nu am v\u0103zut niciun vicle\u015fug<\/em>. C\u0103ci \u00eenainte de a-l cunoa\u015fte pe Domnul, el a \u00eentrebat dac\u0103 Nazaretul ar fi putut da un Prin\u0163, a\u015fa cum scria despre Betleem.<\/p>\n<p>(Sf\u00e2ntul Efrem Sirul, <em>Comentariu la Diatesaronul lui Ta\u021bian <\/em><em>4.19<\/em>, traducere pentru Doxologia.ro de Iosif Agaton).<\/p>\n<p>(In. 1, 50-51)<em>R\u0103spuns-a Iisus \u015fi i-a zis: Pentru c\u0103 \u0163i-am spus c\u0103 te-am v\u0103zut sub smochin, crezi? Mai mari dec\u00e2t acestea vei vedea. \u015ei i-a zis: Adev\u0103rat, adev\u0103rat zic vou\u0103, de acum ve\u0163i vedea cerul deschiz\u00e2ndu-se \u015fi pe \u00eengerii lui Dumnezeu suindu-se \u015fi cobor\u00e2ndu-se peste Fiul Omului.<\/em><\/p>\n<p>Vede\u0163i cum el \u00eel conduce \u00eencetul cu \u00eencetul de la p\u0103m\u00e2nt la cer \u015fi \u00eel face s\u0103 nu mai g\u00e2ndeasc\u0103 despre El doar ca om? C\u0103ci unul c\u0103ruia \u00eengerii slujesc \u015fi peste care \u00eengerii suie \u015fi coboar\u0103, cum ar putea fi doar om? De aceea, El a spus: <em>Mai mari lucruri dec\u00e2t acestea vei vedea<\/em>. \u015ei pentru a dovedi aceasta, el introduce slujirea \u00eengerilor. Ceea ce vrea s\u0103 spun\u0103 este ceva de genul: <em>\u0162i se pare \u0163ie, Natanael, c\u0103 este un lucru mare c\u0103 tu m-ai m\u0103rturisit a fi \u00cemp\u0103ratul lui Israel? Ce vei mai spune atunci c\u00e2nd vei vedea \u00eengerii suindu-se \u015fi cobor\u00e2ndu-se peste Mine<\/em>? El \u00eel convinge pe el prin aceste cuvinte s\u0103 \u00cel primeasc\u0103 pe El ca \u00cemp\u0103ratul \u00eengerilor.<\/p>\n<p>C\u0103ci peste El, ca fiind Unicul Fiul al \u00cemp\u0103ratului, slujitorii imperiali suie \u015fi coboar\u0103, o dat\u0103 la vremea r\u0103stignirii, \u015fi apoi din nou la vremea \u00cenvierii \u015fi \u00cen\u0103l\u0163\u0103rii, \u015fi \u00eenainte de aceasta c\u00e2nd \u00eengerii <em>au venit \u015fi \u00cei slujeau <\/em>(Mt. 4, 11). Ei au suit \u015fi cobor\u00e2t c\u00e2nd au proclamat bunele vestiri ale Na\u015fterii Lui \u015fi au strigat: <em>Slav\u0103 \u00eentru cei de sus lui Dumnezeu \u015fi pe p\u0103m\u00e2nt pace <\/em>(Lc. 2, 14), c\u00e2nd au venit la Maria \u015fi de asemenea, c\u00e2nd au venit la Iosif.<\/p>\n<p>Domnul nostru a f\u0103cut prezentul o dovad\u0103 a viitorului. Dup\u0103 puterile pe care i le ar\u0103tase deja, Natanael avea s\u0103 fie gata s\u0103 cread\u0103 lucrurile cele mai mari care vor urma.<\/p>\n<p>(Sf\u00e2ntul Ioan Gur\u0103 de Aur, <em>Omilii la Evanghelia dup\u0103 Ioan 21.1<\/em>, traducere pentru Doxologia.ro de Iosif Agaton)<\/p>\n","protected":false},"excerpt":{"rendered":"<p>(In. 1, 46) \u015ei i-a zis Natanael: Din Nazaret poate fi ceva bun? Filip i-a zis: Vino \u015fi vezi. Natanael<\/p>\n","protected":false},"author":4,"featured_media":8789,"comment_status":"open","ping_status":"open","sticky":false,"template":"","format":"standard","meta":{"colormag_page_container_layout":"default_layout","colormag_page_sidebar_layout":"default_layout","footnotes":""},"categories":[5,34],"tags":[],"class_list":["post-8788","post","type-post","status-publish","format-standard","has-post-thumbnail","hentry","category-locale","category-religie"],"yoast_head":"<!-- This site is optimized with the Yoast SEO plugin v27.0 - https:\/\/yoast.com\/product\/yoast-seo-wordpress\/ -->\n<title>Evanghelia Duminicii \u00eent\u00e2i din Post \u2013 Comentarii Patristice - MHF Photography<\/title>\n<meta name=\"robots\" content=\"index, follow, max-snippet:-1, max-image-preview:large, max-video-preview:-1\" \/>\n<link rel=\"canonical\" href=\"https:\/\/mhf.ro\/mm\/evanghelia-duminicii-intai-din-post-comentarii-patristice\/\" \/>\n<meta property=\"og:locale\" content=\"ro_RO\" \/>\n<meta property=\"og:type\" content=\"article\" \/>\n<meta property=\"og:title\" content=\"Evanghelia Duminicii \u00eent\u00e2i din Post \u2013 Comentarii Patristice - MHF Photography\" \/>\n<meta property=\"og:description\" content=\"(In. 1, 46) \u015ei i-a zis Natanael: Din Nazaret poate fi ceva bun? Filip i-a zis: Vino \u015fi vezi. Natanael\" \/>\n<meta property=\"og:url\" content=\"https:\/\/mhf.ro\/mm\/evanghelia-duminicii-intai-din-post-comentarii-patristice\/\" \/>\n<meta property=\"og:site_name\" content=\"MHF Photography\" \/>\n<meta property=\"article:published_time\" content=\"2023-03-05T06:19:29+00:00\" \/>\n<meta property=\"og:image\" content=\"https:\/\/mhf.ro\/mm\/wp-content\/uploads\/2023\/03\/dum-ortodox.jpg\" \/>\n\t<meta property=\"og:image:width\" content=\"230\" \/>\n\t<meta property=\"og:image:height\" content=\"220\" \/>\n\t<meta property=\"og:image:type\" content=\"image\/jpeg\" \/>\n<meta name=\"author\" content=\"Preot paroh Horvat Petru\" \/>\n<meta name=\"twitter:card\" content=\"summary_large_image\" \/>\n<meta name=\"twitter:label1\" content=\"Scris de\" \/>\n\t<meta name=\"twitter:data1\" content=\"Preot paroh Horvat Petru\" \/>\n\t<meta name=\"twitter:label2\" content=\"Timp estimat pentru citire\" \/>\n\t<meta name=\"twitter:data2\" content=\"5 minute\" \/>\n<script type=\"application\/ld+json\" class=\"yoast-schema-graph\">{\"@context\":\"https:\/\/schema.org\",\"@graph\":[{\"@type\":\"Article\",\"@id\":\"https:\/\/mhf.ro\/mm\/evanghelia-duminicii-intai-din-post-comentarii-patristice\/#article\",\"isPartOf\":{\"@id\":\"https:\/\/mhf.ro\/mm\/evanghelia-duminicii-intai-din-post-comentarii-patristice\/\"},\"author\":{\"name\":\"Preot paroh Horvat Petru\",\"@id\":\"https:\/\/mhf.ro\/mm\/#\/schema\/person\/4c8c06c801b7b666e81ed44550086900\"},\"headline\":\"Evanghelia Duminicii \u00eent\u00e2i din Post \u2013 Comentarii Patristice\",\"datePublished\":\"2023-03-05T06:19:29+00:00\",\"mainEntityOfPage\":{\"@id\":\"https:\/\/mhf.ro\/mm\/evanghelia-duminicii-intai-din-post-comentarii-patristice\/\"},\"wordCount\":876,\"commentCount\":0,\"publisher\":{\"@id\":\"https:\/\/mhf.ro\/mm\/#\/schema\/person\/a3bebf7bdb4bf12f698aff73c7e46c21\"},\"image\":{\"@id\":\"https:\/\/mhf.ro\/mm\/evanghelia-duminicii-intai-din-post-comentarii-patristice\/#primaryimage\"},\"thumbnailUrl\":\"https:\/\/mhf.ro\/mm\/wp-content\/uploads\/2023\/03\/dum-ortodox.jpg\",\"articleSection\":[\"Locale\",\"Religie\"],\"inLanguage\":\"ro-RO\",\"potentialAction\":[{\"@type\":\"CommentAction\",\"name\":\"Comment\",\"target\":[\"https:\/\/mhf.ro\/mm\/evanghelia-duminicii-intai-din-post-comentarii-patristice\/#respond\"]}]},{\"@type\":\"WebPage\",\"@id\":\"https:\/\/mhf.ro\/mm\/evanghelia-duminicii-intai-din-post-comentarii-patristice\/\",\"url\":\"https:\/\/mhf.ro\/mm\/evanghelia-duminicii-intai-din-post-comentarii-patristice\/\",\"name\":\"Evanghelia Duminicii \u00eent\u00e2i din Post \u2013 Comentarii Patristice - MHF Photography\",\"isPartOf\":{\"@id\":\"https:\/\/mhf.ro\/mm\/#website\"},\"primaryImageOfPage\":{\"@id\":\"https:\/\/mhf.ro\/mm\/evanghelia-duminicii-intai-din-post-comentarii-patristice\/#primaryimage\"},\"image\":{\"@id\":\"https:\/\/mhf.ro\/mm\/evanghelia-duminicii-intai-din-post-comentarii-patristice\/#primaryimage\"},\"thumbnailUrl\":\"https:\/\/mhf.ro\/mm\/wp-content\/uploads\/2023\/03\/dum-ortodox.jpg\",\"datePublished\":\"2023-03-05T06:19:29+00:00\",\"breadcrumb\":{\"@id\":\"https:\/\/mhf.ro\/mm\/evanghelia-duminicii-intai-din-post-comentarii-patristice\/#breadcrumb\"},\"inLanguage\":\"ro-RO\",\"potentialAction\":[{\"@type\":\"ReadAction\",\"target\":[\"https:\/\/mhf.ro\/mm\/evanghelia-duminicii-intai-din-post-comentarii-patristice\/\"]}]},{\"@type\":\"ImageObject\",\"inLanguage\":\"ro-RO\",\"@id\":\"https:\/\/mhf.ro\/mm\/evanghelia-duminicii-intai-din-post-comentarii-patristice\/#primaryimage\",\"url\":\"https:\/\/mhf.ro\/mm\/wp-content\/uploads\/2023\/03\/dum-ortodox.jpg\",\"contentUrl\":\"https:\/\/mhf.ro\/mm\/wp-content\/uploads\/2023\/03\/dum-ortodox.jpg\",\"width\":230,\"height\":220},{\"@type\":\"BreadcrumbList\",\"@id\":\"https:\/\/mhf.ro\/mm\/evanghelia-duminicii-intai-din-post-comentarii-patristice\/#breadcrumb\",\"itemListElement\":[{\"@type\":\"ListItem\",\"position\":1,\"name\":\"Prima pagin\u0103\",\"item\":\"https:\/\/mhf.ro\/mm\/\"},{\"@type\":\"ListItem\",\"position\":2,\"name\":\"Evanghelia Duminicii \u00eent\u00e2i din Post \u2013 Comentarii Patristice\"}]},{\"@type\":\"WebSite\",\"@id\":\"https:\/\/mhf.ro\/mm\/#website\",\"url\":\"https:\/\/mhf.ro\/mm\/\",\"name\":\"MHF Photography \u2013 Blog de fotografie, natur\u0103 \u0219i tehnic\u0103 divers\u0103\",\"description\":\"Aventur\u0103 \u00een fiecare cadru.\",\"publisher\":{\"@id\":\"https:\/\/mhf.ro\/mm\/#\/schema\/person\/a3bebf7bdb4bf12f698aff73c7e46c21\"},\"potentialAction\":[{\"@type\":\"SearchAction\",\"target\":{\"@type\":\"EntryPoint\",\"urlTemplate\":\"https:\/\/mhf.ro\/mm\/?s={search_term_string}\"},\"query-input\":{\"@type\":\"PropertyValueSpecification\",\"valueRequired\":true,\"valueName\":\"search_term_string\"}}],\"inLanguage\":\"ro-RO\"},{\"@type\":[\"Person\",\"Organization\"],\"@id\":\"https:\/\/mhf.ro\/mm\/#\/schema\/person\/a3bebf7bdb4bf12f698aff73c7e46c21\",\"name\":\"Marius Marcu\",\"image\":{\"@type\":\"ImageObject\",\"inLanguage\":\"ro-RO\",\"@id\":\"https:\/\/mhf.ro\/mm\/#\/schema\/person\/image\/\",\"url\":\"https:\/\/mhf.ro\/mm\/wp-content\/uploads\/2025\/12\/cropped-logo_mhf_2.png\",\"contentUrl\":\"https:\/\/mhf.ro\/mm\/wp-content\/uploads\/2025\/12\/cropped-logo_mhf_2.png\",\"width\":1096,\"height\":457,\"caption\":\"Marius Marcu\"},\"logo\":{\"@id\":\"https:\/\/mhf.ro\/mm\/#\/schema\/person\/image\/\"},\"sameAs\":[\"https:\/\/mhf.ro\/mm\"]},{\"@type\":\"Person\",\"@id\":\"https:\/\/mhf.ro\/mm\/#\/schema\/person\/4c8c06c801b7b666e81ed44550086900\",\"name\":\"Preot paroh Horvat Petru\",\"image\":{\"@type\":\"ImageObject\",\"inLanguage\":\"ro-RO\",\"@id\":\"https:\/\/mhf.ro\/mm\/#\/schema\/person\/image\/\",\"url\":\"https:\/\/secure.gravatar.com\/avatar\/c2d2dcdf21c6f41aad486d71768c144cd6e23cb7b63bae9bd6fab542b26ad321?s=96&d=monsterid&r=g\",\"contentUrl\":\"https:\/\/secure.gravatar.com\/avatar\/c2d2dcdf21c6f41aad486d71768c144cd6e23cb7b63bae9bd6fab542b26ad321?s=96&d=monsterid&r=g\",\"caption\":\"Preot paroh Horvat Petru\"},\"sameAs\":[\"https:\/\/mhf.ro\/mm\"],\"url\":\"https:\/\/mhf.ro\/mm\/author\/petrica\/\"}]}<\/script>\n<!-- \/ Yoast SEO plugin. -->","yoast_head_json":{"title":"Evanghelia Duminicii \u00eent\u00e2i din Post \u2013 Comentarii Patristice - MHF Photography","robots":{"index":"index","follow":"follow","max-snippet":"max-snippet:-1","max-image-preview":"max-image-preview:large","max-video-preview":"max-video-preview:-1"},"canonical":"https:\/\/mhf.ro\/mm\/evanghelia-duminicii-intai-din-post-comentarii-patristice\/","og_locale":"ro_RO","og_type":"article","og_title":"Evanghelia Duminicii \u00eent\u00e2i din Post \u2013 Comentarii Patristice - MHF Photography","og_description":"(In. 1, 46) \u015ei i-a zis Natanael: Din Nazaret poate fi ceva bun? Filip i-a zis: Vino \u015fi vezi. Natanael","og_url":"https:\/\/mhf.ro\/mm\/evanghelia-duminicii-intai-din-post-comentarii-patristice\/","og_site_name":"MHF Photography","article_published_time":"2023-03-05T06:19:29+00:00","og_image":[{"width":230,"height":220,"url":"https:\/\/mhf.ro\/mm\/wp-content\/uploads\/2023\/03\/dum-ortodox.jpg","type":"image\/jpeg"}],"author":"Preot paroh Horvat Petru","twitter_card":"summary_large_image","twitter_misc":{"Scris de":"Preot paroh Horvat Petru","Timp estimat pentru citire":"5 minute"},"schema":{"@context":"https:\/\/schema.org","@graph":[{"@type":"Article","@id":"https:\/\/mhf.ro\/mm\/evanghelia-duminicii-intai-din-post-comentarii-patristice\/#article","isPartOf":{"@id":"https:\/\/mhf.ro\/mm\/evanghelia-duminicii-intai-din-post-comentarii-patristice\/"},"author":{"name":"Preot paroh Horvat Petru","@id":"https:\/\/mhf.ro\/mm\/#\/schema\/person\/4c8c06c801b7b666e81ed44550086900"},"headline":"Evanghelia Duminicii \u00eent\u00e2i din Post \u2013 Comentarii Patristice","datePublished":"2023-03-05T06:19:29+00:00","mainEntityOfPage":{"@id":"https:\/\/mhf.ro\/mm\/evanghelia-duminicii-intai-din-post-comentarii-patristice\/"},"wordCount":876,"commentCount":0,"publisher":{"@id":"https:\/\/mhf.ro\/mm\/#\/schema\/person\/a3bebf7bdb4bf12f698aff73c7e46c21"},"image":{"@id":"https:\/\/mhf.ro\/mm\/evanghelia-duminicii-intai-din-post-comentarii-patristice\/#primaryimage"},"thumbnailUrl":"https:\/\/mhf.ro\/mm\/wp-content\/uploads\/2023\/03\/dum-ortodox.jpg","articleSection":["Locale","Religie"],"inLanguage":"ro-RO","potentialAction":[{"@type":"CommentAction","name":"Comment","target":["https:\/\/mhf.ro\/mm\/evanghelia-duminicii-intai-din-post-comentarii-patristice\/#respond"]}]},{"@type":"WebPage","@id":"https:\/\/mhf.ro\/mm\/evanghelia-duminicii-intai-din-post-comentarii-patristice\/","url":"https:\/\/mhf.ro\/mm\/evanghelia-duminicii-intai-din-post-comentarii-patristice\/","name":"Evanghelia Duminicii \u00eent\u00e2i din Post \u2013 Comentarii Patristice - MHF Photography","isPartOf":{"@id":"https:\/\/mhf.ro\/mm\/#website"},"primaryImageOfPage":{"@id":"https:\/\/mhf.ro\/mm\/evanghelia-duminicii-intai-din-post-comentarii-patristice\/#primaryimage"},"image":{"@id":"https:\/\/mhf.ro\/mm\/evanghelia-duminicii-intai-din-post-comentarii-patristice\/#primaryimage"},"thumbnailUrl":"https:\/\/mhf.ro\/mm\/wp-content\/uploads\/2023\/03\/dum-ortodox.jpg","datePublished":"2023-03-05T06:19:29+00:00","breadcrumb":{"@id":"https:\/\/mhf.ro\/mm\/evanghelia-duminicii-intai-din-post-comentarii-patristice\/#breadcrumb"},"inLanguage":"ro-RO","potentialAction":[{"@type":"ReadAction","target":["https:\/\/mhf.ro\/mm\/evanghelia-duminicii-intai-din-post-comentarii-patristice\/"]}]},{"@type":"ImageObject","inLanguage":"ro-RO","@id":"https:\/\/mhf.ro\/mm\/evanghelia-duminicii-intai-din-post-comentarii-patristice\/#primaryimage","url":"https:\/\/mhf.ro\/mm\/wp-content\/uploads\/2023\/03\/dum-ortodox.jpg","contentUrl":"https:\/\/mhf.ro\/mm\/wp-content\/uploads\/2023\/03\/dum-ortodox.jpg","width":230,"height":220},{"@type":"BreadcrumbList","@id":"https:\/\/mhf.ro\/mm\/evanghelia-duminicii-intai-din-post-comentarii-patristice\/#breadcrumb","itemListElement":[{"@type":"ListItem","position":1,"name":"Prima pagin\u0103","item":"https:\/\/mhf.ro\/mm\/"},{"@type":"ListItem","position":2,"name":"Evanghelia Duminicii \u00eent\u00e2i din Post \u2013 Comentarii Patristice"}]},{"@type":"WebSite","@id":"https:\/\/mhf.ro\/mm\/#website","url":"https:\/\/mhf.ro\/mm\/","name":"MHF Photography \u2013 Blog de fotografie, natur\u0103 \u0219i tehnic\u0103 divers\u0103","description":"Aventur\u0103 \u00een fiecare cadru.","publisher":{"@id":"https:\/\/mhf.ro\/mm\/#\/schema\/person\/a3bebf7bdb4bf12f698aff73c7e46c21"},"potentialAction":[{"@type":"SearchAction","target":{"@type":"EntryPoint","urlTemplate":"https:\/\/mhf.ro\/mm\/?s={search_term_string}"},"query-input":{"@type":"PropertyValueSpecification","valueRequired":true,"valueName":"search_term_string"}}],"inLanguage":"ro-RO"},{"@type":["Person","Organization"],"@id":"https:\/\/mhf.ro\/mm\/#\/schema\/person\/a3bebf7bdb4bf12f698aff73c7e46c21","name":"Marius Marcu","image":{"@type":"ImageObject","inLanguage":"ro-RO","@id":"https:\/\/mhf.ro\/mm\/#\/schema\/person\/image\/","url":"https:\/\/mhf.ro\/mm\/wp-content\/uploads\/2025\/12\/cropped-logo_mhf_2.png","contentUrl":"https:\/\/mhf.ro\/mm\/wp-content\/uploads\/2025\/12\/cropped-logo_mhf_2.png","width":1096,"height":457,"caption":"Marius Marcu"},"logo":{"@id":"https:\/\/mhf.ro\/mm\/#\/schema\/person\/image\/"},"sameAs":["https:\/\/mhf.ro\/mm"]},{"@type":"Person","@id":"https:\/\/mhf.ro\/mm\/#\/schema\/person\/4c8c06c801b7b666e81ed44550086900","name":"Preot paroh Horvat Petru","image":{"@type":"ImageObject","inLanguage":"ro-RO","@id":"https:\/\/mhf.ro\/mm\/#\/schema\/person\/image\/","url":"https:\/\/secure.gravatar.com\/avatar\/c2d2dcdf21c6f41aad486d71768c144cd6e23cb7b63bae9bd6fab542b26ad321?s=96&d=monsterid&r=g","contentUrl":"https:\/\/secure.gravatar.com\/avatar\/c2d2dcdf21c6f41aad486d71768c144cd6e23cb7b63bae9bd6fab542b26ad321?s=96&d=monsterid&r=g","caption":"Preot paroh Horvat Petru"},"sameAs":["https:\/\/mhf.ro\/mm"],"url":"https:\/\/mhf.ro\/mm\/author\/petrica\/"}]}},"_links":{"self":[{"href":"https:\/\/mhf.ro\/mm\/wp-json\/wp\/v2\/posts\/8788","targetHints":{"allow":["GET"]}}],"collection":[{"href":"https:\/\/mhf.ro\/mm\/wp-json\/wp\/v2\/posts"}],"about":[{"href":"https:\/\/mhf.ro\/mm\/wp-json\/wp\/v2\/types\/post"}],"author":[{"embeddable":true,"href":"https:\/\/mhf.ro\/mm\/wp-json\/wp\/v2\/users\/4"}],"replies":[{"embeddable":true,"href":"https:\/\/mhf.ro\/mm\/wp-json\/wp\/v2\/comments?post=8788"}],"version-history":[{"count":1,"href":"https:\/\/mhf.ro\/mm\/wp-json\/wp\/v2\/posts\/8788\/revisions"}],"predecessor-version":[{"id":8790,"href":"https:\/\/mhf.ro\/mm\/wp-json\/wp\/v2\/posts\/8788\/revisions\/8790"}],"wp:featuredmedia":[{"embeddable":true,"href":"https:\/\/mhf.ro\/mm\/wp-json\/wp\/v2\/media\/8789"}],"wp:attachment":[{"href":"https:\/\/mhf.ro\/mm\/wp-json\/wp\/v2\/media?parent=8788"}],"wp:term":[{"taxonomy":"category","embeddable":true,"href":"https:\/\/mhf.ro\/mm\/wp-json\/wp\/v2\/categories?post=8788"},{"taxonomy":"post_tag","embeddable":true,"href":"https:\/\/mhf.ro\/mm\/wp-json\/wp\/v2\/tags?post=8788"}],"curies":[{"name":"wp","href":"https:\/\/api.w.org\/{rel}","templated":true}]}}