{"id":8807,"date":"2023-03-07T16:26:40","date_gmt":"2023-03-07T14:26:40","guid":{"rendered":"https:\/\/mhf.ro\/mm\/?p=8807"},"modified":"2023-03-07T16:26:40","modified_gmt":"2023-03-07T14:26:40","slug":"7-martie-sfintii-zilei","status":"publish","type":"post","link":"https:\/\/mhf.ro\/mm\/7-martie-sfintii-zilei\/","title":{"rendered":"7 martie-Sfin\u021bii zilei"},"content":{"rendered":"<p class=\"subtitlu\"><span lang=\"ro-RO\">\u00cen aceast\u0103 lun\u0103, \u00een ziua a \u015faptea, pomenirea sfin\u0163ilor mucenici, care au fost episcopi \u00een Cherson: Efrem, Vasilevs, Evghenie, Agatodor, Elpidie, Capiton \u015fi Eterie.<\/span><\/p>\n<p><span lang=\"ro-RO\">\u00cen anul al \u015faisprezecelea al \u00eemp\u0103r\u0103\u0163iei lui Diocle\u0163ian, Hermon, episcopul Ierusalimului, a trimis episcopi la diferite neamuri, ca s\u0103 propov\u0103duiasc\u0103 cuv\u00e2ntul Domnului. Astfel au fost trimi\u015fi de el \u015fi ace\u015fti p\u0103rin\u0163i purt\u0103tori de Dumnezeu \u00een \u0163inutul taurosci\u0163ilor: Efrem \u00een Sci\u0163ia, iar Vasilevs \u00een Cherson. Vasilevs ajung\u00e2nd \u00een acea cetate \u015fi propov\u0103duind \u00eendreptarea vie\u0163ii \u015fi schimbarea credin\u0163ei p\u0103g\u00e2ne\u015fti, a fost socotit de cei care locuiau acolo ca vestitor al unui nou fel de vie\u0163uire \u015fi ca un stric\u0103tor al obiceiurilor p\u0103rinte\u015fti \u015fi al credin\u0163ei. Pentru aceasta l-au b\u0103tut \u015fi l-au alungat din cetate. Iar el a venit \u00eentr-o pe\u015fter\u0103 care se numea Partenon, bucur\u00e2ndu-se pe de o parte \u015fi sim\u0163ind pl\u0103cere c\u0103 a fost necinstit pentru Hristos, iar pe de alt\u0103 parte nec\u0103jindu-se, am\u0103r\u00e2ndu-se \u015fi tulbur\u00e2ndu-se din pricina \u00eenv\u00e2rto\u015f\u0103rii \u015fi r\u0103t\u0103cirii acelora.<\/span><\/p>\n<p><span lang=\"ro-RO\">\u00cen starea aceasta g\u0103sindu-se \u015fi rug\u00e2ndu-se pentru d\u00e2n\u015fii, a fost chemat iar\u0103\u015fi la ei. C\u0103ci murind copilul conduc\u0103torului lor, care era cel mai de seam\u0103 om din cetatea aceea, p\u0103rin\u0163ii \u015fi rudele \u00eenmorm\u00e2nt\u00e2nd trupul cel ne\u00eensufle\u0163it \u015fi mai r\u0103m\u00e2n\u00e2nd c\u00e2tva vreme la morm\u00e2nt, au v\u0103zut pe copil ca \u00eentr-un vis st\u00e2nd \u00eenaintea lor \u015fi zic\u00e2ndu-le: dac\u0103 vre\u0163i s\u0103 vin din nou la via\u0163\u0103, chema\u0163i pe str\u0103inul acela pe care l-a\u0163i necinstit \u015fi crez\u00e2nd \u00een \u00eenv\u0103\u0163\u0103tura lui, \u00eendupleca\u0163i-l s\u0103 se roage pentru mine. Ace\u015ftia f\u0103c\u00e2nd acest lucru \u015fi copilul, prin rug\u0103ciunile sf\u00e2ntului \u015fi cu v\u0103rsare de ap\u0103 sfin\u0163it\u0103, \u00een chipul Botezului, \u00eentorc\u00e2ndu-se din nou la via\u0163\u0103, p\u0103rin\u0163ii lui, \u00eempreun\u0103 cu toate rudele \u015fi cunoscu\u0163ii au primit credin\u0163a \u00een Hristos \u015fi au primit to\u0163i taina Botezului. \u00cens\u0103 cei ce r\u0103m\u0103seser\u0103 \u00een necredin\u0163\u0103, a\u0163\u00e2\u0163a\u0163i de iudei, la m\u00e2nie, au t\u00e2r\u00e2t pe sf\u00e2nt pe drumuri \u015fi mult\u0103 vreme fiind t\u00e2r\u00e2t \u015fi-a dat duhul lui Dumnezeu.<\/span><\/p>\n<p><span lang=\"ro-RO\">Iar fericitul Efrem, propov\u0103duind pe Hristos \u00een locul \u00een care fusese trimis, a fost prins de c\u0103tre \u00eenchin\u0103torii idolilor, i s-a t\u0103iat capul.<\/span><\/p>\n<p><span lang=\"ro-RO\">Dup\u0103<\/span><span lang=\"ro-RO\"> s\u0103v\u00e2r\u015firea din via\u0163\u0103 a sf\u00e2ntului Vasilevs, au venit la Cherson, iar\u0103\u015fi, Evghenie, Agatodor \u015fi Elpidie, care fuseser\u0103 trimi\u015fi deopotriv\u0103 de episcopul Ierusalimului ca propov\u0103duitori ai neamurilor, ca s\u0103 le vesteasc\u0103 m\u00e2ntuirea. Dar cei ce tr\u0103iau \u00eentru necredin\u0163\u0103, ridic\u00e2ndu-se asupra lor \u015fi leg\u00e2ndu-i laolalt\u0103 f\u0103r\u0103 de mil\u0103 \u015fi b\u0103t\u00e2ndu-i c\u00e2t se poate de crud, i-au omor\u00e2t la un an de la s\u0103v\u00e2r\u015firea din via\u0163\u0103 a ferici\u0163ilor Efrem \u015fi Vasilevs, adic\u0103 tot \u00een ziua a \u015faptea a lunii martie.<\/span><\/p>\n<p><span lang=\"ro-RO\">La mul\u0163i ani de la aceasta, iar\u0103\u015fi a fost trimis aici de la Ierusalim ca episcop, Eterie. Acesta v\u0103z\u00e2nd s\u0103lb\u0103ticia \u015fi r\u0103utatea poporului din Cherson, a plecat la Bizan\u0163, ca s\u0103 arate \u00eemp\u0103ratului situa\u0163ia de acolo. Fr\u00e2nele \u00eemp\u0103r\u0103\u0163iei romanilor le \u0163inea pe atunci marele Constantin. \u015ei g\u0103sind la acest \u00eemp\u0103rat \u00een\u0163elegerea cuvenit\u0103, \u015fi p\u0103g\u00e2nii fiind alunga\u0163i din cetate cu puterea \u00eemp\u0103ratului, al\u0163i locuitori, b\u0103rba\u0163i binecredincio\u015fi au venit acolo. C\u00e2nd fericitul Eterie, vr\u00e2nd s\u0103 se \u00eentoarc\u0103 la Bizan\u0163 ca s\u0103 mul\u0163umeasc\u0103 \u00eemp\u0103ratului pentru cele ce se f\u0103cuse, pe drum a fost aruncat de p\u0103g\u00e2ni \u00een Dun\u00e3re \u015fi acolo \u015fi-a g\u0103sit sf\u00e2r\u015fit vie\u0163ii, ca un mucenic, \u00een ziua a \u015faptea a lunii martie. Dup\u0103 aceasta cei din cetatea Chersonului au trimis solie c\u0103tre marele Constantin \u015fi au primit de la el ca episcop pe Capiton. C\u00e2nd a venit acesta, dreptcredincio\u015fii din Cherson s-au bucurat, dar p\u0103g\u00e2nii \u00eei erau potrivnici. Ace\u015ftia, cer\u00e2ndu-i semn, i-au cerut s\u0103 intre \u00eentr-unul din cuptoarele aprinse care se g\u0103seau la ei \u015fi apoi s\u0103 ias\u0103 nev\u0103t\u0103mat \u015fi neaprins. Episcopul, \u00eembr\u0103c\u00e2ndu-se cu sfintele ve\u015fminte \u015fi pun\u00e2ndu-\u015fi omoforul, a f\u0103cut semnul crucii \u015fi a intrat \u00een cuptor, unde r\u0103m\u00e2n\u00e2nd timp \u00eendelungat, a ie\u015fit nears, av\u00e2nd felonul plin de c\u0103rbuni de foc. \u015ei to\u0163i aproape \u00eengrozindu-se de minunea aceasta dup\u0103 ce au primit credin\u0163a \u00een Hristos au fost boteza\u0163i.<\/span><\/p>\n<p><span lang=\"ro-RO\">Sf\u00e2ntul s-a mutat fericit din via\u0163\u0103 \u00een <a class=\"pagina\" href=\"https:\/\/www.calendar-ortodox.ro\/luna\/decembrie\/decembrie22.htm\" target=\"_blank\" rel=\"noopener\">ziua a dou\u0103zeci \u015fi doua a lunii decembrie<\/a>.<\/span><\/p>\n","protected":false},"excerpt":{"rendered":"<p>\u00cen aceast\u0103 lun\u0103, \u00een ziua a \u015faptea, pomenirea sfin\u0163ilor mucenici, care au fost episcopi \u00een Cherson: Efrem, Vasilevs, Evghenie, Agatodor,<\/p>\n","protected":false},"author":4,"featured_media":8564,"comment_status":"open","ping_status":"open","sticky":false,"template":"","format":"standard","meta":{"colormag_page_container_layout":"default_layout","colormag_page_sidebar_layout":"default_layout","footnotes":""},"categories":[34],"tags":[],"class_list":["post-8807","post","type-post","status-publish","format-standard","has-post-thumbnail","hentry","category-religie"],"yoast_head":"<!-- This site is optimized with the Yoast SEO plugin v27.0 - https:\/\/yoast.com\/product\/yoast-seo-wordpress\/ -->\n<title>7 martie-Sfin\u021bii zilei - MHF Photography<\/title>\n<meta name=\"robots\" content=\"index, follow, max-snippet:-1, max-image-preview:large, max-video-preview:-1\" \/>\n<link rel=\"canonical\" href=\"https:\/\/mhf.ro\/mm\/7-martie-sfintii-zilei\/\" \/>\n<meta property=\"og:locale\" content=\"ro_RO\" \/>\n<meta property=\"og:type\" content=\"article\" \/>\n<meta property=\"og:title\" content=\"7 martie-Sfin\u021bii zilei - MHF Photography\" \/>\n<meta property=\"og:description\" content=\"\u00cen aceast\u0103 lun\u0103, \u00een ziua a \u015faptea, pomenirea sfin\u0163ilor mucenici, care au fost episcopi \u00een Cherson: Efrem, Vasilevs, Evghenie, Agatodor,\" \/>\n<meta property=\"og:url\" content=\"https:\/\/mhf.ro\/mm\/7-martie-sfintii-zilei\/\" \/>\n<meta property=\"og:site_name\" content=\"MHF Photography\" \/>\n<meta property=\"article:published_time\" content=\"2023-03-07T14:26:40+00:00\" \/>\n<meta property=\"og:image\" content=\"https:\/\/mhf.ro\/mm\/wp-content\/uploads\/2023\/01\/3-ierarhi.jpg\" \/>\n\t<meta property=\"og:image:width\" content=\"193\" \/>\n\t<meta property=\"og:image:height\" content=\"262\" \/>\n\t<meta property=\"og:image:type\" content=\"image\/jpeg\" \/>\n<meta name=\"author\" content=\"Preot paroh Horvat Petru\" \/>\n<meta name=\"twitter:card\" content=\"summary_large_image\" \/>\n<meta name=\"twitter:label1\" content=\"Scris de\" \/>\n\t<meta name=\"twitter:data1\" content=\"Preot paroh Horvat Petru\" \/>\n\t<meta name=\"twitter:label2\" content=\"Timp estimat pentru citire\" \/>\n\t<meta name=\"twitter:data2\" content=\"4 minute\" \/>\n<script type=\"application\/ld+json\" class=\"yoast-schema-graph\">{\"@context\":\"https:\/\/schema.org\",\"@graph\":[{\"@type\":\"Article\",\"@id\":\"https:\/\/mhf.ro\/mm\/7-martie-sfintii-zilei\/#article\",\"isPartOf\":{\"@id\":\"https:\/\/mhf.ro\/mm\/7-martie-sfintii-zilei\/\"},\"author\":{\"name\":\"Preot paroh Horvat Petru\",\"@id\":\"https:\/\/mhf.ro\/mm\/#\/schema\/person\/4c8c06c801b7b666e81ed44550086900\"},\"headline\":\"7 martie-Sfin\u021bii zilei\",\"datePublished\":\"2023-03-07T14:26:40+00:00\",\"mainEntityOfPage\":{\"@id\":\"https:\/\/mhf.ro\/mm\/7-martie-sfintii-zilei\/\"},\"wordCount\":818,\"commentCount\":0,\"publisher\":{\"@id\":\"https:\/\/mhf.ro\/mm\/#\/schema\/person\/a3bebf7bdb4bf12f698aff73c7e46c21\"},\"image\":{\"@id\":\"https:\/\/mhf.ro\/mm\/7-martie-sfintii-zilei\/#primaryimage\"},\"thumbnailUrl\":\"https:\/\/mhf.ro\/mm\/wp-content\/uploads\/2023\/01\/3-ierarhi.jpg\",\"articleSection\":[\"Religie\"],\"inLanguage\":\"ro-RO\",\"potentialAction\":[{\"@type\":\"CommentAction\",\"name\":\"Comment\",\"target\":[\"https:\/\/mhf.ro\/mm\/7-martie-sfintii-zilei\/#respond\"]}]},{\"@type\":\"WebPage\",\"@id\":\"https:\/\/mhf.ro\/mm\/7-martie-sfintii-zilei\/\",\"url\":\"https:\/\/mhf.ro\/mm\/7-martie-sfintii-zilei\/\",\"name\":\"7 martie-Sfin\u021bii zilei - MHF Photography\",\"isPartOf\":{\"@id\":\"https:\/\/mhf.ro\/mm\/#website\"},\"primaryImageOfPage\":{\"@id\":\"https:\/\/mhf.ro\/mm\/7-martie-sfintii-zilei\/#primaryimage\"},\"image\":{\"@id\":\"https:\/\/mhf.ro\/mm\/7-martie-sfintii-zilei\/#primaryimage\"},\"thumbnailUrl\":\"https:\/\/mhf.ro\/mm\/wp-content\/uploads\/2023\/01\/3-ierarhi.jpg\",\"datePublished\":\"2023-03-07T14:26:40+00:00\",\"breadcrumb\":{\"@id\":\"https:\/\/mhf.ro\/mm\/7-martie-sfintii-zilei\/#breadcrumb\"},\"inLanguage\":\"ro-RO\",\"potentialAction\":[{\"@type\":\"ReadAction\",\"target\":[\"https:\/\/mhf.ro\/mm\/7-martie-sfintii-zilei\/\"]}]},{\"@type\":\"ImageObject\",\"inLanguage\":\"ro-RO\",\"@id\":\"https:\/\/mhf.ro\/mm\/7-martie-sfintii-zilei\/#primaryimage\",\"url\":\"https:\/\/mhf.ro\/mm\/wp-content\/uploads\/2023\/01\/3-ierarhi.jpg\",\"contentUrl\":\"https:\/\/mhf.ro\/mm\/wp-content\/uploads\/2023\/01\/3-ierarhi.jpg\",\"width\":193,\"height\":262},{\"@type\":\"BreadcrumbList\",\"@id\":\"https:\/\/mhf.ro\/mm\/7-martie-sfintii-zilei\/#breadcrumb\",\"itemListElement\":[{\"@type\":\"ListItem\",\"position\":1,\"name\":\"Prima pagin\u0103\",\"item\":\"https:\/\/mhf.ro\/mm\/\"},{\"@type\":\"ListItem\",\"position\":2,\"name\":\"7 martie-Sfin\u021bii zilei\"}]},{\"@type\":\"WebSite\",\"@id\":\"https:\/\/mhf.ro\/mm\/#website\",\"url\":\"https:\/\/mhf.ro\/mm\/\",\"name\":\"MHF Photography \u2013 Blog de fotografie, natur\u0103 \u0219i tehnic\u0103 divers\u0103\",\"description\":\"Aventur\u0103 \u00een fiecare cadru.\",\"publisher\":{\"@id\":\"https:\/\/mhf.ro\/mm\/#\/schema\/person\/a3bebf7bdb4bf12f698aff73c7e46c21\"},\"potentialAction\":[{\"@type\":\"SearchAction\",\"target\":{\"@type\":\"EntryPoint\",\"urlTemplate\":\"https:\/\/mhf.ro\/mm\/?s={search_term_string}\"},\"query-input\":{\"@type\":\"PropertyValueSpecification\",\"valueRequired\":true,\"valueName\":\"search_term_string\"}}],\"inLanguage\":\"ro-RO\"},{\"@type\":[\"Person\",\"Organization\"],\"@id\":\"https:\/\/mhf.ro\/mm\/#\/schema\/person\/a3bebf7bdb4bf12f698aff73c7e46c21\",\"name\":\"Marius Marcu\",\"image\":{\"@type\":\"ImageObject\",\"inLanguage\":\"ro-RO\",\"@id\":\"https:\/\/mhf.ro\/mm\/#\/schema\/person\/image\/\",\"url\":\"https:\/\/mhf.ro\/mm\/wp-content\/uploads\/2025\/12\/cropped-logo_mhf_2.png\",\"contentUrl\":\"https:\/\/mhf.ro\/mm\/wp-content\/uploads\/2025\/12\/cropped-logo_mhf_2.png\",\"width\":1096,\"height\":457,\"caption\":\"Marius Marcu\"},\"logo\":{\"@id\":\"https:\/\/mhf.ro\/mm\/#\/schema\/person\/image\/\"},\"sameAs\":[\"https:\/\/mhf.ro\/mm\"]},{\"@type\":\"Person\",\"@id\":\"https:\/\/mhf.ro\/mm\/#\/schema\/person\/4c8c06c801b7b666e81ed44550086900\",\"name\":\"Preot paroh Horvat Petru\",\"image\":{\"@type\":\"ImageObject\",\"inLanguage\":\"ro-RO\",\"@id\":\"https:\/\/mhf.ro\/mm\/#\/schema\/person\/image\/\",\"url\":\"https:\/\/secure.gravatar.com\/avatar\/c2d2dcdf21c6f41aad486d71768c144cd6e23cb7b63bae9bd6fab542b26ad321?s=96&d=monsterid&r=g\",\"contentUrl\":\"https:\/\/secure.gravatar.com\/avatar\/c2d2dcdf21c6f41aad486d71768c144cd6e23cb7b63bae9bd6fab542b26ad321?s=96&d=monsterid&r=g\",\"caption\":\"Preot paroh Horvat Petru\"},\"sameAs\":[\"https:\/\/mhf.ro\/mm\"],\"url\":\"https:\/\/mhf.ro\/mm\/author\/petrica\/\"}]}<\/script>\n<!-- \/ Yoast SEO plugin. -->","yoast_head_json":{"title":"7 martie-Sfin\u021bii zilei - MHF Photography","robots":{"index":"index","follow":"follow","max-snippet":"max-snippet:-1","max-image-preview":"max-image-preview:large","max-video-preview":"max-video-preview:-1"},"canonical":"https:\/\/mhf.ro\/mm\/7-martie-sfintii-zilei\/","og_locale":"ro_RO","og_type":"article","og_title":"7 martie-Sfin\u021bii zilei - MHF Photography","og_description":"\u00cen aceast\u0103 lun\u0103, \u00een ziua a \u015faptea, pomenirea sfin\u0163ilor mucenici, care au fost episcopi \u00een Cherson: Efrem, Vasilevs, Evghenie, Agatodor,","og_url":"https:\/\/mhf.ro\/mm\/7-martie-sfintii-zilei\/","og_site_name":"MHF Photography","article_published_time":"2023-03-07T14:26:40+00:00","og_image":[{"width":193,"height":262,"url":"https:\/\/mhf.ro\/mm\/wp-content\/uploads\/2023\/01\/3-ierarhi.jpg","type":"image\/jpeg"}],"author":"Preot paroh Horvat Petru","twitter_card":"summary_large_image","twitter_misc":{"Scris de":"Preot paroh Horvat Petru","Timp estimat pentru citire":"4 minute"},"schema":{"@context":"https:\/\/schema.org","@graph":[{"@type":"Article","@id":"https:\/\/mhf.ro\/mm\/7-martie-sfintii-zilei\/#article","isPartOf":{"@id":"https:\/\/mhf.ro\/mm\/7-martie-sfintii-zilei\/"},"author":{"name":"Preot paroh Horvat Petru","@id":"https:\/\/mhf.ro\/mm\/#\/schema\/person\/4c8c06c801b7b666e81ed44550086900"},"headline":"7 martie-Sfin\u021bii zilei","datePublished":"2023-03-07T14:26:40+00:00","mainEntityOfPage":{"@id":"https:\/\/mhf.ro\/mm\/7-martie-sfintii-zilei\/"},"wordCount":818,"commentCount":0,"publisher":{"@id":"https:\/\/mhf.ro\/mm\/#\/schema\/person\/a3bebf7bdb4bf12f698aff73c7e46c21"},"image":{"@id":"https:\/\/mhf.ro\/mm\/7-martie-sfintii-zilei\/#primaryimage"},"thumbnailUrl":"https:\/\/mhf.ro\/mm\/wp-content\/uploads\/2023\/01\/3-ierarhi.jpg","articleSection":["Religie"],"inLanguage":"ro-RO","potentialAction":[{"@type":"CommentAction","name":"Comment","target":["https:\/\/mhf.ro\/mm\/7-martie-sfintii-zilei\/#respond"]}]},{"@type":"WebPage","@id":"https:\/\/mhf.ro\/mm\/7-martie-sfintii-zilei\/","url":"https:\/\/mhf.ro\/mm\/7-martie-sfintii-zilei\/","name":"7 martie-Sfin\u021bii zilei - MHF Photography","isPartOf":{"@id":"https:\/\/mhf.ro\/mm\/#website"},"primaryImageOfPage":{"@id":"https:\/\/mhf.ro\/mm\/7-martie-sfintii-zilei\/#primaryimage"},"image":{"@id":"https:\/\/mhf.ro\/mm\/7-martie-sfintii-zilei\/#primaryimage"},"thumbnailUrl":"https:\/\/mhf.ro\/mm\/wp-content\/uploads\/2023\/01\/3-ierarhi.jpg","datePublished":"2023-03-07T14:26:40+00:00","breadcrumb":{"@id":"https:\/\/mhf.ro\/mm\/7-martie-sfintii-zilei\/#breadcrumb"},"inLanguage":"ro-RO","potentialAction":[{"@type":"ReadAction","target":["https:\/\/mhf.ro\/mm\/7-martie-sfintii-zilei\/"]}]},{"@type":"ImageObject","inLanguage":"ro-RO","@id":"https:\/\/mhf.ro\/mm\/7-martie-sfintii-zilei\/#primaryimage","url":"https:\/\/mhf.ro\/mm\/wp-content\/uploads\/2023\/01\/3-ierarhi.jpg","contentUrl":"https:\/\/mhf.ro\/mm\/wp-content\/uploads\/2023\/01\/3-ierarhi.jpg","width":193,"height":262},{"@type":"BreadcrumbList","@id":"https:\/\/mhf.ro\/mm\/7-martie-sfintii-zilei\/#breadcrumb","itemListElement":[{"@type":"ListItem","position":1,"name":"Prima pagin\u0103","item":"https:\/\/mhf.ro\/mm\/"},{"@type":"ListItem","position":2,"name":"7 martie-Sfin\u021bii zilei"}]},{"@type":"WebSite","@id":"https:\/\/mhf.ro\/mm\/#website","url":"https:\/\/mhf.ro\/mm\/","name":"MHF Photography \u2013 Blog de fotografie, natur\u0103 \u0219i tehnic\u0103 divers\u0103","description":"Aventur\u0103 \u00een fiecare cadru.","publisher":{"@id":"https:\/\/mhf.ro\/mm\/#\/schema\/person\/a3bebf7bdb4bf12f698aff73c7e46c21"},"potentialAction":[{"@type":"SearchAction","target":{"@type":"EntryPoint","urlTemplate":"https:\/\/mhf.ro\/mm\/?s={search_term_string}"},"query-input":{"@type":"PropertyValueSpecification","valueRequired":true,"valueName":"search_term_string"}}],"inLanguage":"ro-RO"},{"@type":["Person","Organization"],"@id":"https:\/\/mhf.ro\/mm\/#\/schema\/person\/a3bebf7bdb4bf12f698aff73c7e46c21","name":"Marius Marcu","image":{"@type":"ImageObject","inLanguage":"ro-RO","@id":"https:\/\/mhf.ro\/mm\/#\/schema\/person\/image\/","url":"https:\/\/mhf.ro\/mm\/wp-content\/uploads\/2025\/12\/cropped-logo_mhf_2.png","contentUrl":"https:\/\/mhf.ro\/mm\/wp-content\/uploads\/2025\/12\/cropped-logo_mhf_2.png","width":1096,"height":457,"caption":"Marius Marcu"},"logo":{"@id":"https:\/\/mhf.ro\/mm\/#\/schema\/person\/image\/"},"sameAs":["https:\/\/mhf.ro\/mm"]},{"@type":"Person","@id":"https:\/\/mhf.ro\/mm\/#\/schema\/person\/4c8c06c801b7b666e81ed44550086900","name":"Preot paroh Horvat Petru","image":{"@type":"ImageObject","inLanguage":"ro-RO","@id":"https:\/\/mhf.ro\/mm\/#\/schema\/person\/image\/","url":"https:\/\/secure.gravatar.com\/avatar\/c2d2dcdf21c6f41aad486d71768c144cd6e23cb7b63bae9bd6fab542b26ad321?s=96&d=monsterid&r=g","contentUrl":"https:\/\/secure.gravatar.com\/avatar\/c2d2dcdf21c6f41aad486d71768c144cd6e23cb7b63bae9bd6fab542b26ad321?s=96&d=monsterid&r=g","caption":"Preot paroh Horvat Petru"},"sameAs":["https:\/\/mhf.ro\/mm"],"url":"https:\/\/mhf.ro\/mm\/author\/petrica\/"}]}},"_links":{"self":[{"href":"https:\/\/mhf.ro\/mm\/wp-json\/wp\/v2\/posts\/8807","targetHints":{"allow":["GET"]}}],"collection":[{"href":"https:\/\/mhf.ro\/mm\/wp-json\/wp\/v2\/posts"}],"about":[{"href":"https:\/\/mhf.ro\/mm\/wp-json\/wp\/v2\/types\/post"}],"author":[{"embeddable":true,"href":"https:\/\/mhf.ro\/mm\/wp-json\/wp\/v2\/users\/4"}],"replies":[{"embeddable":true,"href":"https:\/\/mhf.ro\/mm\/wp-json\/wp\/v2\/comments?post=8807"}],"version-history":[{"count":1,"href":"https:\/\/mhf.ro\/mm\/wp-json\/wp\/v2\/posts\/8807\/revisions"}],"predecessor-version":[{"id":8808,"href":"https:\/\/mhf.ro\/mm\/wp-json\/wp\/v2\/posts\/8807\/revisions\/8808"}],"wp:featuredmedia":[{"embeddable":true,"href":"https:\/\/mhf.ro\/mm\/wp-json\/wp\/v2\/media\/8564"}],"wp:attachment":[{"href":"https:\/\/mhf.ro\/mm\/wp-json\/wp\/v2\/media?parent=8807"}],"wp:term":[{"taxonomy":"category","embeddable":true,"href":"https:\/\/mhf.ro\/mm\/wp-json\/wp\/v2\/categories?post=8807"},{"taxonomy":"post_tag","embeddable":true,"href":"https:\/\/mhf.ro\/mm\/wp-json\/wp\/v2\/tags?post=8807"}],"curies":[{"name":"wp","href":"https:\/\/api.w.org\/{rel}","templated":true}]}}