{"id":8887,"date":"2023-03-21T13:03:03","date_gmt":"2023-03-21T11:03:03","guid":{"rendered":"https:\/\/mhf.ro\/mm\/?p=8887"},"modified":"2023-03-21T13:03:03","modified_gmt":"2023-03-21T11:03:03","slug":"marturisire","status":"publish","type":"post","link":"https:\/\/mhf.ro\/mm\/marturisire\/","title":{"rendered":"M\u0103rturisire"},"content":{"rendered":"<p>Francezul Alain Cavaille (n.1945), scriitor \u0219i filozof algerian spune:<br \/>\n&gt;<br \/>\n&gt; &#8222;M-am n\u0103scut alb, ceea ce m\u0103 face rasist.<br \/>\n&gt;<br \/>\n&gt;<br \/>\n&gt;<br \/>\n&gt; Nu votez cu st\u00e2nga, ceea ce m\u0103 face fascist.<br \/>\n&gt;<br \/>\n&gt;<br \/>\n&gt;<br \/>\n&gt; Sunt heterosexual, ceea ce m\u0103 face homofob.<br \/>\n&gt;<br \/>\n&gt;<br \/>\n&gt;<br \/>\n&gt; Sunt c\u0103s\u0103torit cu aceea\u0219i femeie de mai bine de patruzeci de ani, ceea ce m\u0103 face un &#8222;dep\u0103\u0219it de vremuri&#8221;.<br \/>\n&gt;<br \/>\n&gt;<br \/>\n&gt;<br \/>\n&gt; De\u021bin o cas\u0103, ceea ce m\u0103 face un proprietar bogat.<br \/>\n&gt;<br \/>\n&gt;<br \/>\n&gt;<br \/>\n&gt; Ador pateul de g\u00e2sc\u0103 \u0219i mielul, ceea ce m\u0103 face un sus\u021bin\u0103tor al abuzului contra animalelor.<br \/>\n&gt;<br \/>\n&gt;<br \/>\n&gt;<br \/>\n&gt; Sunt cre\u0219tin, ceea ce m\u0103 face un c\u00e2ine infidel \u00een ochii multor milioane de musulmani.<br \/>\n&gt;<br \/>\n&gt;<br \/>\n&gt;<br \/>\n&gt; Am peste 65 de ani \u0219i sunt pensionar, ceea ce m\u0103 face un idiot b\u0103tr\u00e2n.<br \/>\n&gt;<br \/>\n&gt;<br \/>\n&gt;<br \/>\n&gt; G\u00e2ndesc cu capul meu, f\u0103r\u0103 a \u00eenghi\u021bi tot ce \u00eemi serve\u0219te presa, ceea ce m\u0103 face un reac\u021bionar.<br \/>\n&gt;<br \/>\n&gt;<br \/>\n&gt;<br \/>\n&gt; \u00cemi place s\u0103 privesc femei foarte frumoase \u0219i sumar \u00eembr\u0103cate \u0219i \u00eentorc capul dup\u0103 o femeie frumoas\u0103, ceea ce m\u0103 face un pornograf.<br \/>\n&gt;<br \/>\n&gt;<br \/>\n&gt;<br \/>\n&gt; \u00cemi pun \u00een valoare identitatea francez\u0103 \u0219i cultura mea occidental\u0103, ceea ce m\u0103 face un xenofob.<br \/>\n&gt;<br \/>\n&gt;<br \/>\n&gt;<br \/>\n&gt; A\u0219 dori s\u0103 tr\u0103iesc \u00een siguran\u021b\u0103 \u0219i s\u0103-i v\u0103d pe infractori \u00een \u00eenchisoare, ceea ce m\u0103 face un gestapovist.<br \/>\n&gt;<br \/>\n&gt;<br \/>\n&gt;<br \/>\n&gt; Conduc o ma\u0219in\u0103 pe benzin\u0103, ceea ce m\u0103 face un poluator.<br \/>\n&gt;<br \/>\n&gt;<br \/>\n&gt;<br \/>\n&gt; Cred c\u0103 toat\u0103 lumea ar trebui s\u0103 fie r\u0103spl\u0103tit\u0103 pentru meritele ei, ceea ce m\u0103 face un liberal antisocial.<br \/>\n&gt;<br \/>\n&gt;<br \/>\n&gt;<br \/>\n&gt; Am fost educat, nu r\u0103sf\u0103\u021bat, \u0219i sunt recunosc\u0103tor p\u0103rin\u021bilor mei pentru acest lucru, ceea ce m\u0103 face un tor\u021bionar de copii opus dezvolt\u0103rii lor armonioase.<br \/>\n&gt;<br \/>\n&gt;<br \/>\n&gt;<br \/>\n&gt; Cred c\u0103 ap\u0103rarea unei \u021b\u0103ri trebuie s\u0103 fie preocuparea tuturor cet\u0103\u021benilor ei, ceea ce m\u0103 face un militarist.<br \/>\n&gt;<br \/>\n&gt;<br \/>\n&gt;<br \/>\n&gt; \u00cemi place s\u0103 citesc, s\u0103 \u00eenv\u0103\u021b, s\u0103 muncesc, s\u0103 fac efort \u0219i s\u0103 m\u0103 autodep\u0103\u0219esc, ceea ce m\u0103 face un retardat social.<br \/>\n&gt;<br \/>\n&gt;<br \/>\n&gt;<br \/>\n&gt; A\u0219a c\u0103 le mul\u021bumesc tuturor prietenilor mei care r\u0103m\u00e2n al\u0103turi de mine \u00een ciuda numeroaselor mele defecte&#8221;.<\/p>\n","protected":false},"excerpt":{"rendered":"<p>Francezul Alain Cavaille (n.1945), scriitor \u0219i filozof algerian spune: &gt; &gt; &#8222;M-am n\u0103scut alb, ceea ce m\u0103 face rasist. &gt;<\/p>\n","protected":false},"author":4,"featured_media":7283,"comment_status":"open","ping_status":"open","sticky":false,"template":"","format":"standard","meta":{"colormag_page_container_layout":"default_layout","colormag_page_sidebar_layout":"default_layout","footnotes":""},"categories":[34],"tags":[],"class_list":["post-8887","post","type-post","status-publish","format-standard","has-post-thumbnail","hentry","category-religie"],"yoast_head":"<!-- This site is optimized with the Yoast SEO plugin v27.0 - https:\/\/yoast.com\/product\/yoast-seo-wordpress\/ -->\n<title>M\u0103rturisire - MHF Photography<\/title>\n<meta name=\"robots\" content=\"index, follow, max-snippet:-1, max-image-preview:large, max-video-preview:-1\" \/>\n<link rel=\"canonical\" href=\"https:\/\/mhf.ro\/mm\/marturisire\/\" \/>\n<meta property=\"og:locale\" content=\"ro_RO\" \/>\n<meta property=\"og:type\" content=\"article\" \/>\n<meta property=\"og:title\" content=\"M\u0103rturisire - MHF Photography\" \/>\n<meta property=\"og:description\" content=\"Francezul Alain Cavaille (n.1945), scriitor \u0219i filozof algerian spune: &gt; &gt; &#8222;M-am n\u0103scut alb, ceea ce m\u0103 face rasist. &gt;\" \/>\n<meta property=\"og:url\" content=\"https:\/\/mhf.ro\/mm\/marturisire\/\" \/>\n<meta property=\"og:site_name\" content=\"MHF Photography\" \/>\n<meta property=\"article:published_time\" content=\"2023-03-21T11:03:03+00:00\" \/>\n<meta property=\"og:image\" content=\"https:\/\/mhf.ro\/mm\/wp-content\/uploads\/2022\/04\/IMG_20220425_120833-scaled.jpg\" \/>\n\t<meta property=\"og:image:width\" content=\"1920\" \/>\n\t<meta property=\"og:image:height\" content=\"2560\" \/>\n\t<meta property=\"og:image:type\" content=\"image\/jpeg\" \/>\n<meta name=\"author\" content=\"Preot paroh Horvat Petru\" \/>\n<meta name=\"twitter:card\" content=\"summary_large_image\" \/>\n<meta name=\"twitter:label1\" content=\"Scris de\" \/>\n\t<meta name=\"twitter:data1\" content=\"Preot paroh Horvat Petru\" \/>\n\t<meta name=\"twitter:label2\" content=\"Timp estimat pentru citire\" \/>\n\t<meta name=\"twitter:data2\" content=\"3 minute\" \/>\n<script type=\"application\/ld+json\" class=\"yoast-schema-graph\">{\"@context\":\"https:\/\/schema.org\",\"@graph\":[{\"@type\":\"Article\",\"@id\":\"https:\/\/mhf.ro\/mm\/marturisire\/#article\",\"isPartOf\":{\"@id\":\"https:\/\/mhf.ro\/mm\/marturisire\/\"},\"author\":{\"name\":\"Preot paroh Horvat Petru\",\"@id\":\"https:\/\/mhf.ro\/mm\/#\/schema\/person\/4c8c06c801b7b666e81ed44550086900\"},\"headline\":\"M\u0103rturisire\",\"datePublished\":\"2023-03-21T11:03:03+00:00\",\"mainEntityOfPage\":{\"@id\":\"https:\/\/mhf.ro\/mm\/marturisire\/\"},\"wordCount\":409,\"commentCount\":0,\"publisher\":{\"@id\":\"https:\/\/mhf.ro\/mm\/#\/schema\/person\/a3bebf7bdb4bf12f698aff73c7e46c21\"},\"image\":{\"@id\":\"https:\/\/mhf.ro\/mm\/marturisire\/#primaryimage\"},\"thumbnailUrl\":\"https:\/\/mhf.ro\/mm\/wp-content\/uploads\/2022\/04\/IMG_20220425_120833-scaled.jpg\",\"articleSection\":[\"Religie\"],\"inLanguage\":\"ro-RO\",\"potentialAction\":[{\"@type\":\"CommentAction\",\"name\":\"Comment\",\"target\":[\"https:\/\/mhf.ro\/mm\/marturisire\/#respond\"]}]},{\"@type\":\"WebPage\",\"@id\":\"https:\/\/mhf.ro\/mm\/marturisire\/\",\"url\":\"https:\/\/mhf.ro\/mm\/marturisire\/\",\"name\":\"M\u0103rturisire - MHF Photography\",\"isPartOf\":{\"@id\":\"https:\/\/mhf.ro\/mm\/#website\"},\"primaryImageOfPage\":{\"@id\":\"https:\/\/mhf.ro\/mm\/marturisire\/#primaryimage\"},\"image\":{\"@id\":\"https:\/\/mhf.ro\/mm\/marturisire\/#primaryimage\"},\"thumbnailUrl\":\"https:\/\/mhf.ro\/mm\/wp-content\/uploads\/2022\/04\/IMG_20220425_120833-scaled.jpg\",\"datePublished\":\"2023-03-21T11:03:03+00:00\",\"breadcrumb\":{\"@id\":\"https:\/\/mhf.ro\/mm\/marturisire\/#breadcrumb\"},\"inLanguage\":\"ro-RO\",\"potentialAction\":[{\"@type\":\"ReadAction\",\"target\":[\"https:\/\/mhf.ro\/mm\/marturisire\/\"]}]},{\"@type\":\"ImageObject\",\"inLanguage\":\"ro-RO\",\"@id\":\"https:\/\/mhf.ro\/mm\/marturisire\/#primaryimage\",\"url\":\"https:\/\/mhf.ro\/mm\/wp-content\/uploads\/2022\/04\/IMG_20220425_120833-scaled.jpg\",\"contentUrl\":\"https:\/\/mhf.ro\/mm\/wp-content\/uploads\/2022\/04\/IMG_20220425_120833-scaled.jpg\",\"width\":1920,\"height\":2560,\"caption\":\"smart\"},{\"@type\":\"BreadcrumbList\",\"@id\":\"https:\/\/mhf.ro\/mm\/marturisire\/#breadcrumb\",\"itemListElement\":[{\"@type\":\"ListItem\",\"position\":1,\"name\":\"Prima pagin\u0103\",\"item\":\"https:\/\/mhf.ro\/mm\/\"},{\"@type\":\"ListItem\",\"position\":2,\"name\":\"M\u0103rturisire\"}]},{\"@type\":\"WebSite\",\"@id\":\"https:\/\/mhf.ro\/mm\/#website\",\"url\":\"https:\/\/mhf.ro\/mm\/\",\"name\":\"MHF Photography \u2013 Blog de fotografie, natur\u0103 \u0219i tehnic\u0103 divers\u0103\",\"description\":\"Aventur\u0103 \u00een fiecare cadru.\",\"publisher\":{\"@id\":\"https:\/\/mhf.ro\/mm\/#\/schema\/person\/a3bebf7bdb4bf12f698aff73c7e46c21\"},\"potentialAction\":[{\"@type\":\"SearchAction\",\"target\":{\"@type\":\"EntryPoint\",\"urlTemplate\":\"https:\/\/mhf.ro\/mm\/?s={search_term_string}\"},\"query-input\":{\"@type\":\"PropertyValueSpecification\",\"valueRequired\":true,\"valueName\":\"search_term_string\"}}],\"inLanguage\":\"ro-RO\"},{\"@type\":[\"Person\",\"Organization\"],\"@id\":\"https:\/\/mhf.ro\/mm\/#\/schema\/person\/a3bebf7bdb4bf12f698aff73c7e46c21\",\"name\":\"Marius Marcu\",\"image\":{\"@type\":\"ImageObject\",\"inLanguage\":\"ro-RO\",\"@id\":\"https:\/\/mhf.ro\/mm\/#\/schema\/person\/image\/\",\"url\":\"https:\/\/mhf.ro\/mm\/wp-content\/uploads\/2025\/12\/cropped-logo_mhf_2.png\",\"contentUrl\":\"https:\/\/mhf.ro\/mm\/wp-content\/uploads\/2025\/12\/cropped-logo_mhf_2.png\",\"width\":1096,\"height\":457,\"caption\":\"Marius Marcu\"},\"logo\":{\"@id\":\"https:\/\/mhf.ro\/mm\/#\/schema\/person\/image\/\"},\"sameAs\":[\"https:\/\/mhf.ro\/mm\"]},{\"@type\":\"Person\",\"@id\":\"https:\/\/mhf.ro\/mm\/#\/schema\/person\/4c8c06c801b7b666e81ed44550086900\",\"name\":\"Preot paroh Horvat Petru\",\"image\":{\"@type\":\"ImageObject\",\"inLanguage\":\"ro-RO\",\"@id\":\"https:\/\/mhf.ro\/mm\/#\/schema\/person\/image\/\",\"url\":\"https:\/\/secure.gravatar.com\/avatar\/c2d2dcdf21c6f41aad486d71768c144cd6e23cb7b63bae9bd6fab542b26ad321?s=96&d=monsterid&r=g\",\"contentUrl\":\"https:\/\/secure.gravatar.com\/avatar\/c2d2dcdf21c6f41aad486d71768c144cd6e23cb7b63bae9bd6fab542b26ad321?s=96&d=monsterid&r=g\",\"caption\":\"Preot paroh Horvat Petru\"},\"sameAs\":[\"https:\/\/mhf.ro\/mm\"],\"url\":\"https:\/\/mhf.ro\/mm\/author\/petrica\/\"}]}<\/script>\n<!-- \/ Yoast SEO plugin. -->","yoast_head_json":{"title":"M\u0103rturisire - MHF Photography","robots":{"index":"index","follow":"follow","max-snippet":"max-snippet:-1","max-image-preview":"max-image-preview:large","max-video-preview":"max-video-preview:-1"},"canonical":"https:\/\/mhf.ro\/mm\/marturisire\/","og_locale":"ro_RO","og_type":"article","og_title":"M\u0103rturisire - MHF Photography","og_description":"Francezul Alain Cavaille (n.1945), scriitor \u0219i filozof algerian spune: &gt; &gt; &#8222;M-am n\u0103scut alb, ceea ce m\u0103 face rasist. &gt;","og_url":"https:\/\/mhf.ro\/mm\/marturisire\/","og_site_name":"MHF Photography","article_published_time":"2023-03-21T11:03:03+00:00","og_image":[{"width":1920,"height":2560,"url":"https:\/\/mhf.ro\/mm\/wp-content\/uploads\/2022\/04\/IMG_20220425_120833-scaled.jpg","type":"image\/jpeg"}],"author":"Preot paroh Horvat Petru","twitter_card":"summary_large_image","twitter_misc":{"Scris de":"Preot paroh Horvat Petru","Timp estimat pentru citire":"3 minute"},"schema":{"@context":"https:\/\/schema.org","@graph":[{"@type":"Article","@id":"https:\/\/mhf.ro\/mm\/marturisire\/#article","isPartOf":{"@id":"https:\/\/mhf.ro\/mm\/marturisire\/"},"author":{"name":"Preot paroh Horvat Petru","@id":"https:\/\/mhf.ro\/mm\/#\/schema\/person\/4c8c06c801b7b666e81ed44550086900"},"headline":"M\u0103rturisire","datePublished":"2023-03-21T11:03:03+00:00","mainEntityOfPage":{"@id":"https:\/\/mhf.ro\/mm\/marturisire\/"},"wordCount":409,"commentCount":0,"publisher":{"@id":"https:\/\/mhf.ro\/mm\/#\/schema\/person\/a3bebf7bdb4bf12f698aff73c7e46c21"},"image":{"@id":"https:\/\/mhf.ro\/mm\/marturisire\/#primaryimage"},"thumbnailUrl":"https:\/\/mhf.ro\/mm\/wp-content\/uploads\/2022\/04\/IMG_20220425_120833-scaled.jpg","articleSection":["Religie"],"inLanguage":"ro-RO","potentialAction":[{"@type":"CommentAction","name":"Comment","target":["https:\/\/mhf.ro\/mm\/marturisire\/#respond"]}]},{"@type":"WebPage","@id":"https:\/\/mhf.ro\/mm\/marturisire\/","url":"https:\/\/mhf.ro\/mm\/marturisire\/","name":"M\u0103rturisire - MHF Photography","isPartOf":{"@id":"https:\/\/mhf.ro\/mm\/#website"},"primaryImageOfPage":{"@id":"https:\/\/mhf.ro\/mm\/marturisire\/#primaryimage"},"image":{"@id":"https:\/\/mhf.ro\/mm\/marturisire\/#primaryimage"},"thumbnailUrl":"https:\/\/mhf.ro\/mm\/wp-content\/uploads\/2022\/04\/IMG_20220425_120833-scaled.jpg","datePublished":"2023-03-21T11:03:03+00:00","breadcrumb":{"@id":"https:\/\/mhf.ro\/mm\/marturisire\/#breadcrumb"},"inLanguage":"ro-RO","potentialAction":[{"@type":"ReadAction","target":["https:\/\/mhf.ro\/mm\/marturisire\/"]}]},{"@type":"ImageObject","inLanguage":"ro-RO","@id":"https:\/\/mhf.ro\/mm\/marturisire\/#primaryimage","url":"https:\/\/mhf.ro\/mm\/wp-content\/uploads\/2022\/04\/IMG_20220425_120833-scaled.jpg","contentUrl":"https:\/\/mhf.ro\/mm\/wp-content\/uploads\/2022\/04\/IMG_20220425_120833-scaled.jpg","width":1920,"height":2560,"caption":"smart"},{"@type":"BreadcrumbList","@id":"https:\/\/mhf.ro\/mm\/marturisire\/#breadcrumb","itemListElement":[{"@type":"ListItem","position":1,"name":"Prima pagin\u0103","item":"https:\/\/mhf.ro\/mm\/"},{"@type":"ListItem","position":2,"name":"M\u0103rturisire"}]},{"@type":"WebSite","@id":"https:\/\/mhf.ro\/mm\/#website","url":"https:\/\/mhf.ro\/mm\/","name":"MHF Photography \u2013 Blog de fotografie, natur\u0103 \u0219i tehnic\u0103 divers\u0103","description":"Aventur\u0103 \u00een fiecare cadru.","publisher":{"@id":"https:\/\/mhf.ro\/mm\/#\/schema\/person\/a3bebf7bdb4bf12f698aff73c7e46c21"},"potentialAction":[{"@type":"SearchAction","target":{"@type":"EntryPoint","urlTemplate":"https:\/\/mhf.ro\/mm\/?s={search_term_string}"},"query-input":{"@type":"PropertyValueSpecification","valueRequired":true,"valueName":"search_term_string"}}],"inLanguage":"ro-RO"},{"@type":["Person","Organization"],"@id":"https:\/\/mhf.ro\/mm\/#\/schema\/person\/a3bebf7bdb4bf12f698aff73c7e46c21","name":"Marius Marcu","image":{"@type":"ImageObject","inLanguage":"ro-RO","@id":"https:\/\/mhf.ro\/mm\/#\/schema\/person\/image\/","url":"https:\/\/mhf.ro\/mm\/wp-content\/uploads\/2025\/12\/cropped-logo_mhf_2.png","contentUrl":"https:\/\/mhf.ro\/mm\/wp-content\/uploads\/2025\/12\/cropped-logo_mhf_2.png","width":1096,"height":457,"caption":"Marius Marcu"},"logo":{"@id":"https:\/\/mhf.ro\/mm\/#\/schema\/person\/image\/"},"sameAs":["https:\/\/mhf.ro\/mm"]},{"@type":"Person","@id":"https:\/\/mhf.ro\/mm\/#\/schema\/person\/4c8c06c801b7b666e81ed44550086900","name":"Preot paroh Horvat Petru","image":{"@type":"ImageObject","inLanguage":"ro-RO","@id":"https:\/\/mhf.ro\/mm\/#\/schema\/person\/image\/","url":"https:\/\/secure.gravatar.com\/avatar\/c2d2dcdf21c6f41aad486d71768c144cd6e23cb7b63bae9bd6fab542b26ad321?s=96&d=monsterid&r=g","contentUrl":"https:\/\/secure.gravatar.com\/avatar\/c2d2dcdf21c6f41aad486d71768c144cd6e23cb7b63bae9bd6fab542b26ad321?s=96&d=monsterid&r=g","caption":"Preot paroh Horvat Petru"},"sameAs":["https:\/\/mhf.ro\/mm"],"url":"https:\/\/mhf.ro\/mm\/author\/petrica\/"}]}},"_links":{"self":[{"href":"https:\/\/mhf.ro\/mm\/wp-json\/wp\/v2\/posts\/8887","targetHints":{"allow":["GET"]}}],"collection":[{"href":"https:\/\/mhf.ro\/mm\/wp-json\/wp\/v2\/posts"}],"about":[{"href":"https:\/\/mhf.ro\/mm\/wp-json\/wp\/v2\/types\/post"}],"author":[{"embeddable":true,"href":"https:\/\/mhf.ro\/mm\/wp-json\/wp\/v2\/users\/4"}],"replies":[{"embeddable":true,"href":"https:\/\/mhf.ro\/mm\/wp-json\/wp\/v2\/comments?post=8887"}],"version-history":[{"count":1,"href":"https:\/\/mhf.ro\/mm\/wp-json\/wp\/v2\/posts\/8887\/revisions"}],"predecessor-version":[{"id":8888,"href":"https:\/\/mhf.ro\/mm\/wp-json\/wp\/v2\/posts\/8887\/revisions\/8888"}],"wp:featuredmedia":[{"embeddable":true,"href":"https:\/\/mhf.ro\/mm\/wp-json\/wp\/v2\/media\/7283"}],"wp:attachment":[{"href":"https:\/\/mhf.ro\/mm\/wp-json\/wp\/v2\/media?parent=8887"}],"wp:term":[{"taxonomy":"category","embeddable":true,"href":"https:\/\/mhf.ro\/mm\/wp-json\/wp\/v2\/categories?post=8887"},{"taxonomy":"post_tag","embeddable":true,"href":"https:\/\/mhf.ro\/mm\/wp-json\/wp\/v2\/tags?post=8887"}],"curies":[{"name":"wp","href":"https:\/\/api.w.org\/{rel}","templated":true}]}}