{"id":890,"date":"2020-04-21T17:18:39","date_gmt":"2020-04-21T15:18:39","guid":{"rendered":"https:\/\/mhf.ro\/mm\/?p=890"},"modified":"2025-12-29T10:05:33","modified_gmt":"2025-12-29T08:05:33","slug":"veverita-buclucasa-indragita-de-cei-mari-si-de-cei-mici","status":"publish","type":"post","link":"https:\/\/mhf.ro\/mm\/veverita-buclucasa-indragita-de-cei-mari-si-de-cei-mici\/","title":{"rendered":"Veverita buclucasa, indragita de cei mari si de cei mici"},"content":{"rendered":"<p>Veveri\u021ba ro\u0219ie are lungimea pana la 45 cm din care jumatate este coada. Coada lung\u0103 ajut\u0103 veveri\u021ba pentru a se echilibra atunci c\u00e2nd sare din copac \u00een copac sau cand fuge de-a lungul ramurilor. Veveritele rosii traiesc in toata Europa, preferand padurile de molid, pin, dar se gasesc si in padurile de foioase.<\/p>\n<div id=\"envira-gallery-wrap-892\" class=\"envira-gallery-wrap envira-gallery-theme-base envira-lightbox-theme-base\" itemscope itemtype=\"https:\/\/schema.org\/ImageGallery\"><div data-row-height=\"150\" data-gallery-theme=\"normal\" id=\"envira-gallery-892\" class=\"envira-gallery-public envira-gallery-justified-public envira-gallery-0-columns envira-clear enviratope envira-gallery-css-animations\" data-envira-columns=\"0\"><div id=\"envira-gallery-item-893\" class=\"envira-gallery-item enviratope-item envira-gallery-item-1 envira-lazy-load\" style=\"padding-left: 5px; padding-bottom: 10px; padding-right: 5px;\"  itemscope itemtype=\"https:\/\/schema.org\/ImageObject\"><div class=\"envira-gallery-item-inner\"><div class=\"envira-gallery-position-overlay  envira-gallery-top-left\"><\/div><div class=\"envira-gallery-position-overlay  envira-gallery-top-right\"><\/div><div class=\"envira-gallery-position-overlay  envira-gallery-bottom-left\"><\/div><div class=\"envira-gallery-position-overlay  envira-gallery-bottom-right\"><\/div><a href=\"https:\/\/mhf.ro\/mm\/wp-content\/uploads\/2020\/04\/Veverita-la-masajpg.jpg\" class=\"envira-gallery-892 envira-gallery-link\" rel=\"enviragallery892\" title=\"Veverita la masajpg\" data-envira-caption=\"Veverita la masajpg\" data-envira-retina=\"\" data-thumbnail=\"\"  itemprop=\"contentUrl\"><img decoding=\"async\" id=\"envira-gallery-image-893\" class=\"envira-gallery-image envira-gallery-image-1 envira-normal envira-lazy\" data-envira-index=\"1\" src=\"https:\/\/mhf.ro\/mm\/wp-content\/uploads\/2020\/04\/Veverita-la-masajpg-1024x683-640x480.jpg\" data-envira-src=\"https:\/\/mhf.ro\/mm\/wp-content\/uploads\/2020\/04\/Veverita-la-masajpg-1024x683-640x480.jpg\" data-envira-gallery-id=\"892\" data-envira-item-id=\"893\" data-envira-caption=\"Veverita la masajpg\" alt=\"\" title=\"Veverita la masajpg\"  itemprop=\"thumbnailUrl\" data-envira-srcset=\"https:\/\/mhf.ro\/mm\/wp-content\/uploads\/2020\/04\/Veverita-la-masajpg-1024x683-640x480.jpg 400w,https:\/\/mhf.ro\/mm\/wp-content\/uploads\/2020\/04\/Veverita-la-masajpg-1024x683-640x480.jpg 2x\" data-envira-width=\"300\" data-envira-height=\"200\" srcset=\"data:image\/gif;base64,R0lGODlhAQABAIAAAP\/\/\/\/\/\/\/yH5BAEKAAEALAAAAAABAAEAAAICTAEAOw==\" data-safe-src=\"data:image\/gif;base64,R0lGODlhAQABAIAAAP\/\/\/\/\/\/\/yH5BAEKAAEALAAAAAABAAEAAAICTAEAOw==\" \/><\/a><\/div><\/div><div id=\"envira-gallery-item-894\" class=\"envira-gallery-item enviratope-item envira-gallery-item-2 envira-lazy-load\" style=\"padding-left: 5px; padding-bottom: 10px; padding-right: 5px;\"  itemscope itemtype=\"https:\/\/schema.org\/ImageObject\"><div class=\"envira-gallery-item-inner\"><div class=\"envira-gallery-position-overlay  envira-gallery-top-left\"><\/div><div class=\"envira-gallery-position-overlay  envira-gallery-top-right\"><\/div><div class=\"envira-gallery-position-overlay  envira-gallery-bottom-left\"><\/div><div class=\"envira-gallery-position-overlay  envira-gallery-bottom-right\"><\/div><a href=\"https:\/\/mhf.ro\/mm\/wp-content\/uploads\/2020\/04\/Veverita-mic-dejun.jpg\" class=\"envira-gallery-892 envira-gallery-link\" rel=\"enviragallery892\" title=\"Veverita mic dejun\" data-envira-caption=\"Veverita mic dejun\" data-envira-retina=\"\" data-thumbnail=\"\"  itemprop=\"contentUrl\"><img decoding=\"async\" id=\"envira-gallery-image-894\" class=\"envira-gallery-image envira-gallery-image-2 envira-normal envira-lazy\" data-envira-index=\"2\" src=\"https:\/\/mhf.ro\/mm\/wp-content\/uploads\/2020\/04\/Veverita-mic-dejun-1024x683-640x480.jpg\" data-envira-src=\"https:\/\/mhf.ro\/mm\/wp-content\/uploads\/2020\/04\/Veverita-mic-dejun-1024x683-640x480.jpg\" data-envira-gallery-id=\"892\" data-envira-item-id=\"894\" data-envira-caption=\"Veverita mic dejun\" alt=\"\" title=\"Veverita mic dejun\"  itemprop=\"thumbnailUrl\" data-envira-srcset=\"https:\/\/mhf.ro\/mm\/wp-content\/uploads\/2020\/04\/Veverita-mic-dejun-1024x683-640x480.jpg 400w,https:\/\/mhf.ro\/mm\/wp-content\/uploads\/2020\/04\/Veverita-mic-dejun-1024x683-640x480.jpg 2x\" data-envira-width=\"300\" data-envira-height=\"200\" srcset=\"data:image\/gif;base64,R0lGODlhAQABAIAAAP\/\/\/\/\/\/\/yH5BAEKAAEALAAAAAABAAEAAAICTAEAOw==\" data-safe-src=\"data:image\/gif;base64,R0lGODlhAQABAIAAAP\/\/\/\/\/\/\/yH5BAEKAAEALAAAAAABAAEAAAICTAEAOw==\" \/><\/a><\/div><\/div><div id=\"envira-gallery-item-895\" class=\"envira-gallery-item enviratope-item envira-gallery-item-3 envira-lazy-load\" style=\"padding-left: 5px; padding-bottom: 10px; padding-right: 5px;\"  itemscope itemtype=\"https:\/\/schema.org\/ImageObject\"><div class=\"envira-gallery-item-inner\"><div class=\"envira-gallery-position-overlay  envira-gallery-top-left\"><\/div><div class=\"envira-gallery-position-overlay  envira-gallery-top-right\"><\/div><div class=\"envira-gallery-position-overlay  envira-gallery-bottom-left\"><\/div><div class=\"envira-gallery-position-overlay  envira-gallery-bottom-right\"><\/div><a href=\"https:\/\/mhf.ro\/mm\/wp-content\/uploads\/2020\/04\/Veverita-portret.jpg\" class=\"envira-gallery-892 envira-gallery-link\" rel=\"enviragallery892\" title=\"Veverita portret\" data-envira-caption=\"Veverita portret\" data-envira-retina=\"\" data-thumbnail=\"\"  itemprop=\"contentUrl\"><img decoding=\"async\" id=\"envira-gallery-image-895\" class=\"envira-gallery-image envira-gallery-image-3 envira-normal envira-lazy\" data-envira-index=\"3\" src=\"https:\/\/mhf.ro\/mm\/wp-content\/uploads\/2020\/04\/Veverita-portret-640x480.jpg\" data-envira-src=\"https:\/\/mhf.ro\/mm\/wp-content\/uploads\/2020\/04\/Veverita-portret-640x480.jpg\" data-envira-gallery-id=\"892\" data-envira-item-id=\"895\" data-envira-caption=\"Veverita portret\" alt=\"\" title=\"Veverita portret\"  itemprop=\"thumbnailUrl\" data-envira-srcset=\"https:\/\/mhf.ro\/mm\/wp-content\/uploads\/2020\/04\/Veverita-portret-640x480.jpg 400w,https:\/\/mhf.ro\/mm\/wp-content\/uploads\/2020\/04\/Veverita-portret-640x480.jpg 2x\" data-envira-width=\"295\" data-envira-height=\"300\" srcset=\"data:image\/gif;base64,R0lGODlhAQABAIAAAP\/\/\/\/\/\/\/yH5BAEKAAEALAAAAAABAAEAAAICTAEAOw==\" data-safe-src=\"data:image\/gif;base64,R0lGODlhAQABAIAAAP\/\/\/\/\/\/\/yH5BAEKAAEALAAAAAABAAEAAAICTAEAOw==\" \/><\/a><\/div><\/div><div id=\"envira-gallery-item-896\" class=\"envira-gallery-item enviratope-item envira-gallery-item-4 envira-lazy-load\" style=\"padding-left: 5px; padding-bottom: 10px; padding-right: 5px;\"  itemscope itemtype=\"https:\/\/schema.org\/ImageObject\"><div class=\"envira-gallery-item-inner\"><div class=\"envira-gallery-position-overlay  envira-gallery-top-left\"><\/div><div class=\"envira-gallery-position-overlay  envira-gallery-top-right\"><\/div><div class=\"envira-gallery-position-overlay  envira-gallery-bottom-left\"><\/div><div class=\"envira-gallery-position-overlay  envira-gallery-bottom-right\"><\/div><a href=\"https:\/\/mhf.ro\/mm\/wp-content\/uploads\/2020\/04\/Veverita.jpg\" class=\"envira-gallery-892 envira-gallery-link\" rel=\"enviragallery892\" title=\"Veverita\" data-envira-caption=\"Veverita\" data-envira-retina=\"\" data-thumbnail=\"\"  itemprop=\"contentUrl\"><img decoding=\"async\" id=\"envira-gallery-image-896\" class=\"envira-gallery-image envira-gallery-image-4 envira-normal envira-lazy\" data-envira-index=\"4\" src=\"https:\/\/mhf.ro\/mm\/wp-content\/uploads\/2020\/04\/Veverita-640x480.jpg\" data-envira-src=\"https:\/\/mhf.ro\/mm\/wp-content\/uploads\/2020\/04\/Veverita-640x480.jpg\" data-envira-gallery-id=\"892\" data-envira-item-id=\"896\" data-envira-caption=\"Veverita\" alt=\"\" title=\"Veverita\"  itemprop=\"thumbnailUrl\" data-envira-srcset=\"https:\/\/mhf.ro\/mm\/wp-content\/uploads\/2020\/04\/Veverita-640x480.jpg 400w,https:\/\/mhf.ro\/mm\/wp-content\/uploads\/2020\/04\/Veverita-640x480.jpg 2x\" data-envira-width=\"300\" data-envira-height=\"300\" srcset=\"data:image\/gif;base64,R0lGODlhAQABAIAAAP\/\/\/\/\/\/\/yH5BAEKAAEALAAAAAABAAEAAAICTAEAOw==\" data-safe-src=\"data:image\/gif;base64,R0lGODlhAQABAIAAAP\/\/\/\/\/\/\/yH5BAEKAAEALAAAAAABAAEAAAICTAEAOw==\" \/><\/a><\/div><\/div><\/div><\/div><noscript><img decoding=\"async\" src=\"https:\/\/mhf.ro\/mm\/wp-content\/uploads\/2020\/04\/Veverita-la-masajpg.jpg\" alt=\"\" \/><img decoding=\"async\" src=\"https:\/\/mhf.ro\/mm\/wp-content\/uploads\/2020\/04\/Veverita-mic-dejun.jpg\" alt=\"\" \/><img decoding=\"async\" src=\"https:\/\/mhf.ro\/mm\/wp-content\/uploads\/2020\/04\/Veverita-portret.jpg\" alt=\"\" \/><img decoding=\"async\" src=\"https:\/\/mhf.ro\/mm\/wp-content\/uploads\/2020\/04\/Veverita.jpg\" alt=\"\" \/><\/noscript>\n<p>Se imperecheaza de doua ori pe an, la sfarsitul iernii si la inceputul verii, avand doua randuri de pui. Gestatia dureaza aproximativ 39 zile, puii fiind ingrijiti doar de catre mama. La nastere au greutatea intre 10 si 15 grame. Continua sa suga lapte matern, mult dupa ce pot sa manance alimente solide, pana la 10 saptamani.<\/p>\n<p>&nbsp;<\/p>\n<p><a href=\"http:\/\/riz.ro\" target=\"_blank\" rel=\"noopener noreferrer\"><img decoding=\"async\" class=\"alignright wp-image-1187\" src=\"https:\/\/mhf.ro\/mm\/wp-content\/uploads\/2020\/05\/ReclamaRiz_1-150x150.png\" alt=\"Profile din polistiren\" width=\"110\" height=\"41\" srcset=\"https:\/\/mhf.ro\/mm\/wp-content\/uploads\/2020\/05\/ReclamaRiz_1-300x111.png 300w, https:\/\/mhf.ro\/mm\/wp-content\/uploads\/2020\/05\/ReclamaRiz_1-1024x377.png 1024w, https:\/\/mhf.ro\/mm\/wp-content\/uploads\/2020\/05\/ReclamaRiz_1-768x283.png 768w, https:\/\/mhf.ro\/mm\/wp-content\/uploads\/2020\/05\/ReclamaRiz_1.png 1295w\" sizes=\"(max-width: 110px) 100vw, 110px\" \/><\/a><\/p>\n","protected":false},"excerpt":{"rendered":"<p>Veveri\u021ba ro\u0219ie are lungimea pana la 45 cm din care jumatate este coada. Coada lung\u0103 ajut\u0103 veveri\u021ba pentru a se<\/p>\n","protected":false},"author":1,"featured_media":896,"comment_status":"open","ping_status":"open","sticky":false,"template":"","format":"standard","meta":{"colormag_page_container_layout":"default_layout","colormag_page_sidebar_layout":"default_layout","footnotes":""},"categories":[40,66],"tags":[],"class_list":["post-890","post","type-post","status-publish","format-standard","has-post-thumbnail","hentry","category-fotografi-diverse","category-wildlife"],"yoast_head":"<!-- This site is optimized with the Yoast SEO plugin v27.0 - https:\/\/yoast.com\/product\/yoast-seo-wordpress\/ -->\n<title>Veverita buclucasa, indragita de cei mari si de cei mici - MHF Photography<\/title>\n<meta name=\"robots\" content=\"index, follow, max-snippet:-1, max-image-preview:large, max-video-preview:-1\" \/>\n<link rel=\"canonical\" href=\"https:\/\/mhf.ro\/mm\/veverita-buclucasa-indragita-de-cei-mari-si-de-cei-mici\/\" \/>\n<meta property=\"og:locale\" content=\"ro_RO\" \/>\n<meta property=\"og:type\" content=\"article\" \/>\n<meta property=\"og:title\" content=\"Veverita buclucasa, indragita de cei mari si de cei mici - MHF Photography\" \/>\n<meta property=\"og:description\" content=\"Veveri\u021ba ro\u0219ie are lungimea pana la 45 cm din care jumatate este coada. Coada lung\u0103 ajut\u0103 veveri\u021ba pentru a se\" \/>\n<meta property=\"og:url\" content=\"https:\/\/mhf.ro\/mm\/veverita-buclucasa-indragita-de-cei-mari-si-de-cei-mici\/\" \/>\n<meta property=\"og:site_name\" content=\"MHF Photography\" \/>\n<meta property=\"article:published_time\" content=\"2020-04-21T15:18:39+00:00\" \/>\n<meta property=\"article:modified_time\" content=\"2025-12-29T08:05:33+00:00\" \/>\n<meta property=\"og:image\" content=\"https:\/\/mhf.ro\/mm\/wp-content\/uploads\/2020\/04\/Veverita.jpg\" \/>\n\t<meta property=\"og:image:width\" content=\"960\" \/>\n\t<meta property=\"og:image:height\" content=\"960\" \/>\n\t<meta property=\"og:image:type\" content=\"image\/jpeg\" \/>\n<meta name=\"author\" content=\"Marius Marcu\" \/>\n<meta name=\"twitter:card\" content=\"summary_large_image\" \/>\n<meta name=\"twitter:label1\" content=\"Scris de\" \/>\n\t<meta name=\"twitter:data1\" content=\"Marius Marcu\" \/>\n\t<meta name=\"twitter:label2\" content=\"Timp estimat pentru citire\" \/>\n\t<meta name=\"twitter:data2\" content=\"1 minut\" \/>\n<script type=\"application\/ld+json\" class=\"yoast-schema-graph\">{\"@context\":\"https:\/\/schema.org\",\"@graph\":[{\"@type\":\"Article\",\"@id\":\"https:\/\/mhf.ro\/mm\/veverita-buclucasa-indragita-de-cei-mari-si-de-cei-mici\/#article\",\"isPartOf\":{\"@id\":\"https:\/\/mhf.ro\/mm\/veverita-buclucasa-indragita-de-cei-mari-si-de-cei-mici\/\"},\"author\":{\"name\":\"Marius Marcu\",\"@id\":\"https:\/\/mhf.ro\/mm\/#\/schema\/person\/a3bebf7bdb4bf12f698aff73c7e46c21\"},\"headline\":\"Veverita buclucasa, indragita de cei mari si de cei mici\",\"datePublished\":\"2020-04-21T15:18:39+00:00\",\"dateModified\":\"2025-12-29T08:05:33+00:00\",\"mainEntityOfPage\":{\"@id\":\"https:\/\/mhf.ro\/mm\/veverita-buclucasa-indragita-de-cei-mari-si-de-cei-mici\/\"},\"wordCount\":122,\"commentCount\":0,\"publisher\":{\"@id\":\"https:\/\/mhf.ro\/mm\/#\/schema\/person\/a3bebf7bdb4bf12f698aff73c7e46c21\"},\"image\":{\"@id\":\"https:\/\/mhf.ro\/mm\/veverita-buclucasa-indragita-de-cei-mari-si-de-cei-mici\/#primaryimage\"},\"thumbnailUrl\":\"https:\/\/mhf.ro\/mm\/wp-content\/uploads\/2020\/04\/Veverita.jpg\",\"articleSection\":[\"Foto\",\"Wildlife\"],\"inLanguage\":\"ro-RO\",\"potentialAction\":[{\"@type\":\"CommentAction\",\"name\":\"Comment\",\"target\":[\"https:\/\/mhf.ro\/mm\/veverita-buclucasa-indragita-de-cei-mari-si-de-cei-mici\/#respond\"]}]},{\"@type\":\"WebPage\",\"@id\":\"https:\/\/mhf.ro\/mm\/veverita-buclucasa-indragita-de-cei-mari-si-de-cei-mici\/\",\"url\":\"https:\/\/mhf.ro\/mm\/veverita-buclucasa-indragita-de-cei-mari-si-de-cei-mici\/\",\"name\":\"Veverita buclucasa, indragita de cei mari si de cei mici - MHF Photography\",\"isPartOf\":{\"@id\":\"https:\/\/mhf.ro\/mm\/#website\"},\"primaryImageOfPage\":{\"@id\":\"https:\/\/mhf.ro\/mm\/veverita-buclucasa-indragita-de-cei-mari-si-de-cei-mici\/#primaryimage\"},\"image\":{\"@id\":\"https:\/\/mhf.ro\/mm\/veverita-buclucasa-indragita-de-cei-mari-si-de-cei-mici\/#primaryimage\"},\"thumbnailUrl\":\"https:\/\/mhf.ro\/mm\/wp-content\/uploads\/2020\/04\/Veverita.jpg\",\"datePublished\":\"2020-04-21T15:18:39+00:00\",\"dateModified\":\"2025-12-29T08:05:33+00:00\",\"breadcrumb\":{\"@id\":\"https:\/\/mhf.ro\/mm\/veverita-buclucasa-indragita-de-cei-mari-si-de-cei-mici\/#breadcrumb\"},\"inLanguage\":\"ro-RO\",\"potentialAction\":[{\"@type\":\"ReadAction\",\"target\":[\"https:\/\/mhf.ro\/mm\/veverita-buclucasa-indragita-de-cei-mari-si-de-cei-mici\/\"]}]},{\"@type\":\"ImageObject\",\"inLanguage\":\"ro-RO\",\"@id\":\"https:\/\/mhf.ro\/mm\/veverita-buclucasa-indragita-de-cei-mari-si-de-cei-mici\/#primaryimage\",\"url\":\"https:\/\/mhf.ro\/mm\/wp-content\/uploads\/2020\/04\/Veverita.jpg\",\"contentUrl\":\"https:\/\/mhf.ro\/mm\/wp-content\/uploads\/2020\/04\/Veverita.jpg\",\"width\":960,\"height\":960},{\"@type\":\"BreadcrumbList\",\"@id\":\"https:\/\/mhf.ro\/mm\/veverita-buclucasa-indragita-de-cei-mari-si-de-cei-mici\/#breadcrumb\",\"itemListElement\":[{\"@type\":\"ListItem\",\"position\":1,\"name\":\"Prima pagin\u0103\",\"item\":\"https:\/\/mhf.ro\/mm\/\"},{\"@type\":\"ListItem\",\"position\":2,\"name\":\"Veverita buclucasa, indragita de cei mari si de cei mici\"}]},{\"@type\":\"WebSite\",\"@id\":\"https:\/\/mhf.ro\/mm\/#website\",\"url\":\"https:\/\/mhf.ro\/mm\/\",\"name\":\"MHF Photography \u2013 Blog de fotografie, natur\u0103 \u0219i tehnic\u0103 divers\u0103\",\"description\":\"Aventur\u0103 \u00een fiecare cadru.\",\"publisher\":{\"@id\":\"https:\/\/mhf.ro\/mm\/#\/schema\/person\/a3bebf7bdb4bf12f698aff73c7e46c21\"},\"potentialAction\":[{\"@type\":\"SearchAction\",\"target\":{\"@type\":\"EntryPoint\",\"urlTemplate\":\"https:\/\/mhf.ro\/mm\/?s={search_term_string}\"},\"query-input\":{\"@type\":\"PropertyValueSpecification\",\"valueRequired\":true,\"valueName\":\"search_term_string\"}}],\"inLanguage\":\"ro-RO\"},{\"@type\":[\"Person\",\"Organization\"],\"@id\":\"https:\/\/mhf.ro\/mm\/#\/schema\/person\/a3bebf7bdb4bf12f698aff73c7e46c21\",\"name\":\"Marius Marcu\",\"image\":{\"@type\":\"ImageObject\",\"inLanguage\":\"ro-RO\",\"@id\":\"https:\/\/mhf.ro\/mm\/#\/schema\/person\/image\/\",\"url\":\"https:\/\/mhf.ro\/mm\/wp-content\/uploads\/2025\/12\/cropped-logo_mhf_2.png\",\"contentUrl\":\"https:\/\/mhf.ro\/mm\/wp-content\/uploads\/2025\/12\/cropped-logo_mhf_2.png\",\"width\":1096,\"height\":457,\"caption\":\"Marius Marcu\"},\"logo\":{\"@id\":\"https:\/\/mhf.ro\/mm\/#\/schema\/person\/image\/\"},\"sameAs\":[\"https:\/\/mhf.ro\/mm\"],\"url\":\"https:\/\/mhf.ro\/mm\/author\/mihai\/\"}]}<\/script>\n<!-- \/ Yoast SEO plugin. -->","yoast_head_json":{"title":"Veverita buclucasa, indragita de cei mari si de cei mici - MHF Photography","robots":{"index":"index","follow":"follow","max-snippet":"max-snippet:-1","max-image-preview":"max-image-preview:large","max-video-preview":"max-video-preview:-1"},"canonical":"https:\/\/mhf.ro\/mm\/veverita-buclucasa-indragita-de-cei-mari-si-de-cei-mici\/","og_locale":"ro_RO","og_type":"article","og_title":"Veverita buclucasa, indragita de cei mari si de cei mici - MHF Photography","og_description":"Veveri\u021ba ro\u0219ie are lungimea pana la 45 cm din care jumatate este coada. Coada lung\u0103 ajut\u0103 veveri\u021ba pentru a se","og_url":"https:\/\/mhf.ro\/mm\/veverita-buclucasa-indragita-de-cei-mari-si-de-cei-mici\/","og_site_name":"MHF Photography","article_published_time":"2020-04-21T15:18:39+00:00","article_modified_time":"2025-12-29T08:05:33+00:00","og_image":[{"width":960,"height":960,"url":"https:\/\/mhf.ro\/mm\/wp-content\/uploads\/2020\/04\/Veverita.jpg","type":"image\/jpeg"}],"author":"Marius Marcu","twitter_card":"summary_large_image","twitter_misc":{"Scris de":"Marius Marcu","Timp estimat pentru citire":"1 minut"},"schema":{"@context":"https:\/\/schema.org","@graph":[{"@type":"Article","@id":"https:\/\/mhf.ro\/mm\/veverita-buclucasa-indragita-de-cei-mari-si-de-cei-mici\/#article","isPartOf":{"@id":"https:\/\/mhf.ro\/mm\/veverita-buclucasa-indragita-de-cei-mari-si-de-cei-mici\/"},"author":{"name":"Marius Marcu","@id":"https:\/\/mhf.ro\/mm\/#\/schema\/person\/a3bebf7bdb4bf12f698aff73c7e46c21"},"headline":"Veverita buclucasa, indragita de cei mari si de cei mici","datePublished":"2020-04-21T15:18:39+00:00","dateModified":"2025-12-29T08:05:33+00:00","mainEntityOfPage":{"@id":"https:\/\/mhf.ro\/mm\/veverita-buclucasa-indragita-de-cei-mari-si-de-cei-mici\/"},"wordCount":122,"commentCount":0,"publisher":{"@id":"https:\/\/mhf.ro\/mm\/#\/schema\/person\/a3bebf7bdb4bf12f698aff73c7e46c21"},"image":{"@id":"https:\/\/mhf.ro\/mm\/veverita-buclucasa-indragita-de-cei-mari-si-de-cei-mici\/#primaryimage"},"thumbnailUrl":"https:\/\/mhf.ro\/mm\/wp-content\/uploads\/2020\/04\/Veverita.jpg","articleSection":["Foto","Wildlife"],"inLanguage":"ro-RO","potentialAction":[{"@type":"CommentAction","name":"Comment","target":["https:\/\/mhf.ro\/mm\/veverita-buclucasa-indragita-de-cei-mari-si-de-cei-mici\/#respond"]}]},{"@type":"WebPage","@id":"https:\/\/mhf.ro\/mm\/veverita-buclucasa-indragita-de-cei-mari-si-de-cei-mici\/","url":"https:\/\/mhf.ro\/mm\/veverita-buclucasa-indragita-de-cei-mari-si-de-cei-mici\/","name":"Veverita buclucasa, indragita de cei mari si de cei mici - MHF Photography","isPartOf":{"@id":"https:\/\/mhf.ro\/mm\/#website"},"primaryImageOfPage":{"@id":"https:\/\/mhf.ro\/mm\/veverita-buclucasa-indragita-de-cei-mari-si-de-cei-mici\/#primaryimage"},"image":{"@id":"https:\/\/mhf.ro\/mm\/veverita-buclucasa-indragita-de-cei-mari-si-de-cei-mici\/#primaryimage"},"thumbnailUrl":"https:\/\/mhf.ro\/mm\/wp-content\/uploads\/2020\/04\/Veverita.jpg","datePublished":"2020-04-21T15:18:39+00:00","dateModified":"2025-12-29T08:05:33+00:00","breadcrumb":{"@id":"https:\/\/mhf.ro\/mm\/veverita-buclucasa-indragita-de-cei-mari-si-de-cei-mici\/#breadcrumb"},"inLanguage":"ro-RO","potentialAction":[{"@type":"ReadAction","target":["https:\/\/mhf.ro\/mm\/veverita-buclucasa-indragita-de-cei-mari-si-de-cei-mici\/"]}]},{"@type":"ImageObject","inLanguage":"ro-RO","@id":"https:\/\/mhf.ro\/mm\/veverita-buclucasa-indragita-de-cei-mari-si-de-cei-mici\/#primaryimage","url":"https:\/\/mhf.ro\/mm\/wp-content\/uploads\/2020\/04\/Veverita.jpg","contentUrl":"https:\/\/mhf.ro\/mm\/wp-content\/uploads\/2020\/04\/Veverita.jpg","width":960,"height":960},{"@type":"BreadcrumbList","@id":"https:\/\/mhf.ro\/mm\/veverita-buclucasa-indragita-de-cei-mari-si-de-cei-mici\/#breadcrumb","itemListElement":[{"@type":"ListItem","position":1,"name":"Prima pagin\u0103","item":"https:\/\/mhf.ro\/mm\/"},{"@type":"ListItem","position":2,"name":"Veverita buclucasa, indragita de cei mari si de cei mici"}]},{"@type":"WebSite","@id":"https:\/\/mhf.ro\/mm\/#website","url":"https:\/\/mhf.ro\/mm\/","name":"MHF Photography \u2013 Blog de fotografie, natur\u0103 \u0219i tehnic\u0103 divers\u0103","description":"Aventur\u0103 \u00een fiecare cadru.","publisher":{"@id":"https:\/\/mhf.ro\/mm\/#\/schema\/person\/a3bebf7bdb4bf12f698aff73c7e46c21"},"potentialAction":[{"@type":"SearchAction","target":{"@type":"EntryPoint","urlTemplate":"https:\/\/mhf.ro\/mm\/?s={search_term_string}"},"query-input":{"@type":"PropertyValueSpecification","valueRequired":true,"valueName":"search_term_string"}}],"inLanguage":"ro-RO"},{"@type":["Person","Organization"],"@id":"https:\/\/mhf.ro\/mm\/#\/schema\/person\/a3bebf7bdb4bf12f698aff73c7e46c21","name":"Marius Marcu","image":{"@type":"ImageObject","inLanguage":"ro-RO","@id":"https:\/\/mhf.ro\/mm\/#\/schema\/person\/image\/","url":"https:\/\/mhf.ro\/mm\/wp-content\/uploads\/2025\/12\/cropped-logo_mhf_2.png","contentUrl":"https:\/\/mhf.ro\/mm\/wp-content\/uploads\/2025\/12\/cropped-logo_mhf_2.png","width":1096,"height":457,"caption":"Marius Marcu"},"logo":{"@id":"https:\/\/mhf.ro\/mm\/#\/schema\/person\/image\/"},"sameAs":["https:\/\/mhf.ro\/mm"],"url":"https:\/\/mhf.ro\/mm\/author\/mihai\/"}]}},"_links":{"self":[{"href":"https:\/\/mhf.ro\/mm\/wp-json\/wp\/v2\/posts\/890","targetHints":{"allow":["GET"]}}],"collection":[{"href":"https:\/\/mhf.ro\/mm\/wp-json\/wp\/v2\/posts"}],"about":[{"href":"https:\/\/mhf.ro\/mm\/wp-json\/wp\/v2\/types\/post"}],"author":[{"embeddable":true,"href":"https:\/\/mhf.ro\/mm\/wp-json\/wp\/v2\/users\/1"}],"replies":[{"embeddable":true,"href":"https:\/\/mhf.ro\/mm\/wp-json\/wp\/v2\/comments?post=890"}],"version-history":[{"count":3,"href":"https:\/\/mhf.ro\/mm\/wp-json\/wp\/v2\/posts\/890\/revisions"}],"predecessor-version":[{"id":1193,"href":"https:\/\/mhf.ro\/mm\/wp-json\/wp\/v2\/posts\/890\/revisions\/1193"}],"wp:featuredmedia":[{"embeddable":true,"href":"https:\/\/mhf.ro\/mm\/wp-json\/wp\/v2\/media\/896"}],"wp:attachment":[{"href":"https:\/\/mhf.ro\/mm\/wp-json\/wp\/v2\/media?parent=890"}],"wp:term":[{"taxonomy":"category","embeddable":true,"href":"https:\/\/mhf.ro\/mm\/wp-json\/wp\/v2\/categories?post=890"},{"taxonomy":"post_tag","embeddable":true,"href":"https:\/\/mhf.ro\/mm\/wp-json\/wp\/v2\/tags?post=890"}],"curies":[{"name":"wp","href":"https:\/\/api.w.org\/{rel}","templated":true}]}}